{"id":10008,"date":"2021-07-07T12:20:00","date_gmt":"2021-07-07T10:20:00","guid":{"rendered":"https:\/\/www.legalsmart.de\/blog\/?p=10008"},"modified":"2021-07-06T10:21:11","modified_gmt":"2021-07-06T08:21:11","slug":"olg-karlsruhe-bestaetigt-versicherungsschutz-bei-betriebsschliessung","status":"publish","type":"post","link":"https:\/\/www.legalsmart.de\/blog\/olg-karlsruhe-bestaetigt-versicherungsschutz-bei-betriebsschliessung\/","title":{"rendered":"OLG Karlsruhe best\u00e4tigt Versicherungsschutz bei Betriebsschlie\u00dfung"},"content":{"rendered":"\n<p>Das Ober\u00adlan\u00addes\u00adge\u00adricht Karls\u00adru\u00adhe hat mit zwei am 30. Juni 2021 ver\u00adk\u00fcn\u00adde\u00adten Ur\u00adtei\u00adlen die Vor\u00adaus\u00adset\u00adzun\u00adgen f\u00fcr die Leis\u00adtungs\u00adpflicht von Be\u00adtriebs\u00adschlie\u00ad\u00dfungs\u00adver\u00adsi\u00adche\u00adrun\u00adgen bei co\u00adro\u00adna\u00adbe\u00adding\u00adter Schlie\u00ad\u00dfung festgelegt.\u00a0<\/p>\n\n\n\n<p>Im einem Fall hat es dabei einen Zah\u00adlungs\u00adan\u00adspruch des Be\u00adtrei\u00adbers eines Ho\u00adtels be\u00adjaht und im an\u00adde\u00adren, in dem die Ver\u00adsi\u00adche\u00adrungs\u00adbe\u00addin\u00adgun\u00adgen anders formuliert waren, einen An\u00adspruch des Be\u00adtriebs\u00adin\u00adha\u00adbers ver\u00adneint (Az. <a href=\"https:\/\/dejure.org\/dienste\/vernetzung\/rechtsprechung?Text=12%20U%204\/21\" title=\"12 U 4\/21 (3 zugeordnete Entscheidungen)\">12 U 4\/21<\/a> und <a href=\"https:\/\/dejure.org\/dienste\/vernetzung\/rechtsprechung?Text=12%20U%2011\/21\" title=\"12 U 11\/21 (3 zugeordnete Entscheidungen)\">12 U 11\/21<\/a>).<\/p>\n\n\n\n<p>Alles was Sie zu diesen Urteilen wissen m\u00fcssen, erfahren Sie in diesem Beitrag!<\/p>\n\n\n\n<h2 class=\"wp-block-heading\"><strong>Az. <a href=\"https:\/\/dejure.org\/dienste\/vernetzung\/rechtsprechung?Text=12%20U%204\/21\" title=\"12 U 4\/21 (3 zugeordnete Entscheidungen)\">12 U 4\/21<\/a> &#8211; Klausel unwirksam!<\/strong><\/h2>\n\n\n\n<p>In diesem Fall betraf die vor\u00fcbergehende pandemiebedingte Schlie\u00dfung ein Hotel mit angeschlossener Gastst\u00e4tte.&nbsp;<\/p>\n\n\n\n<p>In den Versicherungsbedingungen der zum 01.01.2020 abgeschlossenen Betriebsschlie\u00dfungsversicherung wird mehrfach auf das Infektionsschutzgesetz (IfSG) Bezug genommen und bestimmt, dass eine Entsch\u00e4digung f\u00fcr eine Betriebsschlie\u00dfung &#8222;beim Auftreten meldepflichtiger Krankheiten oder Krankheitserreger (siehe Nr. 2)&#8220; geleistet wird. Der in dieser Nr. 2 enthaltene Katalog auf die &#8222;folgenden, im Infektionsschutzgesetz in den&nbsp;\u00a7\u00a7 6 und 7&nbsp;namentlich genannten Krankheiten oder Krankheitserreger&#8220; verwies.<\/p>\n\n\n\n<p>Die COVID-19-Krankheit beziehungsweise der SARS-CoV-2-Krankheitserreger sind dort jedoch nicht aufgef\u00fchrt.<\/p>\n\n\n\n<h2 class=\"wp-block-heading\"><strong>Versto\u00df gegen das Transparenzgebot!<\/strong><\/h2>\n\n\n\n<p>Das OLG Karlsruhe urteilte, dass die Begrenzung des Versicherungsschutzes auf einen abschlie\u00dfenden Katalog von Krankheiten und Krankheitserregern, der hinter dem Umfang des IfSG zur\u00fcckbleibt, nicht hinreichend klar und verst\u00e4ndlich erfolgte, sodass sie wegen Versto\u00dfes gegen das gesetzliche Transparenzgebot f\u00fcr Allgemeine Gesch\u00e4ftsbedingungen unwirksam ist!<\/p>\n\n\n\n<p>Die Richter konkretisierten, dass die in den Versicherungsbedingungen zun\u00e4chst erfolgte wiederholte Bezugnahme auf das IfSG, dem durchschnittlichen Versicherungsnehmer den Eindruck vermittelt, dass jede Betriebsschlie\u00dfung aufgrund des IfSG vom Versicherungsschutz erfasst ist.&nbsp;<\/p>\n\n\n\n<p>Das stellt eine Irref\u00fchrung des Verbrauchers dar, weil der Versicherungsnehmer nicht erkennt, dass der Katalog in den Versicherungsbedingungen bereits bei seiner Erstellung nicht mehr dem Stand des IfSG entsprach und der gew\u00e4hrte Versicherungsschutz dar\u00fcber hinaus ma\u00dfgeblich vom Verst\u00e4ndnis meldepflichtiger Krankheiten und Krankheitserreger im IfSG mit den dort in&nbsp;\u00a7\u00a7 6 und 7 enthaltenen Generalklausel abweicht. Das f\u00fchrt dazu, dass die Versicherungsbest\u00e4nde gegen das Transparenzgebot verst\u00f6\u00dft.<\/p>\n\n\n\n<h2 class=\"wp-block-heading\"><strong>Az. <a href=\"https:\/\/dejure.org\/dienste\/vernetzung\/rechtsprechung?Text=12%20U%2011\/21\" title=\"12 U 11\/21 (3 zugeordnete Entscheidungen)\">12 U 11\/21<\/a> &#8211; IfSG nicht in Versicherungsbedingungen erw\u00e4hnt!<\/strong><\/h2>\n\n\n\n<p>In diesem Fall ging es um eine Hotel- und Gastst\u00e4ttenanlage, f\u00fcr die im Jahr 2019 eine Betriebsschlie\u00dfungsversicherung abgeschlossen worden war.&nbsp;<\/p>\n\n\n\n<p>Die dortigen Versicherungsbedingungen erw\u00e4hnen das IfSG an keiner Stelle und enthalten die&nbsp;<strong>ausdr\u00fcckliche und mit einer hervorgehobenen \u00dcberschrift<\/strong>&nbsp;versehene Regelung, dass meldepflichtige Krankheiten und Krankheitserreger im Sinne dieses Vertrags &#8222;nur&#8220; die in einem nachfolgenden Katalog aufgez\u00e4hlten sind, in dem weder die Krankheit COVID-19 noch der Krankheitserreger SARS-CoV-2 enthalten ist.<\/p>\n\n\n\n<p>Kein Versicherungsschutz, da bei in dieser Weise formulierten Versicherungsbedingungen kein Versicherungsschutz f\u00fcr eine Betriebsschlie\u00dfung in Folge der Corona-Pandemie besteht.<\/p>\n\n\n\n<h2 class=\"wp-block-heading\"><strong>Fazit<\/strong><\/h2>\n\n\n\n<p>Es kommt also ganz eindeutig auf die konkrete Ausformulierung in den Versicherungsbedingungen an. Das kann von Fall zu Fall, wie man hier auch deutlich erkennt, unterschiedlich sein. Der Teufel liegt bekanntlich im Detail!&nbsp;<\/p>\n\n\n\n<p>Ist eine Klausel eindeutig gefasst, ist die Risikobegrenzung durch den abschlie\u00dfenden Katalog von Krankheiten und Krankheitserregern weder mehrdeutig noch \u00fcberraschend. Anders sieht es aus, wenn die Klausel insgesamt f\u00fcr den Verbraucher intransparent dargestellt wird und er durch die Gesamtheit der Vertragsbedingungen f\u00f6rmlich in die Irre gef\u00fchrt wird.<\/p>\n\n\n\n<p>Kurz gesagt: liegt kein Verweis auf das IfSG vor, gibt es auch keine Entsch\u00e4digung.<\/p>\n\n\n\n<p>Wir \u00fcbernehmen f\u00fcr Sie die \u00dcberpr\u00fcfung des Versicherungsvertrags, da sich Versicherer bekanntlich schwer tun, wenn es um einen Versicherungsfall geht. Melden Sie sich daher bei uns! Unser spezialisiertes Team steht Ihnen gerne schnell und unkompliziert zur Seite und ber\u00e4t Sie gern.<\/p>\n","protected":false},"excerpt":{"rendered":"<p>Das Ober\u00adlan\u00addes\u00adge\u00adricht Karls\u00adru\u00adhe hat mit zwei am 30. Juni 2021 ver\u00adk\u00fcn\u00adde\u00adten Ur\u00adtei\u00adlen die Vor\u00adaus\u00adset\u00adzun\u00adgen f\u00fcr die Leis\u00adtungs\u00adpflicht von Be\u00adtriebs\u00adschlie\u00ad\u00dfungs\u00adver\u00adsi\u00adche\u00adrun\u00adgen bei co\u00adro\u00adna\u00adbe\u00adding\u00adter Schlie\u00ad\u00dfung festgelegt.\u00a0 Im einem Fall hat es dabei einen Zah\u00adlungs\u00adan\u00adspruch des Be\u00adtrei\u00adbers eines Ho\u00adtels be\u00adjaht und im an\u00adde\u00adren, in dem die Ver\u00adsi\u00adche\u00adrungs\u00adbe\u00addin\u00adgun\u00adgen anders formuliert waren, einen An\u00adspruch des Be\u00adtriebs\u00adin\u00adha\u00adbers ver\u00adneint (Az. 12 U 4\/21 [&hellip;]<\/p>\n","protected":false},"author":1,"featured_media":0,"comment_status":"open","ping_status":"open","sticky":false,"template":"","format":"standard","meta":{"footnotes":""},"categories":[1,4,6047],"tags":[7517,1407,6130,2057,7520,7519,2753,3458,3676,7518,7516],"class_list":["post-10008","post","type-post","status-publish","format-standard","hentry","category-allgemein","category-allgemeines","category-coronavirus","tag-az-12-u-4-21-und-12-u-11-21","tag-entschadigung","tag-ifsg","tag-irrefuhrung","tag-klausel-unwirksam","tag-missverstaendlich-formuliert","tag-olg-karlsruhe","tag-transparenzgebot","tag-verbraucher","tag-versicherungen","tag-vertragsbedingungen"],"yoast_head":"<!-- This site is optimized with the Yoast SEO plugin v25.8 - https:\/\/yoast.com\/wordpress\/plugins\/seo\/ -->\n<title>OLG Karlsruhe best\u00e4tigt Versicherungsschutz bei Betriebsschlie\u00dfung | LEGAL SMART Online Blog<\/title>\n<meta name=\"description\" content=\"Das OLG Karls\u00adru\u00adhe hat die Vor\u00adaus\u00adset\u00adzun\u00adgen f\u00fcr die Leis\u00adtungs\u00adpflicht von Betriebsschlie\u00dfungsversicherung bei co\u00adro\u00adna\u00adbe\u00adding\u00adter Schlie\u00ad\u00dfung festgelegt.\" \/>\n<meta name=\"robots\" content=\"index, follow, max-snippet:-1, max-image-preview:large, max-video-preview:-1\" \/>\n<link rel=\"canonical\" href=\"https:\/\/www.legalsmart.de\/blog\/olg-karlsruhe-bestaetigt-versicherungsschutz-bei-betriebsschliessung\/\" \/>\n<meta property=\"og:locale\" content=\"de_DE\" \/>\n<meta property=\"og:type\" content=\"article\" \/>\n<meta property=\"og:title\" content=\"OLG Karlsruhe best\u00e4tigt Versicherungsschutz bei Betriebsschlie\u00dfung | LEGAL SMART Online Blog\" \/>\n<meta property=\"og:description\" content=\"Das OLG Karls\u00adru\u00adhe hat die Vor\u00adaus\u00adset\u00adzun\u00adgen f\u00fcr die Leis\u00adtungs\u00adpflicht von Betriebsschlie\u00dfungsversicherung bei co\u00adro\u00adna\u00adbe\u00adding\u00adter Schlie\u00ad\u00dfung festgelegt.\" \/>\n<meta property=\"og:url\" content=\"https:\/\/www.legalsmart.de\/blog\/olg-karlsruhe-bestaetigt-versicherungsschutz-bei-betriebsschliessung\/\" \/>\n<meta property=\"og:site_name\" content=\"LEGAL SMART Online Blog\" \/>\n<meta property=\"article:author\" content=\"https:\/\/www.facebook.com\/guido.kluck\" \/>\n<meta property=\"article:published_time\" content=\"2021-07-07T10:20:00+00:00\" \/>\n<meta name=\"author\" content=\"Guido Kluck, LL.M.\" \/>\n<meta name=\"twitter:card\" content=\"summary_large_image\" \/>\n<meta name=\"twitter:creator\" content=\"@https:\/\/twitter.com\/kluck\" \/>\n<meta name=\"twitter:label1\" content=\"Verfasst von\" \/>\n\t<meta name=\"twitter:data1\" content=\"Guido Kluck, LL.M.\" \/>\n\t<meta name=\"twitter:label2\" content=\"Gesch\u00e4tzte Lesezeit\" \/>\n\t<meta name=\"twitter:data2\" content=\"3\u00a0Minuten\" \/>\n<script type=\"application\/ld+json\" class=\"yoast-schema-graph\">{\"@context\":\"https:\/\/schema.org\",\"@graph\":[{\"@type\":\"WebPage\",\"@id\":\"https:\/\/www.legalsmart.de\/blog\/olg-karlsruhe-bestaetigt-versicherungsschutz-bei-betriebsschliessung\/\",\"url\":\"https:\/\/www.legalsmart.de\/blog\/olg-karlsruhe-bestaetigt-versicherungsschutz-bei-betriebsschliessung\/\",\"name\":\"OLG Karlsruhe best\u00e4tigt Versicherungsschutz bei Betriebsschlie\u00dfung | LEGAL SMART Online Blog\",\"isPartOf\":{\"@id\":\"https:\/\/www.legalsmart.de\/blog\/#website\"},\"datePublished\":\"2021-07-07T10:20:00+00:00\",\"author\":{\"@id\":\"https:\/\/www.legalsmart.de\/blog\/#\/schema\/person\/0869c669bccbe2e56b149b214913b000\"},\"description\":\"Das OLG Karls\u00adru\u00adhe hat die Vor\u00adaus\u00adset\u00adzun\u00adgen f\u00fcr die Leis\u00adtungs\u00adpflicht von Betriebsschlie\u00dfungsversicherung bei co\u00adro\u00adna\u00adbe\u00adding\u00adter Schlie\u00ad\u00dfung festgelegt.\",\"breadcrumb\":{\"@id\":\"https:\/\/www.legalsmart.de\/blog\/olg-karlsruhe-bestaetigt-versicherungsschutz-bei-betriebsschliessung\/#breadcrumb\"},\"inLanguage\":\"de\",\"potentialAction\":[{\"@type\":\"ReadAction\",\"target\":[\"https:\/\/www.legalsmart.de\/blog\/olg-karlsruhe-bestaetigt-versicherungsschutz-bei-betriebsschliessung\/\"]}]},{\"@type\":\"BreadcrumbList\",\"@id\":\"https:\/\/www.legalsmart.de\/blog\/olg-karlsruhe-bestaetigt-versicherungsschutz-bei-betriebsschliessung\/#breadcrumb\",\"itemListElement\":[{\"@type\":\"ListItem\",\"position\":1,\"name\":\"Startseite\",\"item\":\"https:\/\/www.legalsmart.de\/blog\/\"},{\"@type\":\"ListItem\",\"position\":2,\"name\":\"OLG Karlsruhe best\u00e4tigt Versicherungsschutz bei Betriebsschlie\u00dfung\"}]},{\"@type\":\"WebSite\",\"@id\":\"https:\/\/www.legalsmart.de\/blog\/#website\",\"url\":\"https:\/\/www.legalsmart.de\/blog\/\",\"name\":\"LEGAL SMART Online Blog\",\"description\":\"Die innovative Kanzlei\",\"potentialAction\":[{\"@type\":\"SearchAction\",\"target\":{\"@type\":\"EntryPoint\",\"urlTemplate\":\"https:\/\/www.legalsmart.de\/blog\/?s={search_term_string}\"},\"query-input\":{\"@type\":\"PropertyValueSpecification\",\"valueRequired\":true,\"valueName\":\"search_term_string\"}}],\"inLanguage\":\"de\"},{\"@type\":\"Person\",\"@id\":\"https:\/\/www.legalsmart.de\/blog\/#\/schema\/person\/0869c669bccbe2e56b149b214913b000\",\"name\":\"Guido Kluck, LL.M.\",\"image\":{\"@type\":\"ImageObject\",\"inLanguage\":\"de\",\"@id\":\"https:\/\/www.legalsmart.de\/blog\/#\/schema\/person\/image\/\",\"url\":\"https:\/\/www.legalsmart.de\/blog\/wp-content\/uploads\/2018\/09\/cropped-IMG_2698-e1535879860494-96x96.jpg\",\"contentUrl\":\"https:\/\/www.legalsmart.de\/blog\/wp-content\/uploads\/2018\/09\/cropped-IMG_2698-e1535879860494-96x96.jpg\",\"caption\":\"Guido Kluck, LL.M.\"},\"description\":\"Rechtsanwalt Guido Kluck LL.M. ist Partner der Kanzlei LEGAL SMART am Standort Berlin. Er ist Ansprechpartner f\u00fcr das Recht der neuen Medien sowie f\u00fcr die Bereiche Wettbewerbsrecht, Markenrecht, Urheberrecht, IT-Recht, Vertragsrecht und das Datenschutzrecht (DSGVO).\",\"sameAs\":[\"https:\/\/legalsmart.de\/team_kluck.php\",\"https:\/\/www.facebook.com\/guido.kluck\",\"https:\/\/x.com\/https:\/\/twitter.com\/kluck\"]}]}<\/script>\n<!-- \/ Yoast SEO plugin. -->","yoast_head_json":{"title":"OLG Karlsruhe best\u00e4tigt Versicherungsschutz bei Betriebsschlie\u00dfung | LEGAL SMART Online Blog","description":"Das OLG Karls\u00adru\u00adhe hat die Vor\u00adaus\u00adset\u00adzun\u00adgen f\u00fcr die Leis\u00adtungs\u00adpflicht von Betriebsschlie\u00dfungsversicherung bei co\u00adro\u00adna\u00adbe\u00adding\u00adter Schlie\u00ad\u00dfung festgelegt.","robots":{"index":"index","follow":"follow","max-snippet":"max-snippet:-1","max-image-preview":"max-image-preview:large","max-video-preview":"max-video-preview:-1"},"canonical":"https:\/\/www.legalsmart.de\/blog\/olg-karlsruhe-bestaetigt-versicherungsschutz-bei-betriebsschliessung\/","og_locale":"de_DE","og_type":"article","og_title":"OLG Karlsruhe best\u00e4tigt Versicherungsschutz bei Betriebsschlie\u00dfung | LEGAL SMART Online Blog","og_description":"Das OLG Karls\u00adru\u00adhe hat die Vor\u00adaus\u00adset\u00adzun\u00adgen f\u00fcr die Leis\u00adtungs\u00adpflicht von Betriebsschlie\u00dfungsversicherung bei co\u00adro\u00adna\u00adbe\u00adding\u00adter Schlie\u00ad\u00dfung festgelegt.","og_url":"https:\/\/www.legalsmart.de\/blog\/olg-karlsruhe-bestaetigt-versicherungsschutz-bei-betriebsschliessung\/","og_site_name":"LEGAL SMART Online Blog","article_author":"https:\/\/www.facebook.com\/guido.kluck","article_published_time":"2021-07-07T10:20:00+00:00","author":"Guido Kluck, LL.M.","twitter_card":"summary_large_image","twitter_creator":"@https:\/\/twitter.com\/kluck","twitter_misc":{"Verfasst von":"Guido Kluck, LL.M.","Gesch\u00e4tzte Lesezeit":"3\u00a0Minuten"},"schema":{"@context":"https:\/\/schema.org","@graph":[{"@type":"WebPage","@id":"https:\/\/www.legalsmart.de\/blog\/olg-karlsruhe-bestaetigt-versicherungsschutz-bei-betriebsschliessung\/","url":"https:\/\/www.legalsmart.de\/blog\/olg-karlsruhe-bestaetigt-versicherungsschutz-bei-betriebsschliessung\/","name":"OLG Karlsruhe best\u00e4tigt Versicherungsschutz bei Betriebsschlie\u00dfung | LEGAL SMART Online Blog","isPartOf":{"@id":"https:\/\/www.legalsmart.de\/blog\/#website"},"datePublished":"2021-07-07T10:20:00+00:00","author":{"@id":"https:\/\/www.legalsmart.de\/blog\/#\/schema\/person\/0869c669bccbe2e56b149b214913b000"},"description":"Das OLG Karls\u00adru\u00adhe hat die Vor\u00adaus\u00adset\u00adzun\u00adgen f\u00fcr die Leis\u00adtungs\u00adpflicht von Betriebsschlie\u00dfungsversicherung bei co\u00adro\u00adna\u00adbe\u00adding\u00adter Schlie\u00ad\u00dfung festgelegt.","breadcrumb":{"@id":"https:\/\/www.legalsmart.de\/blog\/olg-karlsruhe-bestaetigt-versicherungsschutz-bei-betriebsschliessung\/#breadcrumb"},"inLanguage":"de","potentialAction":[{"@type":"ReadAction","target":["https:\/\/www.legalsmart.de\/blog\/olg-karlsruhe-bestaetigt-versicherungsschutz-bei-betriebsschliessung\/"]}]},{"@type":"BreadcrumbList","@id":"https:\/\/www.legalsmart.de\/blog\/olg-karlsruhe-bestaetigt-versicherungsschutz-bei-betriebsschliessung\/#breadcrumb","itemListElement":[{"@type":"ListItem","position":1,"name":"Startseite","item":"https:\/\/www.legalsmart.de\/blog\/"},{"@type":"ListItem","position":2,"name":"OLG Karlsruhe best\u00e4tigt Versicherungsschutz bei Betriebsschlie\u00dfung"}]},{"@type":"WebSite","@id":"https:\/\/www.legalsmart.de\/blog\/#website","url":"https:\/\/www.legalsmart.de\/blog\/","name":"LEGAL SMART Online Blog","description":"Die innovative Kanzlei","potentialAction":[{"@type":"SearchAction","target":{"@type":"EntryPoint","urlTemplate":"https:\/\/www.legalsmart.de\/blog\/?s={search_term_string}"},"query-input":{"@type":"PropertyValueSpecification","valueRequired":true,"valueName":"search_term_string"}}],"inLanguage":"de"},{"@type":"Person","@id":"https:\/\/www.legalsmart.de\/blog\/#\/schema\/person\/0869c669bccbe2e56b149b214913b000","name":"Guido Kluck, LL.M.","image":{"@type":"ImageObject","inLanguage":"de","@id":"https:\/\/www.legalsmart.de\/blog\/#\/schema\/person\/image\/","url":"https:\/\/www.legalsmart.de\/blog\/wp-content\/uploads\/2018\/09\/cropped-IMG_2698-e1535879860494-96x96.jpg","contentUrl":"https:\/\/www.legalsmart.de\/blog\/wp-content\/uploads\/2018\/09\/cropped-IMG_2698-e1535879860494-96x96.jpg","caption":"Guido Kluck, LL.M."},"description":"Rechtsanwalt Guido Kluck LL.M. ist Partner der Kanzlei LEGAL SMART am Standort Berlin. Er ist Ansprechpartner f\u00fcr das Recht der neuen Medien sowie f\u00fcr die Bereiche Wettbewerbsrecht, Markenrecht, Urheberrecht, IT-Recht, Vertragsrecht und das Datenschutzrecht (DSGVO).","sameAs":["https:\/\/legalsmart.de\/team_kluck.php","https:\/\/www.facebook.com\/guido.kluck","https:\/\/x.com\/https:\/\/twitter.com\/kluck"]}]}},"_links":{"self":[{"href":"https:\/\/www.legalsmart.de\/blog\/wp-json\/wp\/v2\/posts\/10008","targetHints":{"allow":["GET"]}}],"collection":[{"href":"https:\/\/www.legalsmart.de\/blog\/wp-json\/wp\/v2\/posts"}],"about":[{"href":"https:\/\/www.legalsmart.de\/blog\/wp-json\/wp\/v2\/types\/post"}],"author":[{"embeddable":true,"href":"https:\/\/www.legalsmart.de\/blog\/wp-json\/wp\/v2\/users\/1"}],"replies":[{"embeddable":true,"href":"https:\/\/www.legalsmart.de\/blog\/wp-json\/wp\/v2\/comments?post=10008"}],"version-history":[{"count":2,"href":"https:\/\/www.legalsmart.de\/blog\/wp-json\/wp\/v2\/posts\/10008\/revisions"}],"predecessor-version":[{"id":10020,"href":"https:\/\/www.legalsmart.de\/blog\/wp-json\/wp\/v2\/posts\/10008\/revisions\/10020"}],"wp:attachment":[{"href":"https:\/\/www.legalsmart.de\/blog\/wp-json\/wp\/v2\/media?parent=10008"}],"wp:term":[{"taxonomy":"category","embeddable":true,"href":"https:\/\/www.legalsmart.de\/blog\/wp-json\/wp\/v2\/categories?post=10008"},{"taxonomy":"post_tag","embeddable":true,"href":"https:\/\/www.legalsmart.de\/blog\/wp-json\/wp\/v2\/tags?post=10008"}],"curies":[{"name":"wp","href":"https:\/\/api.w.org\/{rel}","templated":true}]}}