{"id":10086,"date":"2021-07-29T10:00:00","date_gmt":"2021-07-29T08:00:00","guid":{"rendered":"https:\/\/www.legalsmart.de\/blog\/?p=10086"},"modified":"2021-07-27T13:12:48","modified_gmt":"2021-07-27T11:12:48","slug":"fitnessstudio-muss-beitraege-wegen-schliessung-zurueckzahlen","status":"publish","type":"post","link":"https:\/\/www.legalsmart.de\/blog\/fitnessstudio-muss-beitraege-wegen-schliessung-zurueckzahlen\/","title":{"rendered":"Fitnessstudio muss Beitr\u00e4ge wegen Schlie\u00dfung zur\u00fcckzahlen"},"content":{"rendered":"\n<p>Das LG Osnabr\u00fcck hat entschieden, dass Fitnessstudios, die die Mitgliedsbeitr\u00e4ge auch w\u00e4hrend ihrer beh\u00f6rdlich aufgrund der Corona-Pandemie angeordneten Schlie\u00dfung weiter eingezogen haben, diese zur\u00fcckerstatten m\u00fcssen (LG Osnabr\u00fcck, Urteil vom 09.07.2021, Az. <a href=\"https:\/\/dejure.org\/dienste\/vernetzung\/rechtsprechung?Text=2%20S%2035\/21\" title=\"LG Osnabr&uuml;ck, 09.07.2021 - 2 S 35\/21: Fitnessstudio muss die w&auml;hrend der Corona-bedingten Schli...\">2 S 35\/21<\/a>).<\/p>\n\n\n\n<p>Alles was Sie zu dieser Entscheidung in zweiter Instanz wissen m\u00fcssen, erfahren Sie in diesem Beitrag!&nbsp;<\/p>\n\n\n\n<h2 class=\"wp-block-heading\"><strong>Sachverhalt<\/strong>&nbsp;<\/h2>\n\n\n\n<p>Der Kl\u00e4ger hatte mit dem beklagten Fitnessstudio einen Mitgliedsvertrag \u00fcber 24 Monate geschlossen. Aufgrund beh\u00f6rdlicher Anordnung musste das Fitnessstudio vom 16.03.2020 bis zum 04.06.2020 schlie\u00dfen. Noch w\u00e4hrend der Schlie\u00dfung k\u00fcndigte der Kl\u00e4ger seine Mitgliedschaft zum 08.12.2021. Die Beklagte zog die vom Kl\u00e4ger geschuldeten Mitgliedsbeitr\u00e4ge auch f\u00fcr den Zeitraum der Schlie\u00dfung weiterhin ein. Der Aufforderung, die gezahlten Beitr\u00e4ge f\u00fcr den Schlie\u00dfungszeitraum zu erstatten, kam das Fitnessstudio nicht nach.<\/p>\n\n\n\n<h2 class=\"wp-block-heading\"><strong>Vertragsanpassung ausgeschlossen&nbsp;<\/strong><\/h2>\n\n\n\n<p>Dem Fitnessstudio ist\u00a0die geschuldete Leistung aufgrund der Schlie\u00dfung unm\u00f6glich geworden, sodass sein Anspruch auf Entrichtung der Monatsbetr\u00e4ge f\u00fcr den Zeitraum der Schlie\u00dfung entf\u00e4llt. Die geschuldete Leistung kann n\u00e4mlich auch nicht nachgeholt werden.\u00a0<\/p>\n\n\n\n<p><strong>Rechtstipp<\/strong>: Die zust\u00e4ndigen Richter schlossen auch eine Anpassung des Vertrages dahingehend aus, dass sich die Vertragslaufzeit um die beh\u00f6rdlich angeordnete Schlie\u00dfungszeit verl\u00e4ngere. Lassen Sie sich demnach nicht auf eine Vertragsanpassung ein, zu der Sie ohnehin nicht verpflichtet sind.&nbsp;<\/p>\n\n\n\n<p>Eine Vertragsanpassung sieht der Gesetzgeber f\u00fcr Miet- und Pachtverh\u00e4ltnisse in <a href=\"https:\/\/dejure.org\/gesetze\/EGBGB\/240.html\" title=\"Art. 240 EGBGB: (weggefallen)\">Art. 240<\/a> \u00a7 7 EGBGB vor, jedoch nicht f\u00fcr Freizeiteinrichtungen.<\/p>\n\n\n\n<p><a href=\"https:\/\/dejure.org\/gesetze\/EGBGB\/240.html\" title=\"Art. 240 EGBGB: (weggefallen)\">Art. 240<\/a> \u00a7 7 EGBGB: \u201e(<em>1) Sind vermietete Grundst\u00fccke oder vermietete R\u00e4ume, die keine Wohnr\u00e4ume sind, infolge staatlicher Ma\u00dfnahmen zur Bek\u00e4mpfung der COVID-19-Pandemie f\u00fcr den Betrieb des Mieters nicht oder nur mit erheblicher Einschr\u00e4nkung verwendbar, so wird vermutet, dass sich insofern ein Umstand im Sinne des <a href=\"https:\/\/dejure.org\/gesetze\/BGB\/313.html\" title=\"&sect; 313 BGB: St&ouml;rung der Gesch&auml;ftsgrundlage\">\u00a7 313 Absatz&nbsp;1<\/a> des B\u00fcrgerlichen Gesetzbuchs, der zur Grundlage des Mietvertrags geworden ist, nach Vertragsschluss schwerwiegend ver\u00e4ndert hat.<\/em><em>&nbsp;<\/em><em>(2) Absatz 1 ist auf Pachtvertr\u00e4ge entsprechend anzuwenden.<\/em>\u201c<\/p>\n\n\n\n<h2 class=\"wp-block-heading\"><strong>Fitnessstudios verwehren Kundenrechte!<\/strong><\/h2>\n\n\n\n<p>Viele Fitnessstudios verl\u00e4ngern Vertr\u00e4ge um die Schlie\u00dfzeit oder fordern Beitr\u00e4ge ohne Rechtsgrund ein. Fakt ist aber, dass es keine gesetzlichen Grundlage f\u00fcr eine Vertragsverl\u00e4ngerung gibt. Grunds\u00e4tzlich gilt, dass wenn ein Anbieter die\u00a0vertraglich vereinbarte Leistung nicht erbringt, Kunden auch nicht zahlen m\u00fcssen.\u00a0<\/p>\n\n\n\n<p><strong>Rechtstipp<\/strong>: Ist Ihr Fitnessstudio vor\u00fcbergehend geschlossen, k\u00f6nnen Sie f\u00fcr diesen Zeitraum nach unserer Auffassung die&nbsp;Leistung &#8211; sprich Zahlung &#8211; verweigern.&nbsp;Es ist durchaus m\u00f6glich, dass Anbieter das anders sehen. Lassen Sie sich im Zweifel beraten!<\/p>\n\n\n\n<h2 class=\"wp-block-heading\"><strong>Nur f\u00fcr nutzbare Angebote zahlen!<\/strong><\/h2>\n\n\n\n<p>Kunden m\u00fcssen im Fitnessstudio nur f\u00fcr nutzbare Angebote zahlen. Das bedeutet, dass wenn die Sauna beispielsweise nicht benutzt werden kann, Sie den Mitgliedsbeitrag k\u00fcrzen k\u00f6nnen.&nbsp;<\/p>\n\n\n\n<h2 class=\"wp-block-heading\"><strong>Gutscheinl\u00f6sung &#8211; aber Auszahlung ab 2022!<\/strong><\/h2>\n\n\n\n<p>Aufgrund des Gesetzes k\u00f6nnen Anbieter dem Kunden einen Gutschein anbieten, anstatt Ihnen den Beitrag zu erstatten. Erst wenn Sie diesen bis Ende 2021 nicht eingel\u00f6st haben, muss Ihnen der Anbieter das Geld erstatten.&nbsp;<\/p>\n\n\n\n<p><strong>Rechtstipp<\/strong>: Eine sofortige Auszahlung k\u00f6nnen Sie nur verlangen, wenn die Annahme eines Gutscheins f\u00fcr Sie unzumutbar ist. Das ist&nbsp;beispielsweise dann der Fall,&nbsp;wenn&nbsp;Sie selbst in wirtschaftliche Schwierigkeiten geraten sind. Das m\u00fcssen Sie im Zweifel aber nachweisen.&nbsp;<\/p>\n\n\n\n<h2 class=\"wp-block-heading\"><strong>Fazit<\/strong><\/h2>\n\n\n\n<p>Die Entscheidung des LG Osnabr\u00fcck best\u00e4tigt unsere Rechtsauffassung in vollem Ma\u00dfe. Wir sehen es auch nicht als Alternative, dass die Vertragslaufzeit verl\u00e4ngert wird. Man k\u00f6nnte maximal \u00fcber eine Gutscheinl\u00f6sung nachdenken. Aber auch hierzu sind Sie als Verbraucher nicht verpflichtet. Sprechen Sie mit uns! Wir helfen Ihnen gerne bei der rechtlichen Geltendmachung Ihrer Anspr\u00fcche. Fordern Sie zu viel bezahlte Beitr\u00e4ge zur\u00fcck!&nbsp;<\/p>\n\n\n\n<p>\u00dcbrigens rechtfertigt das Anbieten eines Online-Angebots auch nicht das weitere Abbuchen der Fitnessstudiobeitr\u00e4ge. Von Mitte M\u00e4rz 2020 bis Mai 2020 k\u00f6nnen 100%, von Juni 2020 bis Oktober k\u00f6nnen 50% und ab dem 10. November 2020 bis derzeit Mai 2021 k\u00f6nnen 100% der Beitr\u00e4ge zur\u00fcckgefordert werden!&nbsp;<\/p>\n\n\n\n<p>Sie haben Fragen zum Thema R\u00fcckerstattungsanspr\u00fcche? Melden Sie sich bei uns! Unser spezialisiertes Team steht Ihnen gerne schnell und unkompliziert zur Seite und ber\u00e4t Sie gern!<\/p>\n","protected":false},"excerpt":{"rendered":"<p>Das LG Osnabr\u00fcck hat entschieden, dass Fitnessstudios, die die Mitgliedsbeitr\u00e4ge auch w\u00e4hrend ihrer beh\u00f6rdlich aufgrund der Corona-Pandemie angeordneten Schlie\u00dfung weiter eingezogen haben, diese zur\u00fcckerstatten m\u00fcssen (LG Osnabr\u00fcck, Urteil vom 09.07.2021, Az. 2 S 35\/21). Alles was Sie zu dieser Entscheidung in zweiter Instanz wissen m\u00fcssen, erfahren Sie in diesem Beitrag!&nbsp; Sachverhalt&nbsp; Der Kl\u00e4ger hatte mit [&hellip;]<\/p>\n","protected":false},"author":1,"featured_media":0,"comment_status":"open","ping_status":"open","sticky":false,"template":"","format":"standard","meta":{"footnotes":""},"categories":[1,4,6047,5854],"tags":[7581,7583,6241,6333,7584,7582,6060,3079,6277],"class_list":["post-10086","post","type-post","status-publish","format-standard","hentry","category-allgemein","category-allgemeines","category-coronavirus","category-verbraucherschutz","tag-az-2-s-35-21","tag-ende-2021","tag-fitnessstudio","tag-gutscheinloesung","tag-kundenrechte","tag-lg-osnabrueck","tag-mitgliedsbeitrag","tag-ruckerstattung","tag-vertragsanpassung"],"yoast_head":"<!-- This site is optimized with the Yoast SEO plugin v25.8 - https:\/\/yoast.com\/wordpress\/plugins\/seo\/ -->\n<title>Fitnessstudio muss Beitr\u00e4ge wegen Schlie\u00dfung zur\u00fcckzahlen | LEGAL SMART Online Blog<\/title>\n<meta name=\"description\" content=\"Das LG Osnabr\u00fcck hat entschieden, dass Fitnessstudios, die die Mitgliedsbeitr\u00e4ge auch w\u00e4hrend der Schlie\u00dfung eingezogen haben, diese zur\u00fcckerstatten m\u00fcssen.\" \/>\n<meta name=\"robots\" content=\"index, follow, max-snippet:-1, max-image-preview:large, max-video-preview:-1\" \/>\n<link rel=\"canonical\" href=\"https:\/\/www.legalsmart.de\/blog\/fitnessstudio-muss-beitraege-wegen-schliessung-zurueckzahlen\/\" \/>\n<meta property=\"og:locale\" content=\"de_DE\" \/>\n<meta property=\"og:type\" content=\"article\" \/>\n<meta property=\"og:title\" content=\"Fitnessstudio muss Beitr\u00e4ge wegen Schlie\u00dfung zur\u00fcckzahlen | LEGAL SMART Online Blog\" \/>\n<meta property=\"og:description\" content=\"Das LG Osnabr\u00fcck hat entschieden, dass Fitnessstudios, die die Mitgliedsbeitr\u00e4ge auch w\u00e4hrend der Schlie\u00dfung eingezogen haben, diese zur\u00fcckerstatten m\u00fcssen.\" \/>\n<meta property=\"og:url\" content=\"https:\/\/www.legalsmart.de\/blog\/fitnessstudio-muss-beitraege-wegen-schliessung-zurueckzahlen\/\" \/>\n<meta property=\"og:site_name\" content=\"LEGAL SMART Online Blog\" \/>\n<meta property=\"article:author\" content=\"https:\/\/www.facebook.com\/guido.kluck\" \/>\n<meta property=\"article:published_time\" content=\"2021-07-29T08:00:00+00:00\" \/>\n<meta name=\"author\" content=\"Guido Kluck, LL.M.\" \/>\n<meta name=\"twitter:card\" content=\"summary_large_image\" \/>\n<meta name=\"twitter:creator\" content=\"@https:\/\/twitter.com\/kluck\" \/>\n<meta name=\"twitter:label1\" content=\"Verfasst von\" \/>\n\t<meta name=\"twitter:data1\" content=\"Guido Kluck, LL.M.\" \/>\n\t<meta name=\"twitter:label2\" content=\"Gesch\u00e4tzte Lesezeit\" \/>\n\t<meta name=\"twitter:data2\" content=\"3\u00a0Minuten\" \/>\n<script type=\"application\/ld+json\" class=\"yoast-schema-graph\">{\"@context\":\"https:\/\/schema.org\",\"@graph\":[{\"@type\":\"WebPage\",\"@id\":\"https:\/\/www.legalsmart.de\/blog\/fitnessstudio-muss-beitraege-wegen-schliessung-zurueckzahlen\/\",\"url\":\"https:\/\/www.legalsmart.de\/blog\/fitnessstudio-muss-beitraege-wegen-schliessung-zurueckzahlen\/\",\"name\":\"Fitnessstudio muss Beitr\u00e4ge wegen Schlie\u00dfung zur\u00fcckzahlen | LEGAL SMART Online Blog\",\"isPartOf\":{\"@id\":\"https:\/\/www.legalsmart.de\/blog\/#website\"},\"datePublished\":\"2021-07-29T08:00:00+00:00\",\"author\":{\"@id\":\"https:\/\/www.legalsmart.de\/blog\/#\/schema\/person\/0869c669bccbe2e56b149b214913b000\"},\"description\":\"Das LG Osnabr\u00fcck hat entschieden, dass Fitnessstudios, die die Mitgliedsbeitr\u00e4ge auch w\u00e4hrend der Schlie\u00dfung eingezogen haben, diese zur\u00fcckerstatten m\u00fcssen.\",\"breadcrumb\":{\"@id\":\"https:\/\/www.legalsmart.de\/blog\/fitnessstudio-muss-beitraege-wegen-schliessung-zurueckzahlen\/#breadcrumb\"},\"inLanguage\":\"de\",\"potentialAction\":[{\"@type\":\"ReadAction\",\"target\":[\"https:\/\/www.legalsmart.de\/blog\/fitnessstudio-muss-beitraege-wegen-schliessung-zurueckzahlen\/\"]}]},{\"@type\":\"BreadcrumbList\",\"@id\":\"https:\/\/www.legalsmart.de\/blog\/fitnessstudio-muss-beitraege-wegen-schliessung-zurueckzahlen\/#breadcrumb\",\"itemListElement\":[{\"@type\":\"ListItem\",\"position\":1,\"name\":\"Startseite\",\"item\":\"https:\/\/www.legalsmart.de\/blog\/\"},{\"@type\":\"ListItem\",\"position\":2,\"name\":\"Fitnessstudio muss Beitr\u00e4ge wegen Schlie\u00dfung zur\u00fcckzahlen\"}]},{\"@type\":\"WebSite\",\"@id\":\"https:\/\/www.legalsmart.de\/blog\/#website\",\"url\":\"https:\/\/www.legalsmart.de\/blog\/\",\"name\":\"LEGAL SMART Online Blog\",\"description\":\"Die innovative Kanzlei\",\"potentialAction\":[{\"@type\":\"SearchAction\",\"target\":{\"@type\":\"EntryPoint\",\"urlTemplate\":\"https:\/\/www.legalsmart.de\/blog\/?s={search_term_string}\"},\"query-input\":{\"@type\":\"PropertyValueSpecification\",\"valueRequired\":true,\"valueName\":\"search_term_string\"}}],\"inLanguage\":\"de\"},{\"@type\":\"Person\",\"@id\":\"https:\/\/www.legalsmart.de\/blog\/#\/schema\/person\/0869c669bccbe2e56b149b214913b000\",\"name\":\"Guido Kluck, LL.M.\",\"image\":{\"@type\":\"ImageObject\",\"inLanguage\":\"de\",\"@id\":\"https:\/\/www.legalsmart.de\/blog\/#\/schema\/person\/image\/\",\"url\":\"https:\/\/www.legalsmart.de\/blog\/wp-content\/uploads\/2018\/09\/cropped-IMG_2698-e1535879860494-96x96.jpg\",\"contentUrl\":\"https:\/\/www.legalsmart.de\/blog\/wp-content\/uploads\/2018\/09\/cropped-IMG_2698-e1535879860494-96x96.jpg\",\"caption\":\"Guido Kluck, LL.M.\"},\"description\":\"Rechtsanwalt Guido Kluck LL.M. ist Partner der Kanzlei LEGAL SMART am Standort Berlin. Er ist Ansprechpartner f\u00fcr das Recht der neuen Medien sowie f\u00fcr die Bereiche Wettbewerbsrecht, Markenrecht, Urheberrecht, IT-Recht, Vertragsrecht und das Datenschutzrecht (DSGVO).\",\"sameAs\":[\"https:\/\/legalsmart.de\/team_kluck.php\",\"https:\/\/www.facebook.com\/guido.kluck\",\"https:\/\/x.com\/https:\/\/twitter.com\/kluck\"]}]}<\/script>\n<!-- \/ Yoast SEO plugin. -->","yoast_head_json":{"title":"Fitnessstudio muss Beitr\u00e4ge wegen Schlie\u00dfung zur\u00fcckzahlen | LEGAL SMART Online Blog","description":"Das LG Osnabr\u00fcck hat entschieden, dass Fitnessstudios, die die Mitgliedsbeitr\u00e4ge auch w\u00e4hrend der Schlie\u00dfung eingezogen haben, diese zur\u00fcckerstatten m\u00fcssen.","robots":{"index":"index","follow":"follow","max-snippet":"max-snippet:-1","max-image-preview":"max-image-preview:large","max-video-preview":"max-video-preview:-1"},"canonical":"https:\/\/www.legalsmart.de\/blog\/fitnessstudio-muss-beitraege-wegen-schliessung-zurueckzahlen\/","og_locale":"de_DE","og_type":"article","og_title":"Fitnessstudio muss Beitr\u00e4ge wegen Schlie\u00dfung zur\u00fcckzahlen | LEGAL SMART Online Blog","og_description":"Das LG Osnabr\u00fcck hat entschieden, dass Fitnessstudios, die die Mitgliedsbeitr\u00e4ge auch w\u00e4hrend der Schlie\u00dfung eingezogen haben, diese zur\u00fcckerstatten m\u00fcssen.","og_url":"https:\/\/www.legalsmart.de\/blog\/fitnessstudio-muss-beitraege-wegen-schliessung-zurueckzahlen\/","og_site_name":"LEGAL SMART Online Blog","article_author":"https:\/\/www.facebook.com\/guido.kluck","article_published_time":"2021-07-29T08:00:00+00:00","author":"Guido Kluck, LL.M.","twitter_card":"summary_large_image","twitter_creator":"@https:\/\/twitter.com\/kluck","twitter_misc":{"Verfasst von":"Guido Kluck, LL.M.","Gesch\u00e4tzte Lesezeit":"3\u00a0Minuten"},"schema":{"@context":"https:\/\/schema.org","@graph":[{"@type":"WebPage","@id":"https:\/\/www.legalsmart.de\/blog\/fitnessstudio-muss-beitraege-wegen-schliessung-zurueckzahlen\/","url":"https:\/\/www.legalsmart.de\/blog\/fitnessstudio-muss-beitraege-wegen-schliessung-zurueckzahlen\/","name":"Fitnessstudio muss Beitr\u00e4ge wegen Schlie\u00dfung zur\u00fcckzahlen | LEGAL SMART Online Blog","isPartOf":{"@id":"https:\/\/www.legalsmart.de\/blog\/#website"},"datePublished":"2021-07-29T08:00:00+00:00","author":{"@id":"https:\/\/www.legalsmart.de\/blog\/#\/schema\/person\/0869c669bccbe2e56b149b214913b000"},"description":"Das LG Osnabr\u00fcck hat entschieden, dass Fitnessstudios, die die Mitgliedsbeitr\u00e4ge auch w\u00e4hrend der Schlie\u00dfung eingezogen haben, diese zur\u00fcckerstatten m\u00fcssen.","breadcrumb":{"@id":"https:\/\/www.legalsmart.de\/blog\/fitnessstudio-muss-beitraege-wegen-schliessung-zurueckzahlen\/#breadcrumb"},"inLanguage":"de","potentialAction":[{"@type":"ReadAction","target":["https:\/\/www.legalsmart.de\/blog\/fitnessstudio-muss-beitraege-wegen-schliessung-zurueckzahlen\/"]}]},{"@type":"BreadcrumbList","@id":"https:\/\/www.legalsmart.de\/blog\/fitnessstudio-muss-beitraege-wegen-schliessung-zurueckzahlen\/#breadcrumb","itemListElement":[{"@type":"ListItem","position":1,"name":"Startseite","item":"https:\/\/www.legalsmart.de\/blog\/"},{"@type":"ListItem","position":2,"name":"Fitnessstudio muss Beitr\u00e4ge wegen Schlie\u00dfung zur\u00fcckzahlen"}]},{"@type":"WebSite","@id":"https:\/\/www.legalsmart.de\/blog\/#website","url":"https:\/\/www.legalsmart.de\/blog\/","name":"LEGAL SMART Online Blog","description":"Die innovative Kanzlei","potentialAction":[{"@type":"SearchAction","target":{"@type":"EntryPoint","urlTemplate":"https:\/\/www.legalsmart.de\/blog\/?s={search_term_string}"},"query-input":{"@type":"PropertyValueSpecification","valueRequired":true,"valueName":"search_term_string"}}],"inLanguage":"de"},{"@type":"Person","@id":"https:\/\/www.legalsmart.de\/blog\/#\/schema\/person\/0869c669bccbe2e56b149b214913b000","name":"Guido Kluck, LL.M.","image":{"@type":"ImageObject","inLanguage":"de","@id":"https:\/\/www.legalsmart.de\/blog\/#\/schema\/person\/image\/","url":"https:\/\/www.legalsmart.de\/blog\/wp-content\/uploads\/2018\/09\/cropped-IMG_2698-e1535879860494-96x96.jpg","contentUrl":"https:\/\/www.legalsmart.de\/blog\/wp-content\/uploads\/2018\/09\/cropped-IMG_2698-e1535879860494-96x96.jpg","caption":"Guido Kluck, LL.M."},"description":"Rechtsanwalt Guido Kluck LL.M. ist Partner der Kanzlei LEGAL SMART am Standort Berlin. Er ist Ansprechpartner f\u00fcr das Recht der neuen Medien sowie f\u00fcr die Bereiche Wettbewerbsrecht, Markenrecht, Urheberrecht, IT-Recht, Vertragsrecht und das Datenschutzrecht (DSGVO).","sameAs":["https:\/\/legalsmart.de\/team_kluck.php","https:\/\/www.facebook.com\/guido.kluck","https:\/\/x.com\/https:\/\/twitter.com\/kluck"]}]}},"_links":{"self":[{"href":"https:\/\/www.legalsmart.de\/blog\/wp-json\/wp\/v2\/posts\/10086","targetHints":{"allow":["GET"]}}],"collection":[{"href":"https:\/\/www.legalsmart.de\/blog\/wp-json\/wp\/v2\/posts"}],"about":[{"href":"https:\/\/www.legalsmart.de\/blog\/wp-json\/wp\/v2\/types\/post"}],"author":[{"embeddable":true,"href":"https:\/\/www.legalsmart.de\/blog\/wp-json\/wp\/v2\/users\/1"}],"replies":[{"embeddable":true,"href":"https:\/\/www.legalsmart.de\/blog\/wp-json\/wp\/v2\/comments?post=10086"}],"version-history":[{"count":2,"href":"https:\/\/www.legalsmart.de\/blog\/wp-json\/wp\/v2\/posts\/10086\/revisions"}],"predecessor-version":[{"id":10089,"href":"https:\/\/www.legalsmart.de\/blog\/wp-json\/wp\/v2\/posts\/10086\/revisions\/10089"}],"wp:attachment":[{"href":"https:\/\/www.legalsmart.de\/blog\/wp-json\/wp\/v2\/media?parent=10086"}],"wp:term":[{"taxonomy":"category","embeddable":true,"href":"https:\/\/www.legalsmart.de\/blog\/wp-json\/wp\/v2\/categories?post=10086"},{"taxonomy":"post_tag","embeddable":true,"href":"https:\/\/www.legalsmart.de\/blog\/wp-json\/wp\/v2\/tags?post=10086"}],"curies":[{"name":"wp","href":"https:\/\/api.w.org\/{rel}","templated":true}]}}