{"id":10104,"date":"2021-08-04T10:00:00","date_gmt":"2021-08-04T08:00:00","guid":{"rendered":"https:\/\/www.legalsmart.de\/blog\/?p=10104"},"modified":"2021-08-15T12:03:48","modified_gmt":"2021-08-15T10:03:48","slug":"ende-der-homeoffice-pflicht-das-muessen-arbeitnehmer-wissen","status":"publish","type":"post","link":"https:\/\/www.legalsmart.de\/blog\/ende-der-homeoffice-pflicht-das-muessen-arbeitnehmer-wissen\/","title":{"rendered":"Ende der Homeoffice-Pflicht: Das m\u00fcssen Arbeitnehmer wissen"},"content":{"rendered":"\n<p>Aufgrund der niedrigen Inzidenzzahlen, gilt seit dem 1. Juli 2021 keine Homeoffice Pflicht mehr. Muss jetzt wieder jeder ins B\u00fcro? Wie ist es, wenn man nicht geimpft ist?<\/p>\n\n\n\n<p>Was Arbeitgeber jetzt wissen m\u00fcssen, erfahren Sie in diesem Beitrag!<\/p>\n\n\n\n<h2 class=\"wp-block-heading\"><strong>Ende der gesetzlichen Homeoffice-Pflicht&nbsp;<\/strong><\/h2>\n\n\n\n<p>Seit dem 1. Juli 2021 besteht die gesetzliche Homeoffice-Pflicht nicht mehr, die Ende April 2021 in das Infektionsschutzgesetz (IfSG) \u00fcbertragen wurde.\u00a0<\/p>\n\n\n\n<h2 class=\"wp-block-heading\"><strong>Arbeitgeber muss Infektionsschutz gew\u00e4hrleisten\u00a0<\/strong><\/h2>\n\n\n\n<p>Arbeitgeber m\u00fcssen jetzt eine sog. \u201eGef\u00e4hrdungsbeurteilung\u201c vornehmen, weil auf dieser Grundlage ein Hygienekonzept zu entwickeln ist. Der Arbeitgeber ist verpflichtet sich an den Infektionsschutz zu halten! Wenn die n\u00f6tigen Abst\u00e4nde nicht eingehalten werden k\u00f6nnen, muss der Arbeitgeber beispielsweise die Arbeit im Homeoffice erm\u00f6glichen.&nbsp;<\/p>\n\n\n\n<p>Bei der Erstellung oder Ab\u00e4nderung von Arbeitsvertr\u00e4gen in Bezug auf die Arbeit im Homeoffice sind wir Ihnen gern behilflich. Unser Team ist im Arbeitsrecht spezialisiert und wir k\u00f6nnen Ihnen vertragliche Vereinbarungen oder auch ganze Vertr\u00e4ge zur Verf\u00fcgung stellen. Sprechen Sie uns hierauf gerne an!\u00a0<\/p>\n\n\n\n<p><strong>Rechtstipp<\/strong>: Die notwendigen Abst\u00e4nde zu anderen Menschen (in der Regel mindestens 1,5 Meter) m\u00fcssen bei der Arbeit eingehalten werden k\u00f6nnen oder es muss Schutzeinrichtungen wie etwa Trennw\u00e4nde geben. Au\u00dferdem&nbsp;&nbsp;muss der Arbeitgeber pro Mitarbeiter und Woche&nbsp;<strong>zwei Schnelltests&nbsp;<\/strong>zur Verf\u00fcgung stellen. Medizinische Masken m\u00fcsste er zus\u00e4tzlich zur Verf\u00fcgung stellen, wenn andere Schutzma\u00dfnahmen nicht greifen.<\/p>\n\n\n\n<h2 class=\"wp-block-heading\"><strong>M\u00fcssen alle Besch\u00e4ftigten wieder ins B\u00fcro kommen?<\/strong><\/h2>\n\n\n\n<p>Besch\u00e4ftigte m\u00fcssen der Anweisung, wieder ins B\u00fcro zur\u00fcckzukehren, jedenfalls dann nachkommen, wenn der Arbeitgeber die weiterhin bestehenden Anforderungen an den Arbeitsschutz in der Pandemie, insbesondere das Abstandsgebot, im Betrieb einhalten kann.&nbsp;<\/p>\n\n\n\n<p><strong>Rechtstipp<\/strong>: Es gilt weiterhin das Gebot, dass Arbeitgeber Kontakte im Betrieb auf ein Minimum beschr\u00e4nken muss.&nbsp;<\/p>\n\n\n\n<p>Das bedeutet im Umkehrschluss, dass wenn alle n\u00f6tigen Schutzma\u00dfnahmen getroffen sind und an sich kein Homeoffice vereinbart ist, kann der Arbeitgeber verlangen, dass die Mitarbeiter jetzt wieder ins B\u00fcro kommen.<\/p>\n\n\n\n<h2 class=\"wp-block-heading\"><strong>Erst Voraussetzungen des IfSG erf\u00fcllen, dann R\u00fcckkehr ins B\u00fcro<\/strong><\/h2>\n\n\n\n<p>Der Arbeitgeber ist nat\u00fcrlich angehalten zuerst die Anforderungen des Infektionsschutzgesetzes zu erf\u00fcllen, bevor er die R\u00fcckkehr der Angestellten ins B\u00fcro anordnen kann.&nbsp;<\/p>\n\n\n\n<p>Rechtstipp: Sind die Anforderungen an das IfSG erf\u00fcllt, kann er aber die Pr\u00e4senz im B\u00fcro anordnen, da der Arbeitgeber ein Direktionsrecht hat.&nbsp;<\/p>\n\n\n\n<h2 class=\"wp-block-heading\"><strong>Auch Eltern m\u00fcssen wieder ins B\u00fcro<\/strong><\/h2>\n\n\n\n<p>Auch f\u00fcr Eltern gilt grunds\u00e4tzlich das Gleiche. Sie m\u00fcssen wieder ins B\u00fcro, soweit die Betreuung der Kinder gesichert ist. Ist das nicht der Fall, k\u00f6nnen sie sich f\u00fcr die Kinderbetreuung von der Arbeit freistellen lassen und f\u00fcr das entfallene Gehalt eine Entsch\u00e4digung nach dem Infektionsschutzgesetz beantragen. Sind die Kinderkrankentage noch nicht Anspruch genommen worden, k\u00f6nnten sie noch f\u00fcr die Betreuung im Falle einer geschlossenen Kita oder Schule verwendet werden.\u00a0<\/p>\n\n\n\n<h2 class=\"wp-block-heading\"><strong>Ausnahmen f\u00fcr Geimpfte?<\/strong><\/h2>\n\n\n\n<p>Geimpfte m\u00fcssen nicht fr\u00fcher ins B\u00fcro kommen, als ungeimpfte Angestellte. Der Gesetzgeber macht hierzu keine Entscheidung. Die Homeoffice-Pflicht l\u00e4uft f\u00fcr alle gleicherma\u00dfen aus.&nbsp;<\/p>\n\n\n\n<h2 class=\"wp-block-heading\"><strong>Fazit<\/strong><\/h2>\n\n\n\n<p>Da der Arbeitgeber keine Impfpflicht verlangen kann, bleibt das Homeoffice im Arbeitsalltag weiterhin trotz der Aufhebung der Pflicht sehr pr\u00e4sent. Wir raten Arbeitgebern, aber auch auch Arbeitnehmern, weiterhin sehr flexibel zu bleiben, da die Pandemie noch nicht vorbei ist.&nbsp;<\/p>\n\n\n\n<p>Die Arbeit im Homeoffice hat die Arbeitswelt in gewisser Weise revolutioniert und auch einen Schritt n\u00e4her in Richtung Zukunft gebracht. Arbeitgeber m\u00fcssen dann z.B. keine gro\u00dfen B\u00fcros anmieten und unterhalten. F\u00fcr den Arbeitnehmer bedeutet es mehr Flexibilit\u00e4t und auch unter Umst\u00e4nden viel Zeitersparnis durch die eingesparten Fahrtwege zur Arbeit.&nbsp;<\/p>\n\n\n\n<p>Da es grunds\u00e4tzlich keinen Anspruch auf Homeoffice gibt, empfiehlt es sich die Arbeit im Homeoffice vertraglich zu regeln. Hierbei sind wir Ihnen gerne schnell und unkompliziert behilflich. Unser im Arbeitsrecht spezialisiertes Team stellt solche Vertr\u00e4ge gerne bereit und geht dabei individuell auf die Bed\u00fcrfnisse Ihres Unternehmens ein. Melden Sie sich bei uns!&nbsp;&nbsp;<\/p>\n\n\n\n<p>Sie haben Fragen? Melden Sie sich bei uns!<\/p>\n","protected":false},"excerpt":{"rendered":"<p>Aufgrund der niedrigen Inzidenzzahlen, gilt seit dem 1. Juli 2021 keine Homeoffice Pflicht mehr. Muss jetzt wieder jeder ins B\u00fcro? Wie ist es, wenn man nicht geimpft ist? Was Arbeitgeber jetzt wissen m\u00fcssen, erfahren Sie in diesem Beitrag! Ende der gesetzlichen Homeoffice-Pflicht&nbsp; Seit dem 1. Juli 2021 besteht die gesetzliche Homeoffice-Pflicht nicht mehr, die Ende [&hellip;]<\/p>\n","protected":false},"author":1,"featured_media":0,"comment_status":"open","ping_status":"open","sticky":false,"template":"","format":"standard","meta":{"footnotes":""},"categories":[1,4,5,6047],"tags":[7486,599,7598,4441,6037,6570,6130,6131,2855],"class_list":["post-10104","post","type-post","status-publish","format-standard","hentry","category-allgemein","category-allgemeines","category-arbeitsrecht","category-coronavirus","tag-01-juli-2021","tag-arbeitgeber","tag-ende","tag-gefaehrdungsbeurteilung","tag-homeoffice","tag-hygienekonzept","tag-ifsg","tag-infektionsschutzgesetz","tag-pflicht"],"yoast_head":"<!-- This site is optimized with the Yoast SEO plugin v25.8 - https:\/\/yoast.com\/wordpress\/plugins\/seo\/ -->\n<title>Ende der Homeoffice-Pflicht: Das m\u00fcssen Arbeitnehmer wissen | LEGAL SMART Online Blog<\/title>\n<meta name=\"description\" content=\"Aufgrund der niedrigen Inzidenzzahlen, gilt seit dem 01. Juli 2021 keine Homeoffice Pflicht mehr. Muss jetzt wieder jeder ins B\u00fcro?\" \/>\n<meta name=\"robots\" content=\"index, follow, max-snippet:-1, max-image-preview:large, max-video-preview:-1\" \/>\n<link rel=\"canonical\" href=\"https:\/\/www.legalsmart.de\/blog\/ende-der-homeoffice-pflicht-das-muessen-arbeitnehmer-wissen\/\" \/>\n<meta property=\"og:locale\" content=\"de_DE\" \/>\n<meta property=\"og:type\" content=\"article\" \/>\n<meta property=\"og:title\" content=\"Ende der Homeoffice-Pflicht: Das m\u00fcssen Arbeitnehmer wissen | LEGAL SMART Online Blog\" \/>\n<meta property=\"og:description\" content=\"Aufgrund der niedrigen Inzidenzzahlen, gilt seit dem 01. Juli 2021 keine Homeoffice Pflicht mehr. Muss jetzt wieder jeder ins B\u00fcro?\" \/>\n<meta property=\"og:url\" content=\"https:\/\/www.legalsmart.de\/blog\/ende-der-homeoffice-pflicht-das-muessen-arbeitnehmer-wissen\/\" \/>\n<meta property=\"og:site_name\" content=\"LEGAL SMART Online Blog\" \/>\n<meta property=\"article:author\" content=\"https:\/\/www.facebook.com\/guido.kluck\" \/>\n<meta property=\"article:published_time\" content=\"2021-08-04T08:00:00+00:00\" \/>\n<meta property=\"article:modified_time\" content=\"2021-08-15T10:03:48+00:00\" \/>\n<meta name=\"author\" content=\"Guido Kluck, LL.M.\" \/>\n<meta name=\"twitter:card\" content=\"summary_large_image\" \/>\n<meta name=\"twitter:creator\" content=\"@https:\/\/twitter.com\/kluck\" \/>\n<meta name=\"twitter:label1\" content=\"Verfasst von\" \/>\n\t<meta name=\"twitter:data1\" content=\"Guido Kluck, LL.M.\" \/>\n\t<meta name=\"twitter:label2\" content=\"Gesch\u00e4tzte Lesezeit\" \/>\n\t<meta name=\"twitter:data2\" content=\"3\u00a0Minuten\" \/>\n<script type=\"application\/ld+json\" class=\"yoast-schema-graph\">{\"@context\":\"https:\/\/schema.org\",\"@graph\":[{\"@type\":\"WebPage\",\"@id\":\"https:\/\/www.legalsmart.de\/blog\/ende-der-homeoffice-pflicht-das-muessen-arbeitnehmer-wissen\/\",\"url\":\"https:\/\/www.legalsmart.de\/blog\/ende-der-homeoffice-pflicht-das-muessen-arbeitnehmer-wissen\/\",\"name\":\"Ende der Homeoffice-Pflicht: Das m\u00fcssen Arbeitnehmer wissen | LEGAL SMART Online Blog\",\"isPartOf\":{\"@id\":\"https:\/\/www.legalsmart.de\/blog\/#website\"},\"datePublished\":\"2021-08-04T08:00:00+00:00\",\"dateModified\":\"2021-08-15T10:03:48+00:00\",\"author\":{\"@id\":\"https:\/\/www.legalsmart.de\/blog\/#\/schema\/person\/0869c669bccbe2e56b149b214913b000\"},\"description\":\"Aufgrund der niedrigen Inzidenzzahlen, gilt seit dem 01. Juli 2021 keine Homeoffice Pflicht mehr. Muss jetzt wieder jeder ins B\u00fcro?\",\"breadcrumb\":{\"@id\":\"https:\/\/www.legalsmart.de\/blog\/ende-der-homeoffice-pflicht-das-muessen-arbeitnehmer-wissen\/#breadcrumb\"},\"inLanguage\":\"de\",\"potentialAction\":[{\"@type\":\"ReadAction\",\"target\":[\"https:\/\/www.legalsmart.de\/blog\/ende-der-homeoffice-pflicht-das-muessen-arbeitnehmer-wissen\/\"]}]},{\"@type\":\"BreadcrumbList\",\"@id\":\"https:\/\/www.legalsmart.de\/blog\/ende-der-homeoffice-pflicht-das-muessen-arbeitnehmer-wissen\/#breadcrumb\",\"itemListElement\":[{\"@type\":\"ListItem\",\"position\":1,\"name\":\"Startseite\",\"item\":\"https:\/\/www.legalsmart.de\/blog\/\"},{\"@type\":\"ListItem\",\"position\":2,\"name\":\"Ende der Homeoffice-Pflicht: Das m\u00fcssen Arbeitnehmer wissen\"}]},{\"@type\":\"WebSite\",\"@id\":\"https:\/\/www.legalsmart.de\/blog\/#website\",\"url\":\"https:\/\/www.legalsmart.de\/blog\/\",\"name\":\"LEGAL SMART Online Blog\",\"description\":\"Die innovative Kanzlei\",\"potentialAction\":[{\"@type\":\"SearchAction\",\"target\":{\"@type\":\"EntryPoint\",\"urlTemplate\":\"https:\/\/www.legalsmart.de\/blog\/?s={search_term_string}\"},\"query-input\":{\"@type\":\"PropertyValueSpecification\",\"valueRequired\":true,\"valueName\":\"search_term_string\"}}],\"inLanguage\":\"de\"},{\"@type\":\"Person\",\"@id\":\"https:\/\/www.legalsmart.de\/blog\/#\/schema\/person\/0869c669bccbe2e56b149b214913b000\",\"name\":\"Guido Kluck, LL.M.\",\"image\":{\"@type\":\"ImageObject\",\"inLanguage\":\"de\",\"@id\":\"https:\/\/www.legalsmart.de\/blog\/#\/schema\/person\/image\/\",\"url\":\"https:\/\/www.legalsmart.de\/blog\/wp-content\/uploads\/2018\/09\/cropped-IMG_2698-e1535879860494-96x96.jpg\",\"contentUrl\":\"https:\/\/www.legalsmart.de\/blog\/wp-content\/uploads\/2018\/09\/cropped-IMG_2698-e1535879860494-96x96.jpg\",\"caption\":\"Guido Kluck, LL.M.\"},\"description\":\"Rechtsanwalt Guido Kluck LL.M. ist Partner der Kanzlei LEGAL SMART am Standort Berlin. Er ist Ansprechpartner f\u00fcr das Recht der neuen Medien sowie f\u00fcr die Bereiche Wettbewerbsrecht, Markenrecht, Urheberrecht, IT-Recht, Vertragsrecht und das Datenschutzrecht (DSGVO).\",\"sameAs\":[\"https:\/\/legalsmart.de\/team_kluck.php\",\"https:\/\/www.facebook.com\/guido.kluck\",\"https:\/\/x.com\/https:\/\/twitter.com\/kluck\"]}]}<\/script>\n<!-- \/ Yoast SEO plugin. -->","yoast_head_json":{"title":"Ende der Homeoffice-Pflicht: Das m\u00fcssen Arbeitnehmer wissen | LEGAL SMART Online Blog","description":"Aufgrund der niedrigen Inzidenzzahlen, gilt seit dem 01. Juli 2021 keine Homeoffice Pflicht mehr. Muss jetzt wieder jeder ins B\u00fcro?","robots":{"index":"index","follow":"follow","max-snippet":"max-snippet:-1","max-image-preview":"max-image-preview:large","max-video-preview":"max-video-preview:-1"},"canonical":"https:\/\/www.legalsmart.de\/blog\/ende-der-homeoffice-pflicht-das-muessen-arbeitnehmer-wissen\/","og_locale":"de_DE","og_type":"article","og_title":"Ende der Homeoffice-Pflicht: Das m\u00fcssen Arbeitnehmer wissen | LEGAL SMART Online Blog","og_description":"Aufgrund der niedrigen Inzidenzzahlen, gilt seit dem 01. Juli 2021 keine Homeoffice Pflicht mehr. Muss jetzt wieder jeder ins B\u00fcro?","og_url":"https:\/\/www.legalsmart.de\/blog\/ende-der-homeoffice-pflicht-das-muessen-arbeitnehmer-wissen\/","og_site_name":"LEGAL SMART Online Blog","article_author":"https:\/\/www.facebook.com\/guido.kluck","article_published_time":"2021-08-04T08:00:00+00:00","article_modified_time":"2021-08-15T10:03:48+00:00","author":"Guido Kluck, LL.M.","twitter_card":"summary_large_image","twitter_creator":"@https:\/\/twitter.com\/kluck","twitter_misc":{"Verfasst von":"Guido Kluck, LL.M.","Gesch\u00e4tzte Lesezeit":"3\u00a0Minuten"},"schema":{"@context":"https:\/\/schema.org","@graph":[{"@type":"WebPage","@id":"https:\/\/www.legalsmart.de\/blog\/ende-der-homeoffice-pflicht-das-muessen-arbeitnehmer-wissen\/","url":"https:\/\/www.legalsmart.de\/blog\/ende-der-homeoffice-pflicht-das-muessen-arbeitnehmer-wissen\/","name":"Ende der Homeoffice-Pflicht: Das m\u00fcssen Arbeitnehmer wissen | LEGAL SMART Online Blog","isPartOf":{"@id":"https:\/\/www.legalsmart.de\/blog\/#website"},"datePublished":"2021-08-04T08:00:00+00:00","dateModified":"2021-08-15T10:03:48+00:00","author":{"@id":"https:\/\/www.legalsmart.de\/blog\/#\/schema\/person\/0869c669bccbe2e56b149b214913b000"},"description":"Aufgrund der niedrigen Inzidenzzahlen, gilt seit dem 01. Juli 2021 keine Homeoffice Pflicht mehr. Muss jetzt wieder jeder ins B\u00fcro?","breadcrumb":{"@id":"https:\/\/www.legalsmart.de\/blog\/ende-der-homeoffice-pflicht-das-muessen-arbeitnehmer-wissen\/#breadcrumb"},"inLanguage":"de","potentialAction":[{"@type":"ReadAction","target":["https:\/\/www.legalsmart.de\/blog\/ende-der-homeoffice-pflicht-das-muessen-arbeitnehmer-wissen\/"]}]},{"@type":"BreadcrumbList","@id":"https:\/\/www.legalsmart.de\/blog\/ende-der-homeoffice-pflicht-das-muessen-arbeitnehmer-wissen\/#breadcrumb","itemListElement":[{"@type":"ListItem","position":1,"name":"Startseite","item":"https:\/\/www.legalsmart.de\/blog\/"},{"@type":"ListItem","position":2,"name":"Ende der Homeoffice-Pflicht: Das m\u00fcssen Arbeitnehmer wissen"}]},{"@type":"WebSite","@id":"https:\/\/www.legalsmart.de\/blog\/#website","url":"https:\/\/www.legalsmart.de\/blog\/","name":"LEGAL SMART Online Blog","description":"Die innovative Kanzlei","potentialAction":[{"@type":"SearchAction","target":{"@type":"EntryPoint","urlTemplate":"https:\/\/www.legalsmart.de\/blog\/?s={search_term_string}"},"query-input":{"@type":"PropertyValueSpecification","valueRequired":true,"valueName":"search_term_string"}}],"inLanguage":"de"},{"@type":"Person","@id":"https:\/\/www.legalsmart.de\/blog\/#\/schema\/person\/0869c669bccbe2e56b149b214913b000","name":"Guido Kluck, LL.M.","image":{"@type":"ImageObject","inLanguage":"de","@id":"https:\/\/www.legalsmart.de\/blog\/#\/schema\/person\/image\/","url":"https:\/\/www.legalsmart.de\/blog\/wp-content\/uploads\/2018\/09\/cropped-IMG_2698-e1535879860494-96x96.jpg","contentUrl":"https:\/\/www.legalsmart.de\/blog\/wp-content\/uploads\/2018\/09\/cropped-IMG_2698-e1535879860494-96x96.jpg","caption":"Guido Kluck, LL.M."},"description":"Rechtsanwalt Guido Kluck LL.M. ist Partner der Kanzlei LEGAL SMART am Standort Berlin. Er ist Ansprechpartner f\u00fcr das Recht der neuen Medien sowie f\u00fcr die Bereiche Wettbewerbsrecht, Markenrecht, Urheberrecht, IT-Recht, Vertragsrecht und das Datenschutzrecht (DSGVO).","sameAs":["https:\/\/legalsmart.de\/team_kluck.php","https:\/\/www.facebook.com\/guido.kluck","https:\/\/x.com\/https:\/\/twitter.com\/kluck"]}]}},"_links":{"self":[{"href":"https:\/\/www.legalsmart.de\/blog\/wp-json\/wp\/v2\/posts\/10104","targetHints":{"allow":["GET"]}}],"collection":[{"href":"https:\/\/www.legalsmart.de\/blog\/wp-json\/wp\/v2\/posts"}],"about":[{"href":"https:\/\/www.legalsmart.de\/blog\/wp-json\/wp\/v2\/types\/post"}],"author":[{"embeddable":true,"href":"https:\/\/www.legalsmart.de\/blog\/wp-json\/wp\/v2\/users\/1"}],"replies":[{"embeddable":true,"href":"https:\/\/www.legalsmart.de\/blog\/wp-json\/wp\/v2\/comments?post=10104"}],"version-history":[{"count":2,"href":"https:\/\/www.legalsmart.de\/blog\/wp-json\/wp\/v2\/posts\/10104\/revisions"}],"predecessor-version":[{"id":10133,"href":"https:\/\/www.legalsmart.de\/blog\/wp-json\/wp\/v2\/posts\/10104\/revisions\/10133"}],"wp:attachment":[{"href":"https:\/\/www.legalsmart.de\/blog\/wp-json\/wp\/v2\/media?parent=10104"}],"wp:term":[{"taxonomy":"category","embeddable":true,"href":"https:\/\/www.legalsmart.de\/blog\/wp-json\/wp\/v2\/categories?post=10104"},{"taxonomy":"post_tag","embeddable":true,"href":"https:\/\/www.legalsmart.de\/blog\/wp-json\/wp\/v2\/tags?post=10104"}],"curies":[{"name":"wp","href":"https:\/\/api.w.org\/{rel}","templated":true}]}}