{"id":11318,"date":"2022-11-23T10:00:00","date_gmt":"2022-11-23T09:00:00","guid":{"rendered":"https:\/\/www.legalsmart.de\/blog\/?p=11318"},"modified":"2022-11-22T21:18:52","modified_gmt":"2022-11-22T20:18:52","slug":"feiertage-im-homeoffice-wann-muss-ich-arbeiten","status":"publish","type":"post","link":"https:\/\/www.legalsmart.de\/blog\/feiertage-im-homeoffice-wann-muss-ich-arbeiten\/","title":{"rendered":"Feiertage im Homeoffice: Wann muss ich arbeiten?"},"content":{"rendered":"\n<p>Seit Corona ist das Homeoffice f\u00fcr jeden ein Begriff. Auf unserem Blog berichteten wir schon oft \u00fcber die rechtlichen Aspekte in Bezug auf das Homeoffice. Heute wollen wir Ihnen daher die Frage beantworten, ob man w\u00e4hrend der Feiertage im Homeoffice arbeiten muss.\u00a0<\/p>\n\n\n\n<p>Alles was Sie zum Thema Homeoffice und Arbeitsrecht wissen m\u00fcssen, erfahren Sie auf unserem Blog!<\/p>\n\n\n\n<h3 class=\"wp-block-heading\"><strong>Feiertage in unterschiedlichen Bundesl\u00e4ndern&nbsp;<\/strong><\/h3>\n\n\n\n<p>Eine Frage, die uns oft gestellt wird ist, wie es arbeitsrechtlich aussieht, wenn man im Bundesland, wo man im Homeoffice arbeitet, eigentlich einen Feiertag h\u00e4tte, aber im Bundesland, wo der Sitz des Unternehmens ist, kein Feiertag ansteht.<\/p>\n\n\n\n<p>Hier k\u00f6nnen wir Ihnen sagen, dass der Arbeitsort des Angestellten ma\u00dfgeblich ist, wenn keine andere arbeitsvertragliche Regelung getroffen wurde. Es kommt also dann darauf an, wo Sie typischerweise Ihre Arbeit verrichten.&nbsp;<\/p>\n\n\n\n<p><strong>Rechtstipp<\/strong>: Arbeitet man im Homeoffice, hat man grunds\u00e4tzlich dann frei, wenn ein regionaler Feiertag ansteht. Neben den bundeseinheitlichen Feiertagen gibt es noch Allerheiligen am 1. November in Baden-W\u00fcrttemberg, Bayern, Nordrhein-Westfalen, Rheinland-Pfalz und Saarland, der Bu\u00df- und Bettag in Sachsen<br>oder Heilige Drei K\u00f6nige am 6. Januar in Bayern, Baden-W\u00fcrttemberg und Sachsen-Anhalt.\u00a0<\/p>\n\n\n\n<h3 class=\"wp-block-heading\"><strong>Achtung: Arbeitsvertrag muss mobiles Arbeiten vorsehen!<\/strong><\/h3>\n\n\n\n<p>Wichtig ist vor allem, dass die Arbeit im Homeoffice ein Grundsatz ist, also Sie einen Arbeitsvertrag abgeschlossen haben, der mobiles Arbeiten explizit vorsieht. Ebenfalls kann eine Pr\u00e4senzpflicht f\u00fcr einen Zeitraum ausgeschlossen werden. Auch wenn im Arbeitsrecht vieles gesetzlich geregelt ist, sind solche Abreden dispositiv und k\u00f6nnen ausgehandelt werden.\u00a0<\/p>\n\n\n\n<h3 class=\"wp-block-heading\"><strong>Gibt es einen Rechtsanspruch auf Homeoffice?<\/strong><\/h3>\n\n\n\n<p>Viele fragen sich daher, ob es einen Rechtsanspruch auf Homeoffice gibt? Dazu k\u00f6nnen wir schon hier sagen, dass es einen Anspruch auf Homeoffice im Arbeitsrecht&nbsp;<strong>nicht<\/strong>&nbsp;gibt.&nbsp;<\/p>\n\n\n\n<p>Gem.&nbsp;<a href=\"https:\/\/dejure.org\/gesetze\/GewO\/106.html\">\u00a7 106 GewO<\/a>&nbsp;hat der Arbeitgeber ein Direktionsrecht und darf im Rahmen dessen \u00fcber den Arbeitsort der Arbeitnehmer entscheiden.<\/p>\n\n\n\n<p><strong>Rechtstipp<\/strong>: Der Arbeitgeber kann Inhalt, Ort und Zeit der Arbeitsleistung nach billigem Ermessen n\u00e4her bestimmen, soweit diese Arbeitsbedingungen nicht durch den Arbeitsvertrag, Bestimmungen einer Betriebsvereinbarung, eines anwendbaren Tarifvertrages oder gesetzliche Vorschriften festgelegt sind. Dies gilt auch hinsichtlich der Ordnung und des Verhaltens der Arbeitnehmer im Betrieb. Bei der Aus\u00fcbung des Ermessens hat der Arbeitgeber auch auf Behinderungen des Arbeitnehmers R\u00fccksicht zu nehmen.<\/p>\n\n\n\n<p>Aber ein Recht auf Homeoffice w\u00fcrde Arbeitgebern auch eine klare rechtliche Vorgabe geben, an die sie sich halten m\u00fcssen. Zur Zeit m\u00fcssen Arbeitgeber sehr oft fallbezogen und flexibel entscheiden, was auch zu Differenzen im Betrieb f\u00fchren kann. Dennoch raten wir Arbeitgebern so gut es geht flexibel zu bleiben und bei arbeitsrechtlichen Fragen mit einem Fachanwalt f\u00fcr Arbeitsrecht Kontakt aufzunehmen.<\/p>\n\n\n\n<h3 class=\"wp-block-heading\"><strong>Fazit<\/strong>&nbsp;<\/h3>\n\n\n\n<p>Feiertage sind nicht immer bundesweit einheitlich geregelt. Im Falle von Homeoffice k\u00f6nnen Sie ein Recht auf den Feiertag haben, wenn Sie das mobile Arbeiten vertraglich vereinbart haben. Das kann auch f\u00fcr einen gewissen Zeitraum vereinbart werden. Gerne beraten wir Sie hierzu!<\/p>\n\n\n\n<p>Das Homeoffice ist im Arbeitsalltag weiterhin sehr pr\u00e4sent. Und das ist auch richtig so, denn die Arbeit im Homeoffice hat die Arbeitswelt in gewisser Weise revolutioniert und auch einen Schritt n\u00e4her in Richtung Zukunft gebracht. Arbeitgeber m\u00fcssen dann z.B. keine gro\u00dfen B\u00fcros anmieten und unterhalten. F\u00fcr den Arbeitnehmer bedeutet es mehr Flexibilit\u00e4t und auch unter Umst\u00e4nden viel Zeitersparnis durch die eingesparten Fahrtwege zur Arbeit.&nbsp;<\/p>\n\n\n\n<p>Da es grunds\u00e4tzlich keinen Anspruch auf Homeoffice gibt, empfiehlt es sich die Arbeit im Homeoffice vertraglich zu regeln. Hierbei sind wir Ihnen gerne schnell und unkompliziert behilflich.&nbsp;<\/p>\n\n\n\n<p>Unser im Arbeitsrecht spezialisiertes Team stellt solche Vertr\u00e4ge gerne bereit und geht dabei individuell auf die Bed\u00fcrfnisse Ihres Unternehmens ein. Melden Sie sich bei uns!<\/p>\n","protected":false},"excerpt":{"rendered":"<p>Seit Corona ist das Homeoffice f\u00fcr jeden ein Begriff. Auf unserem Blog berichteten wir schon oft \u00fcber die rechtlichen Aspekte in Bezug auf das Homeoffice. Heute wollen wir Ihnen daher die Frage beantworten, ob man w\u00e4hrend der Feiertage im Homeoffice arbeiten muss.\u00a0 Alles was Sie zum Thema Homeoffice und Arbeitsrecht wissen m\u00fcssen, erfahren Sie auf [&hellip;]<\/p>\n","protected":false},"author":1,"featured_media":0,"comment_status":"open","ping_status":"open","sticky":false,"template":"","format":"standard","meta":{"footnotes":""},"categories":[1,4,5],"tags":[7014,407,8343,8342,7680,1513,6037,7368,6407],"class_list":["post-11318","post","type-post","status-publish","format-standard","hentry","category-allgemein","category-allgemeines","category-arbeitsrecht","tag--106-gewo","tag-abrede","tag-arbeitsleistung","tag-arbeitsvertragliche-regelung","tag-bundeslaender","tag-feiertage","tag-homeoffice","tag-rechtsanspruch","tag-verhandlung"],"yoast_head":"<!-- This site is optimized with the Yoast SEO plugin v25.8 - https:\/\/yoast.com\/wordpress\/plugins\/seo\/ -->\n<title>Feiertage im Homeoffice: Wann muss ich arbeiten? | LEGAL SMART Online Blog<\/title>\n<meta name=\"description\" content=\"Heute wollen wir Ihnen daher die Frage beantworten, ob man w\u00e4hrend der Feiertage im Homeoffice arbeiten muss.\u00a0\" \/>\n<meta name=\"robots\" content=\"index, follow, max-snippet:-1, max-image-preview:large, max-video-preview:-1\" \/>\n<link rel=\"canonical\" href=\"https:\/\/www.legalsmart.de\/blog\/feiertage-im-homeoffice-wann-muss-ich-arbeiten\/\" \/>\n<meta property=\"og:locale\" content=\"de_DE\" \/>\n<meta property=\"og:type\" content=\"article\" \/>\n<meta property=\"og:title\" content=\"Feiertage im Homeoffice: Wann muss ich arbeiten? | LEGAL SMART Online Blog\" \/>\n<meta property=\"og:description\" content=\"Heute wollen wir Ihnen daher die Frage beantworten, ob man w\u00e4hrend der Feiertage im Homeoffice arbeiten muss.\u00a0\" \/>\n<meta property=\"og:url\" content=\"https:\/\/www.legalsmart.de\/blog\/feiertage-im-homeoffice-wann-muss-ich-arbeiten\/\" \/>\n<meta property=\"og:site_name\" content=\"LEGAL SMART Online Blog\" \/>\n<meta property=\"article:author\" content=\"https:\/\/www.facebook.com\/guido.kluck\" \/>\n<meta property=\"article:published_time\" content=\"2022-11-23T09:00:00+00:00\" \/>\n<meta name=\"author\" content=\"Guido Kluck, LL.M.\" \/>\n<meta name=\"twitter:card\" content=\"summary_large_image\" \/>\n<meta name=\"twitter:creator\" content=\"@https:\/\/twitter.com\/kluck\" \/>\n<meta name=\"twitter:label1\" content=\"Verfasst von\" \/>\n\t<meta name=\"twitter:data1\" content=\"Guido Kluck, LL.M.\" \/>\n\t<meta name=\"twitter:label2\" content=\"Gesch\u00e4tzte Lesezeit\" \/>\n\t<meta name=\"twitter:data2\" content=\"4\u00a0Minuten\" \/>\n<script type=\"application\/ld+json\" class=\"yoast-schema-graph\">{\"@context\":\"https:\/\/schema.org\",\"@graph\":[{\"@type\":\"WebPage\",\"@id\":\"https:\/\/www.legalsmart.de\/blog\/feiertage-im-homeoffice-wann-muss-ich-arbeiten\/\",\"url\":\"https:\/\/www.legalsmart.de\/blog\/feiertage-im-homeoffice-wann-muss-ich-arbeiten\/\",\"name\":\"Feiertage im Homeoffice: Wann muss ich arbeiten? | LEGAL SMART Online Blog\",\"isPartOf\":{\"@id\":\"https:\/\/www.legalsmart.de\/blog\/#website\"},\"datePublished\":\"2022-11-23T09:00:00+00:00\",\"author\":{\"@id\":\"https:\/\/www.legalsmart.de\/blog\/#\/schema\/person\/0869c669bccbe2e56b149b214913b000\"},\"description\":\"Heute wollen wir Ihnen daher die Frage beantworten, ob man w\u00e4hrend der Feiertage im Homeoffice arbeiten muss.\u00a0\",\"breadcrumb\":{\"@id\":\"https:\/\/www.legalsmart.de\/blog\/feiertage-im-homeoffice-wann-muss-ich-arbeiten\/#breadcrumb\"},\"inLanguage\":\"de\",\"potentialAction\":[{\"@type\":\"ReadAction\",\"target\":[\"https:\/\/www.legalsmart.de\/blog\/feiertage-im-homeoffice-wann-muss-ich-arbeiten\/\"]}]},{\"@type\":\"BreadcrumbList\",\"@id\":\"https:\/\/www.legalsmart.de\/blog\/feiertage-im-homeoffice-wann-muss-ich-arbeiten\/#breadcrumb\",\"itemListElement\":[{\"@type\":\"ListItem\",\"position\":1,\"name\":\"Startseite\",\"item\":\"https:\/\/www.legalsmart.de\/blog\/\"},{\"@type\":\"ListItem\",\"position\":2,\"name\":\"Feiertage im Homeoffice: Wann muss ich arbeiten?\"}]},{\"@type\":\"WebSite\",\"@id\":\"https:\/\/www.legalsmart.de\/blog\/#website\",\"url\":\"https:\/\/www.legalsmart.de\/blog\/\",\"name\":\"LEGAL SMART Online Blog\",\"description\":\"Die innovative Kanzlei\",\"potentialAction\":[{\"@type\":\"SearchAction\",\"target\":{\"@type\":\"EntryPoint\",\"urlTemplate\":\"https:\/\/www.legalsmart.de\/blog\/?s={search_term_string}\"},\"query-input\":{\"@type\":\"PropertyValueSpecification\",\"valueRequired\":true,\"valueName\":\"search_term_string\"}}],\"inLanguage\":\"de\"},{\"@type\":\"Person\",\"@id\":\"https:\/\/www.legalsmart.de\/blog\/#\/schema\/person\/0869c669bccbe2e56b149b214913b000\",\"name\":\"Guido Kluck, LL.M.\",\"image\":{\"@type\":\"ImageObject\",\"inLanguage\":\"de\",\"@id\":\"https:\/\/www.legalsmart.de\/blog\/#\/schema\/person\/image\/\",\"url\":\"https:\/\/www.legalsmart.de\/blog\/wp-content\/uploads\/2018\/09\/cropped-IMG_2698-e1535879860494-96x96.jpg\",\"contentUrl\":\"https:\/\/www.legalsmart.de\/blog\/wp-content\/uploads\/2018\/09\/cropped-IMG_2698-e1535879860494-96x96.jpg\",\"caption\":\"Guido Kluck, LL.M.\"},\"description\":\"Rechtsanwalt Guido Kluck LL.M. ist Partner der Kanzlei LEGAL SMART am Standort Berlin. Er ist Ansprechpartner f\u00fcr das Recht der neuen Medien sowie f\u00fcr die Bereiche Wettbewerbsrecht, Markenrecht, Urheberrecht, IT-Recht, Vertragsrecht und das Datenschutzrecht (DSGVO).\",\"sameAs\":[\"https:\/\/legalsmart.de\/team_kluck.php\",\"https:\/\/www.facebook.com\/guido.kluck\",\"https:\/\/x.com\/https:\/\/twitter.com\/kluck\"]}]}<\/script>\n<!-- \/ Yoast SEO plugin. -->","yoast_head_json":{"title":"Feiertage im Homeoffice: Wann muss ich arbeiten? | LEGAL SMART Online Blog","description":"Heute wollen wir Ihnen daher die Frage beantworten, ob man w\u00e4hrend der Feiertage im Homeoffice arbeiten muss.\u00a0","robots":{"index":"index","follow":"follow","max-snippet":"max-snippet:-1","max-image-preview":"max-image-preview:large","max-video-preview":"max-video-preview:-1"},"canonical":"https:\/\/www.legalsmart.de\/blog\/feiertage-im-homeoffice-wann-muss-ich-arbeiten\/","og_locale":"de_DE","og_type":"article","og_title":"Feiertage im Homeoffice: Wann muss ich arbeiten? | LEGAL SMART Online Blog","og_description":"Heute wollen wir Ihnen daher die Frage beantworten, ob man w\u00e4hrend der Feiertage im Homeoffice arbeiten muss.\u00a0","og_url":"https:\/\/www.legalsmart.de\/blog\/feiertage-im-homeoffice-wann-muss-ich-arbeiten\/","og_site_name":"LEGAL SMART Online Blog","article_author":"https:\/\/www.facebook.com\/guido.kluck","article_published_time":"2022-11-23T09:00:00+00:00","author":"Guido Kluck, LL.M.","twitter_card":"summary_large_image","twitter_creator":"@https:\/\/twitter.com\/kluck","twitter_misc":{"Verfasst von":"Guido Kluck, LL.M.","Gesch\u00e4tzte Lesezeit":"4\u00a0Minuten"},"schema":{"@context":"https:\/\/schema.org","@graph":[{"@type":"WebPage","@id":"https:\/\/www.legalsmart.de\/blog\/feiertage-im-homeoffice-wann-muss-ich-arbeiten\/","url":"https:\/\/www.legalsmart.de\/blog\/feiertage-im-homeoffice-wann-muss-ich-arbeiten\/","name":"Feiertage im Homeoffice: Wann muss ich arbeiten? | LEGAL SMART Online Blog","isPartOf":{"@id":"https:\/\/www.legalsmart.de\/blog\/#website"},"datePublished":"2022-11-23T09:00:00+00:00","author":{"@id":"https:\/\/www.legalsmart.de\/blog\/#\/schema\/person\/0869c669bccbe2e56b149b214913b000"},"description":"Heute wollen wir Ihnen daher die Frage beantworten, ob man w\u00e4hrend der Feiertage im Homeoffice arbeiten muss.\u00a0","breadcrumb":{"@id":"https:\/\/www.legalsmart.de\/blog\/feiertage-im-homeoffice-wann-muss-ich-arbeiten\/#breadcrumb"},"inLanguage":"de","potentialAction":[{"@type":"ReadAction","target":["https:\/\/www.legalsmart.de\/blog\/feiertage-im-homeoffice-wann-muss-ich-arbeiten\/"]}]},{"@type":"BreadcrumbList","@id":"https:\/\/www.legalsmart.de\/blog\/feiertage-im-homeoffice-wann-muss-ich-arbeiten\/#breadcrumb","itemListElement":[{"@type":"ListItem","position":1,"name":"Startseite","item":"https:\/\/www.legalsmart.de\/blog\/"},{"@type":"ListItem","position":2,"name":"Feiertage im Homeoffice: Wann muss ich arbeiten?"}]},{"@type":"WebSite","@id":"https:\/\/www.legalsmart.de\/blog\/#website","url":"https:\/\/www.legalsmart.de\/blog\/","name":"LEGAL SMART Online Blog","description":"Die innovative Kanzlei","potentialAction":[{"@type":"SearchAction","target":{"@type":"EntryPoint","urlTemplate":"https:\/\/www.legalsmart.de\/blog\/?s={search_term_string}"},"query-input":{"@type":"PropertyValueSpecification","valueRequired":true,"valueName":"search_term_string"}}],"inLanguage":"de"},{"@type":"Person","@id":"https:\/\/www.legalsmart.de\/blog\/#\/schema\/person\/0869c669bccbe2e56b149b214913b000","name":"Guido Kluck, LL.M.","image":{"@type":"ImageObject","inLanguage":"de","@id":"https:\/\/www.legalsmart.de\/blog\/#\/schema\/person\/image\/","url":"https:\/\/www.legalsmart.de\/blog\/wp-content\/uploads\/2018\/09\/cropped-IMG_2698-e1535879860494-96x96.jpg","contentUrl":"https:\/\/www.legalsmart.de\/blog\/wp-content\/uploads\/2018\/09\/cropped-IMG_2698-e1535879860494-96x96.jpg","caption":"Guido Kluck, LL.M."},"description":"Rechtsanwalt Guido Kluck LL.M. ist Partner der Kanzlei LEGAL SMART am Standort Berlin. Er ist Ansprechpartner f\u00fcr das Recht der neuen Medien sowie f\u00fcr die Bereiche Wettbewerbsrecht, Markenrecht, Urheberrecht, IT-Recht, Vertragsrecht und das Datenschutzrecht (DSGVO).","sameAs":["https:\/\/legalsmart.de\/team_kluck.php","https:\/\/www.facebook.com\/guido.kluck","https:\/\/x.com\/https:\/\/twitter.com\/kluck"]}]}},"_links":{"self":[{"href":"https:\/\/www.legalsmart.de\/blog\/wp-json\/wp\/v2\/posts\/11318","targetHints":{"allow":["GET"]}}],"collection":[{"href":"https:\/\/www.legalsmart.de\/blog\/wp-json\/wp\/v2\/posts"}],"about":[{"href":"https:\/\/www.legalsmart.de\/blog\/wp-json\/wp\/v2\/types\/post"}],"author":[{"embeddable":true,"href":"https:\/\/www.legalsmart.de\/blog\/wp-json\/wp\/v2\/users\/1"}],"replies":[{"embeddable":true,"href":"https:\/\/www.legalsmart.de\/blog\/wp-json\/wp\/v2\/comments?post=11318"}],"version-history":[{"count":1,"href":"https:\/\/www.legalsmart.de\/blog\/wp-json\/wp\/v2\/posts\/11318\/revisions"}],"predecessor-version":[{"id":11319,"href":"https:\/\/www.legalsmart.de\/blog\/wp-json\/wp\/v2\/posts\/11318\/revisions\/11319"}],"wp:attachment":[{"href":"https:\/\/www.legalsmart.de\/blog\/wp-json\/wp\/v2\/media?parent=11318"}],"wp:term":[{"taxonomy":"category","embeddable":true,"href":"https:\/\/www.legalsmart.de\/blog\/wp-json\/wp\/v2\/categories?post=11318"},{"taxonomy":"post_tag","embeddable":true,"href":"https:\/\/www.legalsmart.de\/blog\/wp-json\/wp\/v2\/tags?post=11318"}],"curies":[{"name":"wp","href":"https:\/\/api.w.org\/{rel}","templated":true}]}}