{"id":11329,"date":"2022-12-01T10:00:00","date_gmt":"2022-12-01T09:00:00","guid":{"rendered":"https:\/\/www.legalsmart.de\/blog\/?p=11329"},"modified":"2022-11-30T08:47:14","modified_gmt":"2022-11-30T07:47:14","slug":"gollum-ist-eine-beleidigung","status":"publish","type":"post","link":"https:\/\/www.legalsmart.de\/blog\/gollum-ist-eine-beleidigung\/","title":{"rendered":"&#8222;Gollum&#8220; ist eine Belei\u00addi\u00adgung"},"content":{"rendered":"\n<p>Das Landgericht M\u00fcnchen I hatte sich mit der Frage auseinanderzusetzen, ob es sich bei er Bezeichnung \u201eGollum\u201c f\u00fcr einen Wissenschaftler, um eine Beleidigung handelt (Beschl. v. 14.11.2022, Az. <a href=\"https:\/\/dejure.org\/dienste\/vernetzung\/rechtsprechung?Text=25%20O%2012738\/22\" title=\"LG M&uuml;nchen I, 14.11.2022 - 25 O 12738\/22: Verletzung des allgemeinen Pers&ouml;nlichkeitsrechts eine...\">25 O 12738\/22<\/a>).\u00a0So viel sei vorweg gesagt: ja!<\/p>\n\n\n\n<p>Wir fassen f\u00fcr Sie auf unserem Blog alles Wichtige aus diesem Beschluss zusammen!<\/p>\n\n\n\n<h2 class=\"wp-block-heading\"><strong>Was ist passiert?<\/strong><\/h2>\n\n\n\n<p>Eine B\u00fcrgerinitiative bezeichnete einen Wissenschaftler in einem Flyer mit den Worten \u201eGollum\u201c, einer Figur aus dem Tolkien-Romanen \u201eHerr der Ringe\u201c. Das sei eine \u201enicht mehr sachbezogene Herabsetzung der Person des Antragstellers\u201c, so das Gericht. Doch was versteht man rechtlich unter einer Beleidung?<\/p>\n\n\n\n<h2 class=\"wp-block-heading\"><strong>Beleidigung nach <a href=\"https:\/\/dejure.org\/gesetze\/StGB\/185.html\" title=\"&sect; 185 StGB: Beleidigung\">\u00a7 185 StGB<\/a> und die Meinungsfreiheit nach <a href=\"https:\/\/dejure.org\/gesetze\/GG\/5.html\" title=\"Art. 5 GG\">Art. 5 I GG<\/a><\/strong><\/h2>\n\n\n\n<p>Die Beleidigung ist die Kundgabe der Missachtung bzw. Nichtachtung eines anderen Menschen. Kundgabe wiederum bedeutet, dass die \u00c4u\u00dferung der Missachtung\/Nichtachtung wiederum von einem anderen wahrgenommen werden kann.<\/p>\n\n\n\n<p>\u201e<em>Die Beleidigung wird mit Freiheitsstrafe bis zu einem Jahr oder mit Geldstrafe und, wenn die Beleidigung \u00f6ffentlich, in einer Versammlung, durch Verbreiten eines Inhalts (\u00a7 11 Abs. 3) oder mittels einer T\u00e4tlichkeit begangen wird, mit Freiheitsstrafe bis zu zwei Jahren oder mit Geldstrafe bestraft<\/em>.\u201c<\/p>\n\n\n\n<p>Im Gegensatz dazu steht der <a href=\"https:\/\/dejure.org\/gesetze\/GG\/5.html\" title=\"Art. 5 GG\">Art. 5 I GG<\/a>, der jedem das Recht gibt, seine Meinung in Wort, Schrift und Bild frei zu \u00e4u\u00dfern und zu verbreiten. Grundrechtlich gesch\u00fctzt sind damit insbesondere Werturteile, also \u00c4u\u00dferungen, die durch ein Element der Stellungnahme gekennzeichnet sind. Dies gilt ungeachtet des wom\u00f6glich ehrschm\u00e4lernden Gehalts einer \u00c4u\u00dferung. Dass eine Aussage polemisch oder verletzend formuliert ist, entzieht sie nicht dem Schutzbereich des Grundrechts. Nach <a href=\"https:\/\/dejure.org\/gesetze\/GG\/5.html\" title=\"Art. 5 GG\">Art. 5 II GG<\/a> findet das Grundrecht der Meinungsfreiheit seine Schranken in den Vorschriften der allgemeinen Gesetze. Dazu geh\u00f6rt auch der <a href=\"https:\/\/dejure.org\/gesetze\/StGB\/185.html\" title=\"&sect; 185 StGB: Beleidigung\">\u00a7 185 StGB<\/a>.<\/p>\n\n\n\n<h2 class=\"wp-block-heading\"><strong>Landgericht &#8211; negatives Bild der Romanfigur<\/strong><\/h2>\n\n\n\n<p>Das Landgericht f\u00fchrte in seinem Beschluss aus, dass es eine unwahre Tatsachenbehauptung darstellt, wenn der Wissenschaftler als &#8222;Gollum&#8220;\u00a0bezeichnet wird, da das ausdr\u00fccken sollte, dass der Wissenschaftler keine entsprechende wissenschaftliche Bildung habe. Er verf\u00fcgter aber nachweislich \u00fcber eine wissenschaftliche Ausbildung.\u00a0<\/p>\n\n\n\n<h2 class=\"wp-block-heading\"><strong>Wie ermittelt man eine Rechtsgutsverletzung?<\/strong><\/h2>\n\n\n\n<p>Ausgangspunkt f\u00fcr die Pr\u00fcfung, ob die \u00c4u\u00dferung Rechtsg\u00fcter verletzt, ist die Ermittlung ihres objektiven Sinnes. Ma\u00dfgeblich ist weder die subjektive Absicht des sich \u00c4u\u00dfernden noch das subjektive Verst\u00e4ndnis der von der \u00c4u\u00dferung Betroffenen, sondern der Sinn, den die \u00c4u\u00dferung nach dem Verst\u00e4ndnis eines unvoreingenommenen und verst\u00e4ndigen Publikums hat. Dabei ist vom Wortlaut der \u00c4u\u00dferung auszugehen. Dieser legt ihren Sinn aber nicht abschlie\u00dfend fest. Er wird vielmehr auch von dem sprachlichen Kontext, in dem die umstrittene \u00c4u\u00dferung steht, und den Begleitumst\u00e4nden, unter denen sie f\u00e4llt, bestimmt, soweit diese f\u00fcr die Empf\u00e4nger erkennbar sind.<\/p>\n\n\n\n<h2 class=\"wp-block-heading\"><strong>Fazit<\/strong><\/h2>\n\n\n\n<p>Ob eine die tatbestandlichen Voraussetzungen des\u00a0<a href=\"https:\/\/dejure.org\/gesetze\/StGB\/185.html\" target=\"_blank\" rel=\"noreferrer noopener\">\u00a7 185 StGB<\/a>\u00a0erf\u00fcllende ehrverletzende Kundgabe der Missachtung, Geringsch\u00e4tzung oder Nichtachtung vorliegt, ist durch Auslegung des objektiven Sinngehaltes der \u00c4u\u00dferung ausgehend von ihrem Wortlaut unter Ber\u00fccksichtigung ihres Kontextes und der gesamten Begleitumst\u00e4nde zu ermitteln. Hier kommt es darauf an, wie ein alle ma\u00dfgeblichen tatpr\u00e4genden Umst\u00e4nde kennender unbefangener verst\u00e4ndiger Dritter die \u00c4u\u00dferung versteht.<\/p>\n\n\n\n<p>\u00dcber das Internet und die vielen verschiedenen Social-Media Kan\u00e4le ist Hasskriminalit\u00e4t auch allgegenw\u00e4rtig. T\u00e4ter denken, dass sie anonym sind, doch so ist es nicht. Hier k\u00f6nnen wir Ihnen helfen!&nbsp;<\/p>\n\n\n\n<p>Sie haben Fragen zum Thema Beleidigung und\/ oder m\u00f6chten gegen eine Beleidigung vorgehen? Melden Sie sich bei uns! Unser erfahrenes Team steht Ihnen gerne schnell und unkompliziert zur Seite und ber\u00e4t Sie gern.&nbsp;<\/p>\n\n\n\n<p>Lesen Sie auch unseren Artike \u201e<a href=\"https:\/\/www.legalsmart.de\/blog\/voller-erfolg-gegen-hass-kommentare\/\" target=\"_blank\" rel=\"noreferrer noopener\">Voller Erfolg gegen Hass-Kommentare<\/a>\u201c. Hier erfahren Sie mehr \u00fcber die Gr\u00fcnen-Politikerin Renate K\u00fcnast und ihren Erfolg gegen Hass-Kommentare vor dem Kammergicht.<\/p>\n","protected":false},"excerpt":{"rendered":"<p>Das Landgericht M\u00fcnchen I hatte sich mit der Frage auseinanderzusetzen, ob es sich bei er Bezeichnung \u201eGollum\u201c f\u00fcr einen Wissenschaftler, um eine Beleidigung handelt (Beschl. v. 14.11.2022, Az. 25 O 12738\/22).\u00a0So viel sei vorweg gesagt: ja! Wir fassen f\u00fcr Sie auf unserem Blog alles Wichtige aus diesem Beschluss zusammen! Was ist passiert? Eine B\u00fcrgerinitiative bezeichnete [&hellip;]<\/p>\n","protected":false},"author":1,"featured_media":0,"comment_status":"open","ping_status":"open","sticky":false,"template":"","format":"standard","meta":{"footnotes":""},"categories":[1,4,8194],"tags":[7398,7388,8363,8360,888,8359,8361,5050,2455,8362],"class_list":["post-11329","post","type-post","status-publish","format-standard","hentry","category-allgemein","category-allgemeines","category-strafrecht","tag--185-stgb","tag-art-5-i-gg","tag-art-5-ii-gg","tag-az-25-o-12738-22","tag-beleidigung","tag-beschl-v-14-11-2022","tag-hass-kommentare","tag-lg-muenchen-i","tag-meinungsfreiheit","tag-schranken"],"yoast_head":"<!-- This site is optimized with the Yoast SEO plugin v25.8 - https:\/\/yoast.com\/wordpress\/plugins\/seo\/ -->\n<title>&quot;Gollum&quot; ist eine Belei\u00addi\u00adgung | LEGAL SMART Online Blog<\/title>\n<meta name=\"description\" content=\"Das Landgericht M\u00fcnchen I hatte sich mit der Frage auseinanderzusetzen, ob es sich bei er Bezeichnung \u201eGollum\u201c f\u00fcr einen Wissenschaftler, um eine Beleidigung handelt (Beschl. v. 14.11.2022, Az. 25 O 12738\/22).\" \/>\n<meta name=\"robots\" content=\"index, follow, max-snippet:-1, max-image-preview:large, max-video-preview:-1\" \/>\n<link rel=\"canonical\" href=\"https:\/\/www.legalsmart.de\/blog\/gollum-ist-eine-beleidigung\/\" \/>\n<meta property=\"og:locale\" content=\"de_DE\" \/>\n<meta property=\"og:type\" content=\"article\" \/>\n<meta property=\"og:title\" content=\"&quot;Gollum&quot; ist eine Belei\u00addi\u00adgung | LEGAL SMART Online Blog\" \/>\n<meta property=\"og:description\" content=\"Das Landgericht M\u00fcnchen I hatte sich mit der Frage auseinanderzusetzen, ob es sich bei er Bezeichnung \u201eGollum\u201c f\u00fcr einen Wissenschaftler, um eine Beleidigung handelt (Beschl. v. 14.11.2022, Az. 25 O 12738\/22).\" \/>\n<meta property=\"og:url\" content=\"https:\/\/www.legalsmart.de\/blog\/gollum-ist-eine-beleidigung\/\" \/>\n<meta property=\"og:site_name\" content=\"LEGAL SMART Online Blog\" \/>\n<meta property=\"article:author\" content=\"https:\/\/www.facebook.com\/guido.kluck\" \/>\n<meta property=\"article:published_time\" content=\"2022-12-01T09:00:00+00:00\" \/>\n<meta name=\"author\" content=\"Guido Kluck, LL.M.\" \/>\n<meta name=\"twitter:card\" content=\"summary_large_image\" \/>\n<meta name=\"twitter:creator\" content=\"@https:\/\/twitter.com\/kluck\" \/>\n<meta name=\"twitter:label1\" content=\"Verfasst von\" \/>\n\t<meta name=\"twitter:data1\" content=\"Guido Kluck, LL.M.\" \/>\n\t<meta name=\"twitter:label2\" content=\"Gesch\u00e4tzte Lesezeit\" \/>\n\t<meta name=\"twitter:data2\" content=\"4\u00a0Minuten\" \/>\n<script type=\"application\/ld+json\" class=\"yoast-schema-graph\">{\"@context\":\"https:\/\/schema.org\",\"@graph\":[{\"@type\":\"WebPage\",\"@id\":\"https:\/\/www.legalsmart.de\/blog\/gollum-ist-eine-beleidigung\/\",\"url\":\"https:\/\/www.legalsmart.de\/blog\/gollum-ist-eine-beleidigung\/\",\"name\":\"\\\"Gollum\\\" ist eine Belei\u00addi\u00adgung | LEGAL SMART Online Blog\",\"isPartOf\":{\"@id\":\"https:\/\/www.legalsmart.de\/blog\/#website\"},\"datePublished\":\"2022-12-01T09:00:00+00:00\",\"author\":{\"@id\":\"https:\/\/www.legalsmart.de\/blog\/#\/schema\/person\/0869c669bccbe2e56b149b214913b000\"},\"description\":\"Das Landgericht M\u00fcnchen I hatte sich mit der Frage auseinanderzusetzen, ob es sich bei er Bezeichnung \u201eGollum\u201c f\u00fcr einen Wissenschaftler, um eine Beleidigung handelt (Beschl. v. 14.11.2022, Az. 25 O 12738\/22).\",\"breadcrumb\":{\"@id\":\"https:\/\/www.legalsmart.de\/blog\/gollum-ist-eine-beleidigung\/#breadcrumb\"},\"inLanguage\":\"de\",\"potentialAction\":[{\"@type\":\"ReadAction\",\"target\":[\"https:\/\/www.legalsmart.de\/blog\/gollum-ist-eine-beleidigung\/\"]}]},{\"@type\":\"BreadcrumbList\",\"@id\":\"https:\/\/www.legalsmart.de\/blog\/gollum-ist-eine-beleidigung\/#breadcrumb\",\"itemListElement\":[{\"@type\":\"ListItem\",\"position\":1,\"name\":\"Startseite\",\"item\":\"https:\/\/www.legalsmart.de\/blog\/\"},{\"@type\":\"ListItem\",\"position\":2,\"name\":\"&#8222;Gollum&#8220; ist eine Belei\u00addi\u00adgung\"}]},{\"@type\":\"WebSite\",\"@id\":\"https:\/\/www.legalsmart.de\/blog\/#website\",\"url\":\"https:\/\/www.legalsmart.de\/blog\/\",\"name\":\"LEGAL SMART Online Blog\",\"description\":\"Die innovative Kanzlei\",\"potentialAction\":[{\"@type\":\"SearchAction\",\"target\":{\"@type\":\"EntryPoint\",\"urlTemplate\":\"https:\/\/www.legalsmart.de\/blog\/?s={search_term_string}\"},\"query-input\":{\"@type\":\"PropertyValueSpecification\",\"valueRequired\":true,\"valueName\":\"search_term_string\"}}],\"inLanguage\":\"de\"},{\"@type\":\"Person\",\"@id\":\"https:\/\/www.legalsmart.de\/blog\/#\/schema\/person\/0869c669bccbe2e56b149b214913b000\",\"name\":\"Guido Kluck, LL.M.\",\"image\":{\"@type\":\"ImageObject\",\"inLanguage\":\"de\",\"@id\":\"https:\/\/www.legalsmart.de\/blog\/#\/schema\/person\/image\/\",\"url\":\"https:\/\/www.legalsmart.de\/blog\/wp-content\/uploads\/2018\/09\/cropped-IMG_2698-e1535879860494-96x96.jpg\",\"contentUrl\":\"https:\/\/www.legalsmart.de\/blog\/wp-content\/uploads\/2018\/09\/cropped-IMG_2698-e1535879860494-96x96.jpg\",\"caption\":\"Guido Kluck, LL.M.\"},\"description\":\"Rechtsanwalt Guido Kluck LL.M. ist Partner der Kanzlei LEGAL SMART am Standort Berlin. Er ist Ansprechpartner f\u00fcr das Recht der neuen Medien sowie f\u00fcr die Bereiche Wettbewerbsrecht, Markenrecht, Urheberrecht, IT-Recht, Vertragsrecht und das Datenschutzrecht (DSGVO).\",\"sameAs\":[\"https:\/\/legalsmart.de\/team_kluck.php\",\"https:\/\/www.facebook.com\/guido.kluck\",\"https:\/\/x.com\/https:\/\/twitter.com\/kluck\"]}]}<\/script>\n<!-- \/ Yoast SEO plugin. -->","yoast_head_json":{"title":"\"Gollum\" ist eine Belei\u00addi\u00adgung | LEGAL SMART Online Blog","description":"Das Landgericht M\u00fcnchen I hatte sich mit der Frage auseinanderzusetzen, ob es sich bei er Bezeichnung \u201eGollum\u201c f\u00fcr einen Wissenschaftler, um eine Beleidigung handelt (Beschl. v. 14.11.2022, Az. 25 O 12738\/22).","robots":{"index":"index","follow":"follow","max-snippet":"max-snippet:-1","max-image-preview":"max-image-preview:large","max-video-preview":"max-video-preview:-1"},"canonical":"https:\/\/www.legalsmart.de\/blog\/gollum-ist-eine-beleidigung\/","og_locale":"de_DE","og_type":"article","og_title":"\"Gollum\" ist eine Belei\u00addi\u00adgung | LEGAL SMART Online Blog","og_description":"Das Landgericht M\u00fcnchen I hatte sich mit der Frage auseinanderzusetzen, ob es sich bei er Bezeichnung \u201eGollum\u201c f\u00fcr einen Wissenschaftler, um eine Beleidigung handelt (Beschl. v. 14.11.2022, Az. 25 O 12738\/22).","og_url":"https:\/\/www.legalsmart.de\/blog\/gollum-ist-eine-beleidigung\/","og_site_name":"LEGAL SMART Online Blog","article_author":"https:\/\/www.facebook.com\/guido.kluck","article_published_time":"2022-12-01T09:00:00+00:00","author":"Guido Kluck, LL.M.","twitter_card":"summary_large_image","twitter_creator":"@https:\/\/twitter.com\/kluck","twitter_misc":{"Verfasst von":"Guido Kluck, LL.M.","Gesch\u00e4tzte Lesezeit":"4\u00a0Minuten"},"schema":{"@context":"https:\/\/schema.org","@graph":[{"@type":"WebPage","@id":"https:\/\/www.legalsmart.de\/blog\/gollum-ist-eine-beleidigung\/","url":"https:\/\/www.legalsmart.de\/blog\/gollum-ist-eine-beleidigung\/","name":"\"Gollum\" ist eine Belei\u00addi\u00adgung | LEGAL SMART Online Blog","isPartOf":{"@id":"https:\/\/www.legalsmart.de\/blog\/#website"},"datePublished":"2022-12-01T09:00:00+00:00","author":{"@id":"https:\/\/www.legalsmart.de\/blog\/#\/schema\/person\/0869c669bccbe2e56b149b214913b000"},"description":"Das Landgericht M\u00fcnchen I hatte sich mit der Frage auseinanderzusetzen, ob es sich bei er Bezeichnung \u201eGollum\u201c f\u00fcr einen Wissenschaftler, um eine Beleidigung handelt (Beschl. v. 14.11.2022, Az. 25 O 12738\/22).","breadcrumb":{"@id":"https:\/\/www.legalsmart.de\/blog\/gollum-ist-eine-beleidigung\/#breadcrumb"},"inLanguage":"de","potentialAction":[{"@type":"ReadAction","target":["https:\/\/www.legalsmart.de\/blog\/gollum-ist-eine-beleidigung\/"]}]},{"@type":"BreadcrumbList","@id":"https:\/\/www.legalsmart.de\/blog\/gollum-ist-eine-beleidigung\/#breadcrumb","itemListElement":[{"@type":"ListItem","position":1,"name":"Startseite","item":"https:\/\/www.legalsmart.de\/blog\/"},{"@type":"ListItem","position":2,"name":"&#8222;Gollum&#8220; ist eine Belei\u00addi\u00adgung"}]},{"@type":"WebSite","@id":"https:\/\/www.legalsmart.de\/blog\/#website","url":"https:\/\/www.legalsmart.de\/blog\/","name":"LEGAL SMART Online Blog","description":"Die innovative Kanzlei","potentialAction":[{"@type":"SearchAction","target":{"@type":"EntryPoint","urlTemplate":"https:\/\/www.legalsmart.de\/blog\/?s={search_term_string}"},"query-input":{"@type":"PropertyValueSpecification","valueRequired":true,"valueName":"search_term_string"}}],"inLanguage":"de"},{"@type":"Person","@id":"https:\/\/www.legalsmart.de\/blog\/#\/schema\/person\/0869c669bccbe2e56b149b214913b000","name":"Guido Kluck, LL.M.","image":{"@type":"ImageObject","inLanguage":"de","@id":"https:\/\/www.legalsmart.de\/blog\/#\/schema\/person\/image\/","url":"https:\/\/www.legalsmart.de\/blog\/wp-content\/uploads\/2018\/09\/cropped-IMG_2698-e1535879860494-96x96.jpg","contentUrl":"https:\/\/www.legalsmart.de\/blog\/wp-content\/uploads\/2018\/09\/cropped-IMG_2698-e1535879860494-96x96.jpg","caption":"Guido Kluck, LL.M."},"description":"Rechtsanwalt Guido Kluck LL.M. ist Partner der Kanzlei LEGAL SMART am Standort Berlin. Er ist Ansprechpartner f\u00fcr das Recht der neuen Medien sowie f\u00fcr die Bereiche Wettbewerbsrecht, Markenrecht, Urheberrecht, IT-Recht, Vertragsrecht und das Datenschutzrecht (DSGVO).","sameAs":["https:\/\/legalsmart.de\/team_kluck.php","https:\/\/www.facebook.com\/guido.kluck","https:\/\/x.com\/https:\/\/twitter.com\/kluck"]}]}},"_links":{"self":[{"href":"https:\/\/www.legalsmart.de\/blog\/wp-json\/wp\/v2\/posts\/11329","targetHints":{"allow":["GET"]}}],"collection":[{"href":"https:\/\/www.legalsmart.de\/blog\/wp-json\/wp\/v2\/posts"}],"about":[{"href":"https:\/\/www.legalsmart.de\/blog\/wp-json\/wp\/v2\/types\/post"}],"author":[{"embeddable":true,"href":"https:\/\/www.legalsmart.de\/blog\/wp-json\/wp\/v2\/users\/1"}],"replies":[{"embeddable":true,"href":"https:\/\/www.legalsmart.de\/blog\/wp-json\/wp\/v2\/comments?post=11329"}],"version-history":[{"count":1,"href":"https:\/\/www.legalsmart.de\/blog\/wp-json\/wp\/v2\/posts\/11329\/revisions"}],"predecessor-version":[{"id":11330,"href":"https:\/\/www.legalsmart.de\/blog\/wp-json\/wp\/v2\/posts\/11329\/revisions\/11330"}],"wp:attachment":[{"href":"https:\/\/www.legalsmart.de\/blog\/wp-json\/wp\/v2\/media?parent=11329"}],"wp:term":[{"taxonomy":"category","embeddable":true,"href":"https:\/\/www.legalsmart.de\/blog\/wp-json\/wp\/v2\/categories?post=11329"},{"taxonomy":"post_tag","embeddable":true,"href":"https:\/\/www.legalsmart.de\/blog\/wp-json\/wp\/v2\/tags?post=11329"}],"curies":[{"name":"wp","href":"https:\/\/api.w.org\/{rel}","templated":true}]}}