{"id":11331,"date":"2022-12-07T10:00:00","date_gmt":"2022-12-07T09:00:00","guid":{"rendered":"https:\/\/www.legalsmart.de\/blog\/?p=11331"},"modified":"2022-12-06T18:23:27","modified_gmt":"2022-12-06T17:23:27","slug":"mdr-darf-facebook-kommentare-ohne-sendungsbezug-loeschen","status":"publish","type":"post","link":"https:\/\/www.legalsmart.de\/blog\/mdr-darf-facebook-kommentare-ohne-sendungsbezug-loeschen\/","title":{"rendered":"MDR darf Facebook-Kommentare ohne Sendungsbezug l\u00f6schen"},"content":{"rendered":"\n<p>Das Bundesverwaltungsgericht urteilte am 30. November 2022 (Az. <a href=\"https:\/\/dejure.org\/dienste\/vernetzung\/rechtsprechung?Text=6%20C%2012.20\" title=\"BVerwG, 30.11.2022 - 6 C 12.20: MDR darf Kommentare ohne Sendungsbezug auf seiner Facebook-Seit...\">6 C 12.20<\/a>), dass \u00f6ffentlich-rechtliche Rundfunkanstalten berechtigt sind, nicht-sendungsbezogene Kommentare der Nutzer in Foren auf ihren Unternehmensseiten in den sozialen Medien zu l\u00f6schen.\u00a0<\/p>\n\n\n\n<p>Wir fassen f\u00fcr Sie auf unserem Blog alles Wichtige zusammen!<\/p>\n\n\n\n<h2 class=\"wp-block-heading\"><strong>Sachverhalt&nbsp;<\/strong><\/h2>\n\n\n\n<p>Dem Urteil des Bundesverwaltungsgerichts liegt ein Streit zwischen dem\u00a0Mitteldeutsche Rundfunk (MDR) und einem Nutzer der Facebook-Seite des MDR zu Grunde. Dieser hatte gegen die L\u00f6schung seiner 14 Kommentare geklagt.<\/p>\n\n\n\n<h2 class=\"wp-block-heading\"><strong>MDR verweist auf Netiquette<\/strong><\/h2>\n\n\n\n<p>Der MDR verweist f\u00fcr die Abgabe von Kommentaren auf die sog. Netiquette, also dass die Kommentare mit Sachbezug zum Thema der jeweiligen Sendung abgegeben werden m\u00fcssen. Daran hielt sich der Kl\u00e4ger nicht immer.&nbsp;<\/p>\n\n\n\n<h4 class=\"wp-block-heading\">Diese enthielt zum Zeitpunkt der hier in Rede stehenden L\u00f6schungen folgende &#8222;Regeln f\u00fcr das Erstellen eines Kommentars\u201c:&nbsp;<\/h4>\n\n\n\n<p>&#8222;<em>Ver\u00f6ffentlicht werden nur Nutzerbeitr\u00e4ge, die auf den jeweiligen Artikel und sein Thema seri\u00f6s und sachbezogen eingehen. Nicht erw\u00fcnscht sind: Rechtswidrige, ehrverletzende und beleidigende Aussagen, Entw\u00fcrdigungen, Verunglimpfungen, Bedrohungen und Aufforderungen zu Gewalt in jeglicher Form, nicht nachpr\u00fcfbare und unwahre Tatsachenbehauptungen sowie Zitate ohne die Angabe einer Quelle bzw. des Urhebers, Wahl- und Parteienwerbung aller Art sowie Aufruf zu Demonstrationen und Kundgebungen jeglicher politischer Richtungen, fremdsprachige Beitr\u00e4ge, Urheberrechtsverletzungen Dritter (Personen, Institutionen, Organisationen, Unternehmen), Inhalte, die nichts mit dem MDR und seinen Programmen zu tun haben und Inhalte, die nicht themenbezogen sind, kommerzielle Inhalte wie Kaufangebote, Dienstleistungen, Werbung oder Links zu kommerziellen Angeboten inklusive Links zu Webseiten, die nicht Teil des ARD\/ZDF-Angebots sind.<\/em><\/p>\n\n\n\n<p><em>Konstruktive Kritik ist ausdr\u00fccklich erw\u00fcnscht!<\/em><\/p>\n\n\n\n<p><em>Die Redaktion beh\u00e4lt sich das Recht vor, Kommentare zu l\u00f6schen. Eine Diskussion \u00fcber gel\u00f6schte Kommentare findet nicht statt. Bei mehrfachen Verst\u00f6\u00dfen gegen die Netiquette kann der Nutzer zeitweise oder ganz von der Nutzung des Angebots ausgeschlossen werden (Sperrung).<\/em>\u201c<\/p>\n\n\n\n<h2 class=\"wp-block-heading\"><strong>Posts ohne Sendungsbezug d\u00fcrfen gel\u00f6scht werden&nbsp;<\/strong><\/h2>\n\n\n\n<p>Das BVerwG best\u00e4tigte, dass ein Eingriff in die Rechte des Nutzers in das von <a href=\"https:\/\/dejure.org\/gesetze\/GG\/5.html\" title=\"Art. 5 GG\">Art. 5 Abs. 1 S. 1 GG<\/a> gesch\u00fctzte Recht auf freie Meinungs\u00e4u\u00dferung vorliegt, dieses aber durch die zu den allgemeinen Gesetzen i.S.d. <a href=\"https:\/\/dejure.org\/gesetze\/GG\/5.html\" title=\"Art. 5 GG\">Art. 5 Abs. 2 GG<\/a> z\u00e4hlenden Regelungen des \u00a7 11d RStV, eingeschr\u00e4nkt werden d\u00fcrfen.\u00a0<\/p>\n\n\n\n<h2 class=\"wp-block-heading\"><strong>\u00a7 11d RStV erstreckt sich auch auf Kommentare der Facebook-Nutzer<\/strong><\/h2>\n\n\n\n<p>Laut Bundesverwaltungsgericht erstreckt sich die Beschr\u00e4nkung des Angebots der Rundfunkanstalten gem. \u00a7 11d RStV auch auf sendungsbezogene Telemedien sowie auf das Verbot von Kommentare in Foren und Chats ohne Sendungsbezug. <\/p>\n\n\n\n<h2 class=\"wp-block-heading\"><strong>Doch woher kommt die rechtliche Erm\u00e4chtigung der Rundfunkanstalten zum L\u00f6schen sachfremder Posts?&nbsp;<\/strong><\/h2>\n\n\n\n<p>Das Recht sachfremde Kommentare zu l\u00f6schen, ist auch Ausfluss dieser Beschr\u00e4nkung nach \u00a7 11d RStV. Diese Vorschrift wahrt laut obergerichtlicher Rechtsprechung das verfassungsrechtliche Verh\u00e4ltnism\u00e4\u00dfigkeitsprinzip und verleiht hier dem MDR die Berechtigung zur L\u00f6schung von Posts ohne Sendungsbezug.\u00a0<\/p>\n\n\n\n<p><strong>Rechtstipp<\/strong>: In Bezug auf eine L\u00f6schung sachfremder Posts auf Facebook, m\u00fcssen die Rundfunkanstalten weder eine vorherige Anh\u00f6rung durchf\u00fchren, noch eine nachtr\u00e4gliche Benachrichtigung an den Betroffenen \u00fcbermitteln.&nbsp;<\/p>\n\n\n\n<h3 class=\"wp-block-heading\"><strong>BVerwG beanstandet L\u00f6schung sendungsbezogener Kommentare<\/strong><\/h3>\n\n\n\n<p>Der Kl\u00e4ger hat aber hinsichtlich einiger Kommentare Recht bekommen. Die Vorinstanzen haben beispielsweise den erforderlichen Sachbezug bez\u00fcglich einiger Kommentare viel zu eng aufgefasst. So hat der Kl\u00e4ger auf einen Beitrag mit dem Titel &#8222;Bundesweite Razzia gegen Neonazis&#8220; auch den islamistischen Terrorismus in den Blick genommen habe. Das hat der MDR auch gel\u00f6scht. Das ging aber zu weit.<\/p>\n\n\n\n<h2 class=\"wp-block-heading\"><strong>Fazit&nbsp;<\/strong><\/h2>\n\n\n\n<p>Das Bundesverwaltungsgericht hat eins klargestellt, Rundfunkanstalten sind berechtigt, Kommentare der Facebook-Nutzer in Foren auf ihren Unternehmensseiten in den sozialen Medien zu l\u00f6schen, wenn sie nicht sendungsbezogen sind. Das steht auch im Einklang mit dem Rundfunkstaatsvertrag.<\/p>\n\n\n\n<p>Sie haben Fragen zum Thema L\u00f6schung von Kommentaren auf sozialen Medien? Sie wurden auf einer Plattform gesperrt und ben\u00f6tigen rechtliche Beratung? Melden Sie sich bei uns! Wir stehen Ihnen gerne schnell und unkompliziert zur Seite und beraten Sie gerne vollumf\u00e4nglich zu diesem Themenbereich.<\/p>\n","protected":false},"excerpt":{"rendered":"<p>Das Bundesverwaltungsgericht urteilte am 30. November 2022 (Az. 6 C 12.20), dass \u00f6ffentlich-rechtliche Rundfunkanstalten berechtigt sind, nicht-sendungsbezogene Kommentare der Nutzer in Foren auf ihren Unternehmensseiten in den sozialen Medien zu l\u00f6schen.\u00a0 Wir fassen f\u00fcr Sie auf unserem Blog alles Wichtige zusammen! Sachverhalt&nbsp; Dem Urteil des Bundesverwaltungsgerichts liegt ein Streit zwischen dem\u00a0Mitteldeutsche Rundfunk (MDR) und einem [&hellip;]<\/p>\n","protected":false},"author":1,"featured_media":0,"comment_status":"open","ping_status":"open","sticky":false,"template":"","format":"standard","meta":{"footnotes":""},"categories":[1,4,31],"tags":[8370,8366,6842,8365,8364,4409,8368,2455,8369,6029,8367,3631],"class_list":["post-11331","post","type-post","status-publish","format-standard","hentry","category-allgemein","category-allgemeines","category-urteile","tag--11d-rvstv","tag-30-november-2022","tag-art-5-gg-2","tag-az-6-c-12-20","tag-bundesverwaltungsgericht","tag-loeschung","tag-mdr","tag-meinungsfreiheit","tag-netiquette","tag-rundfunkstaatsvertrag","tag-sachbezogene-kommentare","tag-urteil"],"yoast_head":"<!-- This site is optimized with the Yoast SEO plugin v25.8 - https:\/\/yoast.com\/wordpress\/plugins\/seo\/ -->\n<title>MDR darf Facebook-Kommentare ohne Sendungsbezug l\u00f6schen | LEGAL SMART Online Blog<\/title>\n<meta name=\"description\" content=\"Das Bundesverwaltungsgericht urteilte am 30. November 2022 (Az. 6 C 12.20), dass \u00f6ffentlich-rechtliche Rundfunkanstalten berechtigt sind, nicht-sendungsbezogene Kommentare der Nutzer in Foren auf ihren Unternehmensseiten in den sozialen Medien zu l\u00f6schen.\u00a0\" \/>\n<meta name=\"robots\" content=\"index, follow, max-snippet:-1, max-image-preview:large, max-video-preview:-1\" \/>\n<link rel=\"canonical\" href=\"https:\/\/www.legalsmart.de\/blog\/mdr-darf-facebook-kommentare-ohne-sendungsbezug-loeschen\/\" \/>\n<meta property=\"og:locale\" content=\"de_DE\" \/>\n<meta property=\"og:type\" content=\"article\" \/>\n<meta property=\"og:title\" content=\"MDR darf Facebook-Kommentare ohne Sendungsbezug l\u00f6schen | LEGAL SMART Online Blog\" \/>\n<meta property=\"og:description\" content=\"Das Bundesverwaltungsgericht urteilte am 30. November 2022 (Az. 6 C 12.20), dass \u00f6ffentlich-rechtliche Rundfunkanstalten berechtigt sind, nicht-sendungsbezogene Kommentare der Nutzer in Foren auf ihren Unternehmensseiten in den sozialen Medien zu l\u00f6schen.\u00a0\" \/>\n<meta property=\"og:url\" content=\"https:\/\/www.legalsmart.de\/blog\/mdr-darf-facebook-kommentare-ohne-sendungsbezug-loeschen\/\" \/>\n<meta property=\"og:site_name\" content=\"LEGAL SMART Online Blog\" \/>\n<meta property=\"article:author\" content=\"https:\/\/www.facebook.com\/guido.kluck\" \/>\n<meta property=\"article:published_time\" content=\"2022-12-07T09:00:00+00:00\" \/>\n<meta name=\"author\" content=\"Guido Kluck, LL.M.\" \/>\n<meta name=\"twitter:card\" content=\"summary_large_image\" \/>\n<meta name=\"twitter:creator\" content=\"@https:\/\/twitter.com\/kluck\" \/>\n<meta name=\"twitter:label1\" content=\"Verfasst von\" \/>\n\t<meta name=\"twitter:data1\" content=\"Guido Kluck, LL.M.\" \/>\n\t<meta name=\"twitter:label2\" content=\"Gesch\u00e4tzte Lesezeit\" \/>\n\t<meta name=\"twitter:data2\" content=\"4\u00a0Minuten\" \/>\n<script type=\"application\/ld+json\" class=\"yoast-schema-graph\">{\"@context\":\"https:\/\/schema.org\",\"@graph\":[{\"@type\":\"WebPage\",\"@id\":\"https:\/\/www.legalsmart.de\/blog\/mdr-darf-facebook-kommentare-ohne-sendungsbezug-loeschen\/\",\"url\":\"https:\/\/www.legalsmart.de\/blog\/mdr-darf-facebook-kommentare-ohne-sendungsbezug-loeschen\/\",\"name\":\"MDR darf Facebook-Kommentare ohne Sendungsbezug l\u00f6schen | LEGAL SMART Online Blog\",\"isPartOf\":{\"@id\":\"https:\/\/www.legalsmart.de\/blog\/#website\"},\"datePublished\":\"2022-12-07T09:00:00+00:00\",\"author\":{\"@id\":\"https:\/\/www.legalsmart.de\/blog\/#\/schema\/person\/0869c669bccbe2e56b149b214913b000\"},\"description\":\"Das Bundesverwaltungsgericht urteilte am 30. November 2022 (Az. 6 C 12.20), dass \u00f6ffentlich-rechtliche Rundfunkanstalten berechtigt sind, nicht-sendungsbezogene Kommentare der Nutzer in Foren auf ihren Unternehmensseiten in den sozialen Medien zu l\u00f6schen.\u00a0\",\"breadcrumb\":{\"@id\":\"https:\/\/www.legalsmart.de\/blog\/mdr-darf-facebook-kommentare-ohne-sendungsbezug-loeschen\/#breadcrumb\"},\"inLanguage\":\"de\",\"potentialAction\":[{\"@type\":\"ReadAction\",\"target\":[\"https:\/\/www.legalsmart.de\/blog\/mdr-darf-facebook-kommentare-ohne-sendungsbezug-loeschen\/\"]}]},{\"@type\":\"BreadcrumbList\",\"@id\":\"https:\/\/www.legalsmart.de\/blog\/mdr-darf-facebook-kommentare-ohne-sendungsbezug-loeschen\/#breadcrumb\",\"itemListElement\":[{\"@type\":\"ListItem\",\"position\":1,\"name\":\"Startseite\",\"item\":\"https:\/\/www.legalsmart.de\/blog\/\"},{\"@type\":\"ListItem\",\"position\":2,\"name\":\"MDR darf Facebook-Kommentare ohne Sendungsbezug l\u00f6schen\"}]},{\"@type\":\"WebSite\",\"@id\":\"https:\/\/www.legalsmart.de\/blog\/#website\",\"url\":\"https:\/\/www.legalsmart.de\/blog\/\",\"name\":\"LEGAL SMART Online Blog\",\"description\":\"Die innovative Kanzlei\",\"potentialAction\":[{\"@type\":\"SearchAction\",\"target\":{\"@type\":\"EntryPoint\",\"urlTemplate\":\"https:\/\/www.legalsmart.de\/blog\/?s={search_term_string}\"},\"query-input\":{\"@type\":\"PropertyValueSpecification\",\"valueRequired\":true,\"valueName\":\"search_term_string\"}}],\"inLanguage\":\"de\"},{\"@type\":\"Person\",\"@id\":\"https:\/\/www.legalsmart.de\/blog\/#\/schema\/person\/0869c669bccbe2e56b149b214913b000\",\"name\":\"Guido Kluck, LL.M.\",\"image\":{\"@type\":\"ImageObject\",\"inLanguage\":\"de\",\"@id\":\"https:\/\/www.legalsmart.de\/blog\/#\/schema\/person\/image\/\",\"url\":\"https:\/\/www.legalsmart.de\/blog\/wp-content\/uploads\/2018\/09\/cropped-IMG_2698-e1535879860494-96x96.jpg\",\"contentUrl\":\"https:\/\/www.legalsmart.de\/blog\/wp-content\/uploads\/2018\/09\/cropped-IMG_2698-e1535879860494-96x96.jpg\",\"caption\":\"Guido Kluck, LL.M.\"},\"description\":\"Rechtsanwalt Guido Kluck LL.M. ist Partner der Kanzlei LEGAL SMART am Standort Berlin. Er ist Ansprechpartner f\u00fcr das Recht der neuen Medien sowie f\u00fcr die Bereiche Wettbewerbsrecht, Markenrecht, Urheberrecht, IT-Recht, Vertragsrecht und das Datenschutzrecht (DSGVO).\",\"sameAs\":[\"https:\/\/legalsmart.de\/team_kluck.php\",\"https:\/\/www.facebook.com\/guido.kluck\",\"https:\/\/x.com\/https:\/\/twitter.com\/kluck\"]}]}<\/script>\n<!-- \/ Yoast SEO plugin. -->","yoast_head_json":{"title":"MDR darf Facebook-Kommentare ohne Sendungsbezug l\u00f6schen | LEGAL SMART Online Blog","description":"Das Bundesverwaltungsgericht urteilte am 30. November 2022 (Az. 6 C 12.20), dass \u00f6ffentlich-rechtliche Rundfunkanstalten berechtigt sind, nicht-sendungsbezogene Kommentare der Nutzer in Foren auf ihren Unternehmensseiten in den sozialen Medien zu l\u00f6schen.\u00a0","robots":{"index":"index","follow":"follow","max-snippet":"max-snippet:-1","max-image-preview":"max-image-preview:large","max-video-preview":"max-video-preview:-1"},"canonical":"https:\/\/www.legalsmart.de\/blog\/mdr-darf-facebook-kommentare-ohne-sendungsbezug-loeschen\/","og_locale":"de_DE","og_type":"article","og_title":"MDR darf Facebook-Kommentare ohne Sendungsbezug l\u00f6schen | LEGAL SMART Online Blog","og_description":"Das Bundesverwaltungsgericht urteilte am 30. November 2022 (Az. 6 C 12.20), dass \u00f6ffentlich-rechtliche Rundfunkanstalten berechtigt sind, nicht-sendungsbezogene Kommentare der Nutzer in Foren auf ihren Unternehmensseiten in den sozialen Medien zu l\u00f6schen.\u00a0","og_url":"https:\/\/www.legalsmart.de\/blog\/mdr-darf-facebook-kommentare-ohne-sendungsbezug-loeschen\/","og_site_name":"LEGAL SMART Online Blog","article_author":"https:\/\/www.facebook.com\/guido.kluck","article_published_time":"2022-12-07T09:00:00+00:00","author":"Guido Kluck, LL.M.","twitter_card":"summary_large_image","twitter_creator":"@https:\/\/twitter.com\/kluck","twitter_misc":{"Verfasst von":"Guido Kluck, LL.M.","Gesch\u00e4tzte Lesezeit":"4\u00a0Minuten"},"schema":{"@context":"https:\/\/schema.org","@graph":[{"@type":"WebPage","@id":"https:\/\/www.legalsmart.de\/blog\/mdr-darf-facebook-kommentare-ohne-sendungsbezug-loeschen\/","url":"https:\/\/www.legalsmart.de\/blog\/mdr-darf-facebook-kommentare-ohne-sendungsbezug-loeschen\/","name":"MDR darf Facebook-Kommentare ohne Sendungsbezug l\u00f6schen | LEGAL SMART Online Blog","isPartOf":{"@id":"https:\/\/www.legalsmart.de\/blog\/#website"},"datePublished":"2022-12-07T09:00:00+00:00","author":{"@id":"https:\/\/www.legalsmart.de\/blog\/#\/schema\/person\/0869c669bccbe2e56b149b214913b000"},"description":"Das Bundesverwaltungsgericht urteilte am 30. November 2022 (Az. 6 C 12.20), dass \u00f6ffentlich-rechtliche Rundfunkanstalten berechtigt sind, nicht-sendungsbezogene Kommentare der Nutzer in Foren auf ihren Unternehmensseiten in den sozialen Medien zu l\u00f6schen.\u00a0","breadcrumb":{"@id":"https:\/\/www.legalsmart.de\/blog\/mdr-darf-facebook-kommentare-ohne-sendungsbezug-loeschen\/#breadcrumb"},"inLanguage":"de","potentialAction":[{"@type":"ReadAction","target":["https:\/\/www.legalsmart.de\/blog\/mdr-darf-facebook-kommentare-ohne-sendungsbezug-loeschen\/"]}]},{"@type":"BreadcrumbList","@id":"https:\/\/www.legalsmart.de\/blog\/mdr-darf-facebook-kommentare-ohne-sendungsbezug-loeschen\/#breadcrumb","itemListElement":[{"@type":"ListItem","position":1,"name":"Startseite","item":"https:\/\/www.legalsmart.de\/blog\/"},{"@type":"ListItem","position":2,"name":"MDR darf Facebook-Kommentare ohne Sendungsbezug l\u00f6schen"}]},{"@type":"WebSite","@id":"https:\/\/www.legalsmart.de\/blog\/#website","url":"https:\/\/www.legalsmart.de\/blog\/","name":"LEGAL SMART Online Blog","description":"Die innovative Kanzlei","potentialAction":[{"@type":"SearchAction","target":{"@type":"EntryPoint","urlTemplate":"https:\/\/www.legalsmart.de\/blog\/?s={search_term_string}"},"query-input":{"@type":"PropertyValueSpecification","valueRequired":true,"valueName":"search_term_string"}}],"inLanguage":"de"},{"@type":"Person","@id":"https:\/\/www.legalsmart.de\/blog\/#\/schema\/person\/0869c669bccbe2e56b149b214913b000","name":"Guido Kluck, LL.M.","image":{"@type":"ImageObject","inLanguage":"de","@id":"https:\/\/www.legalsmart.de\/blog\/#\/schema\/person\/image\/","url":"https:\/\/www.legalsmart.de\/blog\/wp-content\/uploads\/2018\/09\/cropped-IMG_2698-e1535879860494-96x96.jpg","contentUrl":"https:\/\/www.legalsmart.de\/blog\/wp-content\/uploads\/2018\/09\/cropped-IMG_2698-e1535879860494-96x96.jpg","caption":"Guido Kluck, LL.M."},"description":"Rechtsanwalt Guido Kluck LL.M. ist Partner der Kanzlei LEGAL SMART am Standort Berlin. Er ist Ansprechpartner f\u00fcr das Recht der neuen Medien sowie f\u00fcr die Bereiche Wettbewerbsrecht, Markenrecht, Urheberrecht, IT-Recht, Vertragsrecht und das Datenschutzrecht (DSGVO).","sameAs":["https:\/\/legalsmart.de\/team_kluck.php","https:\/\/www.facebook.com\/guido.kluck","https:\/\/x.com\/https:\/\/twitter.com\/kluck"]}]}},"_links":{"self":[{"href":"https:\/\/www.legalsmart.de\/blog\/wp-json\/wp\/v2\/posts\/11331","targetHints":{"allow":["GET"]}}],"collection":[{"href":"https:\/\/www.legalsmart.de\/blog\/wp-json\/wp\/v2\/posts"}],"about":[{"href":"https:\/\/www.legalsmart.de\/blog\/wp-json\/wp\/v2\/types\/post"}],"author":[{"embeddable":true,"href":"https:\/\/www.legalsmart.de\/blog\/wp-json\/wp\/v2\/users\/1"}],"replies":[{"embeddable":true,"href":"https:\/\/www.legalsmart.de\/blog\/wp-json\/wp\/v2\/comments?post=11331"}],"version-history":[{"count":1,"href":"https:\/\/www.legalsmart.de\/blog\/wp-json\/wp\/v2\/posts\/11331\/revisions"}],"predecessor-version":[{"id":11332,"href":"https:\/\/www.legalsmart.de\/blog\/wp-json\/wp\/v2\/posts\/11331\/revisions\/11332"}],"wp:attachment":[{"href":"https:\/\/www.legalsmart.de\/blog\/wp-json\/wp\/v2\/media?parent=11331"}],"wp:term":[{"taxonomy":"category","embeddable":true,"href":"https:\/\/www.legalsmart.de\/blog\/wp-json\/wp\/v2\/categories?post=11331"},{"taxonomy":"post_tag","embeddable":true,"href":"https:\/\/www.legalsmart.de\/blog\/wp-json\/wp\/v2\/tags?post=11331"}],"curies":[{"name":"wp","href":"https:\/\/api.w.org\/{rel}","templated":true}]}}