{"id":11383,"date":"2023-01-30T10:00:00","date_gmt":"2023-01-30T09:00:00","guid":{"rendered":"https:\/\/www.legalsmart.de\/blog\/?p=11383"},"modified":"2023-01-28T14:01:40","modified_gmt":"2023-01-28T13:01:40","slug":"unternehmen-muessen-konkrete-identitaet-von-datenempfaengern-offenlegen","status":"publish","type":"post","link":"https:\/\/www.legalsmart.de\/blog\/unternehmen-muessen-konkrete-identitaet-von-datenempfaengern-offenlegen\/","title":{"rendered":"Unter\u00adnehmen m\u00fcssen kon\u00adk\u00adrete Iden\u00adtit\u00e4t von Daten\u00ademp\u00adf\u00e4n\u00adgern offen\u00adlegen"},"content":{"rendered":"\n<p>Unternehmen m\u00fcssen nun einmal mehr auf den Datenschutz achten. Der EuGH urteilte am 12.01.2023 (Rs. <a href=\"https:\/\/dejure.org\/dienste\/vernetzung\/rechtsprechung?Text=C-%20154\/21\" title=\"C- 154\/21 (2 zugeordnete Entscheidungen)\">C- 154\/21<\/a>) in einem Vorabentscheidungsverfahren, dass jeder das Recht hat zu erfahren, an wen seine personenbezogenen Daten weitergegeben wurden.<\/p>\n\n\n\n<p>Wir fassen f\u00fcr Sie das Wichtigste zu diesem Urteil auf unserem Blog zusammen!\u00a0<\/p>\n\n\n\n<h2 class=\"wp-block-heading\">Was sind personenbezogene Daten?<\/h2>\n\n\n\n<p>Nach Verst\u00e4ndnis des BGH fallen nicht nur \u201e<em>signifikante biografische Informationen, die im Vordergrund eines Dokuments stehen<\/em>\u201c unter den Schutz der DSGVO, sondern alle personenbezogenen Daten, unabh\u00e4ngig von ihrer Sensibilit\u00e4t. Das entspricht auch dem Wortlaut des\u00a0<a href=\"https:\/\/dejure.org\/gesetze\/DSGVO\/4.html\" target=\"_blank\" rel=\"noreferrer noopener\">Art. 4 Nr. 1 Hs. 1 DSGVO<\/a>. Unter den Begriff der personenbezogenen Daten f\u00e4llt beispielsweise auch der Briefverkehr zwischen dem Betroffenen und dem Verantwortlichen, den der Betroffene schon kennt.<\/p>\n\n\n\n<h2 class=\"wp-block-heading\"><strong>Sachverhalt<\/strong>&nbsp;<\/h2>\n\n\n\n<p>Ein Betroffener beantragte bei der \u00d6sterreichischen Post, ihm mitzuteilen, gegen\u00fcber welchen Empf\u00e4ngern die Post seine personenbezogenen Daten offengelegt hat. Er st\u00fctzte sein Begehren auf die Datenschutz-Grundverordnung (DSGVO).&nbsp;<\/p>\n\n\n\n<p><strong>Rechtstipp<\/strong>: Nach der DSGVO k\u00f6nnen Betroffene von dem Verantwortlichen Informationen \u00fcber die Empf\u00e4nger oder Kategorien von Empf\u00e4ngern erhalten, gegen\u00fcber denen ihre personenbezogenen Daten offengelegt worden sind oder noch offengelegt werden.&nbsp;<\/p>\n\n\n\n<h2 class=\"wp-block-heading\"><strong>Post bezog sich auf Datenverarbeitung gem\u00e4\u00df \u201erechtlicher Zul\u00e4ssigkeit\u201c<\/strong><\/h2>\n\n\n\n<p>Die Post beantworte die Frage des Betroffenen eher pauschal und \u00e4u\u00dferst kurz. So verarbeite sie personenbezogene Daten, soweit das im Rahmen ihrer T\u00e4tigkeit als Herausgeberin von Telefonb\u00fcchern rechtlich zul\u00e4ssig sei und biete diese Daten Gesch\u00e4ftskunden nur f\u00fcr Marketingzwecke an.\u00a0<\/p>\n\n\n\n<h2 class=\"wp-block-heading\"><strong>Klage gegen die Post auf Auskunftserteilung nach DSGVO&nbsp;<\/strong><\/h2>\n\n\n\n<p>Der B\u00fcrger erhob daraufhin gegen die \u00d6sterreichische Post Klage vor den \u00f6sterreichischen Gerichten. Im gerichtlichen Verfahren stellte sich heraus, dass die Daten des Kl\u00e4gers an Kunden weitergegeben worden sind, zu denen werbetreibende Unternehmen im Versandhandel und station\u00e4ren Handel, IT-Unternehmen, Adressverlage und Vereine wie Spendenorganisationen, Nichtregierungsorganisationen (NGOs) oder politische Parteien geh\u00f6rten.\u00a0<\/p>\n\n\n\n<h2 class=\"wp-block-heading\"><strong>Frage im Vorabentscheidungsverfahren &#8211; Wie weit geht der DSGVO-Auskunftsanspruch?<\/strong><\/h2>\n\n\n\n<p>Der Oberste Gerichtshof \u00d6sterreichs legte die Sache dem EuGH vor. Die zust\u00e4ndigen Richter wollten die Frage gekl\u00e4rt wissen, ob die DSGVO es dem f\u00fcr die Datenverarbeitung Verantwortlichen freistellt, ob er der betroffenen Person die konkrete Identit\u00e4t der Empf\u00e4nger oder nur die Kategorien von Empf\u00e4ngern mitteilt, oder ob die betroffene Person gem\u00e4\u00df der DSGVO das Recht hat, die konkrete Identit\u00e4t dieser Empf\u00e4nger zu erfahren?<\/p>\n\n\n\n<h2 class=\"wp-block-heading\"><strong>Recht auf Kenntnis des Empf\u00e4ngers der Daten&nbsp;<\/strong><\/h2>\n\n\n\n<p>Der EuGH wurde deutlich: Der Verantwortliche muss, wenn personenbezogene Daten gegen\u00fcber Empf\u00e4ngern offengelegt worden sind oder noch offengelegt werden, der betroffenen auskunftsberechtigten Person<strong>&nbsp;auf Anfrage<\/strong>&nbsp;die Identit\u00e4t der Empf\u00e4nger mitteilen.&nbsp;<\/p>\n\n\n\n<h2 class=\"wp-block-heading\"><strong>Wie ist die Rechtslage, wenn die Empf\u00e4ngeridentit\u00e4t noch nicht identifizierbar ist?&nbsp;<\/strong><\/h2>\n\n\n\n<p>Es kann vorkommen, dass Unternehmen die jeweilige Identit\u00e4t der Empf\u00e4nger noch nicht sofort identifizieren k\u00f6nnen.\u00a0Nur f\u00fcr diesen Fall\u00a0k\u00f6nnen sich die Verantwortlichen darauf beschr\u00e4nken, lediglich die Kategorien der betreffenden Empf\u00e4nger mitzuteilen.\u00a0<\/p>\n\n\n\n<h2 class=\"wp-block-heading\"><strong>Einschr\u00e4nkung bei unbegr\u00fcndeten oder exzessiven Antr\u00e4gen der Betroffenen<\/strong><\/h2>\n\n\n\n<p>Haben Betroffene unbegr\u00fcndete Antr\u00e4ge an ein Unternehmen gestellt oder sich die Antr\u00e4ge offenkundig \u00fcberm\u00e4\u00dfig weit (exzessiv), kann der Verantwortliche sich ebenfalls darauf beschr\u00e4nken nur die Kategorien der Empf\u00e4nger mitzuteilen.&nbsp;<\/p>\n\n\n\n<h2 class=\"wp-block-heading\">Dreigeteilter Auskunftsanspruch<\/h2>\n\n\n\n<p>Der Anspruch aus\u00a0<a href=\"https:\/\/dejure.org\/gesetze\/DSGVO\/15.html\" target=\"_blank\" rel=\"noreferrer noopener\">Art. 15 DSGVO<\/a>\u00a0ist dreigeteilt. Betroffene k\u00f6nnen verlangen, dass der f\u00fcr die Daten Verantwortliche best\u00e4tigt, ob ihn betreffende, personenbezogene Daten verarbeitet werden.\u00a0<\/p>\n\n\n\n<p><strong>Rechtstipp<\/strong>: Werden Daten verarbeitet, steht dem Betroffenen auch ein Recht auf Auskunft \u00fcber diese Daten zu. Zus\u00e4tzlich kann er nach\u00a0<a href=\"https:\/\/dejure.org\/gesetze\/DSGVO\/15.html\" target=\"_blank\" rel=\"noreferrer noopener\">Art. 15 Abs. 3 DSGVO<\/a>\u00a0den Erhalt einer Kopie der verarbeiteten Daten fordern. Der Anspruch auf Erteilung einer Kopie folgt dabei in dem Umfang dem Auskunftsanspruch.<\/p>\n\n\n\n<h2 class=\"wp-block-heading\"><strong>Fazit<\/strong>&nbsp;<\/h2>\n\n\n\n<p>Insgesamt k\u00f6nnen wir festhalten, dass der EuGH deutlich gemacht hat, dass jeder das Recht hat zu erfahren, an wen seine personenbezogenen Daten weitergegeben wurden.&nbsp;<\/p>\n\n\n\n<p>Es muss demnach grunds\u00e4tzlich die Identit\u00e4t der Empf\u00e4nger bekanntgeben werden.<\/p>\n\n\n\n<p>Ist es nicht m\u00f6glich, die Empf\u00e4nger (sofort) zu identifizieren, oder ist der Antrag offenkundig unbegr\u00fcndet oder \u00fcbertrieben weit gefasst, so kann der Verantwortliche sich jedenfalls darauf beschr\u00e4nken, nur die Empf\u00e4ngerkategorien mitzuteilen.&nbsp;<\/p>\n\n\n\n<p>Sie haben Fragen zum Thema Arbeitsrecht und DSGVO? Melden Sie sich bei uns! Wir stehen Ihnen schnell und unkompliziert zur Seite und beraten Sie gerne!&nbsp;<\/p>\n","protected":false},"excerpt":{"rendered":"<p>Unternehmen m\u00fcssen nun einmal mehr auf den Datenschutz achten. Der EuGH urteilte am 12.01.2023 (Rs. C- 154\/21) in einem Vorabentscheidungsverfahren, dass jeder das Recht hat zu erfahren, an wen seine personenbezogenen Daten weitergegeben wurden. Wir fassen f\u00fcr Sie das Wichtigste zu diesem Urteil auf unserem Blog zusammen!\u00a0 Was sind personenbezogene Daten? Nach Verst\u00e4ndnis des BGH [&hellip;]<\/p>\n","protected":false},"author":1,"featured_media":0,"comment_status":"open","ping_status":"open","sticky":false,"template":"","format":"standard","meta":{"footnotes":""},"categories":[1,4,7],"tags":[8470,6544,692,4419,8469,1465,5425,8472,2838,5609,8471,7762],"class_list":["post-11383","post","type-post","status-publish","format-standard","hentry","category-allgemein","category-allgemeines","category-datenschutz-medienrecht","tag-12-01-2023","tag-art-15-dsgvo","tag-auskunftsanspruch","tag-dsgvo","tag-empfaenger","tag-eugh","tag-identitaet","tag-oesterreichische-post","tag-personenbezogene-daten","tag-reichweite","tag-rs-c-154-21","tag-verantwortliche"],"yoast_head":"<!-- This site is optimized with the Yoast SEO plugin v25.8 - https:\/\/yoast.com\/wordpress\/plugins\/seo\/ -->\n<title>Unter\u00adnehmen m\u00fcssen kon\u00adk\u00adrete Iden\u00adtit\u00e4t von Daten\u00ademp\u00adf\u00e4n\u00adgern offen\u00adlegen | LEGAL SMART Online Blog<\/title>\n<meta name=\"description\" content=\"Der EuGH urteilte am 12.01.2023 (Rs. C- 154\/21) in einem Vorabentscheidungsverfahren, dass jeder das Recht hat zu erfahren, an wen seine personenbezogenen Daten weitergegeben wurden.\" \/>\n<meta name=\"robots\" content=\"index, follow, max-snippet:-1, max-image-preview:large, max-video-preview:-1\" \/>\n<link rel=\"canonical\" href=\"https:\/\/www.legalsmart.de\/blog\/unternehmen-muessen-konkrete-identitaet-von-datenempfaengern-offenlegen\/\" \/>\n<meta property=\"og:locale\" content=\"de_DE\" \/>\n<meta property=\"og:type\" content=\"article\" \/>\n<meta property=\"og:title\" content=\"Unter\u00adnehmen m\u00fcssen kon\u00adk\u00adrete Iden\u00adtit\u00e4t von Daten\u00ademp\u00adf\u00e4n\u00adgern offen\u00adlegen | LEGAL SMART Online Blog\" \/>\n<meta property=\"og:description\" content=\"Der EuGH urteilte am 12.01.2023 (Rs. C- 154\/21) in einem Vorabentscheidungsverfahren, dass jeder das Recht hat zu erfahren, an wen seine personenbezogenen Daten weitergegeben wurden.\" \/>\n<meta property=\"og:url\" content=\"https:\/\/www.legalsmart.de\/blog\/unternehmen-muessen-konkrete-identitaet-von-datenempfaengern-offenlegen\/\" \/>\n<meta property=\"og:site_name\" content=\"LEGAL SMART Online Blog\" \/>\n<meta property=\"article:author\" content=\"https:\/\/www.facebook.com\/guido.kluck\" \/>\n<meta property=\"article:published_time\" content=\"2023-01-30T09:00:00+00:00\" \/>\n<meta name=\"author\" content=\"Guido Kluck, LL.M.\" \/>\n<meta name=\"twitter:card\" content=\"summary_large_image\" \/>\n<meta name=\"twitter:creator\" content=\"@https:\/\/twitter.com\/kluck\" \/>\n<meta name=\"twitter:label1\" content=\"Verfasst von\" \/>\n\t<meta name=\"twitter:data1\" content=\"Guido Kluck, LL.M.\" \/>\n\t<meta name=\"twitter:label2\" content=\"Gesch\u00e4tzte Lesezeit\" \/>\n\t<meta name=\"twitter:data2\" content=\"4\u00a0Minuten\" \/>\n<script type=\"application\/ld+json\" class=\"yoast-schema-graph\">{\"@context\":\"https:\/\/schema.org\",\"@graph\":[{\"@type\":\"WebPage\",\"@id\":\"https:\/\/www.legalsmart.de\/blog\/unternehmen-muessen-konkrete-identitaet-von-datenempfaengern-offenlegen\/\",\"url\":\"https:\/\/www.legalsmart.de\/blog\/unternehmen-muessen-konkrete-identitaet-von-datenempfaengern-offenlegen\/\",\"name\":\"Unter\u00adnehmen m\u00fcssen kon\u00adk\u00adrete Iden\u00adtit\u00e4t von Daten\u00ademp\u00adf\u00e4n\u00adgern offen\u00adlegen | LEGAL SMART Online Blog\",\"isPartOf\":{\"@id\":\"https:\/\/www.legalsmart.de\/blog\/#website\"},\"datePublished\":\"2023-01-30T09:00:00+00:00\",\"author\":{\"@id\":\"https:\/\/www.legalsmart.de\/blog\/#\/schema\/person\/0869c669bccbe2e56b149b214913b000\"},\"description\":\"Der EuGH urteilte am 12.01.2023 (Rs. C- 154\/21) in einem Vorabentscheidungsverfahren, dass jeder das Recht hat zu erfahren, an wen seine personenbezogenen Daten weitergegeben wurden.\",\"breadcrumb\":{\"@id\":\"https:\/\/www.legalsmart.de\/blog\/unternehmen-muessen-konkrete-identitaet-von-datenempfaengern-offenlegen\/#breadcrumb\"},\"inLanguage\":\"de\",\"potentialAction\":[{\"@type\":\"ReadAction\",\"target\":[\"https:\/\/www.legalsmart.de\/blog\/unternehmen-muessen-konkrete-identitaet-von-datenempfaengern-offenlegen\/\"]}]},{\"@type\":\"BreadcrumbList\",\"@id\":\"https:\/\/www.legalsmart.de\/blog\/unternehmen-muessen-konkrete-identitaet-von-datenempfaengern-offenlegen\/#breadcrumb\",\"itemListElement\":[{\"@type\":\"ListItem\",\"position\":1,\"name\":\"Startseite\",\"item\":\"https:\/\/www.legalsmart.de\/blog\/\"},{\"@type\":\"ListItem\",\"position\":2,\"name\":\"Unter\u00adnehmen m\u00fcssen kon\u00adk\u00adrete Iden\u00adtit\u00e4t von Daten\u00ademp\u00adf\u00e4n\u00adgern offen\u00adlegen\"}]},{\"@type\":\"WebSite\",\"@id\":\"https:\/\/www.legalsmart.de\/blog\/#website\",\"url\":\"https:\/\/www.legalsmart.de\/blog\/\",\"name\":\"LEGAL SMART Online Blog\",\"description\":\"Die innovative Kanzlei\",\"potentialAction\":[{\"@type\":\"SearchAction\",\"target\":{\"@type\":\"EntryPoint\",\"urlTemplate\":\"https:\/\/www.legalsmart.de\/blog\/?s={search_term_string}\"},\"query-input\":{\"@type\":\"PropertyValueSpecification\",\"valueRequired\":true,\"valueName\":\"search_term_string\"}}],\"inLanguage\":\"de\"},{\"@type\":\"Person\",\"@id\":\"https:\/\/www.legalsmart.de\/blog\/#\/schema\/person\/0869c669bccbe2e56b149b214913b000\",\"name\":\"Guido Kluck, LL.M.\",\"image\":{\"@type\":\"ImageObject\",\"inLanguage\":\"de\",\"@id\":\"https:\/\/www.legalsmart.de\/blog\/#\/schema\/person\/image\/\",\"url\":\"https:\/\/www.legalsmart.de\/blog\/wp-content\/uploads\/2018\/09\/cropped-IMG_2698-e1535879860494-96x96.jpg\",\"contentUrl\":\"https:\/\/www.legalsmart.de\/blog\/wp-content\/uploads\/2018\/09\/cropped-IMG_2698-e1535879860494-96x96.jpg\",\"caption\":\"Guido Kluck, LL.M.\"},\"description\":\"Rechtsanwalt Guido Kluck LL.M. ist Partner der Kanzlei LEGAL SMART am Standort Berlin. Er ist Ansprechpartner f\u00fcr das Recht der neuen Medien sowie f\u00fcr die Bereiche Wettbewerbsrecht, Markenrecht, Urheberrecht, IT-Recht, Vertragsrecht und das Datenschutzrecht (DSGVO).\",\"sameAs\":[\"https:\/\/legalsmart.de\/team_kluck.php\",\"https:\/\/www.facebook.com\/guido.kluck\",\"https:\/\/x.com\/https:\/\/twitter.com\/kluck\"]}]}<\/script>\n<!-- \/ Yoast SEO plugin. -->","yoast_head_json":{"title":"Unter\u00adnehmen m\u00fcssen kon\u00adk\u00adrete Iden\u00adtit\u00e4t von Daten\u00ademp\u00adf\u00e4n\u00adgern offen\u00adlegen | LEGAL SMART Online Blog","description":"Der EuGH urteilte am 12.01.2023 (Rs. C- 154\/21) in einem Vorabentscheidungsverfahren, dass jeder das Recht hat zu erfahren, an wen seine personenbezogenen Daten weitergegeben wurden.","robots":{"index":"index","follow":"follow","max-snippet":"max-snippet:-1","max-image-preview":"max-image-preview:large","max-video-preview":"max-video-preview:-1"},"canonical":"https:\/\/www.legalsmart.de\/blog\/unternehmen-muessen-konkrete-identitaet-von-datenempfaengern-offenlegen\/","og_locale":"de_DE","og_type":"article","og_title":"Unter\u00adnehmen m\u00fcssen kon\u00adk\u00adrete Iden\u00adtit\u00e4t von Daten\u00ademp\u00adf\u00e4n\u00adgern offen\u00adlegen | LEGAL SMART Online Blog","og_description":"Der EuGH urteilte am 12.01.2023 (Rs. C- 154\/21) in einem Vorabentscheidungsverfahren, dass jeder das Recht hat zu erfahren, an wen seine personenbezogenen Daten weitergegeben wurden.","og_url":"https:\/\/www.legalsmart.de\/blog\/unternehmen-muessen-konkrete-identitaet-von-datenempfaengern-offenlegen\/","og_site_name":"LEGAL SMART Online Blog","article_author":"https:\/\/www.facebook.com\/guido.kluck","article_published_time":"2023-01-30T09:00:00+00:00","author":"Guido Kluck, LL.M.","twitter_card":"summary_large_image","twitter_creator":"@https:\/\/twitter.com\/kluck","twitter_misc":{"Verfasst von":"Guido Kluck, LL.M.","Gesch\u00e4tzte Lesezeit":"4\u00a0Minuten"},"schema":{"@context":"https:\/\/schema.org","@graph":[{"@type":"WebPage","@id":"https:\/\/www.legalsmart.de\/blog\/unternehmen-muessen-konkrete-identitaet-von-datenempfaengern-offenlegen\/","url":"https:\/\/www.legalsmart.de\/blog\/unternehmen-muessen-konkrete-identitaet-von-datenempfaengern-offenlegen\/","name":"Unter\u00adnehmen m\u00fcssen kon\u00adk\u00adrete Iden\u00adtit\u00e4t von Daten\u00ademp\u00adf\u00e4n\u00adgern offen\u00adlegen | LEGAL SMART Online Blog","isPartOf":{"@id":"https:\/\/www.legalsmart.de\/blog\/#website"},"datePublished":"2023-01-30T09:00:00+00:00","author":{"@id":"https:\/\/www.legalsmart.de\/blog\/#\/schema\/person\/0869c669bccbe2e56b149b214913b000"},"description":"Der EuGH urteilte am 12.01.2023 (Rs. C- 154\/21) in einem Vorabentscheidungsverfahren, dass jeder das Recht hat zu erfahren, an wen seine personenbezogenen Daten weitergegeben wurden.","breadcrumb":{"@id":"https:\/\/www.legalsmart.de\/blog\/unternehmen-muessen-konkrete-identitaet-von-datenempfaengern-offenlegen\/#breadcrumb"},"inLanguage":"de","potentialAction":[{"@type":"ReadAction","target":["https:\/\/www.legalsmart.de\/blog\/unternehmen-muessen-konkrete-identitaet-von-datenempfaengern-offenlegen\/"]}]},{"@type":"BreadcrumbList","@id":"https:\/\/www.legalsmart.de\/blog\/unternehmen-muessen-konkrete-identitaet-von-datenempfaengern-offenlegen\/#breadcrumb","itemListElement":[{"@type":"ListItem","position":1,"name":"Startseite","item":"https:\/\/www.legalsmart.de\/blog\/"},{"@type":"ListItem","position":2,"name":"Unter\u00adnehmen m\u00fcssen kon\u00adk\u00adrete Iden\u00adtit\u00e4t von Daten\u00ademp\u00adf\u00e4n\u00adgern offen\u00adlegen"}]},{"@type":"WebSite","@id":"https:\/\/www.legalsmart.de\/blog\/#website","url":"https:\/\/www.legalsmart.de\/blog\/","name":"LEGAL SMART Online Blog","description":"Die innovative Kanzlei","potentialAction":[{"@type":"SearchAction","target":{"@type":"EntryPoint","urlTemplate":"https:\/\/www.legalsmart.de\/blog\/?s={search_term_string}"},"query-input":{"@type":"PropertyValueSpecification","valueRequired":true,"valueName":"search_term_string"}}],"inLanguage":"de"},{"@type":"Person","@id":"https:\/\/www.legalsmart.de\/blog\/#\/schema\/person\/0869c669bccbe2e56b149b214913b000","name":"Guido Kluck, LL.M.","image":{"@type":"ImageObject","inLanguage":"de","@id":"https:\/\/www.legalsmart.de\/blog\/#\/schema\/person\/image\/","url":"https:\/\/www.legalsmart.de\/blog\/wp-content\/uploads\/2018\/09\/cropped-IMG_2698-e1535879860494-96x96.jpg","contentUrl":"https:\/\/www.legalsmart.de\/blog\/wp-content\/uploads\/2018\/09\/cropped-IMG_2698-e1535879860494-96x96.jpg","caption":"Guido Kluck, LL.M."},"description":"Rechtsanwalt Guido Kluck LL.M. ist Partner der Kanzlei LEGAL SMART am Standort Berlin. Er ist Ansprechpartner f\u00fcr das Recht der neuen Medien sowie f\u00fcr die Bereiche Wettbewerbsrecht, Markenrecht, Urheberrecht, IT-Recht, Vertragsrecht und das Datenschutzrecht (DSGVO).","sameAs":["https:\/\/legalsmart.de\/team_kluck.php","https:\/\/www.facebook.com\/guido.kluck","https:\/\/x.com\/https:\/\/twitter.com\/kluck"]}]}},"_links":{"self":[{"href":"https:\/\/www.legalsmart.de\/blog\/wp-json\/wp\/v2\/posts\/11383","targetHints":{"allow":["GET"]}}],"collection":[{"href":"https:\/\/www.legalsmart.de\/blog\/wp-json\/wp\/v2\/posts"}],"about":[{"href":"https:\/\/www.legalsmart.de\/blog\/wp-json\/wp\/v2\/types\/post"}],"author":[{"embeddable":true,"href":"https:\/\/www.legalsmart.de\/blog\/wp-json\/wp\/v2\/users\/1"}],"replies":[{"embeddable":true,"href":"https:\/\/www.legalsmart.de\/blog\/wp-json\/wp\/v2\/comments?post=11383"}],"version-history":[{"count":1,"href":"https:\/\/www.legalsmart.de\/blog\/wp-json\/wp\/v2\/posts\/11383\/revisions"}],"predecessor-version":[{"id":11384,"href":"https:\/\/www.legalsmart.de\/blog\/wp-json\/wp\/v2\/posts\/11383\/revisions\/11384"}],"wp:attachment":[{"href":"https:\/\/www.legalsmart.de\/blog\/wp-json\/wp\/v2\/media?parent=11383"}],"wp:term":[{"taxonomy":"category","embeddable":true,"href":"https:\/\/www.legalsmart.de\/blog\/wp-json\/wp\/v2\/categories?post=11383"},{"taxonomy":"post_tag","embeddable":true,"href":"https:\/\/www.legalsmart.de\/blog\/wp-json\/wp\/v2\/tags?post=11383"}],"curies":[{"name":"wp","href":"https:\/\/api.w.org\/{rel}","templated":true}]}}