{"id":11434,"date":"2023-03-27T14:19:54","date_gmt":"2023-03-27T12:19:54","guid":{"rendered":"https:\/\/www.legalsmart.de\/blog\/?p=11434"},"modified":"2023-03-27T14:19:56","modified_gmt":"2023-03-27T12:19:56","slug":"kuenftig-oben-ohne-baden-auch-fuer-frauen-in-berlins-baedern","status":"publish","type":"post","link":"https:\/\/www.legalsmart.de\/blog\/kuenftig-oben-ohne-baden-auch-fuer-frauen-in-berlins-baedern\/","title":{"rendered":"K\u00fcnftig Oben-Ohne-Baden auch f\u00fcr Frauen in Ber\u00adlins B\u00e4dern"},"content":{"rendered":"\n<p>Ab jetzt \u00e4ndern sich die Bekleidungsregeln in Berliner Schwimmb\u00e4dern. K\u00fcnftig ist auch das Oben-Ohne-Baden f\u00fcr Frauen erlaubt.\u00a0<\/p>\n\n\n\n<p>Auf unserem Blog erfahren Sie alles Neue zu rechtlichen Themen!<\/p>\n\n\n\n<h3 class=\"wp-block-heading\"><strong>Frau des Schwimmbads verwiesen&nbsp;<\/strong><\/h3>\n\n\n\n<p>Der Rechtsstreit begann, als eine Frau wegen des Oben-Ohne-Badens des Schwimmbads verwiesen wurde.&nbsp;<\/p>\n\n\n\n<h3 class=\"wp-block-heading\"><strong>Beschwerde beim LADG<\/strong><\/h3>\n\n\n\n<p>Die Frau, die wegen Oben-Ohne-Schimmens des Hauses verwiesen wurde, legte erfolgreich Beschwerde bei der f\u00fcr das Antidiskriminierungsgesetz des Landes Berlin (LADG) zust\u00e4ndigen Ombudsstelle ein. Das f\u00fchrte zu einem Umdenken bez\u00fcglich des Themas Gleichstellung.<\/p>\n\n\n\n<h3 class=\"wp-block-heading\"><strong>Ab jetzt: Oben-Ohne f\u00fcr alle&nbsp;<\/strong><\/h3>\n\n\n\n<p>Neu ist nun, dass dieser Streitfall zu einer \u00c4nderung der internen Anweisungen in Berliner Schwimmb\u00e4dern gef\u00fchrt hat. Diese haben nun klargestellt, dass das Schwimmen \u201eOben-Ohne&#8220; f\u00fcr alle Personen gleicherma\u00dfen erlaubt sei.&nbsp;<\/p>\n\n\n\n<h3 class=\"wp-block-heading\"><strong>Geschlechtergerechtigkeit&nbsp;<\/strong><\/h3>\n\n\n\n<p>In Berlins Schwimmb\u00e4dern gilt ab sofort Geschlechtergerechtigkeit. So hei\u00dft es ab jetzt in der Haus- und Badeordnung der Berliner Schwimmb\u00e4der. Die Senatsverwaltung f\u00fcr Justiz, Vielfalt und Antidiskriminierung teilte diese Neuerung k\u00fcrzlich mit.<\/p>\n\n\n\n<h3 class=\"wp-block-heading\"><strong>Entsch\u00e4digung abgewiesen&nbsp;<\/strong><\/h3>\n\n\n\n<p>Die \u00c4nderungen werden von vielen Menschen begr\u00fc\u00dft. Rechtlich gesehen hat die Kl\u00e4gerin ihr Ziel jedoch nicht erreicht. Sie verlangte vom Land Berlin eine Entsch\u00e4digungszahlung in H\u00f6he von 10.000 EUR. Das blieb ihr jedoch verwehrt. Dagegen ging die Kl\u00e4gerin in Berufung.&nbsp;<\/p>\n\n\n\n<h3 class=\"wp-block-heading\"><strong>Ombudstelle empfiehlt \u00c4nderung der Nutzungdordnung&nbsp;<\/strong><\/h3>\n\n\n\n<p>Auf Empfehlung der Ombudsstelle hatte der Wasserspielplatz allerdings seine Nutzungsordnung erg\u00e4nzt. Danach gilt f\u00fcr alle Geschlechter, dass die Badebekleidung die prim\u00e4ren Geschlechtsorgane vollst\u00e4ndig bedecken muss. Die weibliche Brust gilt als sekund\u00e4res Geschlechtsorgan.<\/p>\n\n\n\n<h3 class=\"wp-block-heading\"><strong>Rechtssicherheit durch Erg\u00e4nzung der Nutzungsordnung&nbsp;<\/strong><\/h3>\n\n\n\n<p>Rechtlich gesehen schafft die Neuerung bzw. \u00c4nderung der Nutzungsordnung Rechtsklarheit. F\u00fcr das Personal gibt es damit keine Unsicherheiten mehr und f\u00fcr die Nutzer der Schwimmb\u00e4der gilt \u201egleiches Recht f\u00fcr alle\u201c.&nbsp;<\/p>\n\n\n\n<h3 class=\"wp-block-heading\"><strong>Welche Kleidung ist im Schwimmbad erlaubt?<\/strong><\/h3>\n\n\n\n<p>Laut Kleiderordnung darf generell nur i<strong>ns Becken, wer \u201eBadekleidung\u201c tr\u00e4gt<\/strong>. Das steht in den Badeordnungen und das hei\u00dft, Unterw\u00e4sche, abgeschnittene Jeans oder T-Shirts sind tabu. Die Badeshorts von M\u00e4nnern sollten au\u00dferdem nur knielang sein, sonst nimmt man zu viel Wasser mit aus dem Becken.<\/p>\n\n\n\n<h3 class=\"wp-block-heading\"><strong>Berliner Oben-Ohne-Aktivistin erh\u00e4lt Drohungen&nbsp;<\/strong><\/h3>\n\n\n\n<p>Die Aktivistin Lotte Mies, die nach ihrem Rauswurf aus einem Berliner Schwimmbad die Initiative \u201eGleiche Brust f\u00fcr alle\u201c gegr\u00fcndet hat und sich so erfolgreich f\u00fcr das Oben-Ohne-Baden in Berlin einsetzte, erh\u00e4lt laut aktuellen Medienberichten Drohungen von Frauen und von M\u00e4nnern. Dennoch plane sie, sich weiter f\u00fcr die Rechte von Frauen einzusetzen.\u00a0&#8222;Wenn es w\u00e4rmer wird, wollen wir Aktionen wie etwa Picknicks und Wanderausfl\u00fcge\u00a0oben\u00a0ohne\u00a0starten&#8220;, sagte Mies. Dass Aktivisten bedroht werden ist keine Seltenheit. Wir beraten Sie gerne im Falle von Drohungen, Beleidigungen o.\u00e4. und vertreten Ihre rechtlichen Interessen vollumf\u00e4nglich. <\/p>\n\n\n\n<h3 class=\"wp-block-heading\">Fazit&nbsp;<\/h3>\n\n\n\n<p>Fest steht, dass ab jetzt f\u00fcr alle gilt, dass Oben-Ohne erlaubt ist. Das ist auch richtig so, da Gleichstellung in allein Bereichen der Gesellschaft vorangetrieben werden muss.&nbsp;<\/p>\n\n\n\n<p>Ferner gelten in Schwimmb\u00e4dern aber, au\u00dfer der Badebekleidungsordnung, auch andere Regeln. Wer plant, Musikinstrument oder Fernseher mit ins Schwimmbad zu nehmen, kommt damit nicht rein. Ebenso verboten sind: das Mitbringen von Glasflaschen, Rauchen, Rasieren, Pedik\u00fcren, Manik\u00fcren, Haare f\u00e4rben. Wer andere G\u00e4ste ohne ihre vorherige Zustimmung filmt, muss mit Konsequenzen rechnen. Wer eine Liege mit einem Handtuch blockiert, ist zwar oft in bester Gesellschaft, verst\u00f6\u00dft aber gegen die Regeln der Berliner B\u00e4der-Betriebe.<\/p>\n\n\n\n<p>Sie haben Fragen? Sie ben\u00f6tigen rechtliche Beratung? Melden Sie sich bei uns! Unser spezialisiertes Team steht Ihnen gerne schnell und unkompliziert zur Seite und ber\u00e4t Sie gern.&nbsp;<\/p>\n","protected":false},"excerpt":{"rendered":"<p>Ab jetzt \u00e4ndern sich die Bekleidungsregeln in Berliner Schwimmb\u00e4dern. K\u00fcnftig ist auch das Oben-Ohne-Baden f\u00fcr Frauen erlaubt.\u00a0 Auf unserem Blog erfahren Sie alles Neue zu rechtlichen Themen! Frau des Schwimmbads verwiesen&nbsp; Der Rechtsstreit begann, als eine Frau wegen des Oben-Ohne-Badens des Schwimmbads verwiesen wurde.&nbsp; Beschwerde beim LADG Die Frau, die wegen Oben-Ohne-Schimmens des Hauses verwiesen [&hellip;]<\/p>\n","protected":false},"author":1,"featured_media":0,"comment_status":"open","ping_status":"open","sticky":false,"template":"","format":"standard","meta":{"footnotes":""},"categories":[1,4,41],"tags":[8560,8557,1407,8559,8558,4600,8563,8561,8562],"class_list":["post-11434","post","type-post","status-publish","format-standard","hentry","category-allgemein","category-allgemeines","category-zivilrecht","tag-badeordnung","tag-berliner-schwimmbaeder","tag-entschadigung","tag-geschlechtergerechtigkeit","tag-gleichstellung","tag-hausrecht","tag-ladg","tag-oben-ohne","tag-ombudsstelle"],"yoast_head":"<!-- This site is optimized with the Yoast SEO plugin v25.8 - https:\/\/yoast.com\/wordpress\/plugins\/seo\/ -->\n<title>K\u00fcnftig Oben-Ohne-Baden auch f\u00fcr Frauen in Ber\u00adlins B\u00e4dern | LEGAL SMART Online Blog<\/title>\n<meta name=\"description\" content=\"Ab jetzt \u00e4ndern sich die Bekleidungsregeln in Berliner Schwimmb\u00e4dern. K\u00fcnftig ist auch das Oben-Ohne-Baden f\u00fcr Frauen erlaubt.\u00a0\" \/>\n<meta name=\"robots\" content=\"index, follow, max-snippet:-1, max-image-preview:large, max-video-preview:-1\" \/>\n<link rel=\"canonical\" href=\"https:\/\/www.legalsmart.de\/blog\/kuenftig-oben-ohne-baden-auch-fuer-frauen-in-berlins-baedern\/\" \/>\n<meta property=\"og:locale\" content=\"de_DE\" \/>\n<meta property=\"og:type\" content=\"article\" \/>\n<meta property=\"og:title\" content=\"K\u00fcnftig Oben-Ohne-Baden auch f\u00fcr Frauen in Ber\u00adlins B\u00e4dern | LEGAL SMART Online Blog\" \/>\n<meta property=\"og:description\" content=\"Ab jetzt \u00e4ndern sich die Bekleidungsregeln in Berliner Schwimmb\u00e4dern. K\u00fcnftig ist auch das Oben-Ohne-Baden f\u00fcr Frauen erlaubt.\u00a0\" \/>\n<meta property=\"og:url\" content=\"https:\/\/www.legalsmart.de\/blog\/kuenftig-oben-ohne-baden-auch-fuer-frauen-in-berlins-baedern\/\" \/>\n<meta property=\"og:site_name\" content=\"LEGAL SMART Online Blog\" \/>\n<meta property=\"article:author\" content=\"https:\/\/www.facebook.com\/guido.kluck\" \/>\n<meta property=\"article:published_time\" content=\"2023-03-27T12:19:54+00:00\" \/>\n<meta property=\"article:modified_time\" content=\"2023-03-27T12:19:56+00:00\" \/>\n<meta name=\"author\" content=\"Guido Kluck, LL.M.\" \/>\n<meta name=\"twitter:card\" content=\"summary_large_image\" \/>\n<meta name=\"twitter:creator\" content=\"@https:\/\/twitter.com\/kluck\" \/>\n<meta name=\"twitter:label1\" content=\"Verfasst von\" \/>\n\t<meta name=\"twitter:data1\" content=\"Guido Kluck, LL.M.\" \/>\n\t<meta name=\"twitter:label2\" content=\"Gesch\u00e4tzte Lesezeit\" \/>\n\t<meta name=\"twitter:data2\" content=\"3\u00a0Minuten\" \/>\n<script type=\"application\/ld+json\" class=\"yoast-schema-graph\">{\"@context\":\"https:\/\/schema.org\",\"@graph\":[{\"@type\":\"WebPage\",\"@id\":\"https:\/\/www.legalsmart.de\/blog\/kuenftig-oben-ohne-baden-auch-fuer-frauen-in-berlins-baedern\/\",\"url\":\"https:\/\/www.legalsmart.de\/blog\/kuenftig-oben-ohne-baden-auch-fuer-frauen-in-berlins-baedern\/\",\"name\":\"K\u00fcnftig Oben-Ohne-Baden auch f\u00fcr Frauen in Ber\u00adlins B\u00e4dern | LEGAL SMART Online Blog\",\"isPartOf\":{\"@id\":\"https:\/\/www.legalsmart.de\/blog\/#website\"},\"datePublished\":\"2023-03-27T12:19:54+00:00\",\"dateModified\":\"2023-03-27T12:19:56+00:00\",\"author\":{\"@id\":\"https:\/\/www.legalsmart.de\/blog\/#\/schema\/person\/0869c669bccbe2e56b149b214913b000\"},\"description\":\"Ab jetzt \u00e4ndern sich die Bekleidungsregeln in Berliner Schwimmb\u00e4dern. K\u00fcnftig ist auch das Oben-Ohne-Baden f\u00fcr Frauen erlaubt.\u00a0\",\"breadcrumb\":{\"@id\":\"https:\/\/www.legalsmart.de\/blog\/kuenftig-oben-ohne-baden-auch-fuer-frauen-in-berlins-baedern\/#breadcrumb\"},\"inLanguage\":\"de\",\"potentialAction\":[{\"@type\":\"ReadAction\",\"target\":[\"https:\/\/www.legalsmart.de\/blog\/kuenftig-oben-ohne-baden-auch-fuer-frauen-in-berlins-baedern\/\"]}]},{\"@type\":\"BreadcrumbList\",\"@id\":\"https:\/\/www.legalsmart.de\/blog\/kuenftig-oben-ohne-baden-auch-fuer-frauen-in-berlins-baedern\/#breadcrumb\",\"itemListElement\":[{\"@type\":\"ListItem\",\"position\":1,\"name\":\"Startseite\",\"item\":\"https:\/\/www.legalsmart.de\/blog\/\"},{\"@type\":\"ListItem\",\"position\":2,\"name\":\"K\u00fcnftig Oben-Ohne-Baden auch f\u00fcr Frauen in Ber\u00adlins B\u00e4dern\"}]},{\"@type\":\"WebSite\",\"@id\":\"https:\/\/www.legalsmart.de\/blog\/#website\",\"url\":\"https:\/\/www.legalsmart.de\/blog\/\",\"name\":\"LEGAL SMART Online Blog\",\"description\":\"Die innovative Kanzlei\",\"potentialAction\":[{\"@type\":\"SearchAction\",\"target\":{\"@type\":\"EntryPoint\",\"urlTemplate\":\"https:\/\/www.legalsmart.de\/blog\/?s={search_term_string}\"},\"query-input\":{\"@type\":\"PropertyValueSpecification\",\"valueRequired\":true,\"valueName\":\"search_term_string\"}}],\"inLanguage\":\"de\"},{\"@type\":\"Person\",\"@id\":\"https:\/\/www.legalsmart.de\/blog\/#\/schema\/person\/0869c669bccbe2e56b149b214913b000\",\"name\":\"Guido Kluck, LL.M.\",\"image\":{\"@type\":\"ImageObject\",\"inLanguage\":\"de\",\"@id\":\"https:\/\/www.legalsmart.de\/blog\/#\/schema\/person\/image\/\",\"url\":\"https:\/\/www.legalsmart.de\/blog\/wp-content\/uploads\/2018\/09\/cropped-IMG_2698-e1535879860494-96x96.jpg\",\"contentUrl\":\"https:\/\/www.legalsmart.de\/blog\/wp-content\/uploads\/2018\/09\/cropped-IMG_2698-e1535879860494-96x96.jpg\",\"caption\":\"Guido Kluck, LL.M.\"},\"description\":\"Rechtsanwalt Guido Kluck LL.M. ist Partner der Kanzlei LEGAL SMART am Standort Berlin. Er ist Ansprechpartner f\u00fcr das Recht der neuen Medien sowie f\u00fcr die Bereiche Wettbewerbsrecht, Markenrecht, Urheberrecht, IT-Recht, Vertragsrecht und das Datenschutzrecht (DSGVO).\",\"sameAs\":[\"https:\/\/legalsmart.de\/team_kluck.php\",\"https:\/\/www.facebook.com\/guido.kluck\",\"https:\/\/x.com\/https:\/\/twitter.com\/kluck\"]}]}<\/script>\n<!-- \/ Yoast SEO plugin. -->","yoast_head_json":{"title":"K\u00fcnftig Oben-Ohne-Baden auch f\u00fcr Frauen in Ber\u00adlins B\u00e4dern | LEGAL SMART Online Blog","description":"Ab jetzt \u00e4ndern sich die Bekleidungsregeln in Berliner Schwimmb\u00e4dern. K\u00fcnftig ist auch das Oben-Ohne-Baden f\u00fcr Frauen erlaubt.\u00a0","robots":{"index":"index","follow":"follow","max-snippet":"max-snippet:-1","max-image-preview":"max-image-preview:large","max-video-preview":"max-video-preview:-1"},"canonical":"https:\/\/www.legalsmart.de\/blog\/kuenftig-oben-ohne-baden-auch-fuer-frauen-in-berlins-baedern\/","og_locale":"de_DE","og_type":"article","og_title":"K\u00fcnftig Oben-Ohne-Baden auch f\u00fcr Frauen in Ber\u00adlins B\u00e4dern | LEGAL SMART Online Blog","og_description":"Ab jetzt \u00e4ndern sich die Bekleidungsregeln in Berliner Schwimmb\u00e4dern. K\u00fcnftig ist auch das Oben-Ohne-Baden f\u00fcr Frauen erlaubt.\u00a0","og_url":"https:\/\/www.legalsmart.de\/blog\/kuenftig-oben-ohne-baden-auch-fuer-frauen-in-berlins-baedern\/","og_site_name":"LEGAL SMART Online Blog","article_author":"https:\/\/www.facebook.com\/guido.kluck","article_published_time":"2023-03-27T12:19:54+00:00","article_modified_time":"2023-03-27T12:19:56+00:00","author":"Guido Kluck, LL.M.","twitter_card":"summary_large_image","twitter_creator":"@https:\/\/twitter.com\/kluck","twitter_misc":{"Verfasst von":"Guido Kluck, LL.M.","Gesch\u00e4tzte Lesezeit":"3\u00a0Minuten"},"schema":{"@context":"https:\/\/schema.org","@graph":[{"@type":"WebPage","@id":"https:\/\/www.legalsmart.de\/blog\/kuenftig-oben-ohne-baden-auch-fuer-frauen-in-berlins-baedern\/","url":"https:\/\/www.legalsmart.de\/blog\/kuenftig-oben-ohne-baden-auch-fuer-frauen-in-berlins-baedern\/","name":"K\u00fcnftig Oben-Ohne-Baden auch f\u00fcr Frauen in Ber\u00adlins B\u00e4dern | LEGAL SMART Online Blog","isPartOf":{"@id":"https:\/\/www.legalsmart.de\/blog\/#website"},"datePublished":"2023-03-27T12:19:54+00:00","dateModified":"2023-03-27T12:19:56+00:00","author":{"@id":"https:\/\/www.legalsmart.de\/blog\/#\/schema\/person\/0869c669bccbe2e56b149b214913b000"},"description":"Ab jetzt \u00e4ndern sich die Bekleidungsregeln in Berliner Schwimmb\u00e4dern. K\u00fcnftig ist auch das Oben-Ohne-Baden f\u00fcr Frauen erlaubt.\u00a0","breadcrumb":{"@id":"https:\/\/www.legalsmart.de\/blog\/kuenftig-oben-ohne-baden-auch-fuer-frauen-in-berlins-baedern\/#breadcrumb"},"inLanguage":"de","potentialAction":[{"@type":"ReadAction","target":["https:\/\/www.legalsmart.de\/blog\/kuenftig-oben-ohne-baden-auch-fuer-frauen-in-berlins-baedern\/"]}]},{"@type":"BreadcrumbList","@id":"https:\/\/www.legalsmart.de\/blog\/kuenftig-oben-ohne-baden-auch-fuer-frauen-in-berlins-baedern\/#breadcrumb","itemListElement":[{"@type":"ListItem","position":1,"name":"Startseite","item":"https:\/\/www.legalsmart.de\/blog\/"},{"@type":"ListItem","position":2,"name":"K\u00fcnftig Oben-Ohne-Baden auch f\u00fcr Frauen in Ber\u00adlins B\u00e4dern"}]},{"@type":"WebSite","@id":"https:\/\/www.legalsmart.de\/blog\/#website","url":"https:\/\/www.legalsmart.de\/blog\/","name":"LEGAL SMART Online Blog","description":"Die innovative Kanzlei","potentialAction":[{"@type":"SearchAction","target":{"@type":"EntryPoint","urlTemplate":"https:\/\/www.legalsmart.de\/blog\/?s={search_term_string}"},"query-input":{"@type":"PropertyValueSpecification","valueRequired":true,"valueName":"search_term_string"}}],"inLanguage":"de"},{"@type":"Person","@id":"https:\/\/www.legalsmart.de\/blog\/#\/schema\/person\/0869c669bccbe2e56b149b214913b000","name":"Guido Kluck, LL.M.","image":{"@type":"ImageObject","inLanguage":"de","@id":"https:\/\/www.legalsmart.de\/blog\/#\/schema\/person\/image\/","url":"https:\/\/www.legalsmart.de\/blog\/wp-content\/uploads\/2018\/09\/cropped-IMG_2698-e1535879860494-96x96.jpg","contentUrl":"https:\/\/www.legalsmart.de\/blog\/wp-content\/uploads\/2018\/09\/cropped-IMG_2698-e1535879860494-96x96.jpg","caption":"Guido Kluck, LL.M."},"description":"Rechtsanwalt Guido Kluck LL.M. ist Partner der Kanzlei LEGAL SMART am Standort Berlin. Er ist Ansprechpartner f\u00fcr das Recht der neuen Medien sowie f\u00fcr die Bereiche Wettbewerbsrecht, Markenrecht, Urheberrecht, IT-Recht, Vertragsrecht und das Datenschutzrecht (DSGVO).","sameAs":["https:\/\/legalsmart.de\/team_kluck.php","https:\/\/www.facebook.com\/guido.kluck","https:\/\/x.com\/https:\/\/twitter.com\/kluck"]}]}},"_links":{"self":[{"href":"https:\/\/www.legalsmart.de\/blog\/wp-json\/wp\/v2\/posts\/11434","targetHints":{"allow":["GET"]}}],"collection":[{"href":"https:\/\/www.legalsmart.de\/blog\/wp-json\/wp\/v2\/posts"}],"about":[{"href":"https:\/\/www.legalsmart.de\/blog\/wp-json\/wp\/v2\/types\/post"}],"author":[{"embeddable":true,"href":"https:\/\/www.legalsmart.de\/blog\/wp-json\/wp\/v2\/users\/1"}],"replies":[{"embeddable":true,"href":"https:\/\/www.legalsmart.de\/blog\/wp-json\/wp\/v2\/comments?post=11434"}],"version-history":[{"count":1,"href":"https:\/\/www.legalsmart.de\/blog\/wp-json\/wp\/v2\/posts\/11434\/revisions"}],"predecessor-version":[{"id":11435,"href":"https:\/\/www.legalsmart.de\/blog\/wp-json\/wp\/v2\/posts\/11434\/revisions\/11435"}],"wp:attachment":[{"href":"https:\/\/www.legalsmart.de\/blog\/wp-json\/wp\/v2\/media?parent=11434"}],"wp:term":[{"taxonomy":"category","embeddable":true,"href":"https:\/\/www.legalsmart.de\/blog\/wp-json\/wp\/v2\/categories?post=11434"},{"taxonomy":"post_tag","embeddable":true,"href":"https:\/\/www.legalsmart.de\/blog\/wp-json\/wp\/v2\/tags?post=11434"}],"curies":[{"name":"wp","href":"https:\/\/api.w.org\/{rel}","templated":true}]}}