{"id":11515,"date":"2023-06-21T10:00:00","date_gmt":"2023-06-21T08:00:00","guid":{"rendered":"https:\/\/www.legalsmart.de\/blog\/?p=11515"},"modified":"2023-06-20T10:30:19","modified_gmt":"2023-06-20T08:30:19","slug":"ausgleichszahlung-bei-flugverspaetung-auch-fuer-start-oder-landung-nicht-in-der-eu","status":"publish","type":"post","link":"https:\/\/www.legalsmart.de\/blog\/ausgleichszahlung-bei-flugverspaetung-auch-fuer-start-oder-landung-nicht-in-der-eu\/","title":{"rendered":"Aus\u00adg\u00adleichs\u00adzah\u00adlung bei Flug\u00adver\u00adsp\u00e4\u00adtung auch f\u00fcr Start oder Lan\u00addung nicht in der EU"},"content":{"rendered":"\n<p>In einem neuen Urteil st\u00e4rkt der Bundesgerichtshof (BGH) die EU-Fluggastrechte auch f\u00fcr Passagiere, dessen Fl\u00fcge auch versp\u00e4tet au\u00dferhalb der EU starten und landen (BGH, Urteil 16.06.2023, Az. <a href=\"https:\/\/dejure.org\/dienste\/vernetzung\/rechtsprechung?Text=X%20ZR%2015\/20\" title=\"X ZR 15\/20 (2 zugeordnete Entscheidungen)\">X ZR 15\/20<\/a>).\u00a0<\/p>\n\n\n\n<p>Wir fassen f\u00fcr Sie das Wichtigste auf unserem Blog zusammen!<\/p>\n\n\n\n<h3 class=\"wp-block-heading\"><strong>Sachverhalt&nbsp;<\/strong><\/h3>\n\n\n\n<p>Im vorliegenden Fall hatte die klagende Urlauberin einen Flug von Stuttgart nach Z\u00fcrich gebucht. Von dort aus sollte es mit einer anderen Airline mit Zwischenstopp in Philadelphia nach Kansas City im US-Bundesstaat Missouri gehen. Dabei wurden alle Fl\u00fcge \u00fcber dasselbe Reiseb\u00fcro gebucht. Die ersten beiden Fl\u00fcge verliefen den Angaben nach planm\u00e4\u00dfig. Auf der letzten Teilstrecke startete der Flug versp\u00e4tet. Die Frau erreichte Kansas City mit einer Versp\u00e4tung von mehr als vier Stunden. Daraufhin forderte Sie von der Fluggesellschaft 600 Euro als Ausgleichszahlung.<\/p>\n\n\n\n<h3 class=\"wp-block-heading\"><strong>Klage abgewiesen&nbsp;<\/strong><\/h3>\n\n\n\n<p>Damit hatte die Kl\u00e4gerin jedoch zun\u00e4chst keinen Erfolg. Ihre Klage wurde vor dem AG N\u00fcrtingen und auch vor dem LG Stuttgart abgewiesen.&nbsp;<\/p>\n\n\n\n<h3 class=\"wp-block-heading\"><strong>Revision erfolgreich&nbsp;<\/strong><\/h3>\n\n\n\n<p>Aus diesem Grund zog die Revisionskl\u00e4gerin vor den BGH und hatte Erfolg. Dort wurde h\u00f6chstrichterlich entschieden, dass der Frau 600 Euro nebst Zinsen zustehen. Die drei Teilfl\u00fcge seien unter anderem deshalb als Gesamtheit mit Abflugort in Deutschland zu betrachten, weil der Frau eine einheitliche best\u00e4tigte Buchung erteilt worden ist. Diese Rechtsauffassung lie\u00df sich der BGH zuvor in einem Vorabentscheidungsverfahren vom EuGH best\u00e4tigen.&nbsp;<\/p>\n\n\n\n<h3 class=\"wp-block-heading\"><strong>Fluggastrechteverordnung sichert Reisende in der EU ab<\/strong><\/h3>\n\n\n\n<p>F\u00fcr Flugreisende gilt im Rahmen des Leistungsst\u00f6rungsrecht grunds\u00e4tzlich die Verordnung 261\/2004\/EG. Diese gelangt zur Anwendung, wenn sich der Abflughafen oder, sofern ein Luftfahrtunternehmen der Gemeinschaft mit Sitz in der EU den Flug ausf\u00fchrt, der Zielflughafen im Unionsgebiet befindet. Sie gilt also f\u00fcr alle Abfl\u00fcge aus Deutschland.<\/p>\n\n\n\n<h3 class=\"wp-block-heading\"><strong>Was f\u00fcr Anspr\u00fcche bestehen nach der EU-Verordnung?<\/strong><\/h3>\n\n\n\n<p>Flugg\u00e4ste k\u00f6nnen einen Ausgleichsanspruch (Art. 7) und\/oder ein Anspruch auf Unterst\u00fctzungs- (Art. 8) sowie Betreuungsleistungen (Art. 9) nach EU-Recht geltend machen. Im Fall der Nichtbef\u00f6rderung (Art. 4 Abs. 3) sowie der Annullierung (Art. 5 Abs. 1 lit c), die von der Fluggesellschaft nicht den Ma\u00dfgaben von Art 5. Abs. 1 lit c i-iii entsprechend (zwei Wochen im Voraus oder andernfalls unter dem Angebot eines ad\u00e4quaten Ersatzfluges) kundgetan wurde, kommt dem Reisenden ein Ausgleichsanspruch zu.&nbsp;<\/p>\n\n\n\n<p><strong>Rechtstipp<\/strong>: Nach st\u00e4ndiger Rechtsprechung des EuGH gilt dies auch bei Versp\u00e4tungen von drei Stunden (EuGH, Urt. v. 12.02.2020, Az.\u00a0<a href=\"https:\/\/dejure.org\/dienste\/vernetzung\/rechtsprechung?Text=C-832\/18\">C-832\/18<\/a>).<\/p>\n\n\n\n<h3 class=\"wp-block-heading\"><strong>Fazit&nbsp;<\/strong><\/h3>\n\n\n\n<p>Im Ergebnis kann man festhalten, dass wenn eine mit Umsteigen verbundene Flugreise in einem EU-Land startet, die EU-Fluggastrechteverordnung in vollem Umfang gilt. Das gilt auch, wenn ein sp\u00e4terer Teilflug jenseits der EU auftritt.&nbsp;<\/p>\n\n\n\n<p>Laut BGH spielt es keine Rolle, ob direkte Anschlussfl\u00fcge von unterschiedlichen, nicht durch eine besondere rechtliche Beziehung miteinander verbundenen Airlines durchgef\u00fchrt werden.&nbsp;<\/p>\n\n\n\n<p><strong>Rechtstipp<\/strong>: F\u00fcr die Anwendbarkeit der EU-Fluggastrechteverordnung kommt es nur darauf an, dass die Fl\u00fcge von einem Reiseunternehmen akzeptiert und registriert wurden, das einen\u00a0<strong>einheitlichen Flugschein im Sinne der EU-Fluggastrechte-Verordnung\u00a0<\/strong>ausgegeben hat.\u00a0<\/p>\n\n\n\n<p>Wenn der Flug Versp\u00e4tung hatte oder sogar ausgefallen ist, steht dem Fluggast nach der Fluggastrechteverordnung eine Entsch\u00e4digung zu. Diese betr\u00e4gt 250 bis 600 Euro pro Person und ist vor allem abh\u00e4ngig von der Flugstrecke. Diese Entsch\u00e4digung k\u00f6nnen die Flugg\u00e4ste selbst bei den Airlines geltend machen. Die Airlines lehnen Entsch\u00e4digungsanspr\u00fcche jedoch gerne pauschal ab. <\/p>\n\n\n\n<p>Sie wollen eine Entsch\u00e4digung fordern und wissen nicht genau, was Sie tun m\u00fcssen oder die Airline verweigert die Zahlung? Dann wenden Sie sich gerne unverbindlich an unser im Reiserecht spezialisiertes Team! Wir pr\u00fcfen den Fall umgehend und entwickeln eine Strategie zur Durchsetzung Ihrer Anspr\u00fcche.\u00a0<\/p>\n","protected":false},"excerpt":{"rendered":"<p>In einem neuen Urteil st\u00e4rkt der Bundesgerichtshof (BGH) die EU-Fluggastrechte auch f\u00fcr Passagiere, dessen Fl\u00fcge auch versp\u00e4tet au\u00dferhalb der EU starten und landen (BGH, Urteil 16.06.2023, Az. X ZR 15\/20).\u00a0 Wir fassen f\u00fcr Sie das Wichtigste auf unserem Blog zusammen! Sachverhalt&nbsp; Im vorliegenden Fall hatte die klagende Urlauberin einen Flug von Stuttgart nach Z\u00fcrich gebucht. [&hellip;]<\/p>\n","protected":false},"author":1,"featured_media":0,"comment_status":"open","ping_status":"open","sticky":false,"template":"","format":"standard","meta":{"footnotes":""},"categories":[1,4,6725],"tags":[688,8711,988,8712,1465,8633,8552,7827,8710,4391],"class_list":["post-11515","post","type-post","status-publish","format-standard","hentry","category-allgemein","category-allgemeines","category-reiserecht","tag-ausgleichszahlung","tag-az-x-zr-15-20","tag-bgh","tag-eu-fluggastrechteverordnung","tag-eugh","tag-flugschein","tag-reisebuero","tag-revision","tag-urteil-16-06-2023","tag-vorabentscheidungsverfahren"],"yoast_head":"<!-- This site is optimized with the Yoast SEO plugin v25.8 - https:\/\/yoast.com\/wordpress\/plugins\/seo\/ -->\n<title>Aus\u00adg\u00adleichs\u00adzah\u00adlung bei Flug\u00adver\u00adsp\u00e4\u00adtung auch f\u00fcr Start oder Lan\u00addung nicht in der EU | LEGAL SMART Online Blog<\/title>\n<meta name=\"description\" content=\"In einem neuen Urteil st\u00e4rkt der Bundesgerichtshof (BGH) die EU-Fluggastrechte auch f\u00fcr Passagiere, dessen Fl\u00fcge auch versp\u00e4tet au\u00dferhalb der EU starten und landen (BGH, Urteil 16.06.2023, Az. X ZR 15\/20).\u00a0\" \/>\n<meta name=\"robots\" content=\"index, follow, max-snippet:-1, max-image-preview:large, max-video-preview:-1\" \/>\n<link rel=\"canonical\" href=\"https:\/\/www.legalsmart.de\/blog\/ausgleichszahlung-bei-flugverspaetung-auch-fuer-start-oder-landung-nicht-in-der-eu\/\" \/>\n<meta property=\"og:locale\" content=\"de_DE\" \/>\n<meta property=\"og:type\" content=\"article\" \/>\n<meta property=\"og:title\" content=\"Aus\u00adg\u00adleichs\u00adzah\u00adlung bei Flug\u00adver\u00adsp\u00e4\u00adtung auch f\u00fcr Start oder Lan\u00addung nicht in der EU | LEGAL SMART Online Blog\" \/>\n<meta property=\"og:description\" content=\"In einem neuen Urteil st\u00e4rkt der Bundesgerichtshof (BGH) die EU-Fluggastrechte auch f\u00fcr Passagiere, dessen Fl\u00fcge auch versp\u00e4tet au\u00dferhalb der EU starten und landen (BGH, Urteil 16.06.2023, Az. X ZR 15\/20).\u00a0\" \/>\n<meta property=\"og:url\" content=\"https:\/\/www.legalsmart.de\/blog\/ausgleichszahlung-bei-flugverspaetung-auch-fuer-start-oder-landung-nicht-in-der-eu\/\" \/>\n<meta property=\"og:site_name\" content=\"LEGAL SMART Online Blog\" \/>\n<meta property=\"article:author\" content=\"https:\/\/www.facebook.com\/guido.kluck\" \/>\n<meta property=\"article:published_time\" content=\"2023-06-21T08:00:00+00:00\" \/>\n<meta name=\"author\" content=\"Guido Kluck, LL.M.\" \/>\n<meta name=\"twitter:card\" content=\"summary_large_image\" \/>\n<meta name=\"twitter:creator\" content=\"@https:\/\/twitter.com\/kluck\" \/>\n<meta name=\"twitter:label1\" content=\"Verfasst von\" \/>\n\t<meta name=\"twitter:data1\" content=\"Guido Kluck, LL.M.\" \/>\n\t<meta name=\"twitter:label2\" content=\"Gesch\u00e4tzte Lesezeit\" \/>\n\t<meta name=\"twitter:data2\" content=\"4\u00a0Minuten\" \/>\n<script type=\"application\/ld+json\" class=\"yoast-schema-graph\">{\"@context\":\"https:\/\/schema.org\",\"@graph\":[{\"@type\":\"WebPage\",\"@id\":\"https:\/\/www.legalsmart.de\/blog\/ausgleichszahlung-bei-flugverspaetung-auch-fuer-start-oder-landung-nicht-in-der-eu\/\",\"url\":\"https:\/\/www.legalsmart.de\/blog\/ausgleichszahlung-bei-flugverspaetung-auch-fuer-start-oder-landung-nicht-in-der-eu\/\",\"name\":\"Aus\u00adg\u00adleichs\u00adzah\u00adlung bei Flug\u00adver\u00adsp\u00e4\u00adtung auch f\u00fcr Start oder Lan\u00addung nicht in der EU | LEGAL SMART Online Blog\",\"isPartOf\":{\"@id\":\"https:\/\/www.legalsmart.de\/blog\/#website\"},\"datePublished\":\"2023-06-21T08:00:00+00:00\",\"author\":{\"@id\":\"https:\/\/www.legalsmart.de\/blog\/#\/schema\/person\/0869c669bccbe2e56b149b214913b000\"},\"description\":\"In einem neuen Urteil st\u00e4rkt der Bundesgerichtshof (BGH) die EU-Fluggastrechte auch f\u00fcr Passagiere, dessen Fl\u00fcge auch versp\u00e4tet au\u00dferhalb der EU starten und landen (BGH, Urteil 16.06.2023, Az. X ZR 15\/20).\u00a0\",\"breadcrumb\":{\"@id\":\"https:\/\/www.legalsmart.de\/blog\/ausgleichszahlung-bei-flugverspaetung-auch-fuer-start-oder-landung-nicht-in-der-eu\/#breadcrumb\"},\"inLanguage\":\"de\",\"potentialAction\":[{\"@type\":\"ReadAction\",\"target\":[\"https:\/\/www.legalsmart.de\/blog\/ausgleichszahlung-bei-flugverspaetung-auch-fuer-start-oder-landung-nicht-in-der-eu\/\"]}]},{\"@type\":\"BreadcrumbList\",\"@id\":\"https:\/\/www.legalsmart.de\/blog\/ausgleichszahlung-bei-flugverspaetung-auch-fuer-start-oder-landung-nicht-in-der-eu\/#breadcrumb\",\"itemListElement\":[{\"@type\":\"ListItem\",\"position\":1,\"name\":\"Startseite\",\"item\":\"https:\/\/www.legalsmart.de\/blog\/\"},{\"@type\":\"ListItem\",\"position\":2,\"name\":\"Aus\u00adg\u00adleichs\u00adzah\u00adlung bei Flug\u00adver\u00adsp\u00e4\u00adtung auch f\u00fcr Start oder Lan\u00addung nicht in der EU\"}]},{\"@type\":\"WebSite\",\"@id\":\"https:\/\/www.legalsmart.de\/blog\/#website\",\"url\":\"https:\/\/www.legalsmart.de\/blog\/\",\"name\":\"LEGAL SMART Online Blog\",\"description\":\"Die innovative Kanzlei\",\"potentialAction\":[{\"@type\":\"SearchAction\",\"target\":{\"@type\":\"EntryPoint\",\"urlTemplate\":\"https:\/\/www.legalsmart.de\/blog\/?s={search_term_string}\"},\"query-input\":{\"@type\":\"PropertyValueSpecification\",\"valueRequired\":true,\"valueName\":\"search_term_string\"}}],\"inLanguage\":\"de\"},{\"@type\":\"Person\",\"@id\":\"https:\/\/www.legalsmart.de\/blog\/#\/schema\/person\/0869c669bccbe2e56b149b214913b000\",\"name\":\"Guido Kluck, LL.M.\",\"image\":{\"@type\":\"ImageObject\",\"inLanguage\":\"de\",\"@id\":\"https:\/\/www.legalsmart.de\/blog\/#\/schema\/person\/image\/\",\"url\":\"https:\/\/www.legalsmart.de\/blog\/wp-content\/uploads\/2018\/09\/cropped-IMG_2698-e1535879860494-96x96.jpg\",\"contentUrl\":\"https:\/\/www.legalsmart.de\/blog\/wp-content\/uploads\/2018\/09\/cropped-IMG_2698-e1535879860494-96x96.jpg\",\"caption\":\"Guido Kluck, LL.M.\"},\"description\":\"Rechtsanwalt Guido Kluck LL.M. ist Partner der Kanzlei LEGAL SMART am Standort Berlin. Er ist Ansprechpartner f\u00fcr das Recht der neuen Medien sowie f\u00fcr die Bereiche Wettbewerbsrecht, Markenrecht, Urheberrecht, IT-Recht, Vertragsrecht und das Datenschutzrecht (DSGVO).\",\"sameAs\":[\"https:\/\/legalsmart.de\/team_kluck.php\",\"https:\/\/www.facebook.com\/guido.kluck\",\"https:\/\/x.com\/https:\/\/twitter.com\/kluck\"]}]}<\/script>\n<!-- \/ Yoast SEO plugin. -->","yoast_head_json":{"title":"Aus\u00adg\u00adleichs\u00adzah\u00adlung bei Flug\u00adver\u00adsp\u00e4\u00adtung auch f\u00fcr Start oder Lan\u00addung nicht in der EU | LEGAL SMART Online Blog","description":"In einem neuen Urteil st\u00e4rkt der Bundesgerichtshof (BGH) die EU-Fluggastrechte auch f\u00fcr Passagiere, dessen Fl\u00fcge auch versp\u00e4tet au\u00dferhalb der EU starten und landen (BGH, Urteil 16.06.2023, Az. X ZR 15\/20).\u00a0","robots":{"index":"index","follow":"follow","max-snippet":"max-snippet:-1","max-image-preview":"max-image-preview:large","max-video-preview":"max-video-preview:-1"},"canonical":"https:\/\/www.legalsmart.de\/blog\/ausgleichszahlung-bei-flugverspaetung-auch-fuer-start-oder-landung-nicht-in-der-eu\/","og_locale":"de_DE","og_type":"article","og_title":"Aus\u00adg\u00adleichs\u00adzah\u00adlung bei Flug\u00adver\u00adsp\u00e4\u00adtung auch f\u00fcr Start oder Lan\u00addung nicht in der EU | LEGAL SMART Online Blog","og_description":"In einem neuen Urteil st\u00e4rkt der Bundesgerichtshof (BGH) die EU-Fluggastrechte auch f\u00fcr Passagiere, dessen Fl\u00fcge auch versp\u00e4tet au\u00dferhalb der EU starten und landen (BGH, Urteil 16.06.2023, Az. X ZR 15\/20).\u00a0","og_url":"https:\/\/www.legalsmart.de\/blog\/ausgleichszahlung-bei-flugverspaetung-auch-fuer-start-oder-landung-nicht-in-der-eu\/","og_site_name":"LEGAL SMART Online Blog","article_author":"https:\/\/www.facebook.com\/guido.kluck","article_published_time":"2023-06-21T08:00:00+00:00","author":"Guido Kluck, LL.M.","twitter_card":"summary_large_image","twitter_creator":"@https:\/\/twitter.com\/kluck","twitter_misc":{"Verfasst von":"Guido Kluck, LL.M.","Gesch\u00e4tzte Lesezeit":"4\u00a0Minuten"},"schema":{"@context":"https:\/\/schema.org","@graph":[{"@type":"WebPage","@id":"https:\/\/www.legalsmart.de\/blog\/ausgleichszahlung-bei-flugverspaetung-auch-fuer-start-oder-landung-nicht-in-der-eu\/","url":"https:\/\/www.legalsmart.de\/blog\/ausgleichszahlung-bei-flugverspaetung-auch-fuer-start-oder-landung-nicht-in-der-eu\/","name":"Aus\u00adg\u00adleichs\u00adzah\u00adlung bei Flug\u00adver\u00adsp\u00e4\u00adtung auch f\u00fcr Start oder Lan\u00addung nicht in der EU | LEGAL SMART Online Blog","isPartOf":{"@id":"https:\/\/www.legalsmart.de\/blog\/#website"},"datePublished":"2023-06-21T08:00:00+00:00","author":{"@id":"https:\/\/www.legalsmart.de\/blog\/#\/schema\/person\/0869c669bccbe2e56b149b214913b000"},"description":"In einem neuen Urteil st\u00e4rkt der Bundesgerichtshof (BGH) die EU-Fluggastrechte auch f\u00fcr Passagiere, dessen Fl\u00fcge auch versp\u00e4tet au\u00dferhalb der EU starten und landen (BGH, Urteil 16.06.2023, Az. X ZR 15\/20).\u00a0","breadcrumb":{"@id":"https:\/\/www.legalsmart.de\/blog\/ausgleichszahlung-bei-flugverspaetung-auch-fuer-start-oder-landung-nicht-in-der-eu\/#breadcrumb"},"inLanguage":"de","potentialAction":[{"@type":"ReadAction","target":["https:\/\/www.legalsmart.de\/blog\/ausgleichszahlung-bei-flugverspaetung-auch-fuer-start-oder-landung-nicht-in-der-eu\/"]}]},{"@type":"BreadcrumbList","@id":"https:\/\/www.legalsmart.de\/blog\/ausgleichszahlung-bei-flugverspaetung-auch-fuer-start-oder-landung-nicht-in-der-eu\/#breadcrumb","itemListElement":[{"@type":"ListItem","position":1,"name":"Startseite","item":"https:\/\/www.legalsmart.de\/blog\/"},{"@type":"ListItem","position":2,"name":"Aus\u00adg\u00adleichs\u00adzah\u00adlung bei Flug\u00adver\u00adsp\u00e4\u00adtung auch f\u00fcr Start oder Lan\u00addung nicht in der EU"}]},{"@type":"WebSite","@id":"https:\/\/www.legalsmart.de\/blog\/#website","url":"https:\/\/www.legalsmart.de\/blog\/","name":"LEGAL SMART Online Blog","description":"Die innovative Kanzlei","potentialAction":[{"@type":"SearchAction","target":{"@type":"EntryPoint","urlTemplate":"https:\/\/www.legalsmart.de\/blog\/?s={search_term_string}"},"query-input":{"@type":"PropertyValueSpecification","valueRequired":true,"valueName":"search_term_string"}}],"inLanguage":"de"},{"@type":"Person","@id":"https:\/\/www.legalsmart.de\/blog\/#\/schema\/person\/0869c669bccbe2e56b149b214913b000","name":"Guido Kluck, LL.M.","image":{"@type":"ImageObject","inLanguage":"de","@id":"https:\/\/www.legalsmart.de\/blog\/#\/schema\/person\/image\/","url":"https:\/\/www.legalsmart.de\/blog\/wp-content\/uploads\/2018\/09\/cropped-IMG_2698-e1535879860494-96x96.jpg","contentUrl":"https:\/\/www.legalsmart.de\/blog\/wp-content\/uploads\/2018\/09\/cropped-IMG_2698-e1535879860494-96x96.jpg","caption":"Guido Kluck, LL.M."},"description":"Rechtsanwalt Guido Kluck LL.M. ist Partner der Kanzlei LEGAL SMART am Standort Berlin. Er ist Ansprechpartner f\u00fcr das Recht der neuen Medien sowie f\u00fcr die Bereiche Wettbewerbsrecht, Markenrecht, Urheberrecht, IT-Recht, Vertragsrecht und das Datenschutzrecht (DSGVO).","sameAs":["https:\/\/legalsmart.de\/team_kluck.php","https:\/\/www.facebook.com\/guido.kluck","https:\/\/x.com\/https:\/\/twitter.com\/kluck"]}]}},"_links":{"self":[{"href":"https:\/\/www.legalsmart.de\/blog\/wp-json\/wp\/v2\/posts\/11515","targetHints":{"allow":["GET"]}}],"collection":[{"href":"https:\/\/www.legalsmart.de\/blog\/wp-json\/wp\/v2\/posts"}],"about":[{"href":"https:\/\/www.legalsmart.de\/blog\/wp-json\/wp\/v2\/types\/post"}],"author":[{"embeddable":true,"href":"https:\/\/www.legalsmart.de\/blog\/wp-json\/wp\/v2\/users\/1"}],"replies":[{"embeddable":true,"href":"https:\/\/www.legalsmart.de\/blog\/wp-json\/wp\/v2\/comments?post=11515"}],"version-history":[{"count":1,"href":"https:\/\/www.legalsmart.de\/blog\/wp-json\/wp\/v2\/posts\/11515\/revisions"}],"predecessor-version":[{"id":11516,"href":"https:\/\/www.legalsmart.de\/blog\/wp-json\/wp\/v2\/posts\/11515\/revisions\/11516"}],"wp:attachment":[{"href":"https:\/\/www.legalsmart.de\/blog\/wp-json\/wp\/v2\/media?parent=11515"}],"wp:term":[{"taxonomy":"category","embeddable":true,"href":"https:\/\/www.legalsmart.de\/blog\/wp-json\/wp\/v2\/categories?post=11515"},{"taxonomy":"post_tag","embeddable":true,"href":"https:\/\/www.legalsmart.de\/blog\/wp-json\/wp\/v2\/tags?post=11515"}],"curies":[{"name":"wp","href":"https:\/\/api.w.org\/{rel}","templated":true}]}}