{"id":4838,"date":"2013-05-03T12:27:44","date_gmt":"2013-05-03T10:27:44","guid":{"rendered":"https:\/\/www.legalsmart.de\/blog\/?p=4838"},"modified":"2013-05-03T12:27:44","modified_gmt":"2013-05-03T10:27:44","slug":"arbeitsunfahigkeit-des-freiberuflers","status":"publish","type":"post","link":"https:\/\/www.legalsmart.de\/blog\/arbeitsunfahigkeit-des-freiberuflers\/","title":{"rendered":"Arbeitsunf\u00e4higkeit des Selbst\u00e4ndigen"},"content":{"rendered":"<p>Die wortgetreue Anwendung von allgemeinen Versicherungsbedingungen oder ihre enge Auslegung f\u00fchrt regelm\u00e4\u00dfig zu unbefriedigenden Ergebnissen f\u00fcr den Versicherungsnehmer. In einem aktuell von dem IV. Zivilsenat des Bundesgerichtshofs (BGH) entschiedenen Fall &#8211; <a title=\"Urteil im Volltext\" href=\"https:\/\/www.legalsmart.de\/blog\/urteile\/bgh-arbeitsunfahigkeit-i-s-d-allgemeinen-versicherungsbedingungen-fur-die-krankentagegeldversicherung\" target=\"_blank\">Urteil vom 03.04.2013, IV ZR 239\/11<\/a> &#8211; hatte das Gericht Gelegenheit, sich mit der Frage zu befassen, wann Arbeitsunf\u00e4higkeit im Sinne der Versicherungsbedingungen vorliegt.<\/p>\n<p>Der Kl\u00e4ger, ein selbst\u00e4ndig t\u00e4tiger Rechtsanwalt, hatte f\u00fcr den Fall der Arbeitsunf\u00e4higkeit eine private Krankentagegeldversicherung abgeschlossen. Auf Grund eines leichten Schlaganfalls erlitt der Kl\u00e4ger eine l\u00e4nger andauernde Lesest\u00f6rung. Er konnte zwar noch lesen. Hierf\u00fcr war jedoch ein erheblicher Zeitaufwand notwendig.<\/p>\n<p>Nach dem Wortlaut der dem Versicherungsvertrag zugrunde liegenden Allgemeinen Versicherungsbedingungen f\u00fcr die Krankentagegeldversicherung (AVB\/KT 2008) w\u00e4re der Fall klar. Denn dort war Arbeitsunf\u00e4higkeit wie folgt definiert:<\/p>\n<p style=\"padding-left: 30px\">Arbeitsunf\u00e4higkeit im Sinne dieser Bedingungen liegt vor, wenn die versicherte Person ihre berufliche T\u00e4tigkeit<br \/> nach medizinischem Befund vor\u00fcbergehend in keiner Weise aus\u00fcben kann, sie auch nicht aus\u00fcbt und keiner anderen Erwerbst\u00e4tigkeit nachgeht.<\/p>\n<p>Nach einer gewissen Erholungsphase verweigerte die Versicherung die weitere Zahlung von Krankentagegeld. Der Kl\u00e4ger k\u00f6nne zwar nach wie vor nur unter erheblichen M\u00fchen lesen. Der Kl\u00e4ger k\u00f6nne jedoch seiner Berufst\u00e4tigkeit jedenfalls in einem geringen Umfang wieder nachgehen. Er sei eingeschr\u00e4nkt arbeitsf\u00e4hig, aber eben nicht arbeitsunf\u00e4hig, was die Leistungspflicht des Versicherers bedingungsgem\u00e4\u00df entfallen lasse. Schlie\u00dflich k\u00f6nne er Mandantengespr\u00e4che f\u00fchren, Schreiben und Schrifts\u00e4tze diktieren, vor Gericht auftreten und die gesetzlich vorgeschriebenen Fachanwaltsfortbildungsveranstaltungen besuchen.<\/p>\n<p>Dem ist der BGH entgegengetreten. Es sei richtig, dass eine nur zum Teil gegebene Arbeitsf\u00e4higkeit gen\u00fcge, um den Anspruch auf Krankentagegeld auszuschlie\u00dfen. Der Versicherungsnehmer m\u00fcsse aber in der Lage sein, dem ausge\u00fcbten Beruf in seiner konkreten Ausgestaltung jedenfalls teilweise nachzugehen. Dies sei dem Kl\u00e4ger nicht m\u00f6glich. Denn die F\u00e4higkeit zum fl\u00fcssigen Lesen und Durcharbeiten von Texten sei eine Grundvoraussetzung f\u00fcr das Aus\u00fcben des juristischen Berufs.\u00a0\u00a0Arbeitsunf\u00e4higkeit entfalle nicht, wenn der\u00a0Versicherte lediglich zu einzelnen T\u00e4tigkeiten in der Lage sei, die im Rahmen seiner Berufst\u00e4tigkeit zwar auch anfallen, isoliert aber keinen Sinn erg\u00e4ben.<\/p>\n<h2><span style=\"font-size: small\"><strong>Praxistipp:<\/strong><\/span><\/h2>\n<p>Folgen Sie Ihrem &#8222;Bauchgef\u00fchl&#8220;. Allgemeine Versicherungsbedingungen scheinen die Rechtslage oft klar zu regeln, wenn das &#8222;klein Gedruckte&#8220; \u00fcberhaupt ohne Weiteres verst\u00e4ndlich ist. Oft ist der gesunde Menschenverstand der bessere Ratgeber.<\/p>\n<p><a title=\"Expertise WK LEGAL im Versicherungsrecht\" href=\"http:\/\/www.wklegal.de\/versicherungsrecht\/\" target=\"_blank\">WK LEGAL<\/a> ber\u00e4t und vertritt Sie au\u00dfergerichtlich und gerichtlich bei der Pr\u00fcfung und Durchsetzung des begehrten Versicherungsschutzes. Schreiben Sie uns eine <a title=\"E-Mail an Rechtsanwalt Sokoll\" href=\"mailto:sokoll@wklegal.de\" target=\"_blank\">E-Mail<\/a>, oder rufen Sie einfach an: 030 \/ 69 20 51 75-0<\/p>\n","protected":false},"excerpt":{"rendered":"<p>Die wortgetreue Anwendung von allgemeinen Versicherungsbedingungen oder ihre enge Auslegung f\u00fchrt regelm\u00e4\u00dfig zu unbefriedigenden Ergebnissen f\u00fcr den Versicherungsnehmer. In einem aktuell von dem IV. Zivilsenat des Bundesgerichtshofs (BGH) entschiedenen Fall &#8211; Urteil vom 03.04.2013, IV ZR 239\/11 &#8211; hatte das Gericht Gelegenheit, sich mit der Frage zu befassen, wann Arbeitsunf\u00e4higkeit im Sinne der Versicherungsbedingungen vorliegt. [&hellip;]<\/p>\n","protected":false},"author":5,"featured_media":0,"comment_status":"open","ping_status":"open","sticky":false,"template":"","format":"standard","meta":{"footnotes":""},"categories":[33],"tags":[494,634,721,1308,1603,2193,2318,2970,3209],"class_list":["post-4838","post","type-post","status-publish","format-standard","hentry","category-versicherungsrecht","tag-allgemeine-versicherungsbedingungen","tag-arbeitsunfahigkeit","tag-avbkt-2008","tag-dyslexie","tag-freie-berufe","tag-krankentagegeldversicherung","tag-lesestorung","tag-rechtsanwalt","tag-selbstandigkeit"],"yoast_head":"<!-- This site is optimized with the Yoast SEO plugin v25.8 - https:\/\/yoast.com\/wordpress\/plugins\/seo\/ -->\n<title>Arbeitsunf\u00e4higkeit des Selbst\u00e4ndigen<\/title>\n<meta name=\"description\" content=\"Arbeitsunf\u00e4higkeit entf\u00e4llt nicht, wenn einzelne T\u00e4tigkeiten m\u00f6glich sind, die beruflich zwar auch anfallen, isoliert aber keinen Sinn ergeben.\" \/>\n<meta name=\"robots\" content=\"index, follow, max-snippet:-1, max-image-preview:large, max-video-preview:-1\" \/>\n<link rel=\"canonical\" href=\"https:\/\/www.legalsmart.de\/blog\/arbeitsunfahigkeit-des-freiberuflers\/\" \/>\n<meta property=\"og:locale\" content=\"de_DE\" \/>\n<meta property=\"og:type\" content=\"article\" \/>\n<meta property=\"og:title\" content=\"Arbeitsunf\u00e4higkeit des Selbst\u00e4ndigen\" \/>\n<meta property=\"og:description\" content=\"Arbeitsunf\u00e4higkeit entf\u00e4llt nicht, wenn einzelne T\u00e4tigkeiten m\u00f6glich sind, die beruflich zwar auch anfallen, isoliert aber keinen Sinn ergeben.\" \/>\n<meta property=\"og:url\" content=\"https:\/\/www.legalsmart.de\/blog\/arbeitsunfahigkeit-des-freiberuflers\/\" \/>\n<meta property=\"og:site_name\" content=\"LEGAL SMART Online Blog\" \/>\n<meta property=\"article:published_time\" content=\"2013-05-03T10:27:44+00:00\" \/>\n<meta name=\"author\" content=\"Wolfgang N. Sokoll\" \/>\n<meta name=\"twitter:card\" content=\"summary_large_image\" \/>\n<meta name=\"twitter:label1\" content=\"Verfasst von\" \/>\n\t<meta name=\"twitter:data1\" content=\"Wolfgang N. Sokoll\" \/>\n\t<meta name=\"twitter:label2\" content=\"Gesch\u00e4tzte Lesezeit\" \/>\n\t<meta name=\"twitter:data2\" content=\"2\u00a0Minuten\" \/>\n<script type=\"application\/ld+json\" class=\"yoast-schema-graph\">{\"@context\":\"https:\/\/schema.org\",\"@graph\":[{\"@type\":\"WebPage\",\"@id\":\"https:\/\/www.legalsmart.de\/blog\/arbeitsunfahigkeit-des-freiberuflers\/\",\"url\":\"https:\/\/www.legalsmart.de\/blog\/arbeitsunfahigkeit-des-freiberuflers\/\",\"name\":\"Arbeitsunf\u00e4higkeit des Selbst\u00e4ndigen\",\"isPartOf\":{\"@id\":\"https:\/\/www.legalsmart.de\/blog\/#website\"},\"datePublished\":\"2013-05-03T10:27:44+00:00\",\"author\":{\"@id\":\"https:\/\/www.legalsmart.de\/blog\/#\/schema\/person\/f44f83d9a06475ee3f6cfd9553344253\"},\"description\":\"Arbeitsunf\u00e4higkeit entf\u00e4llt nicht, wenn einzelne T\u00e4tigkeiten m\u00f6glich sind, die beruflich zwar auch anfallen, isoliert aber keinen Sinn ergeben.\",\"breadcrumb\":{\"@id\":\"https:\/\/www.legalsmart.de\/blog\/arbeitsunfahigkeit-des-freiberuflers\/#breadcrumb\"},\"inLanguage\":\"de\",\"potentialAction\":[{\"@type\":\"ReadAction\",\"target\":[\"https:\/\/www.legalsmart.de\/blog\/arbeitsunfahigkeit-des-freiberuflers\/\"]}]},{\"@type\":\"BreadcrumbList\",\"@id\":\"https:\/\/www.legalsmart.de\/blog\/arbeitsunfahigkeit-des-freiberuflers\/#breadcrumb\",\"itemListElement\":[{\"@type\":\"ListItem\",\"position\":1,\"name\":\"Startseite\",\"item\":\"https:\/\/www.legalsmart.de\/blog\/\"},{\"@type\":\"ListItem\",\"position\":2,\"name\":\"Arbeitsunf\u00e4higkeit des Selbst\u00e4ndigen\"}]},{\"@type\":\"WebSite\",\"@id\":\"https:\/\/www.legalsmart.de\/blog\/#website\",\"url\":\"https:\/\/www.legalsmart.de\/blog\/\",\"name\":\"LEGAL SMART Online Blog\",\"description\":\"Die innovative Kanzlei\",\"potentialAction\":[{\"@type\":\"SearchAction\",\"target\":{\"@type\":\"EntryPoint\",\"urlTemplate\":\"https:\/\/www.legalsmart.de\/blog\/?s={search_term_string}\"},\"query-input\":{\"@type\":\"PropertyValueSpecification\",\"valueRequired\":true,\"valueName\":\"search_term_string\"}}],\"inLanguage\":\"de\"},{\"@type\":\"Person\",\"@id\":\"https:\/\/www.legalsmart.de\/blog\/#\/schema\/person\/f44f83d9a06475ee3f6cfd9553344253\",\"name\":\"Wolfgang N. Sokoll\",\"image\":{\"@type\":\"ImageObject\",\"inLanguage\":\"de\",\"@id\":\"https:\/\/www.legalsmart.de\/blog\/#\/schema\/person\/image\/\",\"url\":\"https:\/\/secure.gravatar.com\/avatar\/16f6bece927ba0e9b1bdd20969804b00ff01d6f51c5ea775bff40af6dff70c79?s=96&d=mm&r=g\",\"contentUrl\":\"https:\/\/secure.gravatar.com\/avatar\/16f6bece927ba0e9b1bdd20969804b00ff01d6f51c5ea775bff40af6dff70c79?s=96&d=mm&r=g\",\"caption\":\"Wolfgang N. Sokoll\"},\"description\":\"Rechtsanwalt und Mediator Wolfgang N. Sokoll war bis Ende November 2016 bei WK LEGAL Ihr Ansprechpartner f\u00fcr das Arbeitsrecht, das Insolvenzrecht, das Versicherungsrecht, das Forderungsmanagement, die Zwangsvollstreckung und die au\u00dfergerichtliche Streitbeilegung insbesondere im Wege der Mediation. Seit dem erreichen Sie ihn in seiner Anwaltskanzlei in Berlin Charlottenburg in der Hardenbergstra\u00dfe 12 telefonisch unter 030 120857200, per Fax unter 030 120857209 und per E-Mail unter info@mediation-recht.net.\"}]}<\/script>\n<!-- \/ Yoast SEO plugin. -->","yoast_head_json":{"title":"Arbeitsunf\u00e4higkeit des Selbst\u00e4ndigen","description":"Arbeitsunf\u00e4higkeit entf\u00e4llt nicht, wenn einzelne T\u00e4tigkeiten m\u00f6glich sind, die beruflich zwar auch anfallen, isoliert aber keinen Sinn ergeben.","robots":{"index":"index","follow":"follow","max-snippet":"max-snippet:-1","max-image-preview":"max-image-preview:large","max-video-preview":"max-video-preview:-1"},"canonical":"https:\/\/www.legalsmart.de\/blog\/arbeitsunfahigkeit-des-freiberuflers\/","og_locale":"de_DE","og_type":"article","og_title":"Arbeitsunf\u00e4higkeit des Selbst\u00e4ndigen","og_description":"Arbeitsunf\u00e4higkeit entf\u00e4llt nicht, wenn einzelne T\u00e4tigkeiten m\u00f6glich sind, die beruflich zwar auch anfallen, isoliert aber keinen Sinn ergeben.","og_url":"https:\/\/www.legalsmart.de\/blog\/arbeitsunfahigkeit-des-freiberuflers\/","og_site_name":"LEGAL SMART Online Blog","article_published_time":"2013-05-03T10:27:44+00:00","author":"Wolfgang N. Sokoll","twitter_card":"summary_large_image","twitter_misc":{"Verfasst von":"Wolfgang N. Sokoll","Gesch\u00e4tzte Lesezeit":"2\u00a0Minuten"},"schema":{"@context":"https:\/\/schema.org","@graph":[{"@type":"WebPage","@id":"https:\/\/www.legalsmart.de\/blog\/arbeitsunfahigkeit-des-freiberuflers\/","url":"https:\/\/www.legalsmart.de\/blog\/arbeitsunfahigkeit-des-freiberuflers\/","name":"Arbeitsunf\u00e4higkeit des Selbst\u00e4ndigen","isPartOf":{"@id":"https:\/\/www.legalsmart.de\/blog\/#website"},"datePublished":"2013-05-03T10:27:44+00:00","author":{"@id":"https:\/\/www.legalsmart.de\/blog\/#\/schema\/person\/f44f83d9a06475ee3f6cfd9553344253"},"description":"Arbeitsunf\u00e4higkeit entf\u00e4llt nicht, wenn einzelne T\u00e4tigkeiten m\u00f6glich sind, die beruflich zwar auch anfallen, isoliert aber keinen Sinn ergeben.","breadcrumb":{"@id":"https:\/\/www.legalsmart.de\/blog\/arbeitsunfahigkeit-des-freiberuflers\/#breadcrumb"},"inLanguage":"de","potentialAction":[{"@type":"ReadAction","target":["https:\/\/www.legalsmart.de\/blog\/arbeitsunfahigkeit-des-freiberuflers\/"]}]},{"@type":"BreadcrumbList","@id":"https:\/\/www.legalsmart.de\/blog\/arbeitsunfahigkeit-des-freiberuflers\/#breadcrumb","itemListElement":[{"@type":"ListItem","position":1,"name":"Startseite","item":"https:\/\/www.legalsmart.de\/blog\/"},{"@type":"ListItem","position":2,"name":"Arbeitsunf\u00e4higkeit des Selbst\u00e4ndigen"}]},{"@type":"WebSite","@id":"https:\/\/www.legalsmart.de\/blog\/#website","url":"https:\/\/www.legalsmart.de\/blog\/","name":"LEGAL SMART Online Blog","description":"Die innovative Kanzlei","potentialAction":[{"@type":"SearchAction","target":{"@type":"EntryPoint","urlTemplate":"https:\/\/www.legalsmart.de\/blog\/?s={search_term_string}"},"query-input":{"@type":"PropertyValueSpecification","valueRequired":true,"valueName":"search_term_string"}}],"inLanguage":"de"},{"@type":"Person","@id":"https:\/\/www.legalsmart.de\/blog\/#\/schema\/person\/f44f83d9a06475ee3f6cfd9553344253","name":"Wolfgang N. Sokoll","image":{"@type":"ImageObject","inLanguage":"de","@id":"https:\/\/www.legalsmart.de\/blog\/#\/schema\/person\/image\/","url":"https:\/\/secure.gravatar.com\/avatar\/16f6bece927ba0e9b1bdd20969804b00ff01d6f51c5ea775bff40af6dff70c79?s=96&d=mm&r=g","contentUrl":"https:\/\/secure.gravatar.com\/avatar\/16f6bece927ba0e9b1bdd20969804b00ff01d6f51c5ea775bff40af6dff70c79?s=96&d=mm&r=g","caption":"Wolfgang N. Sokoll"},"description":"Rechtsanwalt und Mediator Wolfgang N. Sokoll war bis Ende November 2016 bei WK LEGAL Ihr Ansprechpartner f\u00fcr das Arbeitsrecht, das Insolvenzrecht, das Versicherungsrecht, das Forderungsmanagement, die Zwangsvollstreckung und die au\u00dfergerichtliche Streitbeilegung insbesondere im Wege der Mediation. Seit dem erreichen Sie ihn in seiner Anwaltskanzlei in Berlin Charlottenburg in der Hardenbergstra\u00dfe 12 telefonisch unter 030 120857200, per Fax unter 030 120857209 und per E-Mail unter info@mediation-recht.net."}]}},"_links":{"self":[{"href":"https:\/\/www.legalsmart.de\/blog\/wp-json\/wp\/v2\/posts\/4838","targetHints":{"allow":["GET"]}}],"collection":[{"href":"https:\/\/www.legalsmart.de\/blog\/wp-json\/wp\/v2\/posts"}],"about":[{"href":"https:\/\/www.legalsmart.de\/blog\/wp-json\/wp\/v2\/types\/post"}],"author":[{"embeddable":true,"href":"https:\/\/www.legalsmart.de\/blog\/wp-json\/wp\/v2\/users\/5"}],"replies":[{"embeddable":true,"href":"https:\/\/www.legalsmart.de\/blog\/wp-json\/wp\/v2\/comments?post=4838"}],"version-history":[{"count":0,"href":"https:\/\/www.legalsmart.de\/blog\/wp-json\/wp\/v2\/posts\/4838\/revisions"}],"wp:attachment":[{"href":"https:\/\/www.legalsmart.de\/blog\/wp-json\/wp\/v2\/media?parent=4838"}],"wp:term":[{"taxonomy":"category","embeddable":true,"href":"https:\/\/www.legalsmart.de\/blog\/wp-json\/wp\/v2\/categories?post=4838"},{"taxonomy":"post_tag","embeddable":true,"href":"https:\/\/www.legalsmart.de\/blog\/wp-json\/wp\/v2\/tags?post=4838"}],"curies":[{"name":"wp","href":"https:\/\/api.w.org\/{rel}","templated":true}]}}