{"id":5443,"date":"2014-03-17T08:00:44","date_gmt":"2014-03-17T07:00:44","guid":{"rendered":"https:\/\/www.legalsmart.de\/blog\/?p=5443"},"modified":"2017-01-17T13:37:48","modified_gmt":"2017-01-17T12:37:48","slug":"ferienwohnungen-zweckentfremdung-von-wohnraum-verbote-und-tendenzen","status":"publish","type":"post","link":"https:\/\/www.legalsmart.de\/blog\/ferienwohnungen-zweckentfremdung-von-wohnraum-verbote-und-tendenzen\/","title":{"rendered":"Ferienwohnungen \u2013 Zweckentfremdung von Wohnraum, Verbote und Tendenzen"},"content":{"rendered":"<p>Ferienwohnungen, die Zweckentfremdung von Wohnraum, neue Verbote, Gerichtsentscheidungen, Gentrifizierung, Mietpreisbremse, Mietwucher und politische Statements unterschiedlichster Couleur bilden die Themenkomplexe der aktuellen und mitunter hitzigen Debatte zum Mietrecht \u2013 jedenfalls in den Gro\u00dfst\u00e4dten.<\/p>\n<p class=\"MsoNormal\" style=\"text-align: justify;\">Besonders deutlich und emotional wurden und werden die unterschiedlichen Positionen im Hinblick auf die Nutzung von Wohnraum als Ferienwohnung verteidigt und diskutiert. Politiker sind derzeit besonders stark bem\u00fcht sozialer zu wirken und stellen sich dementsprechend als Verteidiger der gebeutelten Wohnungsmieter (potentielle W\u00e4hler) dar \u2013 nachdem zuvor diverse gesetzliche Einschnitte durch parlamentarische Entscheidungen auf Mieterseiten zu verzeichnen waren.<\/p>\n<p class=\"MsoNormal\" style=\"text-align: justify;\">Mieter sind genervt und f\u00fchlen sich oft von der Politik und dem Staat allein gelassen, da die Mieten zumeist ohne tats\u00e4chliche Gegenleistung steigen (qua Mieterh\u00f6hung durch Scheinsanierungen, anziehende und teils \u00fcberzogene Preise bei Neuvermietung etc.), die Touristen L\u00e4rm machen (zu Tages- und Nachtzeiten) und Verdr\u00e4ngungsangst an allen Ecken und Enden in den innerst\u00e4dtischen Bereichen sp\u00fcrbar ist.<\/p>\n<p class=\"MsoNormal\" style=\"text-align: justify;\">Kleinvermieter, die ihr Erspartes in eine oder wenige Wohnungen investiert haben, um sich ein Zubrot zu verdienen oder die f\u00fcr das Alter R\u00fccklagen schaffen wollten, f\u00fcrchten nun um ihre Existenz oder den erhofften kleinen Profit. Bei den Kleinvermietern, welche zumindest eine Teilfinanzierung in Anspruch genommen haben, bestehen teils berechtigte Bedenken hinsichtlich der wirtschaftlichen Tragbarkeit ihres Wirtschaftsmodells. Die Kurzzeitvermietung kann eben sehr viel h\u00f6here Ertr\u00e4ge abwerfen, als ein schn\u00f6des unbefristetes Wohnraummietverh\u00e4ltnis.<\/p>\n<p class=\"MsoNormal\" style=\"text-align: justify;\">Die Wohnungswirtschaft nutzt die Gunst der Stunde und treibt Bauprojekte voran \u00a0\u2013 es fehlen so viele Wohnungen am Markt, die schlie\u00dflich leider auch in der Vergangenheit nicht gebaut wurden.<\/p>\n<p class=\"MsoNormal\" style=\"text-align: justify;\">Gr\u00f6\u00dfere Investoren und Vermieter stellen Berlin gerne als internationale Metropole und Magneten dar. Und eine Metropole braucht schlie\u00dflich Unterk\u00fcnfte, also auch charmante Kurzzeitbehausungen au\u00dferhalb des bekannten Hotel- und Hostelflairs \u2013 am Besten in der N\u00e4he vom Brandenburger Tor oder dort wo der Berliner B\u00e4r tanzt.<\/p>\n<p class=\"MsoNormal\" style=\"text-align: justify;\">Die allgemeine Berichterstattung jedenfalls wird nicht m\u00fcde zu betonen, dass es in Berlin an Wohnungen fehlt. Zumindest einige der fehlenden Wohnungen d\u00fcrften tats\u00e4chlich dem Markt entzogen sein, da sie eben zu Ferienwohnungen gemacht wurden und nicht mehr der Befriedigung der Wohnbed\u00fcrfnisse der Bev\u00f6lkerung dienen, sondern der Befriedigung von Touristenbed\u00fcrfnissen \u2013 zweckentfremdet halt.<\/p>\n<p class=\"MsoNormal\" style=\"text-align: justify;\"><strong>Zweckentfremdungsverbotsgesetz<\/strong><\/p>\n<p class=\"MsoNormal\" style=\"text-align: justify;\">In Berlin ist nunmehr mit dem Zweckentfremdungsverbotsgesetz (ergangen auf der Grundlage der Drucksache 17\/1057 vom 11. Juni 2013) und der kommenden Zweckentfremdungsverbots-Verordnung eine weitere Grundlage f\u00fcr die Verhinderung von Nutzungs\u00e4nderungen von Wohnraum in eine gewerbliche \u201eKurzzeit- und Pensionsvermietung\u201c geschaffen worden. Intension des Landesgesetzgebers ist die Sicherstellung der Wohnraumversorgung der Bev\u00f6lkerung. Das Gesetz \u00fcber das Verbot der Zweckentfremdung von Wohnraum soll also insbesondere erm\u00f6glichen, dass das Gesamtwohnraumangebot in Berlin erhalten und die Umwandlung von Wohnfl\u00e4chen in Gewerberaum oder Ferienwohnungen verhindert wird. Abriss oder Leerstand von Wohnraum sollen unterbunden beziehungsweise r\u00fcckg\u00e4ngig gemacht werden.<\/p>\n<p class=\"MsoNormal\" style=\"text-align: justify;\">Das neue Gesetz spricht in \u00a7 2 von einer\u00a0 Zweckentfremdung, wenn Wohnraum<\/p>\n<p class=\"MsoNormal\" style=\"text-align: justify;\"><em>&#8211; zum Zwecke der wiederholten nach Tagen oder Wochen bemessenen Vermietung als Ferienwohnung oder einer Fremdenbeherbergung, insbesondere einer gewerblichen Zimmervermietung oder der Einrichtung von Schlafstellen, verwendet wird;<\/em><\/p>\n<p class=\"MsoNormal\" style=\"text-align: justify;\"><em>&#8211; f\u00fcr gewerbliche oder berufliche Zwecke verwendet oder \u00fcberlassen wird;<\/em><\/p>\n<p class=\"MsoNormal\" style=\"text-align: justify;\"><em>&#8211; baulich derart ver\u00e4ndert oder in einer Weise genutzt wird, dass er f\u00fcr Wohnzwecke nicht mehr geeignet ist;<\/em><\/p>\n<p class=\"MsoNormal\" style=\"text-align: justify;\"><em>&#8211; l\u00e4nger als sechs Monate leer steht oder<\/em><\/p>\n<p class=\"MsoNormal\" style=\"text-align: justify;\"><em>&#8211; beseitigt wird.<\/em><\/p>\n<p class=\"MsoNormal\" style=\"text-align: justify;\">Keine Zweckentfremdung liegt hingegen vor, wenn<\/p>\n<p class=\"MsoNormal\" style=\"text-align: justify;\"><em>&#8211; Wohnraum bereits zum Zeitpunkt des Inkrafttretens einer Verordnung nach \u00a7 1 Absatz 2 als Ferienwohnung oder zur Fremdenbeherbergung gem\u00e4\u00df Absatz 1 Nummer 1 genutzt wird; dies gilt jedoch nur f\u00fcr eine Dauer von zwei Jahren nach Inkrafttreten der Verordnung; hierf\u00fcr hat die oder der Verf\u00fcgungsberechtigte innerhalb von drei Monaten nach Inkrafttreten der Verordnung die Nutzung nach Absatz 1 Nummer 1 dem zust\u00e4ndigen Bezirksamt anzuzeigen;<\/em><\/p>\n<p class=\"MsoNormal\" style=\"text-align: justify;\"><em>&#8211; Wohnraum bereits zum Zeitpunkt des Inkrafttretens einer Verordnung nach \u00a7 1 Absatz 2 f\u00fcr gewerbliche oder berufliche Zwecke gem\u00e4\u00df Absatz 1 Nummer 2 genutzt wird; dies gilt jedoch nur, solange das zum Zeitpunkt des Inkrafttretens der Verordnung bestehende Nutzungsverh\u00e4ltnis nicht beendet wird oder ein zu diesem Zweck in den R\u00e4umlichkeiten eingerichteter und ausge\u00fcbter gewerblicher oder freiberuflicher Betrieb fortgef\u00fchrt wird;<\/em><\/p>\n<p class=\"MsoNormal\" style=\"text-align: justify;\"><em>&#8211; Wohnraum leer steht, weil er trotz geeigneter Bem\u00fchungen \u00fcber l\u00e4ngere Zeit nicht wieder vermietet werden konnte;<\/em><\/p>\n<p class=\"MsoNormal\" style=\"text-align: justify;\"><em>&#8211; Wohnraum z\u00fcgig umgebaut, instand gesetzt oder modernisiert wird und deshalb bis zu zw\u00f6lf Monate unbewohnbar ist oder leer steht oder aus anderen objektiven Gr\u00fcnden nicht mehr vermietet werden kann; dasselbe gilt, wenn eine Klage auf Duldung von Modernisierungs- beziehungsweise Sanierungsma\u00dfnahmen im Sinne der <a href=\"https:\/\/dejure.org\/gesetze\/BGB\/555a.html\" title=\"&sect; 555a BGB: Erhaltungsma&szlig;nahmen\">\u00a7\u00a7 555a<\/a> und <a href=\"https:\/\/dejure.org\/gesetze\/BGB\/555b.html\" title=\"&sect; 555b BGB: Modernisierungsma&szlig;nahmen\">555b<\/a> des B\u00fcrgerlichen Gesetzbuches erhoben wurde, bis zur Kl\u00e4rung im rechtskr\u00e4ftigen Urteil und bis zum Abschluss der sich hieran anschlie\u00dfenden z\u00fcgigen Bauma\u00dfnahmen;<\/em><\/p>\n<p class=\"MsoNormal\" style=\"text-align: justify;\"><em>&#8211; eine Wohnung durch die Verf\u00fcgungsberechtigte oder den Verf\u00fcgungsberechtigten oder die Mieterin oder den Mieter zu gewerblichen oder beruflichen Zwecken mitbenutzt wird, insgesamt aber die Wohnnutzung \u00fcberwiegt (\u00fcber 50 vom Hundert der Fl\u00e4che; bei K\u00fcche und Bad wird jeweils h\u00e4lftige Nutzung unterstellt);<\/em><\/p>\n<p class=\"MsoNormal\" style=\"text-align: justify;\"><em>&#8211; Wohnraum nicht ununterbrochen genutzt wird, weil er bestimmungsgem\u00e4\u00df der oder dem Verf\u00fcgungsberechtigten als Zweitwohnung dient.<\/em><\/p>\n<p class=\"MsoNormal\" style=\"text-align: justify;\">Ein rigoroses Durchgreifen der Beh\u00f6rden gegen Zweckentfremder steht wohl eher nicht bevor. Abgesehen von den Kapazit\u00e4tsproblemen der \u00f6ffentlichen Verwaltung ist festzustellen, dass die vorgenannte Regelung viel Grauzone aufweist und Argumentationsspielraum zul\u00e4\u00dft.<\/p>\n<p class=\"MsoNormal\" style=\"text-align: justify;\">Die offene Vermietung von Ferienwohnungen ohne Genehmigung kann in Zukunft immerhin als Ordnungswidrigkeit (Geldbu\u00dfen bis zu EUR 50.000) geahndet werden \u2013 soweit \u00dcbergangsvorschriften nicht greifen. Nicht verschwiegen darf ferner, dass eine Interessenabw\u00e4gung und damit stets eine Einzelfallbetrachtung bei der Versagung bzw. Erteilung der Genehmigung erfolgen muss.\u00a0 So liegen nach dem Willen des Gesetzgebers beispielsweise \u00fcberwiegende schutzw\u00fcrdige private Interessen vor, wenn\u00a0 eine Gef\u00e4hrdung der wirtschaftlichen Existenz des Vermieters besteht oder wenn es sich um nicht mehr erhaltungsw\u00fcrdigen Wohnraum handeln sollte.<\/p>\n<p class=\"MsoNormal\"><strong>Verwaltungsgericht verlangt Baugenehmigung<\/strong><\/p>\n<p class=\"MsoNormal\" style=\"text-align: justify;\">Die noch in die vorhandenen Ferienwohnungen einfallenden Horden von Gro\u00dfstadtbesuchern k\u00f6nnten aber auch abseits der Zweckentfremdungverbotsvorschriften in die Bredouille geraten &#8211; bei ihrer Suche nach billigen, zentrumsnahen Absteigen.<\/p>\n<p class=\"MsoNormal\" style=\"text-align: justify;\">Das Verwaltungsgericht Berlin hat in seiner Entscheidung vom 21. Februar 2014 (Az. VG <a href=\"https:\/\/dejure.org\/dienste\/vernetzung\/rechtsprechung?Text=13%20L%20247.13\" title=\"VG Berlin, 21.02.2014 - 13 L 247.13: Ferienwohnungen - Zweckentfremdung von Wohnraum, Verbote u...\">13 L 247.13<\/a>) das Folgende festgestellt:<\/p>\n<p class=\"MsoNormal\" style=\"text-align: justify;\"><i>Eine solche gewerbliche Kurzzeitvermietung (also Ferienwohnung) stellt zwar regelm\u00e4\u00dfig (noch) keinen Beherbergungsbetrieb im bauplanungsrechtlichen Sinne dar, bildet aber eine eigenst\u00e4ndige planungsrechtliche Nutzungsart, n\u00e4mlich eine besondere Art der gewerblichen Nutzung, die von der gew\u00f6hnlichen Wohnnutzung zu unterscheiden ist. <\/i><\/p>\n<p class=\"MsoNormal\" style=\"text-align: justify;\">und<\/p>\n<p class=\"MsoNormal\" style=\"text-align: justify;\"><i>Die Wohnungen werden im Widerspruch zu \u00f6ffentlich-rechtlichen Vorschriften genutzt, denn diese Wohnungen, f\u00fcr die eine gew\u00f6hnliche Wohnnutzung genehmigt ist, werden aktuell als Ferienwohnungen genutzt, ohne dass die f\u00fcr diese Nutzungs\u00e4nderung erforderliche Baugenehmigung vorliegt.<\/i><\/p>\n<p class=\"MsoNormal\" style=\"text-align: justify;\">Interessant ist, dass das befasste Gericht ausdr\u00fccklich erl\u00e4utert, die Regelungen nach dem Zweckentfremdungsgesetz st\u00e4nden neben dem Baurecht. Eine Baugenehmigung k\u00f6nnte in so manchen F\u00e4llen damit nicht erforderlich sein, um eine Genehmigung nach Zweckentfremdungsverbotsgesetz zu erhalten und umgekehrt.<\/p>\n<p class=\"MsoNormal\" style=\"text-align: justify;\">Fakt ist und bleibt aber auch, dass die bestehenden st\u00e4dtischen Ressourcen in Form von einigen Mitarbeitern (in einer Mehrmillionenmetropole) der ernstlichen \u00dcberpr\u00fcfung und Kontrolle nicht gen\u00fcgen d\u00fcrften. Auf die Denunzianten (z. B. gest\u00f6rte Nachbarn oder Konkurrenten) wird man damit bei der Durchsetzung von Zweckentfremdungsverboten bzw. der Erfassung von Ferienwohnungen angewiesen sein. Ob der anfallende Verwaltungsaufwand dann auch bew\u00e4ltigt werden kann, ist f\u00fcr das geforderte T\u00e4tigwerden des Gesetzgebers \u2013 welches teilweise als politisch gew\u00fcnschter Aktionismus erscheint \u2013 wohl nicht erstrangig gewesen.<\/p>\n<p><strong>WK LEGAL<\/strong> ber\u00e4t Vermieter und Mieter, sowie Grundst\u00fcckseigent\u00fcmer, Makler und Hausverwaltungen in s\u00e4mtlichen Bereichen rund um die Themen Miet- und Immobilienrecht und Zwangsvollstreckungsrecht .<\/p>\n<p>Gerne stehen wir Ihnen f\u00fcr Ihre\u00a0 Fragen zur Verf\u00fcgung.\u00a0<a href=\"https:\/\/www.legalsmart.de\/blog\/kontakt-2\">Sprechen Sie uns einfach per E-Mail<\/a>\u00a0an oder nutzen Sie die M\u00f6glichkeit zu einem unverbindlichen und kostenlosen Erstberatungsgespr\u00e4ch unter unserer Telefonnummer 030 \u2013 692051750.<\/p>\n","protected":false},"excerpt":{"rendered":"<p>Ferienwohnungen, die Zweckentfremdung von Wohnraum, neue Verbote, Gerichtsentscheidungen, Gentrifizierung, Mietpreisbremse, Mietwucher und politische Statements unterschiedlichster Couleur bilden die Themenkomplexe der aktuellen und mitunter hitzigen Debatte zum Mietrecht \u2013 jedenfalls in den Gro\u00dfst\u00e4dten. Besonders deutlich und emotional wurden und werden die unterschiedlichen Positionen im Hinblick auf die Nutzung von Wohnraum als Ferienwohnung verteidigt und diskutiert. Politiker [&hellip;]<\/p>\n","protected":false},"author":6,"featured_media":0,"comment_status":"open","ping_status":"open","sticky":false,"template":"","format":"standard","meta":{"footnotes":""},"categories":[4,23,36],"tags":[860,862,909,1295,1516,1760,2479,2506,2509,2699,2835,3456,3496,3673,3724,3728,3799,3800,4021,4122,4123],"class_list":["post-5443","post","type-post","status-publish","format-standard","hentry","category-allgemeines","category-mietrecht","category-weg-recht","tag-baugenehmigung","tag-baularm","tag-berlin","tag-drucksache-171057","tag-ferienwohnung","tag-gewerberaum","tag-mieter","tag-mietverhaltnis","tag-mietwohnung","tag-nutzungsaenderung","tag-pension","tag-touristen","tag-uebergangsvorschrift","tag-verbot","tag-vermieter","tag-vermietung","tag-verwaltungsgericht","tag-verwaltungsgericht-berlin-21-februar-2014-vg-13-l-247-13","tag-wohnzwecke","tag-zweckentfremdung","tag-zweckentfremdungsverbotsgesetz"],"yoast_head":"<!-- This site is optimized with the Yoast SEO plugin v25.8 - https:\/\/yoast.com\/wordpress\/plugins\/seo\/ -->\n<title>Ferienwohnungen \u2013 Zweckentfremdung von Wohnraum, Verbote und Tendenzen<\/title>\n<meta name=\"description\" content=\"Der Artikel besch\u00e4ftigt sich mit dem Thema Zweckentfremdung von Wohnraum durch Vermietung als Ferienwohng und dem Zweckentfremdungsverbotsgesetz.\" \/>\n<meta name=\"robots\" content=\"index, follow, max-snippet:-1, max-image-preview:large, max-video-preview:-1\" \/>\n<link rel=\"canonical\" href=\"https:\/\/www.legalsmart.de\/blog\/ferienwohnungen-zweckentfremdung-von-wohnraum-verbote-und-tendenzen\/\" \/>\n<meta property=\"og:locale\" content=\"de_DE\" \/>\n<meta property=\"og:type\" content=\"article\" \/>\n<meta property=\"og:title\" content=\"Ferienwohnungen \u2013 Zweckentfremdung von Wohnraum, Verbote und Tendenzen\" \/>\n<meta property=\"og:description\" content=\"Der Artikel besch\u00e4ftigt sich mit dem Thema Zweckentfremdung von Wohnraum durch Vermietung als Ferienwohng und dem Zweckentfremdungsverbotsgesetz.\" \/>\n<meta property=\"og:url\" content=\"https:\/\/www.legalsmart.de\/blog\/ferienwohnungen-zweckentfremdung-von-wohnraum-verbote-und-tendenzen\/\" \/>\n<meta property=\"og:site_name\" content=\"LEGAL SMART Online Blog\" \/>\n<meta property=\"article:published_time\" content=\"2014-03-17T07:00:44+00:00\" \/>\n<meta property=\"article:modified_time\" content=\"2017-01-17T12:37:48+00:00\" \/>\n<meta name=\"author\" content=\"Hagen Zeitz, LL.M.\" \/>\n<meta name=\"twitter:card\" content=\"summary_large_image\" \/>\n<meta name=\"twitter:label1\" content=\"Verfasst von\" \/>\n\t<meta name=\"twitter:data1\" content=\"Hagen Zeitz, LL.M.\" \/>\n\t<meta name=\"twitter:label2\" content=\"Gesch\u00e4tzte Lesezeit\" \/>\n\t<meta name=\"twitter:data2\" content=\"6\u00a0Minuten\" \/>\n<script type=\"application\/ld+json\" class=\"yoast-schema-graph\">{\"@context\":\"https:\/\/schema.org\",\"@graph\":[{\"@type\":\"WebPage\",\"@id\":\"https:\/\/www.legalsmart.de\/blog\/ferienwohnungen-zweckentfremdung-von-wohnraum-verbote-und-tendenzen\/\",\"url\":\"https:\/\/www.legalsmart.de\/blog\/ferienwohnungen-zweckentfremdung-von-wohnraum-verbote-und-tendenzen\/\",\"name\":\"Ferienwohnungen \u2013 Zweckentfremdung von Wohnraum, Verbote und Tendenzen\",\"isPartOf\":{\"@id\":\"https:\/\/www.legalsmart.de\/blog\/#website\"},\"datePublished\":\"2014-03-17T07:00:44+00:00\",\"dateModified\":\"2017-01-17T12:37:48+00:00\",\"author\":{\"@id\":\"https:\/\/www.legalsmart.de\/blog\/#\/schema\/person\/d1184d836263690a1bb38d916033d0c6\"},\"description\":\"Der Artikel besch\u00e4ftigt sich mit dem Thema Zweckentfremdung von Wohnraum durch Vermietung als Ferienwohng und dem Zweckentfremdungsverbotsgesetz.\",\"breadcrumb\":{\"@id\":\"https:\/\/www.legalsmart.de\/blog\/ferienwohnungen-zweckentfremdung-von-wohnraum-verbote-und-tendenzen\/#breadcrumb\"},\"inLanguage\":\"de\",\"potentialAction\":[{\"@type\":\"ReadAction\",\"target\":[\"https:\/\/www.legalsmart.de\/blog\/ferienwohnungen-zweckentfremdung-von-wohnraum-verbote-und-tendenzen\/\"]}]},{\"@type\":\"BreadcrumbList\",\"@id\":\"https:\/\/www.legalsmart.de\/blog\/ferienwohnungen-zweckentfremdung-von-wohnraum-verbote-und-tendenzen\/#breadcrumb\",\"itemListElement\":[{\"@type\":\"ListItem\",\"position\":1,\"name\":\"Startseite\",\"item\":\"https:\/\/www.legalsmart.de\/blog\/\"},{\"@type\":\"ListItem\",\"position\":2,\"name\":\"Ferienwohnungen \u2013 Zweckentfremdung von Wohnraum, Verbote und Tendenzen\"}]},{\"@type\":\"WebSite\",\"@id\":\"https:\/\/www.legalsmart.de\/blog\/#website\",\"url\":\"https:\/\/www.legalsmart.de\/blog\/\",\"name\":\"LEGAL SMART Online Blog\",\"description\":\"Die innovative Kanzlei\",\"potentialAction\":[{\"@type\":\"SearchAction\",\"target\":{\"@type\":\"EntryPoint\",\"urlTemplate\":\"https:\/\/www.legalsmart.de\/blog\/?s={search_term_string}\"},\"query-input\":{\"@type\":\"PropertyValueSpecification\",\"valueRequired\":true,\"valueName\":\"search_term_string\"}}],\"inLanguage\":\"de\"},{\"@type\":\"Person\",\"@id\":\"https:\/\/www.legalsmart.de\/blog\/#\/schema\/person\/d1184d836263690a1bb38d916033d0c6\",\"name\":\"Hagen Zeitz, LL.M.\",\"image\":{\"@type\":\"ImageObject\",\"inLanguage\":\"de\",\"@id\":\"https:\/\/www.legalsmart.de\/blog\/#\/schema\/person\/image\/\",\"url\":\"https:\/\/secure.gravatar.com\/avatar\/c5e6d25234c44b957b67b29d927a01106baae5175005cc8f165a565e625c21ca?s=96&d=mm&r=g\",\"contentUrl\":\"https:\/\/secure.gravatar.com\/avatar\/c5e6d25234c44b957b67b29d927a01106baae5175005cc8f165a565e625c21ca?s=96&d=mm&r=g\",\"caption\":\"Hagen Zeitz, LL.M.\"},\"description\":\"Rechtsanwalt Hagen Zeitz, LL.M. ist Ansprechpartner f\u00fcr die Bereiche Immobilienrecht, Zwangsvollstreckungsrecht, Gesellschaftsrecht und das allgemeine Zivilrecht. Zu seinen T\u00e4tigkeitsschwerpunkten geh\u00f6rt ferner die Beratung von spanischsprachigen Mandanten in Deutschland, sowie die Unterst\u00fctzung von Mandanten im deutsch-spanischen Rechtsverkehr. Zu seinen Mandanten z\u00e4hlen nationale und internationale KMU\u00b4s, sowie Privatpersonen.\",\"sameAs\":[\"http:\/\/www.wklegal.de\/ansprechpartner\/zeitz.php\"]}]}<\/script>\n<!-- \/ Yoast SEO plugin. -->","yoast_head_json":{"title":"Ferienwohnungen \u2013 Zweckentfremdung von Wohnraum, Verbote und Tendenzen","description":"Der Artikel besch\u00e4ftigt sich mit dem Thema Zweckentfremdung von Wohnraum durch Vermietung als Ferienwohng und dem Zweckentfremdungsverbotsgesetz.","robots":{"index":"index","follow":"follow","max-snippet":"max-snippet:-1","max-image-preview":"max-image-preview:large","max-video-preview":"max-video-preview:-1"},"canonical":"https:\/\/www.legalsmart.de\/blog\/ferienwohnungen-zweckentfremdung-von-wohnraum-verbote-und-tendenzen\/","og_locale":"de_DE","og_type":"article","og_title":"Ferienwohnungen \u2013 Zweckentfremdung von Wohnraum, Verbote und Tendenzen","og_description":"Der Artikel besch\u00e4ftigt sich mit dem Thema Zweckentfremdung von Wohnraum durch Vermietung als Ferienwohng und dem Zweckentfremdungsverbotsgesetz.","og_url":"https:\/\/www.legalsmart.de\/blog\/ferienwohnungen-zweckentfremdung-von-wohnraum-verbote-und-tendenzen\/","og_site_name":"LEGAL SMART Online Blog","article_published_time":"2014-03-17T07:00:44+00:00","article_modified_time":"2017-01-17T12:37:48+00:00","author":"Hagen Zeitz, LL.M.","twitter_card":"summary_large_image","twitter_misc":{"Verfasst von":"Hagen Zeitz, LL.M.","Gesch\u00e4tzte Lesezeit":"6\u00a0Minuten"},"schema":{"@context":"https:\/\/schema.org","@graph":[{"@type":"WebPage","@id":"https:\/\/www.legalsmart.de\/blog\/ferienwohnungen-zweckentfremdung-von-wohnraum-verbote-und-tendenzen\/","url":"https:\/\/www.legalsmart.de\/blog\/ferienwohnungen-zweckentfremdung-von-wohnraum-verbote-und-tendenzen\/","name":"Ferienwohnungen \u2013 Zweckentfremdung von Wohnraum, Verbote und Tendenzen","isPartOf":{"@id":"https:\/\/www.legalsmart.de\/blog\/#website"},"datePublished":"2014-03-17T07:00:44+00:00","dateModified":"2017-01-17T12:37:48+00:00","author":{"@id":"https:\/\/www.legalsmart.de\/blog\/#\/schema\/person\/d1184d836263690a1bb38d916033d0c6"},"description":"Der Artikel besch\u00e4ftigt sich mit dem Thema Zweckentfremdung von Wohnraum durch Vermietung als Ferienwohng und dem Zweckentfremdungsverbotsgesetz.","breadcrumb":{"@id":"https:\/\/www.legalsmart.de\/blog\/ferienwohnungen-zweckentfremdung-von-wohnraum-verbote-und-tendenzen\/#breadcrumb"},"inLanguage":"de","potentialAction":[{"@type":"ReadAction","target":["https:\/\/www.legalsmart.de\/blog\/ferienwohnungen-zweckentfremdung-von-wohnraum-verbote-und-tendenzen\/"]}]},{"@type":"BreadcrumbList","@id":"https:\/\/www.legalsmart.de\/blog\/ferienwohnungen-zweckentfremdung-von-wohnraum-verbote-und-tendenzen\/#breadcrumb","itemListElement":[{"@type":"ListItem","position":1,"name":"Startseite","item":"https:\/\/www.legalsmart.de\/blog\/"},{"@type":"ListItem","position":2,"name":"Ferienwohnungen \u2013 Zweckentfremdung von Wohnraum, Verbote und Tendenzen"}]},{"@type":"WebSite","@id":"https:\/\/www.legalsmart.de\/blog\/#website","url":"https:\/\/www.legalsmart.de\/blog\/","name":"LEGAL SMART Online Blog","description":"Die innovative Kanzlei","potentialAction":[{"@type":"SearchAction","target":{"@type":"EntryPoint","urlTemplate":"https:\/\/www.legalsmart.de\/blog\/?s={search_term_string}"},"query-input":{"@type":"PropertyValueSpecification","valueRequired":true,"valueName":"search_term_string"}}],"inLanguage":"de"},{"@type":"Person","@id":"https:\/\/www.legalsmart.de\/blog\/#\/schema\/person\/d1184d836263690a1bb38d916033d0c6","name":"Hagen Zeitz, LL.M.","image":{"@type":"ImageObject","inLanguage":"de","@id":"https:\/\/www.legalsmart.de\/blog\/#\/schema\/person\/image\/","url":"https:\/\/secure.gravatar.com\/avatar\/c5e6d25234c44b957b67b29d927a01106baae5175005cc8f165a565e625c21ca?s=96&d=mm&r=g","contentUrl":"https:\/\/secure.gravatar.com\/avatar\/c5e6d25234c44b957b67b29d927a01106baae5175005cc8f165a565e625c21ca?s=96&d=mm&r=g","caption":"Hagen Zeitz, LL.M."},"description":"Rechtsanwalt Hagen Zeitz, LL.M. ist Ansprechpartner f\u00fcr die Bereiche Immobilienrecht, Zwangsvollstreckungsrecht, Gesellschaftsrecht und das allgemeine Zivilrecht. Zu seinen T\u00e4tigkeitsschwerpunkten geh\u00f6rt ferner die Beratung von spanischsprachigen Mandanten in Deutschland, sowie die Unterst\u00fctzung von Mandanten im deutsch-spanischen Rechtsverkehr. Zu seinen Mandanten z\u00e4hlen nationale und internationale KMU\u00b4s, sowie Privatpersonen.","sameAs":["http:\/\/www.wklegal.de\/ansprechpartner\/zeitz.php"]}]}},"_links":{"self":[{"href":"https:\/\/www.legalsmart.de\/blog\/wp-json\/wp\/v2\/posts\/5443","targetHints":{"allow":["GET"]}}],"collection":[{"href":"https:\/\/www.legalsmart.de\/blog\/wp-json\/wp\/v2\/posts"}],"about":[{"href":"https:\/\/www.legalsmart.de\/blog\/wp-json\/wp\/v2\/types\/post"}],"author":[{"embeddable":true,"href":"https:\/\/www.legalsmart.de\/blog\/wp-json\/wp\/v2\/users\/6"}],"replies":[{"embeddable":true,"href":"https:\/\/www.legalsmart.de\/blog\/wp-json\/wp\/v2\/comments?post=5443"}],"version-history":[{"count":1,"href":"https:\/\/www.legalsmart.de\/blog\/wp-json\/wp\/v2\/posts\/5443\/revisions"}],"predecessor-version":[{"id":6074,"href":"https:\/\/www.legalsmart.de\/blog\/wp-json\/wp\/v2\/posts\/5443\/revisions\/6074"}],"wp:attachment":[{"href":"https:\/\/www.legalsmart.de\/blog\/wp-json\/wp\/v2\/media?parent=5443"}],"wp:term":[{"taxonomy":"category","embeddable":true,"href":"https:\/\/www.legalsmart.de\/blog\/wp-json\/wp\/v2\/categories?post=5443"},{"taxonomy":"post_tag","embeddable":true,"href":"https:\/\/www.legalsmart.de\/blog\/wp-json\/wp\/v2\/tags?post=5443"}],"curies":[{"name":"wp","href":"https:\/\/api.w.org\/{rel}","templated":true}]}}