{"id":6585,"date":"2019-04-17T10:16:12","date_gmt":"2019-04-17T08:16:12","guid":{"rendered":"https:\/\/www.legalsmart.de\/blog\/?p=6585"},"modified":"2019-04-17T10:15:31","modified_gmt":"2019-04-17T08:15:31","slug":"abgasskandal-fahrverbot-rechtmaessig","status":"publish","type":"post","link":"https:\/\/www.legalsmart.de\/blog\/abgasskandal-fahrverbot-rechtmaessig\/","title":{"rendered":"Abgasskandal: Fahrverbot rechtm\u00e4\u00dfig!"},"content":{"rendered":"\n<p>Der Hessische Verwaltungsgerichtshof hielt in seinem Beschluss (20.03.2019 \u2013 AZ <a href=\"https:\/\/dejure.org\/dienste\/vernetzung\/rechtsprechung?Text=2%20B%20261\/19\" title=\"2 B 261\/19 (3 zugeordnete Entscheidungen)\">2 B 261\/19<\/a>) fest, dass die Betriebsuntersagung (Fahrverbot) f\u00fcr Fahrzeuge mit Abschalteinrichtung rechtm\u00e4\u00dfig ist, wenn der Fahrzeughalter im Rahmen einer R\u00fcckrufaktion des Herstellers die Entfernung derselben nicht vornehmen l\u00e4sst.<\/p>\n\n\n\n<h2 class=\"wp-block-heading\"><strong>Was entschied der\nVGH?<\/strong><\/h2>\n\n\n\n<p>W\u00f6rtlich entschied der VGH, \u201e<em>dass die\nBetriebsuntersagung f\u00fcr ein mit einer unzul\u00e4ssigen Abschalteinrichtung\nausgestatteten Diesel-Pkw rechtm\u00e4\u00dfig ist, wenn der Halter des Fahrzeuges im\nRahmen einer erfolgten R\u00fcckrufaktion des Herstellers \u2026 die Entfernung der\nAbschalteinrichtung nicht vornehmen l\u00e4sst\u201c<\/em>.<\/p>\n\n\n\n<p>Der Halter des betroffenen Pkw hat dieses nicht an der <a href=\"https:\/\/www.legalsmart.de\/blog\/rueckrufaktion-im-abgasskandal-was-audi-fahrer-jetzt-wissen-sollten\/\" target=\"_blank\" rel=\"noreferrer noopener\" aria-label=\"R\u00fcckrufaktion des Herstellers (\u00f6ffnet in neuem Tab)\">R\u00fcckrufaktion des Herstellers<\/a> teilnehmen lassen, sodass es nicht den Bestimmungen des Kraftfahrtbundesamtes (KBA) entspricht. Das KBA hatte insbesondere Fahrzeuge moniert, die von den Herstellern Volkswagen, Audi und Seat hergestellt wurden und mit einer solchen Abschaltautomatik versehen worden sind. Diese haben den Zweck, dass auf dem Pr\u00fcfstand niedrigere Abgaswerte ausgewiesen werden, obwohl tats\u00e4chlich im Stra\u00dfenbetrieb diese wesentlich h\u00f6her sind. Da die Software nicht den geltenden Vorschriften entspricht, m\u00fcssen die Hersteller diese entfernen. <\/p>\n\n\n\n<p>Der Lahn-Dill-Kreis stellte fest, dass bei dem\nbetroffenen Pkw die unzul\u00e4ssige Abschalteinrichtung nicht entfernt und ein\nentsprechendes Software-Update nicht installiert wurde. Das Landkreis untersagte\ndem Halter daraufhin den weiteren Betrieb, woraufhin er Beschwerde einlegte,\ndiese durch die Vorinstanz des VG Gie\u00dfen jedoch abgewiesen wurde. Auch der VGH\nbest\u00e4tige die Rechtm\u00e4\u00dfigkeit des Fahrverbots und wies die Beschwerde zur\u00fcck. <\/p>\n\n\n\n<h2 class=\"wp-block-heading\"><strong>Begr\u00fcndung der Richter <\/strong><\/h2>\n\n\n\n<p>Die Richter begr\u00fcndeten ihre Entscheidung damit, dass durch die Abschaltvorrichtung und die resultierenden Emissionen Gefahren f\u00fcr die allgemeine Gesundheit und die Umwelt entstehen und zwingend zu verhindern sind. Der Beschwerdef\u00fchrer h\u00e4tte dementsprechend sein Auto umr\u00fcsten m\u00fcssen, um weiterhin am Verkehr teilnehmen zu k\u00f6nnen. Hierzu wurde dem Beschwerdef\u00fchrer durch den Landkreis auch eine angemessene Frist gesetzt, die er hat verstreichen lassen.<\/p>\n\n\n\n<h2 class=\"wp-block-heading\"><strong>Folgen f\u00fcr die\nbetroffenen Autofahrer<\/strong><\/h2>\n\n\n\n<p>F\u00fcr die betroffenen Autofahrer bedeutet dies, dass sie ohne\nein Software-Update ihren Pkw stehen lassen m\u00fcssen und zun\u00e4chst ein Fahrverbot\nbis zur Umr\u00fcstung auferlegt werden kann. <\/p>\n\n\n\n<p>Sicherlich kann man sich als Betroffener weigern, \u00c4nderungen am seinem Fahrzeug vornehmen zu lassen. Dann muss man aber mit der Konsequenz leben, das Fahrzeug stehen lassen zu m\u00fcssen \u2013 oder man entscheidet sich daf\u00fcr, sich von dem Fahrzeug zu trennen. Daf\u00fcr gibt es verschiedene M\u00f6glichkeiten, \u00fcber die wir <a href=\"https:\/\/www.legalsmart.de\/blog\/der-widerruf-als-alternative-zur-musterfeststellungsklage-oder-einer-schadensersatzklage-im-dieselskandal\" target=\"_blank\" rel=\"noreferrer noopener\" aria-label=\"hier bereits berichtet (\u00f6ffnet in neuem Tab)\">hier bereits berichtet<\/a>&nbsp;haben.<\/p>\n","protected":false},"excerpt":{"rendered":"<p>Der Hessische Verwaltungsgerichtshof hielt in seinem Beschluss (20.03.2019 \u2013 AZ 2 B 261\/19) fest, dass die Betriebsuntersagung (Fahrverbot) f\u00fcr Fahrzeuge mit Abschalteinrichtung rechtm\u00e4\u00dfig ist, wenn der Fahrzeughalter im Rahmen einer R\u00fcckrufaktion des Herstellers die Entfernung derselben nicht vornehmen l\u00e4sst. Was entschied der VGH? W\u00f6rtlich entschied der VGH, \u201edass die Betriebsuntersagung f\u00fcr ein mit einer unzul\u00e4ssigen [&hellip;]<\/p>\n","protected":false},"author":1,"featured_media":0,"comment_status":"open","ping_status":"open","sticky":false,"template":"","format":"standard","meta":{"footnotes":""},"categories":[31,35],"tags":[4908,4394,4705,926,4909,4773,4911,4910,4774,4906,4907],"class_list":["post-6585","post","type-post","status-publish","format-standard","hentry","category-urteile","category-vertragsrecht","tag-2-b-261-19","tag-abgasskandal","tag-abschalteinrichtung","tag-beschluss","tag-fahrverbot","tag-kba","tag-kraftfahrtbundesamt","tag-rechtmaessig","tag-rueckrufaktion","tag-verwaltungsgerichtshof","tag-vgh"],"yoast_head":"<!-- This site is optimized with the Yoast SEO plugin v25.8 - https:\/\/yoast.com\/wordpress\/plugins\/seo\/ -->\n<title>Abgasskandal: Fahrverbot rechtm\u00e4\u00dfig! | LEGAL SMART Online Blog<\/title>\n<meta name=\"description\" content=\"Achtung, liebe Diesel-Fahrer. Die Fahrverbote sind nach dem aktuellen Beschluss des Hessischen VGH rechtm\u00e4\u00dfig!\" \/>\n<meta name=\"robots\" content=\"index, follow, max-snippet:-1, max-image-preview:large, max-video-preview:-1\" \/>\n<link rel=\"canonical\" href=\"https:\/\/www.legalsmart.de\/blog\/abgasskandal-fahrverbot-rechtmaessig\/\" \/>\n<meta property=\"og:locale\" content=\"de_DE\" \/>\n<meta property=\"og:type\" content=\"article\" \/>\n<meta property=\"og:title\" content=\"Abgasskandal: Fahrverbot rechtm\u00e4\u00dfig! | LEGAL SMART Online Blog\" \/>\n<meta property=\"og:description\" content=\"Achtung, liebe Diesel-Fahrer. Die Fahrverbote sind nach dem aktuellen Beschluss des Hessischen VGH rechtm\u00e4\u00dfig!\" \/>\n<meta property=\"og:url\" content=\"https:\/\/www.legalsmart.de\/blog\/abgasskandal-fahrverbot-rechtmaessig\/\" \/>\n<meta property=\"og:site_name\" content=\"LEGAL SMART Online Blog\" \/>\n<meta property=\"article:author\" content=\"https:\/\/www.facebook.com\/guido.kluck\" \/>\n<meta property=\"article:published_time\" content=\"2019-04-17T08:16:12+00:00\" \/>\n<meta name=\"author\" content=\"Guido Kluck, LL.M.\" \/>\n<meta name=\"twitter:card\" content=\"summary_large_image\" \/>\n<meta name=\"twitter:creator\" content=\"@https:\/\/twitter.com\/kluck\" \/>\n<meta name=\"twitter:label1\" content=\"Verfasst von\" \/>\n\t<meta name=\"twitter:data1\" content=\"Guido Kluck, LL.M.\" \/>\n\t<meta name=\"twitter:label2\" content=\"Gesch\u00e4tzte Lesezeit\" \/>\n\t<meta name=\"twitter:data2\" content=\"2\u00a0Minuten\" \/>\n<script type=\"application\/ld+json\" class=\"yoast-schema-graph\">{\"@context\":\"https:\/\/schema.org\",\"@graph\":[{\"@type\":\"WebPage\",\"@id\":\"https:\/\/www.legalsmart.de\/blog\/abgasskandal-fahrverbot-rechtmaessig\/\",\"url\":\"https:\/\/www.legalsmart.de\/blog\/abgasskandal-fahrverbot-rechtmaessig\/\",\"name\":\"Abgasskandal: Fahrverbot rechtm\u00e4\u00dfig! | LEGAL SMART Online Blog\",\"isPartOf\":{\"@id\":\"https:\/\/www.legalsmart.de\/blog\/#website\"},\"datePublished\":\"2019-04-17T08:16:12+00:00\",\"author\":{\"@id\":\"https:\/\/www.legalsmart.de\/blog\/#\/schema\/person\/0869c669bccbe2e56b149b214913b000\"},\"description\":\"Achtung, liebe Diesel-Fahrer. Die Fahrverbote sind nach dem aktuellen Beschluss des Hessischen VGH rechtm\u00e4\u00dfig!\",\"breadcrumb\":{\"@id\":\"https:\/\/www.legalsmart.de\/blog\/abgasskandal-fahrverbot-rechtmaessig\/#breadcrumb\"},\"inLanguage\":\"de\",\"potentialAction\":[{\"@type\":\"ReadAction\",\"target\":[\"https:\/\/www.legalsmart.de\/blog\/abgasskandal-fahrverbot-rechtmaessig\/\"]}]},{\"@type\":\"BreadcrumbList\",\"@id\":\"https:\/\/www.legalsmart.de\/blog\/abgasskandal-fahrverbot-rechtmaessig\/#breadcrumb\",\"itemListElement\":[{\"@type\":\"ListItem\",\"position\":1,\"name\":\"Startseite\",\"item\":\"https:\/\/www.legalsmart.de\/blog\/\"},{\"@type\":\"ListItem\",\"position\":2,\"name\":\"Abgasskandal: Fahrverbot rechtm\u00e4\u00dfig!\"}]},{\"@type\":\"WebSite\",\"@id\":\"https:\/\/www.legalsmart.de\/blog\/#website\",\"url\":\"https:\/\/www.legalsmart.de\/blog\/\",\"name\":\"LEGAL SMART Online Blog\",\"description\":\"Die innovative Kanzlei\",\"potentialAction\":[{\"@type\":\"SearchAction\",\"target\":{\"@type\":\"EntryPoint\",\"urlTemplate\":\"https:\/\/www.legalsmart.de\/blog\/?s={search_term_string}\"},\"query-input\":{\"@type\":\"PropertyValueSpecification\",\"valueRequired\":true,\"valueName\":\"search_term_string\"}}],\"inLanguage\":\"de\"},{\"@type\":\"Person\",\"@id\":\"https:\/\/www.legalsmart.de\/blog\/#\/schema\/person\/0869c669bccbe2e56b149b214913b000\",\"name\":\"Guido Kluck, LL.M.\",\"image\":{\"@type\":\"ImageObject\",\"inLanguage\":\"de\",\"@id\":\"https:\/\/www.legalsmart.de\/blog\/#\/schema\/person\/image\/\",\"url\":\"https:\/\/www.legalsmart.de\/blog\/wp-content\/uploads\/2018\/09\/cropped-IMG_2698-e1535879860494-96x96.jpg\",\"contentUrl\":\"https:\/\/www.legalsmart.de\/blog\/wp-content\/uploads\/2018\/09\/cropped-IMG_2698-e1535879860494-96x96.jpg\",\"caption\":\"Guido Kluck, LL.M.\"},\"description\":\"Rechtsanwalt Guido Kluck LL.M. ist Partner der Kanzlei LEGAL SMART am Standort Berlin. Er ist Ansprechpartner f\u00fcr das Recht der neuen Medien sowie f\u00fcr die Bereiche Wettbewerbsrecht, Markenrecht, Urheberrecht, IT-Recht, Vertragsrecht und das Datenschutzrecht (DSGVO).\",\"sameAs\":[\"https:\/\/legalsmart.de\/team_kluck.php\",\"https:\/\/www.facebook.com\/guido.kluck\",\"https:\/\/x.com\/https:\/\/twitter.com\/kluck\"]}]}<\/script>\n<!-- \/ Yoast SEO plugin. -->","yoast_head_json":{"title":"Abgasskandal: Fahrverbot rechtm\u00e4\u00dfig! | LEGAL SMART Online Blog","description":"Achtung, liebe Diesel-Fahrer. Die Fahrverbote sind nach dem aktuellen Beschluss des Hessischen VGH rechtm\u00e4\u00dfig!","robots":{"index":"index","follow":"follow","max-snippet":"max-snippet:-1","max-image-preview":"max-image-preview:large","max-video-preview":"max-video-preview:-1"},"canonical":"https:\/\/www.legalsmart.de\/blog\/abgasskandal-fahrverbot-rechtmaessig\/","og_locale":"de_DE","og_type":"article","og_title":"Abgasskandal: Fahrverbot rechtm\u00e4\u00dfig! | LEGAL SMART Online Blog","og_description":"Achtung, liebe Diesel-Fahrer. Die Fahrverbote sind nach dem aktuellen Beschluss des Hessischen VGH rechtm\u00e4\u00dfig!","og_url":"https:\/\/www.legalsmart.de\/blog\/abgasskandal-fahrverbot-rechtmaessig\/","og_site_name":"LEGAL SMART Online Blog","article_author":"https:\/\/www.facebook.com\/guido.kluck","article_published_time":"2019-04-17T08:16:12+00:00","author":"Guido Kluck, LL.M.","twitter_card":"summary_large_image","twitter_creator":"@https:\/\/twitter.com\/kluck","twitter_misc":{"Verfasst von":"Guido Kluck, LL.M.","Gesch\u00e4tzte Lesezeit":"2\u00a0Minuten"},"schema":{"@context":"https:\/\/schema.org","@graph":[{"@type":"WebPage","@id":"https:\/\/www.legalsmart.de\/blog\/abgasskandal-fahrverbot-rechtmaessig\/","url":"https:\/\/www.legalsmart.de\/blog\/abgasskandal-fahrverbot-rechtmaessig\/","name":"Abgasskandal: Fahrverbot rechtm\u00e4\u00dfig! | LEGAL SMART Online Blog","isPartOf":{"@id":"https:\/\/www.legalsmart.de\/blog\/#website"},"datePublished":"2019-04-17T08:16:12+00:00","author":{"@id":"https:\/\/www.legalsmart.de\/blog\/#\/schema\/person\/0869c669bccbe2e56b149b214913b000"},"description":"Achtung, liebe Diesel-Fahrer. Die Fahrverbote sind nach dem aktuellen Beschluss des Hessischen VGH rechtm\u00e4\u00dfig!","breadcrumb":{"@id":"https:\/\/www.legalsmart.de\/blog\/abgasskandal-fahrverbot-rechtmaessig\/#breadcrumb"},"inLanguage":"de","potentialAction":[{"@type":"ReadAction","target":["https:\/\/www.legalsmart.de\/blog\/abgasskandal-fahrverbot-rechtmaessig\/"]}]},{"@type":"BreadcrumbList","@id":"https:\/\/www.legalsmart.de\/blog\/abgasskandal-fahrverbot-rechtmaessig\/#breadcrumb","itemListElement":[{"@type":"ListItem","position":1,"name":"Startseite","item":"https:\/\/www.legalsmart.de\/blog\/"},{"@type":"ListItem","position":2,"name":"Abgasskandal: Fahrverbot rechtm\u00e4\u00dfig!"}]},{"@type":"WebSite","@id":"https:\/\/www.legalsmart.de\/blog\/#website","url":"https:\/\/www.legalsmart.de\/blog\/","name":"LEGAL SMART Online Blog","description":"Die innovative Kanzlei","potentialAction":[{"@type":"SearchAction","target":{"@type":"EntryPoint","urlTemplate":"https:\/\/www.legalsmart.de\/blog\/?s={search_term_string}"},"query-input":{"@type":"PropertyValueSpecification","valueRequired":true,"valueName":"search_term_string"}}],"inLanguage":"de"},{"@type":"Person","@id":"https:\/\/www.legalsmart.de\/blog\/#\/schema\/person\/0869c669bccbe2e56b149b214913b000","name":"Guido Kluck, LL.M.","image":{"@type":"ImageObject","inLanguage":"de","@id":"https:\/\/www.legalsmart.de\/blog\/#\/schema\/person\/image\/","url":"https:\/\/www.legalsmart.de\/blog\/wp-content\/uploads\/2018\/09\/cropped-IMG_2698-e1535879860494-96x96.jpg","contentUrl":"https:\/\/www.legalsmart.de\/blog\/wp-content\/uploads\/2018\/09\/cropped-IMG_2698-e1535879860494-96x96.jpg","caption":"Guido Kluck, LL.M."},"description":"Rechtsanwalt Guido Kluck LL.M. ist Partner der Kanzlei LEGAL SMART am Standort Berlin. Er ist Ansprechpartner f\u00fcr das Recht der neuen Medien sowie f\u00fcr die Bereiche Wettbewerbsrecht, Markenrecht, Urheberrecht, IT-Recht, Vertragsrecht und das Datenschutzrecht (DSGVO).","sameAs":["https:\/\/legalsmart.de\/team_kluck.php","https:\/\/www.facebook.com\/guido.kluck","https:\/\/x.com\/https:\/\/twitter.com\/kluck"]}]}},"_links":{"self":[{"href":"https:\/\/www.legalsmart.de\/blog\/wp-json\/wp\/v2\/posts\/6585","targetHints":{"allow":["GET"]}}],"collection":[{"href":"https:\/\/www.legalsmart.de\/blog\/wp-json\/wp\/v2\/posts"}],"about":[{"href":"https:\/\/www.legalsmart.de\/blog\/wp-json\/wp\/v2\/types\/post"}],"author":[{"embeddable":true,"href":"https:\/\/www.legalsmart.de\/blog\/wp-json\/wp\/v2\/users\/1"}],"replies":[{"embeddable":true,"href":"https:\/\/www.legalsmart.de\/blog\/wp-json\/wp\/v2\/comments?post=6585"}],"version-history":[{"count":2,"href":"https:\/\/www.legalsmart.de\/blog\/wp-json\/wp\/v2\/posts\/6585\/revisions"}],"predecessor-version":[{"id":6601,"href":"https:\/\/www.legalsmart.de\/blog\/wp-json\/wp\/v2\/posts\/6585\/revisions\/6601"}],"wp:attachment":[{"href":"https:\/\/www.legalsmart.de\/blog\/wp-json\/wp\/v2\/media?parent=6585"}],"wp:term":[{"taxonomy":"category","embeddable":true,"href":"https:\/\/www.legalsmart.de\/blog\/wp-json\/wp\/v2\/categories?post=6585"},{"taxonomy":"post_tag","embeddable":true,"href":"https:\/\/www.legalsmart.de\/blog\/wp-json\/wp\/v2\/tags?post=6585"}],"curies":[{"name":"wp","href":"https:\/\/api.w.org\/{rel}","templated":true}]}}