{"id":6605,"date":"2019-04-15T14:59:06","date_gmt":"2019-04-15T12:59:06","guid":{"rendered":"https:\/\/www.legalsmart.de\/blog\/?p=6605"},"modified":"2019-04-15T14:59:08","modified_gmt":"2019-04-15T12:59:08","slug":"die-folgen-der-eu-urheberrechtsreform","status":"publish","type":"post","link":"https:\/\/www.legalsmart.de\/blog\/die-folgen-der-eu-urheberrechtsreform\/","title":{"rendered":"Die Folgen der EU-Urheberrechtsreform"},"content":{"rendered":"\n<p>Vor allem \u201eArtikel 13\u201c war in den letzten Wochen immer\nwieder Diskussionsthema. Er geh\u00f6rt zur Urheberrechtsreform der EU. Heute hat\nder EU-Ministerrat der \u201eRichtlinie \u00fcber das Urheberrecht im digitalen\nBinnenmarkt&#8220; zugestimmt, was bedeutet: Die Richtlinie muss von den\nMitgliedsstaaten der EU umgesetzt werden. Doch was bedeutet das f\u00fcr das\nInternet und seine User?<\/p>\n\n\n\n<h2 class=\"wp-block-heading\"><strong>Worum geht es in der\nRichtlinie?<\/strong><\/h2>\n\n\n\n<p>Die Richtlinie zur Urheberrechtsreform soll einheitliche Regeln\nf\u00fcr die Verwertung und Verwendung urheberrechtlich gesch\u00fctzter Werke im\nInternet aufstellen. Die Rechte der Urheber sollen damit gest\u00e4rkt werden. Unter\nanderem soll Artikel 17, ehemals Artikel 13, daf\u00fcr sorgen, dass kommerzielle\nPlattformen pr\u00fcfen m\u00fcssen, ob die hochgeladenen Inhalte urheberrechtlich\ngesch\u00fctzt sind. Die zur \u00dcberpr\u00fcfung der Inhalte vorgeschlagenen und\ngef\u00fcrchteten Upload-Filter sorgt in letzter Zeit immer wieder f\u00fcr Proteste.<\/p>\n\n\n\n<h2 class=\"wp-block-heading\"><strong>Was sind\nUpload-Filter?<\/strong><\/h2>\n\n\n\n<p>Kritiker bef\u00fcrchten, dass Artikel 13 (heute Artikel 17) die\nEinf\u00fchrung von Upload-Filtern mit sich bringt. Eigentlich soll diese Norm daf\u00fcr\nsorgen, dass Plattformen, die mit fremden Inhalten Geld verdienen, Lizenzen\nerwerben m\u00fcssen, damit die Urheber Geld f\u00fcr ihre Arbeit erhalten. Die Pr\u00fcfung\nder Inhalte hat also einen verst\u00e4ndlichen Beweggrund, die Umsetzung k\u00f6nnte aber\neine Art Zensur f\u00fcr das Internet bedeuten. Das liegt daran, dass die\nPlattformen eine Software entwickeln m\u00fcssen, um die gro\u00dfen Mengen an Inhalten \u00fcberhaupt\npr\u00fcfen zu k\u00f6nnen. Es ist nicht vorstellbar, dass die Millionen Videos, die\njeden Tag bei YouTube hochgeladen werden, von Menschenhand \u00fcberpr\u00fcft werden.\nDiese Software k\u00f6nnte aber viele Inhalte zu Unrecht blockieren, weil sie nicht\nperfekt arbeiten wird eher zu viel aussortieren wird als zu wenig, weil die\nSeitenbetreiber n\u00e4mlich f\u00fcr die Inhalte haften m\u00fcssen. Die Richtlinie verlangt,\ndass sie alle Anstrengungen unternehmen, um Urheberrechtsverletzungen zu\nverhindern. <\/p>\n\n\n\n<h2 class=\"wp-block-heading\"><strong>Was wird sich durch\ndie Umsetzung der Richtlinie \u00e4ndern?<\/strong><\/h2>\n\n\n\n<p>Die konkreten Folgen f\u00fcr das Internet lassen sich jetzt\nnoch nicht absch\u00e4tzen. Der Gedanke der fairen Bezahlung fremder Inhalte bringt\neine gro\u00dfe technische Herausforderung mit sich. Es bleibt abzuwarten, wie\nakkurat und fehlerfrei die Software zur Erkennung urheberrechtlich gesch\u00fctzter\nInhalte arbeiten wird. Anzumerken ist auch, dass die EU nicht an einer\nZensierung des Internets interessiert ist und die Folgen hoffentlich weniger\nschlimm ausfallen, als erwartet.<\/p>\n\n\n\n<h2 class=\"wp-block-heading\"><strong>Wie und wann wird\ndie Richtlinie in Deutschland umgesetzt?<\/strong><\/h2>\n\n\n\n<p>Deutschland spricht sich, gerade nach den starken Protesten der Bundesb\u00fcrger gegen einen Upload-Filter aus. In der <a rel=\"noreferrer noopener\" aria-label=\"Erkl\u00e4rung zur Richtlinie (\u00f6ffnet in neuem Tab)\" href=\"https:\/\/www.parlament.gv.at\/PAKT\/EU\/XXVI\/EU\/06\/18\/EU_61832\/imfname_10895457.pdf\" target=\"_blank\">Erkl\u00e4rung zur Richtlinie<\/a> hei\u00dft es: <\/p>\n\n\n\n<p>\u201e<em>Nach Artikel 17 Absatz 10 ist die Europ\u00e4ische Kommission verpflichtet,\neinen Dialog mit allen betroffenen Interessengruppen zu f\u00fchren, um Leitlinien\nzur Anwendung des Artikels 17 zu entwickeln. Die Vorschrift fordert\nausdr\u00fccklich, die Ausgewogenheit zwischen den Grundrechten sowie die M\u00f6glichkeit\nzu wahren, gesch\u00fctzte Inhalte im Rahmen gesetzlicher Erlaubnisse auf\nUpload-Plattformen zu nutzen.<\/em> <em>Die\nBundesregierung geht deshalb davon aus, dass dieser Dialog vom Geist getragen\nist, eine angemessene Verg\u00fctung der Kreativen zu gew\u00e4hrleisten, \u201eUploadfilter\u201c\nnach M\u00f6glichkeit zu verhindern, die Meinungsfreiheit sicherzustellen und die\nNutzerrechte zu wahren. [\u2026]<\/em> <em>Au\u00dferdem\nist klar: Upload-Plattformen sollen auch k\u00fcnftig als freie, unzensierte Kommunikationskan\u00e4le\nf\u00fcr die Zivilgesellschaft zur Verf\u00fcgung stehen.<\/em>\u201c<\/p>\n\n\n\n<p>Die deutsche Bundesregierung\nsetzt sich also f\u00fcr eine einheitliche Umsetzung der Richtlinie ein, die die\nMeinungsfreiheit m\u00f6glichst wenig einschr\u00e4nkt. Innerhalb von zwei Jahren muss\nDeutschland ein Gesetz erlassen, welches die Vorgaben der Richtlinie umsetzt.<\/p>\n","protected":false},"excerpt":{"rendered":"<p>Vor allem \u201eArtikel 13\u201c war in den letzten Wochen immer wieder Diskussionsthema. Er geh\u00f6rt zur Urheberrechtsreform der EU. Heute hat der EU-Ministerrat der \u201eRichtlinie \u00fcber das Urheberrecht im digitalen Binnenmarkt&#8220; zugestimmt, was bedeutet: Die Richtlinie muss von den Mitgliedsstaaten der EU umgesetzt werden. Doch was bedeutet das f\u00fcr das Internet und seine User? Worum geht [&hellip;]<\/p>\n","protected":false},"author":1,"featured_media":0,"comment_status":"open","ping_status":"open","sticky":false,"template":"","format":"standard","meta":{"footnotes":""},"categories":[29],"tags":[4918,4916,1488,4919,4917,3607,4060],"class_list":["post-6605","post","type-post","status-publish","format-standard","hentry","category-urheberrecht","tag-artikel-13","tag-dsk","tag-facebook","tag-richtlinie-ueber-das-urheberrecht-im-digitalen-binnenmarkt","tag-upload-filter","tag-urheberrecht","tag-youtube"],"yoast_head":"<!-- This site is optimized with the Yoast SEO plugin v25.8 - https:\/\/yoast.com\/wordpress\/plugins\/seo\/ -->\n<title>Die Folgen der EU-Urheberrechtsreform | LEGAL SMART Online Blog<\/title>\n<meta name=\"description\" content=\"Wir erkl\u00e4ren, was die heutige Zustimmung des EU-Ministerrates f\u00fcr Auswirkungen auf das Internet hat und ob eine Zensur zu bef\u00fcrchten ist.\" \/>\n<meta name=\"robots\" content=\"index, follow, max-snippet:-1, max-image-preview:large, max-video-preview:-1\" \/>\n<link rel=\"canonical\" href=\"https:\/\/www.legalsmart.de\/blog\/die-folgen-der-eu-urheberrechtsreform\/\" \/>\n<meta property=\"og:locale\" content=\"de_DE\" \/>\n<meta property=\"og:type\" content=\"article\" \/>\n<meta property=\"og:title\" content=\"Die Folgen der EU-Urheberrechtsreform | LEGAL SMART Online Blog\" \/>\n<meta property=\"og:description\" content=\"Wir erkl\u00e4ren, was die heutige Zustimmung des EU-Ministerrates f\u00fcr Auswirkungen auf das Internet hat und ob eine Zensur zu bef\u00fcrchten ist.\" \/>\n<meta property=\"og:url\" content=\"https:\/\/www.legalsmart.de\/blog\/die-folgen-der-eu-urheberrechtsreform\/\" \/>\n<meta property=\"og:site_name\" content=\"LEGAL SMART Online Blog\" \/>\n<meta property=\"article:author\" content=\"https:\/\/www.facebook.com\/guido.kluck\" \/>\n<meta property=\"article:published_time\" content=\"2019-04-15T12:59:06+00:00\" \/>\n<meta property=\"article:modified_time\" content=\"2019-04-15T12:59:08+00:00\" \/>\n<meta name=\"author\" content=\"Guido Kluck, LL.M.\" \/>\n<meta name=\"twitter:card\" content=\"summary_large_image\" \/>\n<meta name=\"twitter:creator\" content=\"@https:\/\/twitter.com\/kluck\" \/>\n<meta name=\"twitter:label1\" content=\"Verfasst von\" \/>\n\t<meta name=\"twitter:data1\" content=\"Guido Kluck, LL.M.\" \/>\n\t<meta name=\"twitter:label2\" content=\"Gesch\u00e4tzte Lesezeit\" \/>\n\t<meta name=\"twitter:data2\" content=\"3\u00a0Minuten\" \/>\n<script type=\"application\/ld+json\" class=\"yoast-schema-graph\">{\"@context\":\"https:\/\/schema.org\",\"@graph\":[{\"@type\":\"WebPage\",\"@id\":\"https:\/\/www.legalsmart.de\/blog\/die-folgen-der-eu-urheberrechtsreform\/\",\"url\":\"https:\/\/www.legalsmart.de\/blog\/die-folgen-der-eu-urheberrechtsreform\/\",\"name\":\"Die Folgen der EU-Urheberrechtsreform | LEGAL SMART Online Blog\",\"isPartOf\":{\"@id\":\"https:\/\/www.legalsmart.de\/blog\/#website\"},\"datePublished\":\"2019-04-15T12:59:06+00:00\",\"dateModified\":\"2019-04-15T12:59:08+00:00\",\"author\":{\"@id\":\"https:\/\/www.legalsmart.de\/blog\/#\/schema\/person\/0869c669bccbe2e56b149b214913b000\"},\"description\":\"Wir erkl\u00e4ren, was die heutige Zustimmung des EU-Ministerrates f\u00fcr Auswirkungen auf das Internet hat und ob eine Zensur zu bef\u00fcrchten ist.\",\"breadcrumb\":{\"@id\":\"https:\/\/www.legalsmart.de\/blog\/die-folgen-der-eu-urheberrechtsreform\/#breadcrumb\"},\"inLanguage\":\"de\",\"potentialAction\":[{\"@type\":\"ReadAction\",\"target\":[\"https:\/\/www.legalsmart.de\/blog\/die-folgen-der-eu-urheberrechtsreform\/\"]}]},{\"@type\":\"BreadcrumbList\",\"@id\":\"https:\/\/www.legalsmart.de\/blog\/die-folgen-der-eu-urheberrechtsreform\/#breadcrumb\",\"itemListElement\":[{\"@type\":\"ListItem\",\"position\":1,\"name\":\"Startseite\",\"item\":\"https:\/\/www.legalsmart.de\/blog\/\"},{\"@type\":\"ListItem\",\"position\":2,\"name\":\"Die Folgen der EU-Urheberrechtsreform\"}]},{\"@type\":\"WebSite\",\"@id\":\"https:\/\/www.legalsmart.de\/blog\/#website\",\"url\":\"https:\/\/www.legalsmart.de\/blog\/\",\"name\":\"LEGAL SMART Online Blog\",\"description\":\"Die innovative Kanzlei\",\"potentialAction\":[{\"@type\":\"SearchAction\",\"target\":{\"@type\":\"EntryPoint\",\"urlTemplate\":\"https:\/\/www.legalsmart.de\/blog\/?s={search_term_string}\"},\"query-input\":{\"@type\":\"PropertyValueSpecification\",\"valueRequired\":true,\"valueName\":\"search_term_string\"}}],\"inLanguage\":\"de\"},{\"@type\":\"Person\",\"@id\":\"https:\/\/www.legalsmart.de\/blog\/#\/schema\/person\/0869c669bccbe2e56b149b214913b000\",\"name\":\"Guido Kluck, LL.M.\",\"image\":{\"@type\":\"ImageObject\",\"inLanguage\":\"de\",\"@id\":\"https:\/\/www.legalsmart.de\/blog\/#\/schema\/person\/image\/\",\"url\":\"https:\/\/www.legalsmart.de\/blog\/wp-content\/uploads\/2018\/09\/cropped-IMG_2698-e1535879860494-96x96.jpg\",\"contentUrl\":\"https:\/\/www.legalsmart.de\/blog\/wp-content\/uploads\/2018\/09\/cropped-IMG_2698-e1535879860494-96x96.jpg\",\"caption\":\"Guido Kluck, LL.M.\"},\"description\":\"Rechtsanwalt Guido Kluck LL.M. ist Partner der Kanzlei LEGAL SMART am Standort Berlin. Er ist Ansprechpartner f\u00fcr das Recht der neuen Medien sowie f\u00fcr die Bereiche Wettbewerbsrecht, Markenrecht, Urheberrecht, IT-Recht, Vertragsrecht und das Datenschutzrecht (DSGVO).\",\"sameAs\":[\"https:\/\/legalsmart.de\/team_kluck.php\",\"https:\/\/www.facebook.com\/guido.kluck\",\"https:\/\/x.com\/https:\/\/twitter.com\/kluck\"]}]}<\/script>\n<!-- \/ Yoast SEO plugin. -->","yoast_head_json":{"title":"Die Folgen der EU-Urheberrechtsreform | LEGAL SMART Online Blog","description":"Wir erkl\u00e4ren, was die heutige Zustimmung des EU-Ministerrates f\u00fcr Auswirkungen auf das Internet hat und ob eine Zensur zu bef\u00fcrchten ist.","robots":{"index":"index","follow":"follow","max-snippet":"max-snippet:-1","max-image-preview":"max-image-preview:large","max-video-preview":"max-video-preview:-1"},"canonical":"https:\/\/www.legalsmart.de\/blog\/die-folgen-der-eu-urheberrechtsreform\/","og_locale":"de_DE","og_type":"article","og_title":"Die Folgen der EU-Urheberrechtsreform | LEGAL SMART Online Blog","og_description":"Wir erkl\u00e4ren, was die heutige Zustimmung des EU-Ministerrates f\u00fcr Auswirkungen auf das Internet hat und ob eine Zensur zu bef\u00fcrchten ist.","og_url":"https:\/\/www.legalsmart.de\/blog\/die-folgen-der-eu-urheberrechtsreform\/","og_site_name":"LEGAL SMART Online Blog","article_author":"https:\/\/www.facebook.com\/guido.kluck","article_published_time":"2019-04-15T12:59:06+00:00","article_modified_time":"2019-04-15T12:59:08+00:00","author":"Guido Kluck, LL.M.","twitter_card":"summary_large_image","twitter_creator":"@https:\/\/twitter.com\/kluck","twitter_misc":{"Verfasst von":"Guido Kluck, LL.M.","Gesch\u00e4tzte Lesezeit":"3\u00a0Minuten"},"schema":{"@context":"https:\/\/schema.org","@graph":[{"@type":"WebPage","@id":"https:\/\/www.legalsmart.de\/blog\/die-folgen-der-eu-urheberrechtsreform\/","url":"https:\/\/www.legalsmart.de\/blog\/die-folgen-der-eu-urheberrechtsreform\/","name":"Die Folgen der EU-Urheberrechtsreform | LEGAL SMART Online Blog","isPartOf":{"@id":"https:\/\/www.legalsmart.de\/blog\/#website"},"datePublished":"2019-04-15T12:59:06+00:00","dateModified":"2019-04-15T12:59:08+00:00","author":{"@id":"https:\/\/www.legalsmart.de\/blog\/#\/schema\/person\/0869c669bccbe2e56b149b214913b000"},"description":"Wir erkl\u00e4ren, was die heutige Zustimmung des EU-Ministerrates f\u00fcr Auswirkungen auf das Internet hat und ob eine Zensur zu bef\u00fcrchten ist.","breadcrumb":{"@id":"https:\/\/www.legalsmart.de\/blog\/die-folgen-der-eu-urheberrechtsreform\/#breadcrumb"},"inLanguage":"de","potentialAction":[{"@type":"ReadAction","target":["https:\/\/www.legalsmart.de\/blog\/die-folgen-der-eu-urheberrechtsreform\/"]}]},{"@type":"BreadcrumbList","@id":"https:\/\/www.legalsmart.de\/blog\/die-folgen-der-eu-urheberrechtsreform\/#breadcrumb","itemListElement":[{"@type":"ListItem","position":1,"name":"Startseite","item":"https:\/\/www.legalsmart.de\/blog\/"},{"@type":"ListItem","position":2,"name":"Die Folgen der EU-Urheberrechtsreform"}]},{"@type":"WebSite","@id":"https:\/\/www.legalsmart.de\/blog\/#website","url":"https:\/\/www.legalsmart.de\/blog\/","name":"LEGAL SMART Online Blog","description":"Die innovative Kanzlei","potentialAction":[{"@type":"SearchAction","target":{"@type":"EntryPoint","urlTemplate":"https:\/\/www.legalsmart.de\/blog\/?s={search_term_string}"},"query-input":{"@type":"PropertyValueSpecification","valueRequired":true,"valueName":"search_term_string"}}],"inLanguage":"de"},{"@type":"Person","@id":"https:\/\/www.legalsmart.de\/blog\/#\/schema\/person\/0869c669bccbe2e56b149b214913b000","name":"Guido Kluck, LL.M.","image":{"@type":"ImageObject","inLanguage":"de","@id":"https:\/\/www.legalsmart.de\/blog\/#\/schema\/person\/image\/","url":"https:\/\/www.legalsmart.de\/blog\/wp-content\/uploads\/2018\/09\/cropped-IMG_2698-e1535879860494-96x96.jpg","contentUrl":"https:\/\/www.legalsmart.de\/blog\/wp-content\/uploads\/2018\/09\/cropped-IMG_2698-e1535879860494-96x96.jpg","caption":"Guido Kluck, LL.M."},"description":"Rechtsanwalt Guido Kluck LL.M. ist Partner der Kanzlei LEGAL SMART am Standort Berlin. Er ist Ansprechpartner f\u00fcr das Recht der neuen Medien sowie f\u00fcr die Bereiche Wettbewerbsrecht, Markenrecht, Urheberrecht, IT-Recht, Vertragsrecht und das Datenschutzrecht (DSGVO).","sameAs":["https:\/\/legalsmart.de\/team_kluck.php","https:\/\/www.facebook.com\/guido.kluck","https:\/\/x.com\/https:\/\/twitter.com\/kluck"]}]}},"_links":{"self":[{"href":"https:\/\/www.legalsmart.de\/blog\/wp-json\/wp\/v2\/posts\/6605","targetHints":{"allow":["GET"]}}],"collection":[{"href":"https:\/\/www.legalsmart.de\/blog\/wp-json\/wp\/v2\/posts"}],"about":[{"href":"https:\/\/www.legalsmart.de\/blog\/wp-json\/wp\/v2\/types\/post"}],"author":[{"embeddable":true,"href":"https:\/\/www.legalsmart.de\/blog\/wp-json\/wp\/v2\/users\/1"}],"replies":[{"embeddable":true,"href":"https:\/\/www.legalsmart.de\/blog\/wp-json\/wp\/v2\/comments?post=6605"}],"version-history":[{"count":1,"href":"https:\/\/www.legalsmart.de\/blog\/wp-json\/wp\/v2\/posts\/6605\/revisions"}],"predecessor-version":[{"id":6606,"href":"https:\/\/www.legalsmart.de\/blog\/wp-json\/wp\/v2\/posts\/6605\/revisions\/6606"}],"wp:attachment":[{"href":"https:\/\/www.legalsmart.de\/blog\/wp-json\/wp\/v2\/media?parent=6605"}],"wp:term":[{"taxonomy":"category","embeddable":true,"href":"https:\/\/www.legalsmart.de\/blog\/wp-json\/wp\/v2\/categories?post=6605"},{"taxonomy":"post_tag","embeddable":true,"href":"https:\/\/www.legalsmart.de\/blog\/wp-json\/wp\/v2\/tags?post=6605"}],"curies":[{"name":"wp","href":"https:\/\/api.w.org\/{rel}","templated":true}]}}