{"id":6607,"date":"2019-04-18T10:02:34","date_gmt":"2019-04-18T08:02:34","guid":{"rendered":"https:\/\/www.legalsmart.de\/blog\/?p=6607"},"modified":"2019-09-13T13:51:14","modified_gmt":"2019-09-13T11:51:14","slug":"facebook-fanpages-rechtswidrig","status":"publish","type":"post","link":"https:\/\/www.legalsmart.de\/blog\/facebook-fanpages-rechtswidrig\/","title":{"rendered":"Facebook: Fanseiten rechtswidrig!"},"content":{"rendered":"\n<p>Im letzten Jahr hat der Europ\u00e4ische Gerichtshof (EuGH) eine umstrittene Entscheidung zur datenschutzrechtlichen Verantwortlichkeit Facebook-Fanseite getroffen. Seit dem sind viele Betreiber einer Facebook-Fanseite verunsichert, ob sie diese \u00fcberhaupt noch fortf\u00fchren k\u00f6nnen. Viele Unternehmen, Vereine etc. haben aufgrund dieses Urteils unverz\u00fcglich die Facebook-Fanseite deaktiviert. Sie haben Angst vor Inanspruchnahmen oder Bu\u00dfgeldern durch die Landesdatenschutzbeh\u00f6rden hatten. Nun hat sich die Konferenz der unabh\u00e4ngigen Datenschutzaufsichtsbeh\u00f6rden des Bundes und der L\u00e4nder (DSK) zur <a rel=\"noreferrer noopener\" href=\"https:\/\/www.datenschutz.rlp.de\/fileadmin\/lfdi\/Dokumente\/Orientierungshilfen\/Positionierung_Facebook_Fanpages.pdf?fbclid=IwAR34PsTad-zURPriHzyW3QLMUpCsRV8HMzI_3BTC1YDMjIyrIIswEpq9uoQ\" target=\"_blank\">Verantwortlichkeit f\u00fcr Facebook-Fanseiten mit einem erschreckenden Fazit ge\u00e4u\u00dfert.<\/a><\/p>\n\n\n\n<h2 class=\"wp-block-heading\"><strong>Was bedeutet die Entscheidung des EuGH f\u00fcr die Fanseiten-Betreiber?<\/strong><\/h2>\n\n\n\n<p>Der EuGH (Urt. v. 05.06.2018, Rs. <a href=\"https:\/\/dejure.org\/dienste\/vernetzung\/rechtsprechung?Text=C-210\/16\" title=\"C-210\/16 (2 zugeordnete Entscheidungen)\">C-210\/16<\/a>) nimmt f\u00fcr die Verarbeitung der Nutzerdaten die Betreiber und Facebook gemeinsam in die Verantwortung. Die Betreiber erhalten von Facebook n\u00e4mlich die M\u00f6glichkeit, \u00fcber \u201eSeiten-Insights\u201c anonymisierte Daten \u00fcber die Nutzer der Fanseiten abzurufen. Diese Daten werden \u00fcber Cookies bei den Nutzern gesammelt. Den Betreibern soll durch die Statistiken eine besseren Vermarktung ihrer T\u00e4tigkeit erm\u00f6glicht werden. Facebook wiederum nutzt die Daten f\u00fcr die Verbesserung seines Werbesystems.<\/p>\n\n\n\n<p>Das gro\u00dfe Problem f\u00fcr die Betreiber der Fanseiten ist, dass sie Facebook Insight nicht abschalten k\u00f6nnen. Sie sammeln mit ihrer Fanpseitendaher automatisch Daten. Daher m\u00fcssten sie die Nutzer \u00fcber die Verarbeitung von Daten informieren. Das aber k\u00f6nnen sie nicht, weil sie selbst nicht wissen, in welchem Rahmen Facebook die Daten auswertet und speichert. Die gemeinsame Verantwortlichkeit soll laut EuGH zu einer besseren Umsetzung der EU-Datenschutzrichtlinie beitragen. Dadurch soll  ein guter Schutz der Grundfreiheiten und Grundrechte nat\u00fcrlicher Personen erreichen werden.<\/p>\n\n\n\n<p>Wenn die Fanseiten-Betreiber aber nicht \u00fcber die Verarbeitung und Speicherung der erhobenen Daten informieren k\u00f6nnen, drohen Abmahnungen wegen Nichteinhaltung der DSGVO. Somit bleibt eigentlich nur die Deaktivierung der Seiten, zumindest bis Facebook und die Fanseiten-Betreiber nachgebessern. So lautet zumindest das Fazit der DSK.<\/p>\n\n\n\n<h2 class=\"wp-block-heading\"><strong>Was m\u00fcsste Facebook\ntun?<\/strong><\/h2>\n\n\n\n<p>Facebook m\u00fcsste seiner Rechenschaftspflicht nachkommen. Es gibt inzwischen zwar <a rel=\"noreferrer noopener\" aria-label=\"Info-Seiten von Facebook \u00fcber Insights (\u00f6ffnet in neuem Tab)\" href=\"https:\/\/www.facebook.com\/legal\/terms\/page_controller_addendum\" target=\"_blank\">Info-Seiten von Facebook \u00fcber Insights<\/a>, die aber der gemeinsamen Verantwortlichkeit gem\u00e4\u00df <a href=\"https:\/\/dejure.org\/gesetze\/DSGVO\/26.html\" title=\"Art. 26 DSGVO: Gemeinsam Verantwortliche\">Art. 26 DSGVO<\/a> nicht entsprechen, so die DSK. Dass sich Facebook bez\u00fcglich der Datenverarbeitung die alleinige Entscheidungskompetenz zuschreibt, versto\u00dfe gegen diese Norm. Au\u00dferdem seien die Infos nicht \u201ehinreichend transparent und konkret\u201c, sodass die Betreiber nun immer noch nicht wissen, ob die Verarbeitung der Daten rechtskonform erfolgt oder nicht. Die DSK verlangt von Facebook eine Nachbesserung und von den Fanpage-Betreibern, dass sie ihrer Verantwortlichkeit gerecht werden.<\/p>\n\n\n\n<h2 class=\"wp-block-heading\"><strong>Was m\u00fcssen Fanpage-Betreiber tun?<\/strong><\/h2>\n\n\n\n<p>Die momentane Situation ist f\u00fcr alle Beteiligten unbefriedigend und es muss dringend eine L\u00f6sung gefunden werden. Hier ist vor allem Facebook in der Pflicht, denn nur das Unternehmen selbst wei\u00df, wie es Daten verarbeitet. Eine sicherere L\u00f6sung als das Deaktivieren der eigenen Facebook-Fanseiten gibt es momentan leider nicht. Dies ist nun aber nicht der Sinn der Sache. Die Fanseiten-Betreiber sollten jedenfalls dringend in ihre Datenschutzerkl\u00e4rungen schauen, um zu \u00fcberpr\u00fcfen, ob sie auf die Verwendung und Verarbeitung der Nutzerdaten hinweisen und sollten zudem auf die Facebook-Datenschutzbestimmungen verlinken. <\/p>\n\n\n\n<p>Gleichzeitig sollten Betreiber einer Facebook-Fanseiten nicht in unn\u00f6tigen Aktionismus verfallen. Indem sich die DSK hier zun\u00e4chst mit weiteren Forderungen an Facebook wendet, scheint ihr Fokus gerade nicht auf den Betreibern der Fanseiten zu liegen. Au\u00dferdem hat die DSK anklingen lassen, dass sich zun\u00e4chst an \u00f6ffentliche Stellen, die eine Facebook-Fanseiten betreiben, wenden w\u00fcrde, falls sie dies \u00fcberhaupt tun w\u00fcrde.<\/p>\n","protected":false},"excerpt":{"rendered":"<p>Im letzten Jahr hat der Europ\u00e4ische Gerichtshof (EuGH) eine umstrittene Entscheidung zur datenschutzrechtlichen Verantwortlichkeit Facebook-Fanseite getroffen. Seit dem sind viele Betreiber einer Facebook-Fanseite verunsichert, ob sie diese \u00fcberhaupt noch fortf\u00fchren k\u00f6nnen. Viele Unternehmen, Vereine etc. haben aufgrund dieses Urteils unverz\u00fcglich die Facebook-Fanseite deaktiviert. Sie haben Angst vor Inanspruchnahmen oder Bu\u00dfgeldern durch die Landesdatenschutzbeh\u00f6rden hatten. Nun [&hellip;]<\/p>\n","protected":false},"author":1,"featured_media":0,"comment_status":"open","ping_status":"open","sticky":false,"template":"","format":"standard","meta":{"footnotes":""},"categories":[7,27],"tags":[4573,1199,4920,4419,4916,1465,1488,4921,4922,4923],"class_list":["post-6607","post","type-post","status-publish","format-standard","hentry","category-datenschutz-medienrecht","category-social-media-recht","tag-c-210-16","tag-datenschutz","tag-datenschutzkonferenz","tag-dsgvo","tag-dsk","tag-eugh","tag-facebook","tag-fanpages","tag-fanseite","tag-insights"],"yoast_head":"<!-- This site is optimized with the Yoast SEO plugin v25.8 - https:\/\/yoast.com\/wordpress\/plugins\/seo\/ -->\n<title>Facebook: Fanseiten rechtswidrig! | LEGAL SMART Online Blog<\/title>\n<meta name=\"description\" content=\"Facebook-Fanpage-Betreiber m\u00fcssen aufpassen! Die Fanseiten verletzen das Datenschutzrecht. Wir erkl\u00e4ren, was nun zu tun ist.\" \/>\n<meta name=\"robots\" content=\"index, follow, max-snippet:-1, max-image-preview:large, max-video-preview:-1\" \/>\n<link rel=\"canonical\" href=\"https:\/\/www.legalsmart.de\/blog\/facebook-fanpages-rechtswidrig\/\" \/>\n<meta property=\"og:locale\" content=\"de_DE\" \/>\n<meta property=\"og:type\" content=\"article\" \/>\n<meta property=\"og:title\" content=\"Facebook: Fanseiten rechtswidrig! | LEGAL SMART Online Blog\" \/>\n<meta property=\"og:description\" content=\"Facebook-Fanpage-Betreiber m\u00fcssen aufpassen! Die Fanseiten verletzen das Datenschutzrecht. Wir erkl\u00e4ren, was nun zu tun ist.\" \/>\n<meta property=\"og:url\" content=\"https:\/\/www.legalsmart.de\/blog\/facebook-fanpages-rechtswidrig\/\" \/>\n<meta property=\"og:site_name\" content=\"LEGAL SMART Online Blog\" \/>\n<meta property=\"article:author\" content=\"https:\/\/www.facebook.com\/guido.kluck\" \/>\n<meta property=\"article:published_time\" content=\"2019-04-18T08:02:34+00:00\" \/>\n<meta property=\"article:modified_time\" content=\"2019-09-13T11:51:14+00:00\" \/>\n<meta name=\"author\" content=\"Guido Kluck, LL.M.\" \/>\n<meta name=\"twitter:card\" content=\"summary_large_image\" \/>\n<meta name=\"twitter:creator\" content=\"@https:\/\/twitter.com\/kluck\" \/>\n<meta name=\"twitter:label1\" content=\"Verfasst von\" \/>\n\t<meta name=\"twitter:data1\" content=\"Guido Kluck, LL.M.\" \/>\n\t<meta name=\"twitter:label2\" content=\"Gesch\u00e4tzte Lesezeit\" \/>\n\t<meta name=\"twitter:data2\" content=\"3\u00a0Minuten\" \/>\n<script type=\"application\/ld+json\" class=\"yoast-schema-graph\">{\"@context\":\"https:\/\/schema.org\",\"@graph\":[{\"@type\":\"WebPage\",\"@id\":\"https:\/\/www.legalsmart.de\/blog\/facebook-fanpages-rechtswidrig\/\",\"url\":\"https:\/\/www.legalsmart.de\/blog\/facebook-fanpages-rechtswidrig\/\",\"name\":\"Facebook: Fanseiten rechtswidrig! | LEGAL SMART Online Blog\",\"isPartOf\":{\"@id\":\"https:\/\/www.legalsmart.de\/blog\/#website\"},\"datePublished\":\"2019-04-18T08:02:34+00:00\",\"dateModified\":\"2019-09-13T11:51:14+00:00\",\"author\":{\"@id\":\"https:\/\/www.legalsmart.de\/blog\/#\/schema\/person\/0869c669bccbe2e56b149b214913b000\"},\"description\":\"Facebook-Fanpage-Betreiber m\u00fcssen aufpassen! Die Fanseiten verletzen das Datenschutzrecht. Wir erkl\u00e4ren, was nun zu tun ist.\",\"breadcrumb\":{\"@id\":\"https:\/\/www.legalsmart.de\/blog\/facebook-fanpages-rechtswidrig\/#breadcrumb\"},\"inLanguage\":\"de\",\"potentialAction\":[{\"@type\":\"ReadAction\",\"target\":[\"https:\/\/www.legalsmart.de\/blog\/facebook-fanpages-rechtswidrig\/\"]}]},{\"@type\":\"BreadcrumbList\",\"@id\":\"https:\/\/www.legalsmart.de\/blog\/facebook-fanpages-rechtswidrig\/#breadcrumb\",\"itemListElement\":[{\"@type\":\"ListItem\",\"position\":1,\"name\":\"Startseite\",\"item\":\"https:\/\/www.legalsmart.de\/blog\/\"},{\"@type\":\"ListItem\",\"position\":2,\"name\":\"Facebook: Fanseiten rechtswidrig!\"}]},{\"@type\":\"WebSite\",\"@id\":\"https:\/\/www.legalsmart.de\/blog\/#website\",\"url\":\"https:\/\/www.legalsmart.de\/blog\/\",\"name\":\"LEGAL SMART Online Blog\",\"description\":\"Die innovative Kanzlei\",\"potentialAction\":[{\"@type\":\"SearchAction\",\"target\":{\"@type\":\"EntryPoint\",\"urlTemplate\":\"https:\/\/www.legalsmart.de\/blog\/?s={search_term_string}\"},\"query-input\":{\"@type\":\"PropertyValueSpecification\",\"valueRequired\":true,\"valueName\":\"search_term_string\"}}],\"inLanguage\":\"de\"},{\"@type\":\"Person\",\"@id\":\"https:\/\/www.legalsmart.de\/blog\/#\/schema\/person\/0869c669bccbe2e56b149b214913b000\",\"name\":\"Guido Kluck, LL.M.\",\"image\":{\"@type\":\"ImageObject\",\"inLanguage\":\"de\",\"@id\":\"https:\/\/www.legalsmart.de\/blog\/#\/schema\/person\/image\/\",\"url\":\"https:\/\/www.legalsmart.de\/blog\/wp-content\/uploads\/2018\/09\/cropped-IMG_2698-e1535879860494-96x96.jpg\",\"contentUrl\":\"https:\/\/www.legalsmart.de\/blog\/wp-content\/uploads\/2018\/09\/cropped-IMG_2698-e1535879860494-96x96.jpg\",\"caption\":\"Guido Kluck, LL.M.\"},\"description\":\"Rechtsanwalt Guido Kluck LL.M. ist Partner der Kanzlei LEGAL SMART am Standort Berlin. Er ist Ansprechpartner f\u00fcr das Recht der neuen Medien sowie f\u00fcr die Bereiche Wettbewerbsrecht, Markenrecht, Urheberrecht, IT-Recht, Vertragsrecht und das Datenschutzrecht (DSGVO).\",\"sameAs\":[\"https:\/\/legalsmart.de\/team_kluck.php\",\"https:\/\/www.facebook.com\/guido.kluck\",\"https:\/\/x.com\/https:\/\/twitter.com\/kluck\"]}]}<\/script>\n<!-- \/ Yoast SEO plugin. -->","yoast_head_json":{"title":"Facebook: Fanseiten rechtswidrig! | LEGAL SMART Online Blog","description":"Facebook-Fanpage-Betreiber m\u00fcssen aufpassen! Die Fanseiten verletzen das Datenschutzrecht. Wir erkl\u00e4ren, was nun zu tun ist.","robots":{"index":"index","follow":"follow","max-snippet":"max-snippet:-1","max-image-preview":"max-image-preview:large","max-video-preview":"max-video-preview:-1"},"canonical":"https:\/\/www.legalsmart.de\/blog\/facebook-fanpages-rechtswidrig\/","og_locale":"de_DE","og_type":"article","og_title":"Facebook: Fanseiten rechtswidrig! | LEGAL SMART Online Blog","og_description":"Facebook-Fanpage-Betreiber m\u00fcssen aufpassen! Die Fanseiten verletzen das Datenschutzrecht. Wir erkl\u00e4ren, was nun zu tun ist.","og_url":"https:\/\/www.legalsmart.de\/blog\/facebook-fanpages-rechtswidrig\/","og_site_name":"LEGAL SMART Online Blog","article_author":"https:\/\/www.facebook.com\/guido.kluck","article_published_time":"2019-04-18T08:02:34+00:00","article_modified_time":"2019-09-13T11:51:14+00:00","author":"Guido Kluck, LL.M.","twitter_card":"summary_large_image","twitter_creator":"@https:\/\/twitter.com\/kluck","twitter_misc":{"Verfasst von":"Guido Kluck, LL.M.","Gesch\u00e4tzte Lesezeit":"3\u00a0Minuten"},"schema":{"@context":"https:\/\/schema.org","@graph":[{"@type":"WebPage","@id":"https:\/\/www.legalsmart.de\/blog\/facebook-fanpages-rechtswidrig\/","url":"https:\/\/www.legalsmart.de\/blog\/facebook-fanpages-rechtswidrig\/","name":"Facebook: Fanseiten rechtswidrig! | LEGAL SMART Online Blog","isPartOf":{"@id":"https:\/\/www.legalsmart.de\/blog\/#website"},"datePublished":"2019-04-18T08:02:34+00:00","dateModified":"2019-09-13T11:51:14+00:00","author":{"@id":"https:\/\/www.legalsmart.de\/blog\/#\/schema\/person\/0869c669bccbe2e56b149b214913b000"},"description":"Facebook-Fanpage-Betreiber m\u00fcssen aufpassen! Die Fanseiten verletzen das Datenschutzrecht. Wir erkl\u00e4ren, was nun zu tun ist.","breadcrumb":{"@id":"https:\/\/www.legalsmart.de\/blog\/facebook-fanpages-rechtswidrig\/#breadcrumb"},"inLanguage":"de","potentialAction":[{"@type":"ReadAction","target":["https:\/\/www.legalsmart.de\/blog\/facebook-fanpages-rechtswidrig\/"]}]},{"@type":"BreadcrumbList","@id":"https:\/\/www.legalsmart.de\/blog\/facebook-fanpages-rechtswidrig\/#breadcrumb","itemListElement":[{"@type":"ListItem","position":1,"name":"Startseite","item":"https:\/\/www.legalsmart.de\/blog\/"},{"@type":"ListItem","position":2,"name":"Facebook: Fanseiten rechtswidrig!"}]},{"@type":"WebSite","@id":"https:\/\/www.legalsmart.de\/blog\/#website","url":"https:\/\/www.legalsmart.de\/blog\/","name":"LEGAL SMART Online Blog","description":"Die innovative Kanzlei","potentialAction":[{"@type":"SearchAction","target":{"@type":"EntryPoint","urlTemplate":"https:\/\/www.legalsmart.de\/blog\/?s={search_term_string}"},"query-input":{"@type":"PropertyValueSpecification","valueRequired":true,"valueName":"search_term_string"}}],"inLanguage":"de"},{"@type":"Person","@id":"https:\/\/www.legalsmart.de\/blog\/#\/schema\/person\/0869c669bccbe2e56b149b214913b000","name":"Guido Kluck, LL.M.","image":{"@type":"ImageObject","inLanguage":"de","@id":"https:\/\/www.legalsmart.de\/blog\/#\/schema\/person\/image\/","url":"https:\/\/www.legalsmart.de\/blog\/wp-content\/uploads\/2018\/09\/cropped-IMG_2698-e1535879860494-96x96.jpg","contentUrl":"https:\/\/www.legalsmart.de\/blog\/wp-content\/uploads\/2018\/09\/cropped-IMG_2698-e1535879860494-96x96.jpg","caption":"Guido Kluck, LL.M."},"description":"Rechtsanwalt Guido Kluck LL.M. ist Partner der Kanzlei LEGAL SMART am Standort Berlin. Er ist Ansprechpartner f\u00fcr das Recht der neuen Medien sowie f\u00fcr die Bereiche Wettbewerbsrecht, Markenrecht, Urheberrecht, IT-Recht, Vertragsrecht und das Datenschutzrecht (DSGVO).","sameAs":["https:\/\/legalsmart.de\/team_kluck.php","https:\/\/www.facebook.com\/guido.kluck","https:\/\/x.com\/https:\/\/twitter.com\/kluck"]}]}},"_links":{"self":[{"href":"https:\/\/www.legalsmart.de\/blog\/wp-json\/wp\/v2\/posts\/6607","targetHints":{"allow":["GET"]}}],"collection":[{"href":"https:\/\/www.legalsmart.de\/blog\/wp-json\/wp\/v2\/posts"}],"about":[{"href":"https:\/\/www.legalsmart.de\/blog\/wp-json\/wp\/v2\/types\/post"}],"author":[{"embeddable":true,"href":"https:\/\/www.legalsmart.de\/blog\/wp-json\/wp\/v2\/users\/1"}],"replies":[{"embeddable":true,"href":"https:\/\/www.legalsmart.de\/blog\/wp-json\/wp\/v2\/comments?post=6607"}],"version-history":[{"count":16,"href":"https:\/\/www.legalsmart.de\/blog\/wp-json\/wp\/v2\/posts\/6607\/revisions"}],"predecessor-version":[{"id":7069,"href":"https:\/\/www.legalsmart.de\/blog\/wp-json\/wp\/v2\/posts\/6607\/revisions\/7069"}],"wp:attachment":[{"href":"https:\/\/www.legalsmart.de\/blog\/wp-json\/wp\/v2\/media?parent=6607"}],"wp:term":[{"taxonomy":"category","embeddable":true,"href":"https:\/\/www.legalsmart.de\/blog\/wp-json\/wp\/v2\/categories?post=6607"},{"taxonomy":"post_tag","embeddable":true,"href":"https:\/\/www.legalsmart.de\/blog\/wp-json\/wp\/v2\/tags?post=6607"}],"curies":[{"name":"wp","href":"https:\/\/api.w.org\/{rel}","templated":true}]}}