{"id":6756,"date":"2019-05-17T09:45:55","date_gmt":"2019-05-17T07:45:55","guid":{"rendered":"https:\/\/www.legalsmart.de\/blog\/?p=6756"},"modified":"2019-05-16T15:53:32","modified_gmt":"2019-05-16T13:53:32","slug":"update-zur-abmahnbarkeit-von-dsgvo-verstoessen","status":"publish","type":"post","link":"https:\/\/www.legalsmart.de\/blog\/update-zur-abmahnbarkeit-von-dsgvo-verstoessen\/","title":{"rendered":"Update zur Abmahnbarkeit von DSGVO-Verst\u00f6\u00dfen"},"content":{"rendered":"\n<p>Das Thema Abmahnbarkeit von DSGVO-Verst\u00f6\u00dfen ist immer noch\nsehr aktuell und die Zahl der Gerichtsentscheidungen zu diesem Thema steigt\nkontinuierlich. Dennoch gibt es keine Einigung dar\u00fcber, ob DSGVO-Verst\u00f6\u00dfe\nwettbewerbsrechtlich relevant sind oder nicht. Auch die Gerichte k\u00f6nnten nicht\nunterschiedlicher entscheiden. <\/p>\n\n\n\n<h2 class=\"wp-block-heading\"><strong>Woher stammt die\nUnklarheit \u00fcber die Abmahnbarkeit?<\/strong><\/h2>\n\n\n\n<p>Mit der Einf\u00fchrung der DSGVO vor ziemlich genau einem Jahr fingen die Probleme an. Wie so oft bei neuen Gesetzen \u2013 oder Verordnungen \u2013 bringen sie meist mehr Fragen mit sich als sie l\u00f6sen. \u00dcber die Abmahnbarkeit von DSGVO-Verst\u00f6\u00dfen ranken sich so einige Fragen und Ansichten. Wir berichteten im Februar in zwei Blogartikeln bereits ausf\u00fchrlich \u00fcber das Thema (<a href=\"https:\/\/www.legalsmart.de\/blog\/abmahnwelle-dsgvo-die-unklare-rechtslage-sorgt-fuer-unsicherheit-teil-1\/\ufeff\" target=\"_blank\" rel=\"noreferrer noopener\" aria-label=\"Teil 1 (\u00f6ffnet in neuem Tab)\">Teil 1<\/a> und<a rel=\"noreferrer noopener\" aria-label=\" Teil 2 (\u00f6ffnet in neuem Tab)\" href=\"https:\/\/www.legalsmart.de\/blog\/abmahnwelle-dsgvo-die-unklare-rechtslage-sorgt-fuer-unsicherheit-teil-2\/\ufeff\" target=\"_blank\"> Teil 2<\/a>).<\/p>\n\n\n\n<p>Das Problem: Es ist unklar und daher umstritten, ob die\nRegelungen der DSGVO sogenannte Marktverhaltensregeln darstellen. Solche sind\nvor allem im UWG enthalten, dem Gesetz gegen unlauteren Wettbewerb. Nur wenn\ndie DSGVO-Vorschriften solche Regeln darstellen w\u00fcrden, k\u00f6nnte ihre Einhaltung\n\u00fcber <a href=\"https:\/\/dejure.org\/gesetze\/UWG\/3a.html\" title=\"&sect; 3a UWG: Rechtsbruch\">\u00a7 3a UWG<\/a> von anderen Marktteilnehmern eingefordert werden. <\/p>\n\n\n\n<p>Schon zu Zeiten des Bundesdatenschutzgesetzes (BDSG) war\ndieses Thema umstritten \u2013 Und setzt sich jetzt durch die DSGVO weiter fort.<\/p>\n\n\n\n<h2 class=\"wp-block-heading\"><strong>Was sagen die Gerichte zu dem Thema Abmahnbarkeit?<\/strong><\/h2>\n\n\n\n<p>Seit Sp\u00e4tsommer 2018 ergehen immer wieder Gerichtsentscheidungen zum Thema Abmahnbarkeit. Einige beriefen sich dabei schlicht auf die alte Rechtsprechung zum BDSG. Das betrifft vor allem die fr\u00fchesten Entscheidungen zur DSGVO. Andere Gerichte gingen aber mutig voraus und bezogen Stellung. Das LG Bochum beispielsweise sah in den <a href=\"https:\/\/dejure.org\/gesetze\/DSGVO\/77.html\" title=\"Art. 77 DSGVO: Recht auf Beschwerde bei einer Aufsichtsbeh&ouml;rde\">Art. 77-84 DSGVO<\/a> abschlie\u00dfende Regelungen zu Rechtsbehelfen und Sanktionen. Nur bestimmte Einrichtungen, Organisationen und Vereinigungen, die ohne Gewinnerzielungsabsicht handeln, d\u00fcrfen die Rechte der Betroffenen wahrnehmen, so das Gericht. Das LG Wiesbaden unterst\u00fctzte diese Ansicht und sah die DSGVO als Schutzvorschrift zugunsten der Verbraucher, das UWG hingegen zum Schutz von Verbrauchern und Marktteilnehmern. <\/p>\n\n\n\n<h2 class=\"wp-block-heading\" id=\"mce_17\"><strong>Gro\u00dfe Uneinigkeit<\/strong><\/h2>\n\n\n\n<p>Auf der anderen Seite steht aber zum Beispiel das OLG\nHamburg, was den seiner Meinung nach nicht abschlie\u00dfenden Charakter der DSGVO\nausf\u00fchrlich beschrieb und Abmahnungen daher als m\u00f6glich einstufte. Die DSGVO\nlege nach Ansicht des Gerichts nur ein Mindeststandard f\u00fcr Sanktionen fest. So\nentschieden auch das LG W\u00fcrzburg und das LG Berlin.<\/p>\n\n\n\n<h2 class=\"wp-block-heading\"><strong>Die aktuellen Entscheidungen aus 2019 zur Abmahnbarkeit<\/strong><\/h2>\n\n\n\n<p>In diesem Jahr ergingen bisher zwei Entscheidungen zur\nDSGVO. Und, oh Wunder, ergeht eine auf Seiten der Abmahnbarkeit und eine nicht.\nDas LG Magdeburg (Urt. v. 18.01.2019 \u2013 <a href=\"https:\/\/dejure.org\/dienste\/vernetzung\/rechtsprechung?Text=36%20O%2048\/18\" title=\"LG Magdeburg, 18.01.2019 - 36 O 48\/18: Wettbewerbsversto&szlig;: Verkauf von apothekenpflichtigen Med...\">36 O 48\/18<\/a>) lehnte eine Abmahnbarkeit\nab. Der Verordnungsgeber habe nicht gewollt, dass \u00fcber das Wettbewerbsrecht\nDritte klageberechtigt sind. Die Aufz\u00e4hlung in <a href=\"https:\/\/dejure.org\/gesetze\/DSGVO\/80.html\" title=\"Art. 80 DSGVO: Vertretung von betroffenen Personen\">Art. 80 DSGVO<\/a> sei abschlie\u00dfend. <\/p>\n\n\n\n<p>Das OLG M\u00fcnchen (Urt. v. 07.02.2019 \u2013 <a href=\"https:\/\/dejure.org\/dienste\/vernetzung\/rechtsprechung?Text=6%20U%202404\/18\" title=\"OLG M&uuml;nchen, 07.02.2019 - 6 U 2404\/18: Verh&auml;ltnis des wettbewerbsrechtlichen Bel&auml;stigungsverbot...\">6 U 2404\/18<\/a>) hingegen\nsieht eine Anwendbarkeit der DSGVO neben der geplanten ePrivacy-Verordnung und\nauch neben dem UWG.<\/p>\n\n\n\n<h2 class=\"wp-block-heading\"><strong>Ausblick<\/strong><\/h2>\n\n\n\n<p>Es bleibt spannend! Mehr braucht man fast nicht zu sagen. Eine gesetzliche Regelung bzw. \u00c4nderung der Gesetze ist nicht in Aussicht. Es bleibt wohl an den Gerichten, sich zu einigen. Der EuGH wird da das letzte Wort haben. Das OLG D\u00fcsseldorf (<a href=\"https:\/\/dejure.org\/dienste\/vernetzung\/rechtsprechung?Text=I-20%20U%2040\/16\" title=\"OLG D&uuml;sseldorf, 19.01.2017 - 20 U 40\/16: Vorabentscheidungsersuchen an den EuGH betreffend die ...\">I-20 U 40\/16<\/a>) hat eine entsprechende Vorlagefrage an den EuGH gestellt. Und auch der BGH hat seine Entscheidung in einem aktuellen Verfahren (<a href=\"https:\/\/dejure.org\/dienste\/vernetzung\/rechtsprechung?Text=I%20ZR%20186\/17\" title=\"I ZR 186\/17 (4 zugeordnete Entscheidungen)\">I ZR 186\/17<\/a>) vertagt, bis der EuGH sich zur Sache ge\u00e4u\u00dfert hat.<\/p>\n\n\n\n<h2 class=\"wp-block-heading\" id=\"mce_12\"><strong>Achtung:<\/strong><\/h2>\n\n\n\n<p>Wenn Sie eine Abmahnung erhalten haben, sollten Sie diese durch einen spezialisierten Anwalt pr\u00fcfen lassen. Zusammen mit diesem kann das weitere Vorgehen gegen die Abmahnung besprochen werden. Keinesfalls sollte voreilig eine Unterlassungserkl\u00e4rung unterschrieben und der geforderte Aufwendungsersatz gezahlt werden.<\/p>\n","protected":false},"excerpt":{"rendered":"<p>Das Thema Abmahnbarkeit von DSGVO-Verst\u00f6\u00dfen ist immer noch sehr aktuell und die Zahl der Gerichtsentscheidungen zu diesem Thema steigt kontinuierlich. Dennoch gibt es keine Einigung dar\u00fcber, ob DSGVO-Verst\u00f6\u00dfe wettbewerbsrechtlich relevant sind oder nicht. Auch die Gerichte k\u00f6nnten nicht unterschiedlicher entscheiden. Woher stammt die Unklarheit \u00fcber die Abmahnbarkeit? Mit der Einf\u00fchrung der DSGVO vor ziemlich genau [&hellip;]<\/p>\n","protected":false},"author":1,"featured_media":0,"comment_status":"open","ping_status":"open","sticky":false,"template":"","format":"standard","meta":{"footnotes":""},"categories":[7,31,38,41],"tags":[5016,5014,4821,395,868,5015,4419,2760,3578,5012,5013],"class_list":["post-6756","post","type-post","status-publish","format-standard","hentry","category-datenschutz-medienrecht","category-urteile","category-wettbewerbsrecht","category-zivilrecht","tag-36-o-48-18","tag-6-u-2404-18","tag-abmahnbarkeit","tag-abmahnung","tag-bdsg","tag-das-lg-magdeburg","tag-dsgvo","tag-olg-munchen","tag-unterlassungserklarung","tag-update","tag-verstoss-wettbewerbsrecht"],"yoast_head":"<!-- This site is optimized with the Yoast SEO plugin v25.8 - https:\/\/yoast.com\/wordpress\/plugins\/seo\/ -->\n<title>Update zur Abmahnbarkeit von DSGVO-Verst\u00f6\u00dfen | LEGAL SMART Online Blog<\/title>\n<meta name=\"description\" content=\"Es gibt neue Entscheidungen zum Thema Abmahnbarkeit von DSGVO-Verst\u00f6\u00dfen. Die Liste wird l\u00e4nger, aber leider f\u00fcr die Vertreter beider Seiten\u2026\" \/>\n<meta name=\"robots\" content=\"index, follow, max-snippet:-1, max-image-preview:large, max-video-preview:-1\" \/>\n<link rel=\"canonical\" href=\"https:\/\/www.legalsmart.de\/blog\/update-zur-abmahnbarkeit-von-dsgvo-verstoessen\/\" \/>\n<meta property=\"og:locale\" content=\"de_DE\" \/>\n<meta property=\"og:type\" content=\"article\" \/>\n<meta property=\"og:title\" content=\"Update zur Abmahnbarkeit von DSGVO-Verst\u00f6\u00dfen | LEGAL SMART Online Blog\" \/>\n<meta property=\"og:description\" content=\"Es gibt neue Entscheidungen zum Thema Abmahnbarkeit von DSGVO-Verst\u00f6\u00dfen. Die Liste wird l\u00e4nger, aber leider f\u00fcr die Vertreter beider Seiten\u2026\" \/>\n<meta property=\"og:url\" content=\"https:\/\/www.legalsmart.de\/blog\/update-zur-abmahnbarkeit-von-dsgvo-verstoessen\/\" \/>\n<meta property=\"og:site_name\" content=\"LEGAL SMART Online Blog\" \/>\n<meta property=\"article:author\" content=\"https:\/\/www.facebook.com\/guido.kluck\" \/>\n<meta property=\"article:published_time\" content=\"2019-05-17T07:45:55+00:00\" \/>\n<meta name=\"author\" content=\"Guido Kluck, LL.M.\" \/>\n<meta name=\"twitter:card\" content=\"summary_large_image\" \/>\n<meta name=\"twitter:creator\" content=\"@https:\/\/twitter.com\/kluck\" \/>\n<meta name=\"twitter:label1\" content=\"Verfasst von\" \/>\n\t<meta name=\"twitter:data1\" content=\"Guido Kluck, LL.M.\" \/>\n\t<meta name=\"twitter:label2\" content=\"Gesch\u00e4tzte Lesezeit\" \/>\n\t<meta name=\"twitter:data2\" content=\"3\u00a0Minuten\" \/>\n<script type=\"application\/ld+json\" class=\"yoast-schema-graph\">{\"@context\":\"https:\/\/schema.org\",\"@graph\":[{\"@type\":\"WebPage\",\"@id\":\"https:\/\/www.legalsmart.de\/blog\/update-zur-abmahnbarkeit-von-dsgvo-verstoessen\/\",\"url\":\"https:\/\/www.legalsmart.de\/blog\/update-zur-abmahnbarkeit-von-dsgvo-verstoessen\/\",\"name\":\"Update zur Abmahnbarkeit von DSGVO-Verst\u00f6\u00dfen | LEGAL SMART Online Blog\",\"isPartOf\":{\"@id\":\"https:\/\/www.legalsmart.de\/blog\/#website\"},\"datePublished\":\"2019-05-17T07:45:55+00:00\",\"author\":{\"@id\":\"https:\/\/www.legalsmart.de\/blog\/#\/schema\/person\/0869c669bccbe2e56b149b214913b000\"},\"description\":\"Es gibt neue Entscheidungen zum Thema Abmahnbarkeit von DSGVO-Verst\u00f6\u00dfen. Die Liste wird l\u00e4nger, aber leider f\u00fcr die Vertreter beider Seiten\u2026\",\"breadcrumb\":{\"@id\":\"https:\/\/www.legalsmart.de\/blog\/update-zur-abmahnbarkeit-von-dsgvo-verstoessen\/#breadcrumb\"},\"inLanguage\":\"de\",\"potentialAction\":[{\"@type\":\"ReadAction\",\"target\":[\"https:\/\/www.legalsmart.de\/blog\/update-zur-abmahnbarkeit-von-dsgvo-verstoessen\/\"]}]},{\"@type\":\"BreadcrumbList\",\"@id\":\"https:\/\/www.legalsmart.de\/blog\/update-zur-abmahnbarkeit-von-dsgvo-verstoessen\/#breadcrumb\",\"itemListElement\":[{\"@type\":\"ListItem\",\"position\":1,\"name\":\"Startseite\",\"item\":\"https:\/\/www.legalsmart.de\/blog\/\"},{\"@type\":\"ListItem\",\"position\":2,\"name\":\"Update zur Abmahnbarkeit von DSGVO-Verst\u00f6\u00dfen\"}]},{\"@type\":\"WebSite\",\"@id\":\"https:\/\/www.legalsmart.de\/blog\/#website\",\"url\":\"https:\/\/www.legalsmart.de\/blog\/\",\"name\":\"LEGAL SMART Online Blog\",\"description\":\"Die innovative Kanzlei\",\"potentialAction\":[{\"@type\":\"SearchAction\",\"target\":{\"@type\":\"EntryPoint\",\"urlTemplate\":\"https:\/\/www.legalsmart.de\/blog\/?s={search_term_string}\"},\"query-input\":{\"@type\":\"PropertyValueSpecification\",\"valueRequired\":true,\"valueName\":\"search_term_string\"}}],\"inLanguage\":\"de\"},{\"@type\":\"Person\",\"@id\":\"https:\/\/www.legalsmart.de\/blog\/#\/schema\/person\/0869c669bccbe2e56b149b214913b000\",\"name\":\"Guido Kluck, LL.M.\",\"image\":{\"@type\":\"ImageObject\",\"inLanguage\":\"de\",\"@id\":\"https:\/\/www.legalsmart.de\/blog\/#\/schema\/person\/image\/\",\"url\":\"https:\/\/www.legalsmart.de\/blog\/wp-content\/uploads\/2018\/09\/cropped-IMG_2698-e1535879860494-96x96.jpg\",\"contentUrl\":\"https:\/\/www.legalsmart.de\/blog\/wp-content\/uploads\/2018\/09\/cropped-IMG_2698-e1535879860494-96x96.jpg\",\"caption\":\"Guido Kluck, LL.M.\"},\"description\":\"Rechtsanwalt Guido Kluck LL.M. ist Partner der Kanzlei LEGAL SMART am Standort Berlin. Er ist Ansprechpartner f\u00fcr das Recht der neuen Medien sowie f\u00fcr die Bereiche Wettbewerbsrecht, Markenrecht, Urheberrecht, IT-Recht, Vertragsrecht und das Datenschutzrecht (DSGVO).\",\"sameAs\":[\"https:\/\/legalsmart.de\/team_kluck.php\",\"https:\/\/www.facebook.com\/guido.kluck\",\"https:\/\/x.com\/https:\/\/twitter.com\/kluck\"]}]}<\/script>\n<!-- \/ Yoast SEO plugin. -->","yoast_head_json":{"title":"Update zur Abmahnbarkeit von DSGVO-Verst\u00f6\u00dfen | LEGAL SMART Online Blog","description":"Es gibt neue Entscheidungen zum Thema Abmahnbarkeit von DSGVO-Verst\u00f6\u00dfen. Die Liste wird l\u00e4nger, aber leider f\u00fcr die Vertreter beider Seiten\u2026","robots":{"index":"index","follow":"follow","max-snippet":"max-snippet:-1","max-image-preview":"max-image-preview:large","max-video-preview":"max-video-preview:-1"},"canonical":"https:\/\/www.legalsmart.de\/blog\/update-zur-abmahnbarkeit-von-dsgvo-verstoessen\/","og_locale":"de_DE","og_type":"article","og_title":"Update zur Abmahnbarkeit von DSGVO-Verst\u00f6\u00dfen | LEGAL SMART Online Blog","og_description":"Es gibt neue Entscheidungen zum Thema Abmahnbarkeit von DSGVO-Verst\u00f6\u00dfen. Die Liste wird l\u00e4nger, aber leider f\u00fcr die Vertreter beider Seiten\u2026","og_url":"https:\/\/www.legalsmart.de\/blog\/update-zur-abmahnbarkeit-von-dsgvo-verstoessen\/","og_site_name":"LEGAL SMART Online Blog","article_author":"https:\/\/www.facebook.com\/guido.kluck","article_published_time":"2019-05-17T07:45:55+00:00","author":"Guido Kluck, LL.M.","twitter_card":"summary_large_image","twitter_creator":"@https:\/\/twitter.com\/kluck","twitter_misc":{"Verfasst von":"Guido Kluck, LL.M.","Gesch\u00e4tzte Lesezeit":"3\u00a0Minuten"},"schema":{"@context":"https:\/\/schema.org","@graph":[{"@type":"WebPage","@id":"https:\/\/www.legalsmart.de\/blog\/update-zur-abmahnbarkeit-von-dsgvo-verstoessen\/","url":"https:\/\/www.legalsmart.de\/blog\/update-zur-abmahnbarkeit-von-dsgvo-verstoessen\/","name":"Update zur Abmahnbarkeit von DSGVO-Verst\u00f6\u00dfen | LEGAL SMART Online Blog","isPartOf":{"@id":"https:\/\/www.legalsmart.de\/blog\/#website"},"datePublished":"2019-05-17T07:45:55+00:00","author":{"@id":"https:\/\/www.legalsmart.de\/blog\/#\/schema\/person\/0869c669bccbe2e56b149b214913b000"},"description":"Es gibt neue Entscheidungen zum Thema Abmahnbarkeit von DSGVO-Verst\u00f6\u00dfen. Die Liste wird l\u00e4nger, aber leider f\u00fcr die Vertreter beider Seiten\u2026","breadcrumb":{"@id":"https:\/\/www.legalsmart.de\/blog\/update-zur-abmahnbarkeit-von-dsgvo-verstoessen\/#breadcrumb"},"inLanguage":"de","potentialAction":[{"@type":"ReadAction","target":["https:\/\/www.legalsmart.de\/blog\/update-zur-abmahnbarkeit-von-dsgvo-verstoessen\/"]}]},{"@type":"BreadcrumbList","@id":"https:\/\/www.legalsmart.de\/blog\/update-zur-abmahnbarkeit-von-dsgvo-verstoessen\/#breadcrumb","itemListElement":[{"@type":"ListItem","position":1,"name":"Startseite","item":"https:\/\/www.legalsmart.de\/blog\/"},{"@type":"ListItem","position":2,"name":"Update zur Abmahnbarkeit von DSGVO-Verst\u00f6\u00dfen"}]},{"@type":"WebSite","@id":"https:\/\/www.legalsmart.de\/blog\/#website","url":"https:\/\/www.legalsmart.de\/blog\/","name":"LEGAL SMART Online Blog","description":"Die innovative Kanzlei","potentialAction":[{"@type":"SearchAction","target":{"@type":"EntryPoint","urlTemplate":"https:\/\/www.legalsmart.de\/blog\/?s={search_term_string}"},"query-input":{"@type":"PropertyValueSpecification","valueRequired":true,"valueName":"search_term_string"}}],"inLanguage":"de"},{"@type":"Person","@id":"https:\/\/www.legalsmart.de\/blog\/#\/schema\/person\/0869c669bccbe2e56b149b214913b000","name":"Guido Kluck, LL.M.","image":{"@type":"ImageObject","inLanguage":"de","@id":"https:\/\/www.legalsmart.de\/blog\/#\/schema\/person\/image\/","url":"https:\/\/www.legalsmart.de\/blog\/wp-content\/uploads\/2018\/09\/cropped-IMG_2698-e1535879860494-96x96.jpg","contentUrl":"https:\/\/www.legalsmart.de\/blog\/wp-content\/uploads\/2018\/09\/cropped-IMG_2698-e1535879860494-96x96.jpg","caption":"Guido Kluck, LL.M."},"description":"Rechtsanwalt Guido Kluck LL.M. ist Partner der Kanzlei LEGAL SMART am Standort Berlin. Er ist Ansprechpartner f\u00fcr das Recht der neuen Medien sowie f\u00fcr die Bereiche Wettbewerbsrecht, Markenrecht, Urheberrecht, IT-Recht, Vertragsrecht und das Datenschutzrecht (DSGVO).","sameAs":["https:\/\/legalsmart.de\/team_kluck.php","https:\/\/www.facebook.com\/guido.kluck","https:\/\/x.com\/https:\/\/twitter.com\/kluck"]}]}},"_links":{"self":[{"href":"https:\/\/www.legalsmart.de\/blog\/wp-json\/wp\/v2\/posts\/6756","targetHints":{"allow":["GET"]}}],"collection":[{"href":"https:\/\/www.legalsmart.de\/blog\/wp-json\/wp\/v2\/posts"}],"about":[{"href":"https:\/\/www.legalsmart.de\/blog\/wp-json\/wp\/v2\/types\/post"}],"author":[{"embeddable":true,"href":"https:\/\/www.legalsmart.de\/blog\/wp-json\/wp\/v2\/users\/1"}],"replies":[{"embeddable":true,"href":"https:\/\/www.legalsmart.de\/blog\/wp-json\/wp\/v2\/comments?post=6756"}],"version-history":[{"count":1,"href":"https:\/\/www.legalsmart.de\/blog\/wp-json\/wp\/v2\/posts\/6756\/revisions"}],"predecessor-version":[{"id":6757,"href":"https:\/\/www.legalsmart.de\/blog\/wp-json\/wp\/v2\/posts\/6756\/revisions\/6757"}],"wp:attachment":[{"href":"https:\/\/www.legalsmart.de\/blog\/wp-json\/wp\/v2\/media?parent=6756"}],"wp:term":[{"taxonomy":"category","embeddable":true,"href":"https:\/\/www.legalsmart.de\/blog\/wp-json\/wp\/v2\/categories?post=6756"},{"taxonomy":"post_tag","embeddable":true,"href":"https:\/\/www.legalsmart.de\/blog\/wp-json\/wp\/v2\/tags?post=6756"}],"curies":[{"name":"wp","href":"https:\/\/api.w.org\/{rel}","templated":true}]}}