{"id":6782,"date":"2019-06-03T11:05:21","date_gmt":"2019-06-03T09:05:21","guid":{"rendered":"https:\/\/www.legalsmart.de\/blog\/?p=6782"},"modified":"2019-07-01T11:11:00","modified_gmt":"2019-07-01T09:11:00","slug":"achtung-abmahnung-verpackungsgesetz","status":"publish","type":"post","link":"https:\/\/www.legalsmart.de\/blog\/achtung-abmahnung-verpackungsgesetz\/","title":{"rendered":"Achtung: Abmahnung Verpackungsgesetz!"},"content":{"rendered":"\n<p>Das Verpackungsgesetz gilt seit dem 01.01.2019 und l\u00f6st die\nVerpackungsverordnung ab. Und schon im selben Monat h\u00f6rte man von den ersten\nAbmahnungen. Was machen die betroffenen Unternehmen falsch und sind die\nAbmahnungen berechtigt?<\/p>\n\n\n\n<h2 class=\"wp-block-heading\"><strong>Was bezweckt das\nVerpackungsgesetz?<\/strong><\/h2>\n\n\n\n<p>Das Verpackungsgesetz soll Verpackungsabf\u00e4lle reduzieren und f\u00fcr eine h\u00f6here Recyclingquote sorgen, alles in allem also dem Umweltschutz dienen. Zur Durchsetzung dieses Vorhabens verpflichtet das Verpackungsgesetz die Unternehmen in \u00a7 7 sich an Systemen zur Sammlung und Wiederverwertung von Verpackungen zu beteiligen und sich gem. \u00a7 9 VerpackG bei der zentralen Stelle LUCID zu registrieren. <a href=\"https:\/\/www.legalsmart.de\/blog\/sind-sie-fuer-verpackungen-registriert-nein-sollten-sie-aber\/\">Dar\u00fcber berichteten wir bereits im Januar.<\/a><a href=\"#_msocom_1\">[<\/a><\/p>\n\n\n\n<h2 class=\"wp-block-heading\"><strong>Weshalb werden\nAbmahnungen ausgesprochen?<\/strong><\/h2>\n\n\n\n<p>Vielen Unternehmen war und ist diese Pflicht nicht bewusst.\nDas Gemeine: Die Verpflichtungen gelten nicht nur f\u00fcr eigene, sondern auch f\u00fcr\nfremde Verpackungen. Der Produkte in Verpackungen ankauft, muss pr\u00fcfen, ob\ndiese bereits registriert wurden. Wenn nicht, muss dies vom Unternehmen\nnachgeholt werden, sonst darf es die Produkte nicht weiterverkaufen.<\/p>\n\n\n\n<p>Wer sich nicht an das Verpackungsgesetz h\u00e4lt, tut nicht nur\nnichts f\u00fcr die Umwelt, sondern spart sich auch noch Zeit und Geld. Dies\nwiederum findet die Konkurrenz nicht lustig und verschickt\nwettbewerbsrechtliche Abmahnungen. <\/p>\n\n\n\n<h2 class=\"wp-block-heading\"><strong>Sind die Abmahnungen\nrechtm\u00e4\u00dfig?<\/strong><\/h2>\n\n\n\n<p>Ob eine Abmahnung rechtm\u00e4\u00dfig ist, muss f\u00fcr jeden Einzelfall\nseparat \u00fcberpr\u00fcft werden. Einerseits muss die Abmahnung an sich rechtlich\nbewertet werden. Ist der Streitwert richtig angesetzt? Ist der Tatvorwurf\nberechtigt? Handelt es sich um eine rechtsmissbr\u00e4uchliche Abmahnung? Gerade\nletzteres ist bei der aktuellen Abmahnwelle, die die Kanzlei T &amp; D Versand\nGbR und Fareds Rechtsanw\u00e4lte ausgel\u00f6st hat, anzudenken.<\/p>\n\n\n\n<h3 class=\"wp-block-heading\">Sind die Verst\u00f6\u00dfe hier abmahnf\u00e4hig?<\/h3>\n\n\n\n<p>Andererseits m\u00fcssen Abmahnungen wegen Verst\u00f6\u00dfen gegen das Verpackungsgesetz generell abmahnf\u00e4hig i.S.d. UWG sein. Dieses Problem kennt man von <a href=\"https:\/\/www.legalsmart.de\/blog\/update-zur-abmahnbarkeit-von-dsgvo-verstoessen\/\">DSGVO-Verst\u00f6\u00dfen<\/a>. Daf\u00fcr m\u00fcssten die Regelungen des Verpackungsgesetzes Marktverhaltensregeln i.S.v. <a href=\"https:\/\/dejure.org\/gesetze\/UWG\/3a.html\" title=\"&sect; 3a UWG: Rechtsbruch\">\u00a7 3a UWG<\/a> darstellen. Sowohl bei der DSGVO als auch beim Verpackungsgesetz gibt es dazu noch keine h\u00f6chstrichterliche Rechtsprechung. Allerdings gibt es eine Entscheidung des OLG Hamm vom 30.08.2018 (Az. <a href=\"https:\/\/dejure.org\/dienste\/vernetzung\/rechtsprechung?Text=4%20U%2059\/12\" title=\"4 U 59\/12 (2 zugeordnete Entscheidungen)\">4 U 59\/12<\/a>, <a href=\"https:\/\/dejure.org\/dienste\/vernetzung\/rechtsprechung?Text=I-4%20U%2059\/12\" title=\"OLG Hamm, 30.08.2012 - 4 U 59\/12: Wettbewerbswidrigkeit des Anbietens eines Staubsaugers ohne R...\">I-4 U 59\/12<\/a>), die f\u00fcr das Elektogesetz, welches eine \u00e4hnliche Registrierungspflicht vorsieht, die diese als Marktverhaltensregel einstuft. Daher muss wohl beim Verpackungsgesetz davon ausgegangen werden, dass diesbez\u00fcglich ebenso entscheiden wird.<\/p>\n\n\n\n<h2 class=\"wp-block-heading\"><strong>Was sollten\nBetroffene tun?<\/strong><\/h2>\n\n\n\n<p>Es ist dringend anzuraten, sich beim Verpackungsregister unter dem folgenden Link zu registrieren: <a href=\"https:\/\/www.verpackungsregister.org\/verpackungsregister-lucid\/registrierung\/auf-einen-blick\">https:\/\/www.verpackungsregister.org\/verpackungsregister-lucid\/registrierung\/auf-einen-blick<\/a> <\/p>\n\n\n\n<p>Da das aber leider nach dem Erhalt einer Abmahnung nicht mehr hilft, sollte die Abmahnung auf ihre Rechtm\u00e4\u00dfigkeit \u00fcberpr\u00fcft werden. Dabei sollten auch die angegebenen Fristen im Auge behalten werden, die meist sehr kurz ausfallen. Ein erfahrener Anwalt kann nicht nur die Rechtm\u00e4\u00dfigkeit einer Abmahnung erkennen, sondern auch eine geeignete Verteidigungsstrategie entwickeln. Betroffene Unternehmen sollten nicht vorschnell und eigenm\u00e4chtig handeln, da unterschriebene Unterlassungserkl\u00e4rungen hohe finanzielle Konsequenzen mit sich bringen, wenn in Zukunft gegen sie versto\u00dfen wird. <\/p>\n\n\n\n<p><\/p>\n","protected":false},"excerpt":{"rendered":"<p>Das Verpackungsgesetz gilt seit dem 01.01.2019 und l\u00f6st die Verpackungsverordnung ab. Und schon im selben Monat h\u00f6rte man von den ersten Abmahnungen. Was machen die betroffenen Unternehmen falsch und sind die Abmahnungen berechtigt? Was bezweckt das Verpackungsgesetz? Das Verpackungsgesetz soll Verpackungsabf\u00e4lle reduzieren und f\u00fcr eine h\u00f6here Recyclingquote sorgen, alles in allem also dem Umweltschutz dienen. [&hellip;]<\/p>\n","protected":false},"author":1,"featured_media":0,"comment_status":"open","ping_status":"open","sticky":false,"template":"","format":"standard","meta":{"footnotes":""},"categories":[2,25,38],"tags":[395,580,5044,5045,2989,5042,5046,3578,3663,5041,4733],"class_list":["post-6782","post","type-post","status-publish","format-standard","hentry","category-abmahnungen-aktuell","category-online-handel-medienrecht","category-wettbewerbsrecht","tag-abmahnung","tag-anwalt","tag-lucid","tag-rechtmaessigkeit","tag-rechtsmissbraeuchlich","tag-registrierung","tag-t-und-d-versand-gbr-und-fareds-rechtsanwaelte","tag-unterlassungserklarung","tag-uwg","tag-verpackg","tag-verpackungsgesetz"],"yoast_head":"<!-- This site is optimized with the Yoast SEO plugin v25.8 - https:\/\/yoast.com\/wordpress\/plugins\/seo\/ -->\n<title>Achtung: Abmahnung Verpackungsgesetz! | LEGAL SMART Online Blog<\/title>\n<meta name=\"description\" content=\"Aktuell h\u00f6rt man immer wieder von Abmahnungen der T &amp; D Versand GbR und Fareds Rechtsanw\u00e4lte, die Verst\u00f6\u00dfe gegen das Verpackungsgesetz ahnden\" \/>\n<meta name=\"robots\" content=\"index, follow, max-snippet:-1, max-image-preview:large, max-video-preview:-1\" \/>\n<link rel=\"canonical\" href=\"https:\/\/www.legalsmart.de\/blog\/achtung-abmahnung-verpackungsgesetz\/\" \/>\n<meta property=\"og:locale\" content=\"de_DE\" \/>\n<meta property=\"og:type\" content=\"article\" \/>\n<meta property=\"og:title\" content=\"Achtung: Abmahnung Verpackungsgesetz! | LEGAL SMART Online Blog\" \/>\n<meta property=\"og:description\" content=\"Aktuell h\u00f6rt man immer wieder von Abmahnungen der T &amp; D Versand GbR und Fareds Rechtsanw\u00e4lte, die Verst\u00f6\u00dfe gegen das Verpackungsgesetz ahnden\" \/>\n<meta property=\"og:url\" content=\"https:\/\/www.legalsmart.de\/blog\/achtung-abmahnung-verpackungsgesetz\/\" \/>\n<meta property=\"og:site_name\" content=\"LEGAL SMART Online Blog\" \/>\n<meta property=\"article:author\" content=\"https:\/\/www.facebook.com\/guido.kluck\" \/>\n<meta property=\"article:published_time\" content=\"2019-06-03T09:05:21+00:00\" \/>\n<meta property=\"article:modified_time\" content=\"2019-07-01T09:11:00+00:00\" \/>\n<meta name=\"author\" content=\"Guido Kluck, LL.M.\" \/>\n<meta name=\"twitter:card\" content=\"summary_large_image\" \/>\n<meta name=\"twitter:creator\" content=\"@https:\/\/twitter.com\/kluck\" \/>\n<meta name=\"twitter:label1\" content=\"Verfasst von\" \/>\n\t<meta name=\"twitter:data1\" content=\"Guido Kluck, LL.M.\" \/>\n\t<meta name=\"twitter:label2\" content=\"Gesch\u00e4tzte Lesezeit\" \/>\n\t<meta name=\"twitter:data2\" content=\"2\u00a0Minuten\" \/>\n<script type=\"application\/ld+json\" class=\"yoast-schema-graph\">{\"@context\":\"https:\/\/schema.org\",\"@graph\":[{\"@type\":\"WebPage\",\"@id\":\"https:\/\/www.legalsmart.de\/blog\/achtung-abmahnung-verpackungsgesetz\/\",\"url\":\"https:\/\/www.legalsmart.de\/blog\/achtung-abmahnung-verpackungsgesetz\/\",\"name\":\"Achtung: Abmahnung Verpackungsgesetz! | LEGAL SMART Online Blog\",\"isPartOf\":{\"@id\":\"https:\/\/www.legalsmart.de\/blog\/#website\"},\"datePublished\":\"2019-06-03T09:05:21+00:00\",\"dateModified\":\"2019-07-01T09:11:00+00:00\",\"author\":{\"@id\":\"https:\/\/www.legalsmart.de\/blog\/#\/schema\/person\/0869c669bccbe2e56b149b214913b000\"},\"description\":\"Aktuell h\u00f6rt man immer wieder von Abmahnungen der T & D Versand GbR und Fareds Rechtsanw\u00e4lte, die Verst\u00f6\u00dfe gegen das Verpackungsgesetz ahnden\",\"breadcrumb\":{\"@id\":\"https:\/\/www.legalsmart.de\/blog\/achtung-abmahnung-verpackungsgesetz\/#breadcrumb\"},\"inLanguage\":\"de\",\"potentialAction\":[{\"@type\":\"ReadAction\",\"target\":[\"https:\/\/www.legalsmart.de\/blog\/achtung-abmahnung-verpackungsgesetz\/\"]}]},{\"@type\":\"BreadcrumbList\",\"@id\":\"https:\/\/www.legalsmart.de\/blog\/achtung-abmahnung-verpackungsgesetz\/#breadcrumb\",\"itemListElement\":[{\"@type\":\"ListItem\",\"position\":1,\"name\":\"Startseite\",\"item\":\"https:\/\/www.legalsmart.de\/blog\/\"},{\"@type\":\"ListItem\",\"position\":2,\"name\":\"Achtung: Abmahnung Verpackungsgesetz!\"}]},{\"@type\":\"WebSite\",\"@id\":\"https:\/\/www.legalsmart.de\/blog\/#website\",\"url\":\"https:\/\/www.legalsmart.de\/blog\/\",\"name\":\"LEGAL SMART Online Blog\",\"description\":\"Die innovative Kanzlei\",\"potentialAction\":[{\"@type\":\"SearchAction\",\"target\":{\"@type\":\"EntryPoint\",\"urlTemplate\":\"https:\/\/www.legalsmart.de\/blog\/?s={search_term_string}\"},\"query-input\":{\"@type\":\"PropertyValueSpecification\",\"valueRequired\":true,\"valueName\":\"search_term_string\"}}],\"inLanguage\":\"de\"},{\"@type\":\"Person\",\"@id\":\"https:\/\/www.legalsmart.de\/blog\/#\/schema\/person\/0869c669bccbe2e56b149b214913b000\",\"name\":\"Guido Kluck, LL.M.\",\"image\":{\"@type\":\"ImageObject\",\"inLanguage\":\"de\",\"@id\":\"https:\/\/www.legalsmart.de\/blog\/#\/schema\/person\/image\/\",\"url\":\"https:\/\/www.legalsmart.de\/blog\/wp-content\/uploads\/2018\/09\/cropped-IMG_2698-e1535879860494-96x96.jpg\",\"contentUrl\":\"https:\/\/www.legalsmart.de\/blog\/wp-content\/uploads\/2018\/09\/cropped-IMG_2698-e1535879860494-96x96.jpg\",\"caption\":\"Guido Kluck, LL.M.\"},\"description\":\"Rechtsanwalt Guido Kluck LL.M. ist Partner der Kanzlei LEGAL SMART am Standort Berlin. Er ist Ansprechpartner f\u00fcr das Recht der neuen Medien sowie f\u00fcr die Bereiche Wettbewerbsrecht, Markenrecht, Urheberrecht, IT-Recht, Vertragsrecht und das Datenschutzrecht (DSGVO).\",\"sameAs\":[\"https:\/\/legalsmart.de\/team_kluck.php\",\"https:\/\/www.facebook.com\/guido.kluck\",\"https:\/\/x.com\/https:\/\/twitter.com\/kluck\"]}]}<\/script>\n<!-- \/ Yoast SEO plugin. -->","yoast_head_json":{"title":"Achtung: Abmahnung Verpackungsgesetz! | LEGAL SMART Online Blog","description":"Aktuell h\u00f6rt man immer wieder von Abmahnungen der T & D Versand GbR und Fareds Rechtsanw\u00e4lte, die Verst\u00f6\u00dfe gegen das Verpackungsgesetz ahnden","robots":{"index":"index","follow":"follow","max-snippet":"max-snippet:-1","max-image-preview":"max-image-preview:large","max-video-preview":"max-video-preview:-1"},"canonical":"https:\/\/www.legalsmart.de\/blog\/achtung-abmahnung-verpackungsgesetz\/","og_locale":"de_DE","og_type":"article","og_title":"Achtung: Abmahnung Verpackungsgesetz! | LEGAL SMART Online Blog","og_description":"Aktuell h\u00f6rt man immer wieder von Abmahnungen der T & D Versand GbR und Fareds Rechtsanw\u00e4lte, die Verst\u00f6\u00dfe gegen das Verpackungsgesetz ahnden","og_url":"https:\/\/www.legalsmart.de\/blog\/achtung-abmahnung-verpackungsgesetz\/","og_site_name":"LEGAL SMART Online Blog","article_author":"https:\/\/www.facebook.com\/guido.kluck","article_published_time":"2019-06-03T09:05:21+00:00","article_modified_time":"2019-07-01T09:11:00+00:00","author":"Guido Kluck, LL.M.","twitter_card":"summary_large_image","twitter_creator":"@https:\/\/twitter.com\/kluck","twitter_misc":{"Verfasst von":"Guido Kluck, LL.M.","Gesch\u00e4tzte Lesezeit":"2\u00a0Minuten"},"schema":{"@context":"https:\/\/schema.org","@graph":[{"@type":"WebPage","@id":"https:\/\/www.legalsmart.de\/blog\/achtung-abmahnung-verpackungsgesetz\/","url":"https:\/\/www.legalsmart.de\/blog\/achtung-abmahnung-verpackungsgesetz\/","name":"Achtung: Abmahnung Verpackungsgesetz! | LEGAL SMART Online Blog","isPartOf":{"@id":"https:\/\/www.legalsmart.de\/blog\/#website"},"datePublished":"2019-06-03T09:05:21+00:00","dateModified":"2019-07-01T09:11:00+00:00","author":{"@id":"https:\/\/www.legalsmart.de\/blog\/#\/schema\/person\/0869c669bccbe2e56b149b214913b000"},"description":"Aktuell h\u00f6rt man immer wieder von Abmahnungen der T & D Versand GbR und Fareds Rechtsanw\u00e4lte, die Verst\u00f6\u00dfe gegen das Verpackungsgesetz ahnden","breadcrumb":{"@id":"https:\/\/www.legalsmart.de\/blog\/achtung-abmahnung-verpackungsgesetz\/#breadcrumb"},"inLanguage":"de","potentialAction":[{"@type":"ReadAction","target":["https:\/\/www.legalsmart.de\/blog\/achtung-abmahnung-verpackungsgesetz\/"]}]},{"@type":"BreadcrumbList","@id":"https:\/\/www.legalsmart.de\/blog\/achtung-abmahnung-verpackungsgesetz\/#breadcrumb","itemListElement":[{"@type":"ListItem","position":1,"name":"Startseite","item":"https:\/\/www.legalsmart.de\/blog\/"},{"@type":"ListItem","position":2,"name":"Achtung: Abmahnung Verpackungsgesetz!"}]},{"@type":"WebSite","@id":"https:\/\/www.legalsmart.de\/blog\/#website","url":"https:\/\/www.legalsmart.de\/blog\/","name":"LEGAL SMART Online Blog","description":"Die innovative Kanzlei","potentialAction":[{"@type":"SearchAction","target":{"@type":"EntryPoint","urlTemplate":"https:\/\/www.legalsmart.de\/blog\/?s={search_term_string}"},"query-input":{"@type":"PropertyValueSpecification","valueRequired":true,"valueName":"search_term_string"}}],"inLanguage":"de"},{"@type":"Person","@id":"https:\/\/www.legalsmart.de\/blog\/#\/schema\/person\/0869c669bccbe2e56b149b214913b000","name":"Guido Kluck, LL.M.","image":{"@type":"ImageObject","inLanguage":"de","@id":"https:\/\/www.legalsmart.de\/blog\/#\/schema\/person\/image\/","url":"https:\/\/www.legalsmart.de\/blog\/wp-content\/uploads\/2018\/09\/cropped-IMG_2698-e1535879860494-96x96.jpg","contentUrl":"https:\/\/www.legalsmart.de\/blog\/wp-content\/uploads\/2018\/09\/cropped-IMG_2698-e1535879860494-96x96.jpg","caption":"Guido Kluck, LL.M."},"description":"Rechtsanwalt Guido Kluck LL.M. ist Partner der Kanzlei LEGAL SMART am Standort Berlin. Er ist Ansprechpartner f\u00fcr das Recht der neuen Medien sowie f\u00fcr die Bereiche Wettbewerbsrecht, Markenrecht, Urheberrecht, IT-Recht, Vertragsrecht und das Datenschutzrecht (DSGVO).","sameAs":["https:\/\/legalsmart.de\/team_kluck.php","https:\/\/www.facebook.com\/guido.kluck","https:\/\/x.com\/https:\/\/twitter.com\/kluck"]}]}},"_links":{"self":[{"href":"https:\/\/www.legalsmart.de\/blog\/wp-json\/wp\/v2\/posts\/6782","targetHints":{"allow":["GET"]}}],"collection":[{"href":"https:\/\/www.legalsmart.de\/blog\/wp-json\/wp\/v2\/posts"}],"about":[{"href":"https:\/\/www.legalsmart.de\/blog\/wp-json\/wp\/v2\/types\/post"}],"author":[{"embeddable":true,"href":"https:\/\/www.legalsmart.de\/blog\/wp-json\/wp\/v2\/users\/1"}],"replies":[{"embeddable":true,"href":"https:\/\/www.legalsmart.de\/blog\/wp-json\/wp\/v2\/comments?post=6782"}],"version-history":[{"count":4,"href":"https:\/\/www.legalsmart.de\/blog\/wp-json\/wp\/v2\/posts\/6782\/revisions"}],"predecessor-version":[{"id":6846,"href":"https:\/\/www.legalsmart.de\/blog\/wp-json\/wp\/v2\/posts\/6782\/revisions\/6846"}],"wp:attachment":[{"href":"https:\/\/www.legalsmart.de\/blog\/wp-json\/wp\/v2\/media?parent=6782"}],"wp:term":[{"taxonomy":"category","embeddable":true,"href":"https:\/\/www.legalsmart.de\/blog\/wp-json\/wp\/v2\/categories?post=6782"},{"taxonomy":"post_tag","embeddable":true,"href":"https:\/\/www.legalsmart.de\/blog\/wp-json\/wp\/v2\/tags?post=6782"}],"curies":[{"name":"wp","href":"https:\/\/api.w.org\/{rel}","templated":true}]}}