{"id":6907,"date":"2019-07-25T14:02:19","date_gmt":"2019-07-25T12:02:19","guid":{"rendered":"https:\/\/www.legalsmart.de\/blog\/?p=6907"},"modified":"2019-07-25T14:02:23","modified_gmt":"2019-07-25T12:02:23","slug":"facebook-wieder-vor-dem-eugh","status":"publish","type":"post","link":"https:\/\/www.legalsmart.de\/blog\/facebook-wieder-vor-dem-eugh\/","title":{"rendered":"Facebook wieder vor dem EuGH"},"content":{"rendered":"\n<p>Die zweite Runde ist er\u00f6ffnet:\nWieder muss sich Facebook zum Thema Datenschutz vor dem EuGH rechtfertigen. Und\ndiese Runde k\u00f6nnte mit einem genauso gro\u00dfen Knall wie die erste enden\u2026<\/p>\n\n\n\n<h2 class=\"wp-block-heading\"><strong>Worum geht es?<\/strong><\/h2>\n\n\n\n<p>Facebook und Datenschutz\u2026mehr\nmuss man eigentlich nicht sagen. Der Konzern steht immer wieder in der Kritik,\ndie Daten seiner Nutzer eher wie ein offenes Buch handzuhaben als sie sicher\nwegzuschlie\u00dfen. Konkret geht es im aktuellen Fall um die \u00dcbermittlung\npersonenbezogener Daten von EU-B\u00fcrgern an die USA. Datensch\u00fctzer Maximilian\nSchrems, der das Verfahren angeleiert hat, r\u00fcgt eine \u00dcberwachung der EU-B\u00fcrger\nder USA und damit einhergehende Grundrechtsverletzungen. <\/p>\n\n\n\n<h2 class=\"wp-block-heading\"><strong>Was hat der EuGH im ersten\nVerfahren entschieden?<\/strong><\/h2>\n\n\n\n<p>Das erste Verfahren endete 2015\ndamit, dass der EuGH das Safe-Harbor-Abkommen f\u00fcr ung\u00fcltig erkl\u00e4rte. Auch\ndieses Verfahren wurde durch Maximilian Schrems initiiert. Das Abkommen regelt\nden Austausch personenbezogener Daten zwischen den USA und der EU. In einer\nListe wurden \u201esichere H\u00e4fen\u201c in den USA gef\u00fchrt, die sich zur Einhaltung\nbestimmter Datenschutzprinzipien verpflichten. In den USA d\u00fcrfen Beh\u00f6rden jedoch\nauf personenbezogene Daten zugreifen, wenn dies aus Gr\u00fcnden der nationalen\nSicherheit oder im \u00f6ffentlichen Interesse erforderlich ist. Das gilt auch f\u00fcr\ndie von europ\u00e4ischen Facebook-Nutzern, denen kein Rechtsbehelf zur L\u00f6schung der\nDaten zur Verf\u00fcgung stehe und daher neben dem Grundrecht auf Achtung des\nPrivatlebens auch das Grundrecht auch wirksamen Rechtsschutz verletzt sei.<\/p>\n\n\n\n<h2 class=\"wp-block-heading\"><strong>Wie wird das zweite Verfahren\nausgehen?<\/strong><\/h2>\n\n\n\n<p>Wie das aktuelle Verfahren (<a href=\"https:\/\/dejure.org\/dienste\/vernetzung\/rechtsprechung?Text=C-311\/18\" title=\"C-311\/18 (2 zugeordnete Entscheidungen)\">C-311\/18<\/a>)\nausgeht, ist noch offen. Eine Entscheidung wird erst in ungef\u00e4hr einem halben\nJahr erwartet. Es ist jedoch gut m\u00f6glich, dass darin das Nachfolgemodell des\n\u201eSafe Harbor\u201c, genannt \u201ePrivacy Shield\u201c vom EuGH gekippt wird. Dieses\n\u201eSchutzschild\u201c schafft Regelungen f\u00fcr Datenzugriffe der USA und eine\nBeschwerdem\u00f6glichkeit bei einem Ombudsmann, wenn B\u00fcrger Beanstandungen im\nUmgang mit ihren Daten haben. Die USA verpflichten sich au\u00dferdem zu\nAufsichtsma\u00dfnahmen gegen\u00fcber den Unternehmen. Doch da die Beh\u00f6rden der USA\nimmer noch Zugriff auf die Daten von Europ\u00e4ern haben, wenn es f\u00fcr die nationale\nSicherheit erforderlich ist, wird wohl auch dieses \u00dcbereinkommen vermutlich\nkeinen Bestand haben k\u00f6nnen.<\/p>\n\n\n\n<h2 class=\"wp-block-heading\"><strong><em>Privacy Shield nicht\nsicherer als Safe Harbour<\/em><\/strong><\/h2>\n\n\n\n<p>Maximilian Schrems kritisiert,\ndass weiterhin Grundrechtsverletzungen begangen w\u00fcrden und unter dem Privacy\nShield keine wesentlich andere Situation herrsche als mit dem Safe Harbor.\n\n\n\nKritisiert wird auch, dass es sich bei dem\n\u00dcbereinkommen nicht um einen verbindlichen Vertrag handelt und die EU-B\u00fcrger\nvon der M\u00f6glichkeit der Beschwerde gar keinen Gebrauch machen k\u00f6nnen, da sie\nnicht mal wissen, ob sie von US-Beh\u00f6rden \u00fcberwacht werden. Au\u00dferdem ist nicht\nklar, welche Befugnisse der eingesetzte Ombudsmann \u00fcberhaupt hat.\n\n\n\n<\/p>\n","protected":false},"excerpt":{"rendered":"<p>Die zweite Runde ist er\u00f6ffnet: Wieder muss sich Facebook zum Thema Datenschutz vor dem EuGH rechtfertigen. Und diese Runde k\u00f6nnte mit einem genauso gro\u00dfen Knall wie die erste enden\u2026 Worum geht es? Facebook und Datenschutz\u2026mehr muss man eigentlich nicht sagen. Der Konzern steht immer wieder in der Kritik, die Daten seiner Nutzer eher wie ein [&hellip;]<\/p>\n","protected":false},"author":1,"featured_media":0,"comment_status":"open","ping_status":"open","sticky":false,"template":"","format":"standard","meta":{"footnotes":""},"categories":[1,7,31],"tags":[5170,5167,1194,1199,5168,1452,1465,1488,5172,5169,5171,3658,4099],"class_list":["post-6907","post","type-post","status-publish","format-standard","hentry","category-allgemein","category-datenschutz-medienrecht","category-urteile","tag-behoerden","tag-c-311-18","tag-daten","tag-datenschutz","tag-datenuebermittlung","tag-eu","tag-eugh","tag-facebook","tag-nationale-sicherheit-maximilian-schrems","tag-privacy-shield","tag-safe-harbor","tag-usa","tag-zugriff"],"yoast_head":"<!-- This site is optimized with the Yoast SEO plugin v25.8 - https:\/\/yoast.com\/wordpress\/plugins\/seo\/ -->\n<title>Facebook wieder vor dem EuGH | LEGAL SMART Online Blog<\/title>\n<meta name=\"description\" content=\"Maximilian Schrems, Facebook und das Privacy Shield vor dem EuGH \u2013 eine explosive Mischung, die sicherlich mit einem gro\u00dfen Knall enden wird.\" \/>\n<meta name=\"robots\" content=\"index, follow, max-snippet:-1, max-image-preview:large, max-video-preview:-1\" \/>\n<link rel=\"canonical\" href=\"https:\/\/www.legalsmart.de\/blog\/facebook-wieder-vor-dem-eugh\/\" \/>\n<meta property=\"og:locale\" content=\"de_DE\" \/>\n<meta property=\"og:type\" content=\"article\" \/>\n<meta property=\"og:title\" content=\"Facebook wieder vor dem EuGH | LEGAL SMART Online Blog\" \/>\n<meta property=\"og:description\" content=\"Maximilian Schrems, Facebook und das Privacy Shield vor dem EuGH \u2013 eine explosive Mischung, die sicherlich mit einem gro\u00dfen Knall enden wird.\" \/>\n<meta property=\"og:url\" content=\"https:\/\/www.legalsmart.de\/blog\/facebook-wieder-vor-dem-eugh\/\" \/>\n<meta property=\"og:site_name\" content=\"LEGAL SMART Online Blog\" \/>\n<meta property=\"article:author\" content=\"https:\/\/www.facebook.com\/guido.kluck\" \/>\n<meta property=\"article:published_time\" content=\"2019-07-25T12:02:19+00:00\" \/>\n<meta property=\"article:modified_time\" content=\"2019-07-25T12:02:23+00:00\" \/>\n<meta name=\"author\" content=\"Guido Kluck, LL.M.\" \/>\n<meta name=\"twitter:card\" content=\"summary_large_image\" \/>\n<meta name=\"twitter:creator\" content=\"@https:\/\/twitter.com\/kluck\" \/>\n<meta name=\"twitter:label1\" content=\"Verfasst von\" \/>\n\t<meta name=\"twitter:data1\" content=\"Guido Kluck, LL.M.\" \/>\n\t<meta name=\"twitter:label2\" content=\"Gesch\u00e4tzte Lesezeit\" \/>\n\t<meta name=\"twitter:data2\" content=\"2\u00a0Minuten\" \/>\n<script type=\"application\/ld+json\" class=\"yoast-schema-graph\">{\"@context\":\"https:\/\/schema.org\",\"@graph\":[{\"@type\":\"WebPage\",\"@id\":\"https:\/\/www.legalsmart.de\/blog\/facebook-wieder-vor-dem-eugh\/\",\"url\":\"https:\/\/www.legalsmart.de\/blog\/facebook-wieder-vor-dem-eugh\/\",\"name\":\"Facebook wieder vor dem EuGH | LEGAL SMART Online Blog\",\"isPartOf\":{\"@id\":\"https:\/\/www.legalsmart.de\/blog\/#website\"},\"datePublished\":\"2019-07-25T12:02:19+00:00\",\"dateModified\":\"2019-07-25T12:02:23+00:00\",\"author\":{\"@id\":\"https:\/\/www.legalsmart.de\/blog\/#\/schema\/person\/0869c669bccbe2e56b149b214913b000\"},\"description\":\"Maximilian Schrems, Facebook und das Privacy Shield vor dem EuGH \u2013 eine explosive Mischung, die sicherlich mit einem gro\u00dfen Knall enden wird.\",\"breadcrumb\":{\"@id\":\"https:\/\/www.legalsmart.de\/blog\/facebook-wieder-vor-dem-eugh\/#breadcrumb\"},\"inLanguage\":\"de\",\"potentialAction\":[{\"@type\":\"ReadAction\",\"target\":[\"https:\/\/www.legalsmart.de\/blog\/facebook-wieder-vor-dem-eugh\/\"]}]},{\"@type\":\"BreadcrumbList\",\"@id\":\"https:\/\/www.legalsmart.de\/blog\/facebook-wieder-vor-dem-eugh\/#breadcrumb\",\"itemListElement\":[{\"@type\":\"ListItem\",\"position\":1,\"name\":\"Startseite\",\"item\":\"https:\/\/www.legalsmart.de\/blog\/\"},{\"@type\":\"ListItem\",\"position\":2,\"name\":\"Facebook wieder vor dem EuGH\"}]},{\"@type\":\"WebSite\",\"@id\":\"https:\/\/www.legalsmart.de\/blog\/#website\",\"url\":\"https:\/\/www.legalsmart.de\/blog\/\",\"name\":\"LEGAL SMART Online Blog\",\"description\":\"Die innovative Kanzlei\",\"potentialAction\":[{\"@type\":\"SearchAction\",\"target\":{\"@type\":\"EntryPoint\",\"urlTemplate\":\"https:\/\/www.legalsmart.de\/blog\/?s={search_term_string}\"},\"query-input\":{\"@type\":\"PropertyValueSpecification\",\"valueRequired\":true,\"valueName\":\"search_term_string\"}}],\"inLanguage\":\"de\"},{\"@type\":\"Person\",\"@id\":\"https:\/\/www.legalsmart.de\/blog\/#\/schema\/person\/0869c669bccbe2e56b149b214913b000\",\"name\":\"Guido Kluck, LL.M.\",\"image\":{\"@type\":\"ImageObject\",\"inLanguage\":\"de\",\"@id\":\"https:\/\/www.legalsmart.de\/blog\/#\/schema\/person\/image\/\",\"url\":\"https:\/\/www.legalsmart.de\/blog\/wp-content\/uploads\/2018\/09\/cropped-IMG_2698-e1535879860494-96x96.jpg\",\"contentUrl\":\"https:\/\/www.legalsmart.de\/blog\/wp-content\/uploads\/2018\/09\/cropped-IMG_2698-e1535879860494-96x96.jpg\",\"caption\":\"Guido Kluck, LL.M.\"},\"description\":\"Rechtsanwalt Guido Kluck LL.M. ist Partner der Kanzlei LEGAL SMART am Standort Berlin. Er ist Ansprechpartner f\u00fcr das Recht der neuen Medien sowie f\u00fcr die Bereiche Wettbewerbsrecht, Markenrecht, Urheberrecht, IT-Recht, Vertragsrecht und das Datenschutzrecht (DSGVO).\",\"sameAs\":[\"https:\/\/legalsmart.de\/team_kluck.php\",\"https:\/\/www.facebook.com\/guido.kluck\",\"https:\/\/x.com\/https:\/\/twitter.com\/kluck\"]}]}<\/script>\n<!-- \/ Yoast SEO plugin. -->","yoast_head_json":{"title":"Facebook wieder vor dem EuGH | LEGAL SMART Online Blog","description":"Maximilian Schrems, Facebook und das Privacy Shield vor dem EuGH \u2013 eine explosive Mischung, die sicherlich mit einem gro\u00dfen Knall enden wird.","robots":{"index":"index","follow":"follow","max-snippet":"max-snippet:-1","max-image-preview":"max-image-preview:large","max-video-preview":"max-video-preview:-1"},"canonical":"https:\/\/www.legalsmart.de\/blog\/facebook-wieder-vor-dem-eugh\/","og_locale":"de_DE","og_type":"article","og_title":"Facebook wieder vor dem EuGH | LEGAL SMART Online Blog","og_description":"Maximilian Schrems, Facebook und das Privacy Shield vor dem EuGH \u2013 eine explosive Mischung, die sicherlich mit einem gro\u00dfen Knall enden wird.","og_url":"https:\/\/www.legalsmart.de\/blog\/facebook-wieder-vor-dem-eugh\/","og_site_name":"LEGAL SMART Online Blog","article_author":"https:\/\/www.facebook.com\/guido.kluck","article_published_time":"2019-07-25T12:02:19+00:00","article_modified_time":"2019-07-25T12:02:23+00:00","author":"Guido Kluck, LL.M.","twitter_card":"summary_large_image","twitter_creator":"@https:\/\/twitter.com\/kluck","twitter_misc":{"Verfasst von":"Guido Kluck, LL.M.","Gesch\u00e4tzte Lesezeit":"2\u00a0Minuten"},"schema":{"@context":"https:\/\/schema.org","@graph":[{"@type":"WebPage","@id":"https:\/\/www.legalsmart.de\/blog\/facebook-wieder-vor-dem-eugh\/","url":"https:\/\/www.legalsmart.de\/blog\/facebook-wieder-vor-dem-eugh\/","name":"Facebook wieder vor dem EuGH | LEGAL SMART Online Blog","isPartOf":{"@id":"https:\/\/www.legalsmart.de\/blog\/#website"},"datePublished":"2019-07-25T12:02:19+00:00","dateModified":"2019-07-25T12:02:23+00:00","author":{"@id":"https:\/\/www.legalsmart.de\/blog\/#\/schema\/person\/0869c669bccbe2e56b149b214913b000"},"description":"Maximilian Schrems, Facebook und das Privacy Shield vor dem EuGH \u2013 eine explosive Mischung, die sicherlich mit einem gro\u00dfen Knall enden wird.","breadcrumb":{"@id":"https:\/\/www.legalsmart.de\/blog\/facebook-wieder-vor-dem-eugh\/#breadcrumb"},"inLanguage":"de","potentialAction":[{"@type":"ReadAction","target":["https:\/\/www.legalsmart.de\/blog\/facebook-wieder-vor-dem-eugh\/"]}]},{"@type":"BreadcrumbList","@id":"https:\/\/www.legalsmart.de\/blog\/facebook-wieder-vor-dem-eugh\/#breadcrumb","itemListElement":[{"@type":"ListItem","position":1,"name":"Startseite","item":"https:\/\/www.legalsmart.de\/blog\/"},{"@type":"ListItem","position":2,"name":"Facebook wieder vor dem EuGH"}]},{"@type":"WebSite","@id":"https:\/\/www.legalsmart.de\/blog\/#website","url":"https:\/\/www.legalsmart.de\/blog\/","name":"LEGAL SMART Online Blog","description":"Die innovative Kanzlei","potentialAction":[{"@type":"SearchAction","target":{"@type":"EntryPoint","urlTemplate":"https:\/\/www.legalsmart.de\/blog\/?s={search_term_string}"},"query-input":{"@type":"PropertyValueSpecification","valueRequired":true,"valueName":"search_term_string"}}],"inLanguage":"de"},{"@type":"Person","@id":"https:\/\/www.legalsmart.de\/blog\/#\/schema\/person\/0869c669bccbe2e56b149b214913b000","name":"Guido Kluck, LL.M.","image":{"@type":"ImageObject","inLanguage":"de","@id":"https:\/\/www.legalsmart.de\/blog\/#\/schema\/person\/image\/","url":"https:\/\/www.legalsmart.de\/blog\/wp-content\/uploads\/2018\/09\/cropped-IMG_2698-e1535879860494-96x96.jpg","contentUrl":"https:\/\/www.legalsmart.de\/blog\/wp-content\/uploads\/2018\/09\/cropped-IMG_2698-e1535879860494-96x96.jpg","caption":"Guido Kluck, LL.M."},"description":"Rechtsanwalt Guido Kluck LL.M. ist Partner der Kanzlei LEGAL SMART am Standort Berlin. Er ist Ansprechpartner f\u00fcr das Recht der neuen Medien sowie f\u00fcr die Bereiche Wettbewerbsrecht, Markenrecht, Urheberrecht, IT-Recht, Vertragsrecht und das Datenschutzrecht (DSGVO).","sameAs":["https:\/\/legalsmart.de\/team_kluck.php","https:\/\/www.facebook.com\/guido.kluck","https:\/\/x.com\/https:\/\/twitter.com\/kluck"]}]}},"_links":{"self":[{"href":"https:\/\/www.legalsmart.de\/blog\/wp-json\/wp\/v2\/posts\/6907","targetHints":{"allow":["GET"]}}],"collection":[{"href":"https:\/\/www.legalsmart.de\/blog\/wp-json\/wp\/v2\/posts"}],"about":[{"href":"https:\/\/www.legalsmart.de\/blog\/wp-json\/wp\/v2\/types\/post"}],"author":[{"embeddable":true,"href":"https:\/\/www.legalsmart.de\/blog\/wp-json\/wp\/v2\/users\/1"}],"replies":[{"embeddable":true,"href":"https:\/\/www.legalsmart.de\/blog\/wp-json\/wp\/v2\/comments?post=6907"}],"version-history":[{"count":0,"href":"https:\/\/www.legalsmart.de\/blog\/wp-json\/wp\/v2\/posts\/6907\/revisions"}],"wp:attachment":[{"href":"https:\/\/www.legalsmart.de\/blog\/wp-json\/wp\/v2\/media?parent=6907"}],"wp:term":[{"taxonomy":"category","embeddable":true,"href":"https:\/\/www.legalsmart.de\/blog\/wp-json\/wp\/v2\/categories?post=6907"},{"taxonomy":"post_tag","embeddable":true,"href":"https:\/\/www.legalsmart.de\/blog\/wp-json\/wp\/v2\/tags?post=6907"}],"curies":[{"name":"wp","href":"https:\/\/api.w.org\/{rel}","templated":true}]}}