{"id":7126,"date":"2019-10-14T15:48:10","date_gmt":"2019-10-14T13:48:10","guid":{"rendered":"https:\/\/www.legalsmart.de\/blog\/?p=7126"},"modified":"2019-09-30T17:47:38","modified_gmt":"2019-09-30T15:47:38","slug":"sammelklage-gegen-apple-auslegung-von-applecare","status":"publish","type":"post","link":"https:\/\/www.legalsmart.de\/blog\/sammelklage-gegen-apple-auslegung-von-applecare\/","title":{"rendered":"Sammelklage wegen AppleCare"},"content":{"rendered":"\n<p>In einer nunmehr zur Sammelklage ausgestalteten Klage gegen den Smartphone-Hersteller Apple muss sich dieser nun daf\u00fcr rechtfertigen, seine Kunden mit wiederaufbereiteten R\u00fcckl\u00e4ufern abzuspeisen. <\/p>\n\n\n\n<p>Im Vorfeld versuchte Apple, die Ausgangsklage der in\nKalifornien ans\u00e4ssigen Kunden \u00fcber wiederaufbereitete iPhone-Austauschger\u00e4te\nf\u00fcr nichtig erkl\u00e4ren zu lassen, scheiterte jedoch bei Gericht. Der mit dem Fall\nbetraute Richter lehnte den Antrag nicht nur ab, sondern lie\u00df eine Sammelklage\nzu (Az. 3:16-cv-04067-WHO). Dieser Klage k\u00f6nnen sich nunmehr auch weitere\nApple-Kunden mit demselben Problem anschlie\u00dfen. <\/p>\n\n\n\n<h2 class=\"wp-block-heading\"><strong>Was fordern die Kl\u00e4ger der Sammelklage?<\/strong><\/h2>\n\n\n\n<p>Die Kl\u00e4ger fordern die \u00dcberlassung von Neuger\u00e4ten, wenn es\num die Inanspruchnahme der AppleCare-Versicherungen geht. AppleCare- und\nAppleCare+-Kunden erhielten genereal\u00fcberholte iPhones, anstelle von neuen\nGer\u00e4ten, die neuen Ger\u00e4ten in Leistung und Zuverl\u00e4ssigkeit entsprechen. Dies sei\nnicht mit den Versicherungsbestimmungen der AppleCare-Produkte vereinbar. <\/p>\n\n\n\n<p>Die aufbereiteten iPhones k\u00f6nnen dem nicht gerecht werden,\nda sie gebraucht und damit in der Regel weniger zuverl\u00e4ssig seien. &nbsp;<\/p>\n\n\n\n<p>Die Kl\u00e4ger fordern Schadensersatz von Apple und den vollen Kaufpreis f\u00fcr defekte Ger\u00e4te zur\u00fcck. Dies soll nun mit einer Sammelklage durchgesetzt werden.<\/p>\n\n\n\n<h2 class=\"wp-block-heading\"><strong>Ist Apple vertragsbr\u00fcchig?<\/strong><\/h2>\n\n\n\n<p>Grunds\u00e4tzlich haben iPhone-K\u00e4ufer, die eine\nZusatzversicherung bei Apple abschlie\u00dfen, ein Recht darauf, ein Austauschger\u00e4t\nzu erhalten, sollte das gekaufte iPhone einen Fehler aufweisen. Welchen Zustand\ndieses Austauschger\u00e4t haben muss, ist zwischen Kunden und Unternehmen jedoch\nnicht eindeutig. <\/p>\n\n\n\n<p>Wenn Kunden im Garantiefall sich an Apple wenden, wird in\nder Regel vor Ort ein Austausch vorgenommen und die Kunden erhalten ein\nidentisches Modell in einer wiederaufbereiteten Version. <\/p>\n\n\n\n<p>In seinem Garantieversprechen zu AppleCare+-Produkten hei\u00dft\nes jedoch:<\/p>\n\n\n\n<p>\u201eAppleCare+ deckt Reparatur oder Austausch deines iPhone\nab. Darin eingeschlossen sind bis zu zwei Reparaturen bei unabsichtlicher\nBesch\u00e4digung, f\u00fcr die jeweils eine Servicegeb\u00fchr anf\u00e4llt (29 \u20ac bei Sch\u00e4den am\nDisplay oder 99 \u20ac f\u00fcr alle anderen Sch\u00e4den), sowie Reparaturleistungen f\u00fcr\nBatterien, die weniger als 80 % ihrer Originalkapazit\u00e4t besitzen.&#8220;<\/p>\n\n\n\n<p>Das Wort \u201eAustausch\u201c ist hier jedoch Knackpunkt des Falles. Unklar ist, welchen Zustand das Austauschger\u00e4t tats\u00e4chlich haben muss. Apple ist der Ansicht, es gen\u00fcge, wenn ein Ger\u00e4t ausgegeben wird, dass in Leistung und Zuverl\u00e4ssigkeit dem eines Neuger\u00e4ts entspricht. Ein Neuger\u00e4t werde davon nicht zwangsl\u00e4ufig umfasst. <\/p>\n\n\n\n<p>Die Kl\u00e4ger sind jedoch der Ansicht, dass es sich hierbei um einen Vertragsbruch handele, da die Formulierung die Ausgabe eines Neuger\u00e4ts fordert, und eben nicht nur den Austausch mit einem aufbereiteten Ger\u00e4t. Dies soll nun die Sammelklage kl\u00e4ren.<\/p>\n\n\n\n<h2 class=\"wp-block-heading\"><strong>Vergleichbarer Fall<\/strong><\/h2>\n\n\n\n<p>In den Niederlanden hat bereits im Jahr 2016 ein Gericht\neiner Klage stattgegeben, durch die auch ein neues iPhone im Rahmen des Ersatzes\ngefordert wurde. Ob ein AppleCare-Paket durch die Kl\u00e4gerin gekauft wurde, ist\nnicht bekannt. <\/p>\n\n\n\n<h2 class=\"wp-block-heading\"><strong>Gerichte m\u00fcssen \u00fcber Sammelklage entscheiden <\/strong><\/h2>\n\n\n\n<p>Letztendlich ist es Aufgabe der Gerichte, dar\u00fcber zu entscheiden, wie weit der Verbraucherschutz gehen soll. Die Gerichte m\u00fcssen sich insbesondere mit der Frage befassen, ob ein Austauschger\u00e4t im Rahmen der Garantie den Kunden in die Lage zur\u00fcckversetzen soll, in der sich zum Zeitpunkt des Kaufs befand, er jedoch ein komplett neues Ger\u00e4t erhalten muss oder es ausreicht, wenn er ein gebrauchtes, aber umfassend gepr\u00fcftes und fast neuwertiges Ger\u00e4t erh\u00e4lt.  <\/p>\n\n\n\n<p>Haben auch Sie Probleme im Rahmen Ihrer AppleCare-Versicherung oder ein Anliegen anderer Art, wenden Sie sich an unsere Kanzlei, wir unterst\u00fctzen Sie gerne! <\/p>\n","protected":false},"excerpt":{"rendered":"<p>In einer nunmehr zur Sammelklage ausgestalteten Klage gegen den Smartphone-Hersteller Apple muss sich dieser nun daf\u00fcr rechtfertigen, seine Kunden mit wiederaufbereiteten R\u00fcckl\u00e4ufern abzuspeisen. Im Vorfeld versuchte Apple, die Ausgangsklage der in Kalifornien ans\u00e4ssigen Kunden \u00fcber wiederaufbereitete iPhone-Austauschger\u00e4te f\u00fcr nichtig erkl\u00e4ren zu lassen, scheiterte jedoch bei Gericht. Der mit dem Fall betraute Richter lehnte den Antrag [&hellip;]<\/p>\n","protected":false},"author":1,"featured_media":0,"comment_status":"open","ping_status":"open","sticky":false,"template":"","format":"standard","meta":{"footnotes":""},"categories":[1,35,41],"tags":[595,5447,5448,5449,1642,5446,5444,5443,5442,5445,5450,5451],"class_list":["post-7126","post","type-post","status-publish","format-standard","hentry","category-allgemein","category-vertragsrecht","category-zivilrecht","tag-apple","tag-applecare-paket","tag-applecare","tag-austauschgeraet","tag-garantie","tag-gerichte","tag-neuware","tag-neuwertiges-geraet","tag-sammelklage","tag-smartphone-hersteller","tag-verbaucherschutz","tag-zusatzversicherung"],"yoast_head":"<!-- This site is optimized with the Yoast SEO plugin v25.8 - https:\/\/yoast.com\/wordpress\/plugins\/seo\/ -->\n<title>Sammelklage wegen AppleCare | LEGAL SMART Online Blog<\/title>\n<meta name=\"description\" content=\"Gerichte m\u00fcssen sich durch eine Sammelklage kl\u00e4ren, wie weit der Verbraucherschutz im Rahmen der AppleCare-Versicherungen reicht.\" \/>\n<meta name=\"robots\" content=\"index, follow, max-snippet:-1, max-image-preview:large, max-video-preview:-1\" \/>\n<link rel=\"canonical\" href=\"https:\/\/www.legalsmart.de\/blog\/sammelklage-gegen-apple-auslegung-von-applecare\/\" \/>\n<meta property=\"og:locale\" content=\"de_DE\" \/>\n<meta property=\"og:type\" content=\"article\" \/>\n<meta property=\"og:title\" content=\"Sammelklage wegen AppleCare | LEGAL SMART Online Blog\" \/>\n<meta property=\"og:description\" content=\"Gerichte m\u00fcssen sich durch eine Sammelklage kl\u00e4ren, wie weit der Verbraucherschutz im Rahmen der AppleCare-Versicherungen reicht.\" \/>\n<meta property=\"og:url\" content=\"https:\/\/www.legalsmart.de\/blog\/sammelklage-gegen-apple-auslegung-von-applecare\/\" \/>\n<meta property=\"og:site_name\" content=\"LEGAL SMART Online Blog\" \/>\n<meta property=\"article:author\" content=\"https:\/\/www.facebook.com\/guido.kluck\" \/>\n<meta property=\"article:published_time\" content=\"2019-10-14T13:48:10+00:00\" \/>\n<meta name=\"author\" content=\"Guido Kluck, LL.M.\" \/>\n<meta name=\"twitter:card\" content=\"summary_large_image\" \/>\n<meta name=\"twitter:creator\" content=\"@https:\/\/twitter.com\/kluck\" \/>\n<meta name=\"twitter:label1\" content=\"Verfasst von\" \/>\n\t<meta name=\"twitter:data1\" content=\"Guido Kluck, LL.M.\" \/>\n\t<meta name=\"twitter:label2\" content=\"Gesch\u00e4tzte Lesezeit\" \/>\n\t<meta name=\"twitter:data2\" content=\"3\u00a0Minuten\" \/>\n<script type=\"application\/ld+json\" class=\"yoast-schema-graph\">{\"@context\":\"https:\/\/schema.org\",\"@graph\":[{\"@type\":\"WebPage\",\"@id\":\"https:\/\/www.legalsmart.de\/blog\/sammelklage-gegen-apple-auslegung-von-applecare\/\",\"url\":\"https:\/\/www.legalsmart.de\/blog\/sammelklage-gegen-apple-auslegung-von-applecare\/\",\"name\":\"Sammelklage wegen AppleCare | LEGAL SMART Online Blog\",\"isPartOf\":{\"@id\":\"https:\/\/www.legalsmart.de\/blog\/#website\"},\"datePublished\":\"2019-10-14T13:48:10+00:00\",\"author\":{\"@id\":\"https:\/\/www.legalsmart.de\/blog\/#\/schema\/person\/0869c669bccbe2e56b149b214913b000\"},\"description\":\"Gerichte m\u00fcssen sich durch eine Sammelklage kl\u00e4ren, wie weit der Verbraucherschutz im Rahmen der AppleCare-Versicherungen reicht.\",\"breadcrumb\":{\"@id\":\"https:\/\/www.legalsmart.de\/blog\/sammelklage-gegen-apple-auslegung-von-applecare\/#breadcrumb\"},\"inLanguage\":\"de\",\"potentialAction\":[{\"@type\":\"ReadAction\",\"target\":[\"https:\/\/www.legalsmart.de\/blog\/sammelklage-gegen-apple-auslegung-von-applecare\/\"]}]},{\"@type\":\"BreadcrumbList\",\"@id\":\"https:\/\/www.legalsmart.de\/blog\/sammelklage-gegen-apple-auslegung-von-applecare\/#breadcrumb\",\"itemListElement\":[{\"@type\":\"ListItem\",\"position\":1,\"name\":\"Startseite\",\"item\":\"https:\/\/www.legalsmart.de\/blog\/\"},{\"@type\":\"ListItem\",\"position\":2,\"name\":\"Sammelklage wegen AppleCare\"}]},{\"@type\":\"WebSite\",\"@id\":\"https:\/\/www.legalsmart.de\/blog\/#website\",\"url\":\"https:\/\/www.legalsmart.de\/blog\/\",\"name\":\"LEGAL SMART Online Blog\",\"description\":\"Die innovative Kanzlei\",\"potentialAction\":[{\"@type\":\"SearchAction\",\"target\":{\"@type\":\"EntryPoint\",\"urlTemplate\":\"https:\/\/www.legalsmart.de\/blog\/?s={search_term_string}\"},\"query-input\":{\"@type\":\"PropertyValueSpecification\",\"valueRequired\":true,\"valueName\":\"search_term_string\"}}],\"inLanguage\":\"de\"},{\"@type\":\"Person\",\"@id\":\"https:\/\/www.legalsmart.de\/blog\/#\/schema\/person\/0869c669bccbe2e56b149b214913b000\",\"name\":\"Guido Kluck, LL.M.\",\"image\":{\"@type\":\"ImageObject\",\"inLanguage\":\"de\",\"@id\":\"https:\/\/www.legalsmart.de\/blog\/#\/schema\/person\/image\/\",\"url\":\"https:\/\/www.legalsmart.de\/blog\/wp-content\/uploads\/2018\/09\/cropped-IMG_2698-e1535879860494-96x96.jpg\",\"contentUrl\":\"https:\/\/www.legalsmart.de\/blog\/wp-content\/uploads\/2018\/09\/cropped-IMG_2698-e1535879860494-96x96.jpg\",\"caption\":\"Guido Kluck, LL.M.\"},\"description\":\"Rechtsanwalt Guido Kluck LL.M. ist Partner der Kanzlei LEGAL SMART am Standort Berlin. Er ist Ansprechpartner f\u00fcr das Recht der neuen Medien sowie f\u00fcr die Bereiche Wettbewerbsrecht, Markenrecht, Urheberrecht, IT-Recht, Vertragsrecht und das Datenschutzrecht (DSGVO).\",\"sameAs\":[\"https:\/\/legalsmart.de\/team_kluck.php\",\"https:\/\/www.facebook.com\/guido.kluck\",\"https:\/\/x.com\/https:\/\/twitter.com\/kluck\"]}]}<\/script>\n<!-- \/ Yoast SEO plugin. -->","yoast_head_json":{"title":"Sammelklage wegen AppleCare | LEGAL SMART Online Blog","description":"Gerichte m\u00fcssen sich durch eine Sammelklage kl\u00e4ren, wie weit der Verbraucherschutz im Rahmen der AppleCare-Versicherungen reicht.","robots":{"index":"index","follow":"follow","max-snippet":"max-snippet:-1","max-image-preview":"max-image-preview:large","max-video-preview":"max-video-preview:-1"},"canonical":"https:\/\/www.legalsmart.de\/blog\/sammelklage-gegen-apple-auslegung-von-applecare\/","og_locale":"de_DE","og_type":"article","og_title":"Sammelklage wegen AppleCare | LEGAL SMART Online Blog","og_description":"Gerichte m\u00fcssen sich durch eine Sammelklage kl\u00e4ren, wie weit der Verbraucherschutz im Rahmen der AppleCare-Versicherungen reicht.","og_url":"https:\/\/www.legalsmart.de\/blog\/sammelklage-gegen-apple-auslegung-von-applecare\/","og_site_name":"LEGAL SMART Online Blog","article_author":"https:\/\/www.facebook.com\/guido.kluck","article_published_time":"2019-10-14T13:48:10+00:00","author":"Guido Kluck, LL.M.","twitter_card":"summary_large_image","twitter_creator":"@https:\/\/twitter.com\/kluck","twitter_misc":{"Verfasst von":"Guido Kluck, LL.M.","Gesch\u00e4tzte Lesezeit":"3\u00a0Minuten"},"schema":{"@context":"https:\/\/schema.org","@graph":[{"@type":"WebPage","@id":"https:\/\/www.legalsmart.de\/blog\/sammelklage-gegen-apple-auslegung-von-applecare\/","url":"https:\/\/www.legalsmart.de\/blog\/sammelklage-gegen-apple-auslegung-von-applecare\/","name":"Sammelklage wegen AppleCare | LEGAL SMART Online Blog","isPartOf":{"@id":"https:\/\/www.legalsmart.de\/blog\/#website"},"datePublished":"2019-10-14T13:48:10+00:00","author":{"@id":"https:\/\/www.legalsmart.de\/blog\/#\/schema\/person\/0869c669bccbe2e56b149b214913b000"},"description":"Gerichte m\u00fcssen sich durch eine Sammelklage kl\u00e4ren, wie weit der Verbraucherschutz im Rahmen der AppleCare-Versicherungen reicht.","breadcrumb":{"@id":"https:\/\/www.legalsmart.de\/blog\/sammelklage-gegen-apple-auslegung-von-applecare\/#breadcrumb"},"inLanguage":"de","potentialAction":[{"@type":"ReadAction","target":["https:\/\/www.legalsmart.de\/blog\/sammelklage-gegen-apple-auslegung-von-applecare\/"]}]},{"@type":"BreadcrumbList","@id":"https:\/\/www.legalsmart.de\/blog\/sammelklage-gegen-apple-auslegung-von-applecare\/#breadcrumb","itemListElement":[{"@type":"ListItem","position":1,"name":"Startseite","item":"https:\/\/www.legalsmart.de\/blog\/"},{"@type":"ListItem","position":2,"name":"Sammelklage wegen AppleCare"}]},{"@type":"WebSite","@id":"https:\/\/www.legalsmart.de\/blog\/#website","url":"https:\/\/www.legalsmart.de\/blog\/","name":"LEGAL SMART Online Blog","description":"Die innovative Kanzlei","potentialAction":[{"@type":"SearchAction","target":{"@type":"EntryPoint","urlTemplate":"https:\/\/www.legalsmart.de\/blog\/?s={search_term_string}"},"query-input":{"@type":"PropertyValueSpecification","valueRequired":true,"valueName":"search_term_string"}}],"inLanguage":"de"},{"@type":"Person","@id":"https:\/\/www.legalsmart.de\/blog\/#\/schema\/person\/0869c669bccbe2e56b149b214913b000","name":"Guido Kluck, LL.M.","image":{"@type":"ImageObject","inLanguage":"de","@id":"https:\/\/www.legalsmart.de\/blog\/#\/schema\/person\/image\/","url":"https:\/\/www.legalsmart.de\/blog\/wp-content\/uploads\/2018\/09\/cropped-IMG_2698-e1535879860494-96x96.jpg","contentUrl":"https:\/\/www.legalsmart.de\/blog\/wp-content\/uploads\/2018\/09\/cropped-IMG_2698-e1535879860494-96x96.jpg","caption":"Guido Kluck, LL.M."},"description":"Rechtsanwalt Guido Kluck LL.M. ist Partner der Kanzlei LEGAL SMART am Standort Berlin. Er ist Ansprechpartner f\u00fcr das Recht der neuen Medien sowie f\u00fcr die Bereiche Wettbewerbsrecht, Markenrecht, Urheberrecht, IT-Recht, Vertragsrecht und das Datenschutzrecht (DSGVO).","sameAs":["https:\/\/legalsmart.de\/team_kluck.php","https:\/\/www.facebook.com\/guido.kluck","https:\/\/x.com\/https:\/\/twitter.com\/kluck"]}]}},"_links":{"self":[{"href":"https:\/\/www.legalsmart.de\/blog\/wp-json\/wp\/v2\/posts\/7126","targetHints":{"allow":["GET"]}}],"collection":[{"href":"https:\/\/www.legalsmart.de\/blog\/wp-json\/wp\/v2\/posts"}],"about":[{"href":"https:\/\/www.legalsmart.de\/blog\/wp-json\/wp\/v2\/types\/post"}],"author":[{"embeddable":true,"href":"https:\/\/www.legalsmart.de\/blog\/wp-json\/wp\/v2\/users\/1"}],"replies":[{"embeddable":true,"href":"https:\/\/www.legalsmart.de\/blog\/wp-json\/wp\/v2\/comments?post=7126"}],"version-history":[{"count":1,"href":"https:\/\/www.legalsmart.de\/blog\/wp-json\/wp\/v2\/posts\/7126\/revisions"}],"predecessor-version":[{"id":7144,"href":"https:\/\/www.legalsmart.de\/blog\/wp-json\/wp\/v2\/posts\/7126\/revisions\/7144"}],"wp:attachment":[{"href":"https:\/\/www.legalsmart.de\/blog\/wp-json\/wp\/v2\/media?parent=7126"}],"wp:term":[{"taxonomy":"category","embeddable":true,"href":"https:\/\/www.legalsmart.de\/blog\/wp-json\/wp\/v2\/categories?post=7126"},{"taxonomy":"post_tag","embeddable":true,"href":"https:\/\/www.legalsmart.de\/blog\/wp-json\/wp\/v2\/tags?post=7126"}],"curies":[{"name":"wp","href":"https:\/\/api.w.org\/{rel}","templated":true}]}}