{"id":7213,"date":"2019-10-24T10:25:24","date_gmt":"2019-10-24T08:25:24","guid":{"rendered":"https:\/\/www.legalsmart.de\/blog\/?p=7213"},"modified":"2019-10-14T17:36:35","modified_gmt":"2019-10-14T15:36:35","slug":"wortmarke-black-friday","status":"publish","type":"post","link":"https:\/\/www.legalsmart.de\/blog\/wortmarke-black-friday\/","title":{"rendered":"Wortmarke Black Friday"},"content":{"rendered":"\n<p>Der Begriff Black Friday ist als Wortmarke gesch\u00fctzt! Dies ist vielen H\u00e4ndlern nicht bewusst und werben munter mit Black Friday-Angeboten. Dann drohen jedoch Abmahnungen und hohe Kosten. Aktuell hat sich das Bundespatentgericht mit dem Markenschutz des Begriffs auseinanderzusetzen.<\/p>\n\n\n\n<h2 class=\"wp-block-heading\"><strong>Warum ist der Begriff Black\nFriday gesch\u00fctzt?<\/strong><\/h2>\n\n\n\n<p>Der Black Friday ist immer am\nFreitag nach Thanksgiving. In den USA beginnt damit das Weihnachtsgesch\u00e4ft. Dieser\nTag ist seit Jahren auch in Deutschland bekannt f\u00fcr tolle Angebote und\nSchn\u00e4ppchen. Schlauerweise hat sich ein Unternehmen aus Hong Kong diesen\nBegriff als Wortmarke in Deutschland eintragen, auf EU-Ebene ist er damit\ngescheitert.<\/p>\n\n\n\n<h2 class=\"wp-block-heading\"><strong>Warum muss das Bundespatentgericht \u00fcber den Black Friday entscheiden?<\/strong><\/h2>\n\n\n\n<p>Gegen die Eintragung lagen 16\nL\u00f6schungsantr\u00e4ge beim Deutschen Patent- und Markenamt (DPMA). In einem\nzusammengefassten Verfahren hat das DPMA entschieden, dass dem Begriff Black\nFriday keine Unterscheidungskraft i.S.v. <a href=\"https:\/\/dejure.org\/gesetze\/MarkenG\/8.html\" title=\"&sect; 8 MarkenG: Absolute Schutzhindernisse\">\u00a7 8 Abs. 2 Nr. 1<\/a> Markengesetz\ninnewohnt und deswegen nicht eingetragen h\u00e4tte werden d\u00fcrfen. Der Begriff sei\nlediglich ein Hinweis auf eine j\u00e4hrliche Rabattaktion. Gegen diesen Beschluss hat\ndas chinesische Unternehmen Rechtsmittel eingelegt. Daher muss sich nun das\nBundespatentgericht mit dem Fall auseinandersetzen. <\/p>\n\n\n\n<h2 class=\"wp-block-heading\"><strong>Wie wird das Bundespatentgericht\nentscheiden?<\/strong><\/h2>\n\n\n\n<p>Das Verfahren ist unter dem Aktenzeichen\n<a href=\"https:\/\/dejure.org\/dienste\/vernetzung\/rechtsprechung?Text=30%20W%20(pat)%2026\/18\" title=\"BPatG, 28.02.2020 - 30 W (pat) 26\/18: Black Friday - Markenbeschwerdeverfahren - L&ouml;schungsverfa...\">30 W (pat) 26\/18<\/a> beim Bundespatentgericht anh\u00e4ngig. Die m\u00fcndliche Verhandlung\nfand am 26.09.2019 statt. Noch gab es allerdings keine Entscheidung. Wann diese\nerfolgt und wie diese ausf\u00e4llt, bleibt abzuwarten. H\u00e4ndler hoffen nat\u00fcrlich,\ndass der Schutz aufgehoben wird. K\u00fcrzlich gab es vom OLG Wien eine Entscheidung\nzu diesem Thema, bei der das Gericht die Eintragung des Wortmarke in \u00d6sterreich\nuntersagte.<\/p>\n\n\n\n<h2 class=\"wp-block-heading\"><strong>Was droht bei einer\nMarkenrechtsverletzung?<\/strong><\/h2>\n\n\n\n<p>So wie auch in den letzten Jahren\nwird es wieder Abmahnungen f\u00fcr H\u00e4ndler hageln, die mit dem Begriff Black Friday\nwerben. Eine Abmahnung ist ein Versuch, die Rechtsverletzung au\u00dfergerichtlich\nzu kl\u00e4ren. Der Abmahnende fordert darin die Abgabe einer\nUnterlassungserkl\u00e4rung. Das hei\u00dft, dass man unterschreiben soll, dass man\nsolche Verst\u00f6\u00dfe nie wieder begeht. Tut man es doch, muss man einen sehr hohen,\nteilweise f\u00fcnftstelligen Betrag als Strafe zahlen. Zudem werden die\nentstandenen Rechtsanwaltskosten f\u00fcr die Abmahnung verlangt und zus\u00e4tzlich oft\nnoch ein Schadensersatz. Abmahnungen sind also vor allem eins: teuer!<\/p>\n\n\n\n<h2 class=\"wp-block-heading\"><strong>Fazit zum Black Friday<\/strong><\/h2>\n\n\n\n<p>Es bleibt zu hoffen, dass die\nEntscheidung bald kommt \u2013 bevor die deutschen H\u00e4ndler beginnen, mit dem Black\nFriday zu werben. Sollten Abmahnungen ausgesprochen werden, drohen dem\nchinesischen Unternehmen im Falle eines entgegenstehenden Urteils des Patentgerichts\nSchadenersatzanspr\u00fcche der betroffenen H\u00e4ndler.<\/p>\n\n\n\n<h2 class=\"wp-block-heading\"><strong>Wir helfen Ihnen!<\/strong><\/h2>\n\n\n\n<p>Wenn Sie wegen des Black Fridays oder einer Sache eine Abmahnung erhalten haben, \u00fcberpr\u00fcfen wir diese gerne auf <a href=\"https:\/\/www.legalsmart.de\/blog\/gesetzentwurf-soll-abmahnmissbrauch-reduzieren\/\" target=\"_blank\" rel=\"noreferrer noopener\" aria-label=\"Rechtm\u00e4\u00dfigkeit (\u00f6ffnet in neuem Tab)\">Rechtm\u00e4\u00dfigkeit<\/a> und entwickeln zusammen mit Ihnen eine geeignete L\u00f6sungsstrategie! Wenden Sie sich einfach an unsere Kanzlei, <a rel=\"noreferrer noopener\" aria-label=\"wir helfen Ihnen (\u00f6ffnet in neuem Tab)\" href=\"https:\/\/www.legalsmart.de\/rechtsprodukt.php?pid=4\" target=\"_blank\">wir helfen Ihnen<\/a>!<\/p>\n","protected":false},"excerpt":{"rendered":"<p>Der Begriff Black Friday ist als Wortmarke gesch\u00fctzt! Dies ist vielen H\u00e4ndlern nicht bewusst und werben munter mit Black Friday-Angeboten. Dann drohen jedoch Abmahnungen und hohe Kosten. Aktuell hat sich das Bundespatentgericht mit dem Markenschutz des Begriffs auseinanderzusetzen. Warum ist der Begriff Black Friday gesch\u00fctzt? Der Black Friday ist immer am Freitag nach Thanksgiving. In [&hellip;]<\/p>\n","protected":false},"author":1,"featured_media":0,"comment_status":"open","ping_status":"open","sticky":false,"template":"","format":"standard","meta":{"footnotes":""},"categories":[2,21,25],"tags":[5506,395,5504,5505,2421,3127,3578,4022],"class_list":["post-7213","post","type-post","status-publish","format-standard","hentry","category-abmahnungen-aktuell","category-markenrecht","category-online-handel-medienrecht","tag-30-w-pat-26-18","tag-abmahnung","tag-black-friday","tag-bundespatentgericht","tag-markeng","tag-schadensersatz","tag-unterlassungserklarung","tag-wortmarke"],"yoast_head":"<!-- This site is optimized with the Yoast SEO plugin v25.8 - https:\/\/yoast.com\/wordpress\/plugins\/seo\/ -->\n<title>Wortmarke Black Friday | LEGAL SMART Online Blog<\/title>\n<meta name=\"description\" content=\"Nutzen Sie den Begriff Black Friday f\u00fcr Ihre Werbung? Das ist momentan keine gute Idee! Die Situation k\u00f6nnte sich aber bald \u00e4ndern.\" \/>\n<meta name=\"robots\" content=\"index, follow, max-snippet:-1, max-image-preview:large, max-video-preview:-1\" \/>\n<link rel=\"canonical\" href=\"https:\/\/www.legalsmart.de\/blog\/wortmarke-black-friday\/\" \/>\n<meta property=\"og:locale\" content=\"de_DE\" \/>\n<meta property=\"og:type\" content=\"article\" \/>\n<meta property=\"og:title\" content=\"Wortmarke Black Friday | LEGAL SMART Online Blog\" \/>\n<meta property=\"og:description\" content=\"Nutzen Sie den Begriff Black Friday f\u00fcr Ihre Werbung? Das ist momentan keine gute Idee! Die Situation k\u00f6nnte sich aber bald \u00e4ndern.\" \/>\n<meta property=\"og:url\" content=\"https:\/\/www.legalsmart.de\/blog\/wortmarke-black-friday\/\" \/>\n<meta property=\"og:site_name\" content=\"LEGAL SMART Online Blog\" \/>\n<meta property=\"article:author\" content=\"https:\/\/www.facebook.com\/guido.kluck\" \/>\n<meta property=\"article:published_time\" content=\"2019-10-24T08:25:24+00:00\" \/>\n<meta name=\"author\" content=\"Guido Kluck, LL.M.\" \/>\n<meta name=\"twitter:card\" content=\"summary_large_image\" \/>\n<meta name=\"twitter:creator\" content=\"@https:\/\/twitter.com\/kluck\" \/>\n<meta name=\"twitter:label1\" content=\"Verfasst von\" \/>\n\t<meta name=\"twitter:data1\" content=\"Guido Kluck, LL.M.\" \/>\n\t<meta name=\"twitter:label2\" content=\"Gesch\u00e4tzte Lesezeit\" \/>\n\t<meta name=\"twitter:data2\" content=\"2\u00a0Minuten\" \/>\n<script type=\"application\/ld+json\" class=\"yoast-schema-graph\">{\"@context\":\"https:\/\/schema.org\",\"@graph\":[{\"@type\":\"WebPage\",\"@id\":\"https:\/\/www.legalsmart.de\/blog\/wortmarke-black-friday\/\",\"url\":\"https:\/\/www.legalsmart.de\/blog\/wortmarke-black-friday\/\",\"name\":\"Wortmarke Black Friday | LEGAL SMART Online Blog\",\"isPartOf\":{\"@id\":\"https:\/\/www.legalsmart.de\/blog\/#website\"},\"datePublished\":\"2019-10-24T08:25:24+00:00\",\"author\":{\"@id\":\"https:\/\/www.legalsmart.de\/blog\/#\/schema\/person\/0869c669bccbe2e56b149b214913b000\"},\"description\":\"Nutzen Sie den Begriff Black Friday f\u00fcr Ihre Werbung? Das ist momentan keine gute Idee! Die Situation k\u00f6nnte sich aber bald \u00e4ndern.\",\"breadcrumb\":{\"@id\":\"https:\/\/www.legalsmart.de\/blog\/wortmarke-black-friday\/#breadcrumb\"},\"inLanguage\":\"de\",\"potentialAction\":[{\"@type\":\"ReadAction\",\"target\":[\"https:\/\/www.legalsmart.de\/blog\/wortmarke-black-friday\/\"]}]},{\"@type\":\"BreadcrumbList\",\"@id\":\"https:\/\/www.legalsmart.de\/blog\/wortmarke-black-friday\/#breadcrumb\",\"itemListElement\":[{\"@type\":\"ListItem\",\"position\":1,\"name\":\"Startseite\",\"item\":\"https:\/\/www.legalsmart.de\/blog\/\"},{\"@type\":\"ListItem\",\"position\":2,\"name\":\"Wortmarke Black Friday\"}]},{\"@type\":\"WebSite\",\"@id\":\"https:\/\/www.legalsmart.de\/blog\/#website\",\"url\":\"https:\/\/www.legalsmart.de\/blog\/\",\"name\":\"LEGAL SMART Online Blog\",\"description\":\"Die innovative Kanzlei\",\"potentialAction\":[{\"@type\":\"SearchAction\",\"target\":{\"@type\":\"EntryPoint\",\"urlTemplate\":\"https:\/\/www.legalsmart.de\/blog\/?s={search_term_string}\"},\"query-input\":{\"@type\":\"PropertyValueSpecification\",\"valueRequired\":true,\"valueName\":\"search_term_string\"}}],\"inLanguage\":\"de\"},{\"@type\":\"Person\",\"@id\":\"https:\/\/www.legalsmart.de\/blog\/#\/schema\/person\/0869c669bccbe2e56b149b214913b000\",\"name\":\"Guido Kluck, LL.M.\",\"image\":{\"@type\":\"ImageObject\",\"inLanguage\":\"de\",\"@id\":\"https:\/\/www.legalsmart.de\/blog\/#\/schema\/person\/image\/\",\"url\":\"https:\/\/www.legalsmart.de\/blog\/wp-content\/uploads\/2018\/09\/cropped-IMG_2698-e1535879860494-96x96.jpg\",\"contentUrl\":\"https:\/\/www.legalsmart.de\/blog\/wp-content\/uploads\/2018\/09\/cropped-IMG_2698-e1535879860494-96x96.jpg\",\"caption\":\"Guido Kluck, LL.M.\"},\"description\":\"Rechtsanwalt Guido Kluck LL.M. ist Partner der Kanzlei LEGAL SMART am Standort Berlin. Er ist Ansprechpartner f\u00fcr das Recht der neuen Medien sowie f\u00fcr die Bereiche Wettbewerbsrecht, Markenrecht, Urheberrecht, IT-Recht, Vertragsrecht und das Datenschutzrecht (DSGVO).\",\"sameAs\":[\"https:\/\/legalsmart.de\/team_kluck.php\",\"https:\/\/www.facebook.com\/guido.kluck\",\"https:\/\/x.com\/https:\/\/twitter.com\/kluck\"]}]}<\/script>\n<!-- \/ Yoast SEO plugin. -->","yoast_head_json":{"title":"Wortmarke Black Friday | LEGAL SMART Online Blog","description":"Nutzen Sie den Begriff Black Friday f\u00fcr Ihre Werbung? Das ist momentan keine gute Idee! Die Situation k\u00f6nnte sich aber bald \u00e4ndern.","robots":{"index":"index","follow":"follow","max-snippet":"max-snippet:-1","max-image-preview":"max-image-preview:large","max-video-preview":"max-video-preview:-1"},"canonical":"https:\/\/www.legalsmart.de\/blog\/wortmarke-black-friday\/","og_locale":"de_DE","og_type":"article","og_title":"Wortmarke Black Friday | LEGAL SMART Online Blog","og_description":"Nutzen Sie den Begriff Black Friday f\u00fcr Ihre Werbung? Das ist momentan keine gute Idee! Die Situation k\u00f6nnte sich aber bald \u00e4ndern.","og_url":"https:\/\/www.legalsmart.de\/blog\/wortmarke-black-friday\/","og_site_name":"LEGAL SMART Online Blog","article_author":"https:\/\/www.facebook.com\/guido.kluck","article_published_time":"2019-10-24T08:25:24+00:00","author":"Guido Kluck, LL.M.","twitter_card":"summary_large_image","twitter_creator":"@https:\/\/twitter.com\/kluck","twitter_misc":{"Verfasst von":"Guido Kluck, LL.M.","Gesch\u00e4tzte Lesezeit":"2\u00a0Minuten"},"schema":{"@context":"https:\/\/schema.org","@graph":[{"@type":"WebPage","@id":"https:\/\/www.legalsmart.de\/blog\/wortmarke-black-friday\/","url":"https:\/\/www.legalsmart.de\/blog\/wortmarke-black-friday\/","name":"Wortmarke Black Friday | LEGAL SMART Online Blog","isPartOf":{"@id":"https:\/\/www.legalsmart.de\/blog\/#website"},"datePublished":"2019-10-24T08:25:24+00:00","author":{"@id":"https:\/\/www.legalsmart.de\/blog\/#\/schema\/person\/0869c669bccbe2e56b149b214913b000"},"description":"Nutzen Sie den Begriff Black Friday f\u00fcr Ihre Werbung? Das ist momentan keine gute Idee! Die Situation k\u00f6nnte sich aber bald \u00e4ndern.","breadcrumb":{"@id":"https:\/\/www.legalsmart.de\/blog\/wortmarke-black-friday\/#breadcrumb"},"inLanguage":"de","potentialAction":[{"@type":"ReadAction","target":["https:\/\/www.legalsmart.de\/blog\/wortmarke-black-friday\/"]}]},{"@type":"BreadcrumbList","@id":"https:\/\/www.legalsmart.de\/blog\/wortmarke-black-friday\/#breadcrumb","itemListElement":[{"@type":"ListItem","position":1,"name":"Startseite","item":"https:\/\/www.legalsmart.de\/blog\/"},{"@type":"ListItem","position":2,"name":"Wortmarke Black Friday"}]},{"@type":"WebSite","@id":"https:\/\/www.legalsmart.de\/blog\/#website","url":"https:\/\/www.legalsmart.de\/blog\/","name":"LEGAL SMART Online Blog","description":"Die innovative Kanzlei","potentialAction":[{"@type":"SearchAction","target":{"@type":"EntryPoint","urlTemplate":"https:\/\/www.legalsmart.de\/blog\/?s={search_term_string}"},"query-input":{"@type":"PropertyValueSpecification","valueRequired":true,"valueName":"search_term_string"}}],"inLanguage":"de"},{"@type":"Person","@id":"https:\/\/www.legalsmart.de\/blog\/#\/schema\/person\/0869c669bccbe2e56b149b214913b000","name":"Guido Kluck, LL.M.","image":{"@type":"ImageObject","inLanguage":"de","@id":"https:\/\/www.legalsmart.de\/blog\/#\/schema\/person\/image\/","url":"https:\/\/www.legalsmart.de\/blog\/wp-content\/uploads\/2018\/09\/cropped-IMG_2698-e1535879860494-96x96.jpg","contentUrl":"https:\/\/www.legalsmart.de\/blog\/wp-content\/uploads\/2018\/09\/cropped-IMG_2698-e1535879860494-96x96.jpg","caption":"Guido Kluck, LL.M."},"description":"Rechtsanwalt Guido Kluck LL.M. ist Partner der Kanzlei LEGAL SMART am Standort Berlin. Er ist Ansprechpartner f\u00fcr das Recht der neuen Medien sowie f\u00fcr die Bereiche Wettbewerbsrecht, Markenrecht, Urheberrecht, IT-Recht, Vertragsrecht und das Datenschutzrecht (DSGVO).","sameAs":["https:\/\/legalsmart.de\/team_kluck.php","https:\/\/www.facebook.com\/guido.kluck","https:\/\/x.com\/https:\/\/twitter.com\/kluck"]}]}},"_links":{"self":[{"href":"https:\/\/www.legalsmart.de\/blog\/wp-json\/wp\/v2\/posts\/7213","targetHints":{"allow":["GET"]}}],"collection":[{"href":"https:\/\/www.legalsmart.de\/blog\/wp-json\/wp\/v2\/posts"}],"about":[{"href":"https:\/\/www.legalsmart.de\/blog\/wp-json\/wp\/v2\/types\/post"}],"author":[{"embeddable":true,"href":"https:\/\/www.legalsmart.de\/blog\/wp-json\/wp\/v2\/users\/1"}],"replies":[{"embeddable":true,"href":"https:\/\/www.legalsmart.de\/blog\/wp-json\/wp\/v2\/comments?post=7213"}],"version-history":[{"count":2,"href":"https:\/\/www.legalsmart.de\/blog\/wp-json\/wp\/v2\/posts\/7213\/revisions"}],"predecessor-version":[{"id":7216,"href":"https:\/\/www.legalsmart.de\/blog\/wp-json\/wp\/v2\/posts\/7213\/revisions\/7216"}],"wp:attachment":[{"href":"https:\/\/www.legalsmart.de\/blog\/wp-json\/wp\/v2\/media?parent=7213"}],"wp:term":[{"taxonomy":"category","embeddable":true,"href":"https:\/\/www.legalsmart.de\/blog\/wp-json\/wp\/v2\/categories?post=7213"},{"taxonomy":"post_tag","embeddable":true,"href":"https:\/\/www.legalsmart.de\/blog\/wp-json\/wp\/v2\/tags?post=7213"}],"curies":[{"name":"wp","href":"https:\/\/api.w.org\/{rel}","templated":true}]}}