{"id":7352,"date":"2019-11-28T10:00:00","date_gmt":"2019-11-28T09:00:00","guid":{"rendered":"https:\/\/www.legalsmart.de\/blog\/?p=7352"},"modified":"2019-11-28T12:50:30","modified_gmt":"2019-11-28T11:50:30","slug":"social-media-marketing-und-die-dsgvo","status":"publish","type":"post","link":"https:\/\/www.legalsmart.de\/blog\/social-media-marketing-und-die-dsgvo\/","title":{"rendered":"Social-Media-Marketing und die DSGVO"},"content":{"rendered":"\n<p>Wer sich f\u00fcr Social-Media-Marketing entscheidet, muss neben der Datenschutzgrundverordnung (DSGVO) auch die e-Privacy-Verordnung beachten. <\/p>\n\n\n\n<p>Die DSGVO ist seit dem 25. Mai 2018 nunmehr f\u00fcr alle EU-L\u00e4nder\nverbindlich und entsprechend umzusetzen. <\/p>\n\n\n\n<h2 class=\"wp-block-heading\"><strong>Vorteile der DSGVO<\/strong><\/h2>\n\n\n\n<p>Unternehmen, die personenbezogene\nDaten zu Marketingzwecken verwenden m\u00f6chten, k\u00f6nnen dies nun bei berechtigtem\nInteresse tun. Die Pers\u00f6nlichkeitsrechte der nat\u00fcrlichen Personen stehen denen\nder Werbetreibenden gegen\u00fcber und m\u00fcssen in ein ausgewogenes Verh\u00e4ltnis\ngebracht werden. <\/p>\n\n\n\n<p>Doch genau dies bringt hohe Anforderungen mit sich, die beachtet werden m\u00fcssen. <\/p>\n\n\n\n<h2 class=\"wp-block-heading\"><strong>Welche Punkte sind beim Social-Media-Marketing unbedingt zu beachten?<\/strong><\/h2>\n\n\n\n<ul class=\"wp-block-list\"><li>Berechtigtes Interesse <\/li><\/ul>\n\n\n\n<p>Ohne dass ein berechtigtes Interesse vorliegt, wird die Verwendung von personenbezogenen Daten schwierig. Das bedeutet, dass das berechtigte Interesse das Recht des Individuums \u00fcberwiegen muss. In <a href=\"https:\/\/dejure.org\/gesetze\/DSGVO\/6.html\" title=\"Art. 6 DSGVO: Rechtm&auml;&szlig;igkeit der Verarbeitung\">Art. 6 Abs. 11 S. 1<\/a> lit. f. DSGVO wird umfassend beschrieben, wie die Interessen gegeneinander abzuwiegen sind. Daneben muss auch der Grad der Beeintr\u00e4chtigung der betroffenen Person hinreichende Ber\u00fccksichtigung finden. Bei den zu analysierenden Daten handelt es sich um solche, die \u00f6ffentlich zug\u00e4nglich sind. Dies k\u00f6nnen Kontaktdaten aus einem Impressum oder einem \u00f6ffentlichen Profil sein.<\/p>\n\n\n\n<p>Ist das\nberechtigte Interesse des Unternehmens nicht eindeutig festzustellen oder aber\nbestehen berechtigte Zweifel daran, dass die Daten an dieser Stelle erhoben,\nverarbeitet und genutzt werden, ist eine eindeutige Einwilligung des\nBetroffenen Voraussetzung.<\/p>\n\n\n\n<ul class=\"wp-block-list\"><li>Einwilling (Opt-in)<\/li><\/ul>\n\n\n\n<p>Die Einholung der\nEinwilligung ist sowohl wichtig f\u00fcr das Social-Media-Marketing als auch f\u00fcr die\nNutzung von Webseiten \u2013 das Opt-In-Verfahren: Hierbei bedarf es einer aktiven\nund eindeutigen Einwilligungserkl\u00e4rung des Nutzers. <\/p>\n\n\n\n<p>Dabei kann das Anklicken eines Kontrollk\u00e4stchens durch den Nutzer f\u00fcr die Einholung der Einwilligung ausreichen. Wichtig ist jedoch, dass der Nutzer vorher detailliert und transparent dar\u00fcber aufgekl\u00e4rt und hingewiesen wird, dass personenbezogene Daten erhoben werden. Zudem muss der User informiert werden, welche Daten erhoben und wie und warum sie verarbeitet werden.<\/p>\n\n\n\n<ul class=\"wp-block-list\"><li>Datensparsamkeit<\/li><\/ul>\n\n\n\n<p>Es sollten nur\nDaten erhoben bzw. verarbeitet werden, die f\u00fcr den Marketingzweck notwendig\nsind. <\/p>\n\n\n\n<p>Sollten\nunterschiedliche Zwecke verfolgt werden, m\u00fcssen diese jeweils genannt und f\u00fcr\njeden einzelnen Zweck eine gesonderte Einwilligung des Nutzers eingeholt\nwerden. Ein pauschaler Hinweis darauf, dass unterschiedliche Zwecke verfolgt\nwerden, gen\u00fcgt den Anforderungen nicht. Zudem muss ber\u00fccksichtigt werden, dass\neine Datensicherung solange erlaubt ist, wie die Information f\u00fcr die Erreichung\ndes Zwecks ben\u00f6tigt wird. <\/p>\n\n\n\n<p>Damit die\nDatennutzung sowie Datenspeicherung zul\u00e4ssig ist, m\u00fcssen s\u00e4mtliche Daten\nanonymisiert oder pseudonymisiert werden. Die Identit\u00e4t de Person soll damit\nweiterhin gesch\u00fctzt werden. <\/p>\n\n\n\n<h2 class=\"wp-block-heading\"><strong>Was ist die e-Privacy-Verordnung?<\/strong><\/h2>\n\n\n\n<p>Die e-Privacy-Verordnung hat Tracking\nund die Cookie-Verwendung zum Inhalt und hat zum Hauptziel, eine einheitliche\nGrundlage f\u00fcr die Einwilligungserkl\u00e4rung in die Nutzung von Cookies zu\nschaffen.<\/p>\n\n\n\n<p>Unumg\u00e4nglich ist der Hinweis \u00fcber die Cookie-Nutzung immer dann, sobald eine Seite ein Datenpaket zur Verarbeitung an das User-Ger\u00e4t schickt. Die Nutzung wird in der Regel durch eine indirekte Einwilligung eingeholt, indem der User mit folgendem Hinweis betraut wird: <\/p>\n\n\n\n<p>\u201eDurch die weitere Nutzung\nunserer Seite stimmen Sie der Verwendung von Cookies zu.\u201c<\/p>\n\n\n\n<h2 class=\"wp-block-heading\"><strong>Social-Media-Marketing: Immer\nwichtiger in der Marktwirtschaft <\/strong><\/h2>\n\n\n\n<p>Social-Media-Marketing hat in den letzten Jahren immer mehr an Bedeutung gewonnen und ist aus der Gesch\u00e4ftswelt kaum mehr wegzudenken. Eine Gro\u00dfzahl an kleinen und gro\u00dfen Unternehmen bedient sich an Twitter, Instagram. Facebook, YouTube &amp; Co., um ihre Leistungen und Produkte zu vermarkten. Doch die Inanspruchnahme von Social-Media ist immer einhergehend mit Herausforderungen auf Eben des Datenschutzes. <\/p>\n\n\n\n<h2 class=\"wp-block-heading\"><strong>Worauf sollte bei\nSocial-Media-Marketing besonders geachtet werden?<\/strong><\/h2>\n\n\n\n<p>Die Pflicht, ein Impressum zu\nhaben, ist f\u00fcr jedes Social-Media-Profil unumg\u00e4nglich, welches gesch\u00e4ftlich\ngenutzt wird. Dabei sind die Nennung von folgenden Daten zwingend notwendig und\nk\u00f6nnen bei Fehlen zu einer Abmahnung f\u00fchren:<\/p>\n\n\n\n<ul class=\"wp-block-list\"><li>Name des Profilbetreibers &nbsp;<\/li><li>vollst\u00e4ndige Adresse des Betreibers<\/li><li>Vertretung des Unternehmens<\/li><li>Kontaktdaten (Telefon, Fax, Email)<\/li><li>Registereintrag des Unternehmens, bei Freiberufler ist die Standeskammer zu nennen<\/li><li>Angabe der Umsatzsteuer-ID<\/li><li>Aktiengesellschaften mit beschr\u00e4nkter Haftung m\u00fcssen dies im Impressum angeben.<\/li><\/ul>\n\n\n\n<h2 class=\"wp-block-heading\"><strong>Was sind Facebook-Pixel?<\/strong><\/h2>\n\n\n\n<p>Bei Facebook-Pixeln handelt es\nsich um die Analysierungsm\u00f6glichkeit eines Nutzers. Es handelt sich um einen\nTracking-Code, der das Verhalten des Users beispielsweise bei geschalteter\nWerbung auf Facebook analysiert. Dem User muss jedoch die M\u00f6glichkeit geboten\nwerden, dem Tracking zu wiedersprechen. <\/p>\n\n\n\n<h2 class=\"wp-block-heading\"><strong>Social-Media-Plugins<\/strong><\/h2>\n\n\n\n<p>Im Hinblick auf den Datenschutz\nsind sogenannte Social-Media-Buttons auf Unternehmensseiten nicht unproblematisch.\nDurch die Einbindung solcher Buttons erhalten Unternehmen teilweise unbegrenzten\nZugriff auf die Daten der Webseitenbesucher. <\/p>\n\n\n\n<p>Dabei ist unerheblich, ob der\nNutzer in seinem Account eingeloggt ist oder nicht oder \u00fcberhaupt einen Account\nbesitzt. Hat der Nutzer seine Einwilligung nicht erteilt, ist eine solche\n\u00dcbermittlung von Daten unzul\u00e4ssig. Das Unternehmen muss sich dann rechtlich\ndaf\u00fcr verantworten, wenn er dadurch unbefugt Zugriff auf Daten des Nutzers\nerlangt. <\/p>\n\n\n\n<h2 class=\"wp-block-heading\"><strong>Was muss ein Unternehmen beim\nSocial-Media-Monitoring beachten?<\/strong><\/h2>\n\n\n\n<p>Nicht selten nutzen Unternehmen\ndas Social-Media-Monitoring zur Erstellung einer optimalen, zielgruppenorientierten\nMarketing-Strategie. <\/p>\n\n\n\n<p>Dabei werden s\u00e4mtliche Soziale Netzwerke\nnach verschiedenen Informationen und Nutzerprofilen durchsucht, die f\u00fcr\nUnternehmen interessant sein k\u00f6nnen. <\/p>\n\n\n\n<p>Es wird insbesondere mit sogenannten Keywords gezielt nach Themen, Meinungen, Kritikern oder sogenannten Influencern gesucht, die f\u00fcr die jeweilige Marketingstrategie von Bedeutung sein k\u00f6nnten. <\/p>\n\n\n\n<p>Ma\u00dfgeblich f\u00fcr die Frage der\nRechtm\u00e4\u00dfigkeit dieser Strategie sind die individuellen Privatsph\u00e4re-Einstellungen\nder Nutzer. Der Nutzer kann unter den Einstellungen bestimmte Anpassungen f\u00fcr\nsein Profil vornehmen. Wenn beispielsweise ein Profil \u00f6ffentlich zug\u00e4nglich\nist, der User demnach sein Profil auf \u201e\u00f6ffentlich\u201c gestellt hat, kann jeder die\nDaten beliebig einsehen und das Social-Media-Monitoring ist rechtm\u00e4\u00dfig.<\/p>\n\n\n\n<p>Werden die Informationen nicht\nbei der betroffenen Person erhoben, f\u00e4llt diese Art der Analyse unter die\nInformationspflicht im Sinne des <a href=\"https:\/\/dejure.org\/gesetze\/DSGVO\/14.html\" title=\"Art. 14 DSGVO: Informationspflicht, wenn die personenbezogenen Daten nicht bei der betroffenen Person erhoben wurden\">\u00a7 14 DSGVO<\/a>. <\/p>\n\n\n\n<h2 class=\"wp-block-heading\"><strong>Praxisempfehlung<\/strong><\/h2>\n\n\n\n<p>Wir empfehlen Ihnen, sich\nunbedingt mit der DSGVO auseinanderzusetzen. Dies sollten Sie bei de Aktualisierung\nder Website tun, aber auch unbedingt dann, wenn Sie sich entscheiden, Social-Media-Profile\neinzurichten oder Social-Media-Marketing einzusetzen. <\/p>\n\n\n\n<h2 class=\"wp-block-heading\"><strong>Wir helfen Ihnen weiter!<\/strong><\/h2>\n\n\n\n<p>M\u00f6chten auch Sie Ihre Social-Media-Kan\u00e4le ausbauen und Social-Media-Marketing betreiben oder m\u00f6chten Sie einfach mal Ihre Webseite auf die DSGVO-Tauglichkeit \u00fcberpr\u00fcfen lassen? Mit unserem <a href=\"https:\/\/www.legalsmart.de\/expertise.php?pid=8\" target=\"_blank\" rel=\"noreferrer noopener\" aria-label=\"Rechtsprodukt  (\u00f6ffnet in neuem Tab)\">Rechtsprodukt <\/a>geht dies schnell und einfach. \u00dcberzeugen Sie sich selbst! <\/p>\n\n\n\n<p>Melden Sie sich gerne bei uns! Mehr Informationen unter:\nwww.legalsmart.de<\/p>\n","protected":false},"excerpt":{"rendered":"<p>Wer sich f\u00fcr Social-Media-Marketing entscheidet, muss neben der Datenschutzgrundverordnung (DSGVO) auch die e-Privacy-Verordnung beachten. Die DSGVO ist seit dem 25. Mai 2018 nunmehr f\u00fcr alle EU-L\u00e4nder verbindlich und entsprechend umzusetzen. Vorteile der DSGVO Unternehmen, die personenbezogene Daten zu Marketingzwecken verwenden m\u00f6chten, k\u00f6nnen dies nun bei berechtigtem Interesse tun. Die Pers\u00f6nlichkeitsrechte der nat\u00fcrlichen Personen stehen denen [&hellip;]<\/p>\n","protected":false},"author":1,"featured_media":0,"comment_status":"open","ping_status":"open","sticky":false,"template":"","format":"standard","meta":{"footnotes":""},"categories":[7,41],"tags":[395,4419,5585,4377,1974,3250,3253,5582,5583,5581],"class_list":["post-7352","post","type-post","status-publish","format-standard","hentry","category-datenschutz-medienrecht","category-zivilrecht","tag-abmahnung","tag-dsgvo","tag-e-privacy-verordnung","tag-facebook-pixel","tag-impressum","tag-social-media","tag-social-media-marketing","tag-social-media-monitoring","tag-social-media-plugins","tag-tracking-code"],"yoast_head":"<!-- This site is optimized with the Yoast SEO plugin v25.8 - https:\/\/yoast.com\/wordpress\/plugins\/seo\/ -->\n<title>Social-Media-Marketing und die DSGVO | LEGAL SMART Online Blog<\/title>\n<meta name=\"description\" content=\"Sie m\u00f6chten Social-Media-Marketing betreiben, wissen aber nicht, wie? Wir zeigen Ihnen, was Sie hinsichtlich der DSGVO wissen m\u00fcssen.\" \/>\n<meta name=\"robots\" content=\"index, follow, max-snippet:-1, max-image-preview:large, max-video-preview:-1\" \/>\n<link rel=\"canonical\" href=\"https:\/\/www.legalsmart.de\/blog\/social-media-marketing-und-die-dsgvo\/\" \/>\n<meta property=\"og:locale\" content=\"de_DE\" \/>\n<meta property=\"og:type\" content=\"article\" \/>\n<meta property=\"og:title\" content=\"Social-Media-Marketing und die DSGVO | LEGAL SMART Online Blog\" \/>\n<meta property=\"og:description\" content=\"Sie m\u00f6chten Social-Media-Marketing betreiben, wissen aber nicht, wie? Wir zeigen Ihnen, was Sie hinsichtlich der DSGVO wissen m\u00fcssen.\" \/>\n<meta property=\"og:url\" content=\"https:\/\/www.legalsmart.de\/blog\/social-media-marketing-und-die-dsgvo\/\" \/>\n<meta property=\"og:site_name\" content=\"LEGAL SMART Online Blog\" \/>\n<meta property=\"article:author\" content=\"https:\/\/www.facebook.com\/guido.kluck\" \/>\n<meta property=\"article:published_time\" content=\"2019-11-28T09:00:00+00:00\" \/>\n<meta property=\"article:modified_time\" content=\"2019-11-28T11:50:30+00:00\" \/>\n<meta name=\"author\" content=\"Guido Kluck, LL.M.\" \/>\n<meta name=\"twitter:card\" content=\"summary_large_image\" \/>\n<meta name=\"twitter:creator\" content=\"@https:\/\/twitter.com\/kluck\" \/>\n<meta name=\"twitter:label1\" content=\"Verfasst von\" \/>\n\t<meta name=\"twitter:data1\" content=\"Guido Kluck, LL.M.\" \/>\n\t<meta name=\"twitter:label2\" content=\"Gesch\u00e4tzte Lesezeit\" \/>\n\t<meta name=\"twitter:data2\" content=\"5\u00a0Minuten\" \/>\n<script type=\"application\/ld+json\" class=\"yoast-schema-graph\">{\"@context\":\"https:\/\/schema.org\",\"@graph\":[{\"@type\":\"WebPage\",\"@id\":\"https:\/\/www.legalsmart.de\/blog\/social-media-marketing-und-die-dsgvo\/\",\"url\":\"https:\/\/www.legalsmart.de\/blog\/social-media-marketing-und-die-dsgvo\/\",\"name\":\"Social-Media-Marketing und die DSGVO | LEGAL SMART Online Blog\",\"isPartOf\":{\"@id\":\"https:\/\/www.legalsmart.de\/blog\/#website\"},\"datePublished\":\"2019-11-28T09:00:00+00:00\",\"dateModified\":\"2019-11-28T11:50:30+00:00\",\"author\":{\"@id\":\"https:\/\/www.legalsmart.de\/blog\/#\/schema\/person\/0869c669bccbe2e56b149b214913b000\"},\"description\":\"Sie m\u00f6chten Social-Media-Marketing betreiben, wissen aber nicht, wie? Wir zeigen Ihnen, was Sie hinsichtlich der DSGVO wissen m\u00fcssen.\",\"breadcrumb\":{\"@id\":\"https:\/\/www.legalsmart.de\/blog\/social-media-marketing-und-die-dsgvo\/#breadcrumb\"},\"inLanguage\":\"de\",\"potentialAction\":[{\"@type\":\"ReadAction\",\"target\":[\"https:\/\/www.legalsmart.de\/blog\/social-media-marketing-und-die-dsgvo\/\"]}]},{\"@type\":\"BreadcrumbList\",\"@id\":\"https:\/\/www.legalsmart.de\/blog\/social-media-marketing-und-die-dsgvo\/#breadcrumb\",\"itemListElement\":[{\"@type\":\"ListItem\",\"position\":1,\"name\":\"Startseite\",\"item\":\"https:\/\/www.legalsmart.de\/blog\/\"},{\"@type\":\"ListItem\",\"position\":2,\"name\":\"Social-Media-Marketing und die DSGVO\"}]},{\"@type\":\"WebSite\",\"@id\":\"https:\/\/www.legalsmart.de\/blog\/#website\",\"url\":\"https:\/\/www.legalsmart.de\/blog\/\",\"name\":\"LEGAL SMART Online Blog\",\"description\":\"Die innovative Kanzlei\",\"potentialAction\":[{\"@type\":\"SearchAction\",\"target\":{\"@type\":\"EntryPoint\",\"urlTemplate\":\"https:\/\/www.legalsmart.de\/blog\/?s={search_term_string}\"},\"query-input\":{\"@type\":\"PropertyValueSpecification\",\"valueRequired\":true,\"valueName\":\"search_term_string\"}}],\"inLanguage\":\"de\"},{\"@type\":\"Person\",\"@id\":\"https:\/\/www.legalsmart.de\/blog\/#\/schema\/person\/0869c669bccbe2e56b149b214913b000\",\"name\":\"Guido Kluck, LL.M.\",\"image\":{\"@type\":\"ImageObject\",\"inLanguage\":\"de\",\"@id\":\"https:\/\/www.legalsmart.de\/blog\/#\/schema\/person\/image\/\",\"url\":\"https:\/\/www.legalsmart.de\/blog\/wp-content\/uploads\/2018\/09\/cropped-IMG_2698-e1535879860494-96x96.jpg\",\"contentUrl\":\"https:\/\/www.legalsmart.de\/blog\/wp-content\/uploads\/2018\/09\/cropped-IMG_2698-e1535879860494-96x96.jpg\",\"caption\":\"Guido Kluck, LL.M.\"},\"description\":\"Rechtsanwalt Guido Kluck LL.M. ist Partner der Kanzlei LEGAL SMART am Standort Berlin. Er ist Ansprechpartner f\u00fcr das Recht der neuen Medien sowie f\u00fcr die Bereiche Wettbewerbsrecht, Markenrecht, Urheberrecht, IT-Recht, Vertragsrecht und das Datenschutzrecht (DSGVO).\",\"sameAs\":[\"https:\/\/legalsmart.de\/team_kluck.php\",\"https:\/\/www.facebook.com\/guido.kluck\",\"https:\/\/x.com\/https:\/\/twitter.com\/kluck\"]}]}<\/script>\n<!-- \/ Yoast SEO plugin. -->","yoast_head_json":{"title":"Social-Media-Marketing und die DSGVO | LEGAL SMART Online Blog","description":"Sie m\u00f6chten Social-Media-Marketing betreiben, wissen aber nicht, wie? Wir zeigen Ihnen, was Sie hinsichtlich der DSGVO wissen m\u00fcssen.","robots":{"index":"index","follow":"follow","max-snippet":"max-snippet:-1","max-image-preview":"max-image-preview:large","max-video-preview":"max-video-preview:-1"},"canonical":"https:\/\/www.legalsmart.de\/blog\/social-media-marketing-und-die-dsgvo\/","og_locale":"de_DE","og_type":"article","og_title":"Social-Media-Marketing und die DSGVO | LEGAL SMART Online Blog","og_description":"Sie m\u00f6chten Social-Media-Marketing betreiben, wissen aber nicht, wie? Wir zeigen Ihnen, was Sie hinsichtlich der DSGVO wissen m\u00fcssen.","og_url":"https:\/\/www.legalsmart.de\/blog\/social-media-marketing-und-die-dsgvo\/","og_site_name":"LEGAL SMART Online Blog","article_author":"https:\/\/www.facebook.com\/guido.kluck","article_published_time":"2019-11-28T09:00:00+00:00","article_modified_time":"2019-11-28T11:50:30+00:00","author":"Guido Kluck, LL.M.","twitter_card":"summary_large_image","twitter_creator":"@https:\/\/twitter.com\/kluck","twitter_misc":{"Verfasst von":"Guido Kluck, LL.M.","Gesch\u00e4tzte Lesezeit":"5\u00a0Minuten"},"schema":{"@context":"https:\/\/schema.org","@graph":[{"@type":"WebPage","@id":"https:\/\/www.legalsmart.de\/blog\/social-media-marketing-und-die-dsgvo\/","url":"https:\/\/www.legalsmart.de\/blog\/social-media-marketing-und-die-dsgvo\/","name":"Social-Media-Marketing und die DSGVO | LEGAL SMART Online Blog","isPartOf":{"@id":"https:\/\/www.legalsmart.de\/blog\/#website"},"datePublished":"2019-11-28T09:00:00+00:00","dateModified":"2019-11-28T11:50:30+00:00","author":{"@id":"https:\/\/www.legalsmart.de\/blog\/#\/schema\/person\/0869c669bccbe2e56b149b214913b000"},"description":"Sie m\u00f6chten Social-Media-Marketing betreiben, wissen aber nicht, wie? Wir zeigen Ihnen, was Sie hinsichtlich der DSGVO wissen m\u00fcssen.","breadcrumb":{"@id":"https:\/\/www.legalsmart.de\/blog\/social-media-marketing-und-die-dsgvo\/#breadcrumb"},"inLanguage":"de","potentialAction":[{"@type":"ReadAction","target":["https:\/\/www.legalsmart.de\/blog\/social-media-marketing-und-die-dsgvo\/"]}]},{"@type":"BreadcrumbList","@id":"https:\/\/www.legalsmart.de\/blog\/social-media-marketing-und-die-dsgvo\/#breadcrumb","itemListElement":[{"@type":"ListItem","position":1,"name":"Startseite","item":"https:\/\/www.legalsmart.de\/blog\/"},{"@type":"ListItem","position":2,"name":"Social-Media-Marketing und die DSGVO"}]},{"@type":"WebSite","@id":"https:\/\/www.legalsmart.de\/blog\/#website","url":"https:\/\/www.legalsmart.de\/blog\/","name":"LEGAL SMART Online Blog","description":"Die innovative Kanzlei","potentialAction":[{"@type":"SearchAction","target":{"@type":"EntryPoint","urlTemplate":"https:\/\/www.legalsmart.de\/blog\/?s={search_term_string}"},"query-input":{"@type":"PropertyValueSpecification","valueRequired":true,"valueName":"search_term_string"}}],"inLanguage":"de"},{"@type":"Person","@id":"https:\/\/www.legalsmart.de\/blog\/#\/schema\/person\/0869c669bccbe2e56b149b214913b000","name":"Guido Kluck, LL.M.","image":{"@type":"ImageObject","inLanguage":"de","@id":"https:\/\/www.legalsmart.de\/blog\/#\/schema\/person\/image\/","url":"https:\/\/www.legalsmart.de\/blog\/wp-content\/uploads\/2018\/09\/cropped-IMG_2698-e1535879860494-96x96.jpg","contentUrl":"https:\/\/www.legalsmart.de\/blog\/wp-content\/uploads\/2018\/09\/cropped-IMG_2698-e1535879860494-96x96.jpg","caption":"Guido Kluck, LL.M."},"description":"Rechtsanwalt Guido Kluck LL.M. ist Partner der Kanzlei LEGAL SMART am Standort Berlin. Er ist Ansprechpartner f\u00fcr das Recht der neuen Medien sowie f\u00fcr die Bereiche Wettbewerbsrecht, Markenrecht, Urheberrecht, IT-Recht, Vertragsrecht und das Datenschutzrecht (DSGVO).","sameAs":["https:\/\/legalsmart.de\/team_kluck.php","https:\/\/www.facebook.com\/guido.kluck","https:\/\/x.com\/https:\/\/twitter.com\/kluck"]}]}},"_links":{"self":[{"href":"https:\/\/www.legalsmart.de\/blog\/wp-json\/wp\/v2\/posts\/7352","targetHints":{"allow":["GET"]}}],"collection":[{"href":"https:\/\/www.legalsmart.de\/blog\/wp-json\/wp\/v2\/posts"}],"about":[{"href":"https:\/\/www.legalsmart.de\/blog\/wp-json\/wp\/v2\/types\/post"}],"author":[{"embeddable":true,"href":"https:\/\/www.legalsmart.de\/blog\/wp-json\/wp\/v2\/users\/1"}],"replies":[{"embeddable":true,"href":"https:\/\/www.legalsmart.de\/blog\/wp-json\/wp\/v2\/comments?post=7352"}],"version-history":[{"count":9,"href":"https:\/\/www.legalsmart.de\/blog\/wp-json\/wp\/v2\/posts\/7352\/revisions"}],"predecessor-version":[{"id":7362,"href":"https:\/\/www.legalsmart.de\/blog\/wp-json\/wp\/v2\/posts\/7352\/revisions\/7362"}],"wp:attachment":[{"href":"https:\/\/www.legalsmart.de\/blog\/wp-json\/wp\/v2\/media?parent=7352"}],"wp:term":[{"taxonomy":"category","embeddable":true,"href":"https:\/\/www.legalsmart.de\/blog\/wp-json\/wp\/v2\/categories?post=7352"},{"taxonomy":"post_tag","embeddable":true,"href":"https:\/\/www.legalsmart.de\/blog\/wp-json\/wp\/v2\/tags?post=7352"}],"curies":[{"name":"wp","href":"https:\/\/api.w.org\/{rel}","templated":true}]}}