{"id":7588,"date":"2019-12-07T10:42:00","date_gmt":"2019-12-07T09:42:00","guid":{"rendered":"https:\/\/www.legalsmart.de\/blog\/?p=7588"},"modified":"2019-12-02T13:52:17","modified_gmt":"2019-12-02T12:52:17","slug":"e-privacy-verordnung-gescheitert","status":"publish","type":"post","link":"https:\/\/www.legalsmart.de\/blog\/e-privacy-verordnung-gescheitert\/","title":{"rendered":"E-Privacy-Verordnung gescheitert?"},"content":{"rendered":"\n<p>Der aktuelle Entwurf zur E-Privacy-Verordnung wurde abgelehnt. Wie geht es nun weiter? Droht jetzt das Aus der Verordnung? Wof\u00fcr ist sie \u00fcberhaupt gedacht? Welche Konsequenzen bringt sie mit sich?<\/p>\n\n\n\n<p>Wir bringen Sie auf den neusten\nStand und erkl\u00e4ren alles rund um das Thema E-Privacy-Verordnung.<\/p>\n\n\n\n<h2 class=\"wp-block-heading\"><strong>Was soll die E-Privacy-Verordnung\nregeln?<\/strong><\/h2>\n\n\n\n<p>In der E-Privacy-Verordnung geht\nes um den Datenschutz in der Privatsph\u00e4re und elektronischen Kommunikation. Sie\nist also eine Erweiterung der DSGVO.<\/p>\n\n\n\n<p>Mit der E-Privacy-Verordnung soll zum Beispiel ein Recht auf Vergessenwerden eingef\u00fchrt werden. Jeder Nutzer soll also die M\u00f6glichkeit haben, eine Einwilligung zur Datenspeicherung zu widerrufen. Dar\u00fcber <a href=\"https:\/\/www.legalsmart.de\/blog\/eugh-recht-auf-vergessenwerden-hat-seine-grenzen-in-der-eu\/\" target=\"_blank\" rel=\"noreferrer noopener\" aria-label=\" (\u00f6ffnet in neuem Tab)\">entschied auch erst k\u00fcrzlich der EuGH<\/a>.<\/p>\n\n\n\n<p>Au\u00dferdem sollen Tracking-Dienste wie Google Analytics nur mit Einwilligung Daten verarbeiten und speichern d\u00fcrfen. Das wird wohl auf das Opt-In-Verfahren hinauslaufen, \u00fcber das der <a href=\"https:\/\/www.legalsmart.de\/blog\/eugh-zu-cookie-einwilligungen\/\" target=\"_blank\" rel=\"noreferrer noopener\" aria-label=\" (\u00f6ffnet in neuem Tab)\">EuGH auch k\u00fcrzlich erst entschieden<\/a> hat.<\/p>\n\n\n\n<p>Au\u00dferdem soll Direktwerbung\nbeschr\u00e4nkt werden.<\/p>\n\n\n\n<h2 class=\"wp-block-heading\"><strong>Wie ist die aktuelle\nGesetzeslage?<\/strong><\/h2>\n\n\n\n<p>Die E-Privacy-Verordnung soll die aktuelle E-Privacy-Richtlinie ersetzen. Diese hat den Nachteil, dass sie als Richtlinie mit einem gewissen Spielraum von den EU-L\u00e4ndern in das nationale Recht umgesetzt werden konnten und vor allem, dass sie mit ihren 17 Jahren veraltet ist und dem aktuellen Stand der Technik nicht mehr entspricht. Damals gab es die heutigen Tracking-Methoden noch gar nicht und sie sind deshalb auch nicht gesetzlich geregelt. Daher muss sich der EuGH immer wieder mit diesen Problematiken besch\u00e4ftigen. Wir berichteten zum Beispiel erst k\u00fcrzlich \u00fcber einen <a href=\"https:\/\/www.legalsmart.de\/blog\/eugh-zu-cookie-einwilligungen\/\" target=\"_blank\" rel=\"noreferrer noopener\" aria-label=\" (\u00f6ffnet in neuem Tab)\">Fall zu Cookie-Einwilligungen<\/a>.<\/p>\n\n\n\n<p>In Deutschland wurden die\nVorgaben der E-Privacy-Richtlinie vor allem\nim Telemediengesetz (TMG) und Telekommunikationsgesetz (TKG) umgesetzt. Durch\ndie DSGVO, die Datenschutzgrundverordnung, die die grundlegenden Regelungen zum\nDatenschutzrecht enth\u00e4lt, gibt es Widerspr\u00fcche zum TMG und TKG, die eigentlich\ngar nicht entstehen sollten, weil die E-Privacy-Verordnung eigentlich schon\nzusammen mit der DSGVO in Kraft treten sollte. <\/p>\n\n\n\n<h2 class=\"wp-block-heading\"> <strong>E-Privacy-Verordnung<\/strong> <strong> statt Richtlinie<\/strong><\/h2>\n\n\n\n<p>Dadurch, dass die E-Privacy-Richtlinie in eine Verordnung\numgewandelt werden soll, gilt diese direkt f\u00fcr die EU-Staaten und muss nicht\nerst noch durch diese in das nationale Recht umgesetzt werden. Dadurch sollen\ndie B\u00fcrger effektiver gesch\u00fctzt werden. Es wird aber auch umso schwerer, die\nZustimmung aller L\u00e4nder zu bekommen, da diese doch recht unterschiedliche Ideen\nvom Umfang und Schutzniveau haben.<\/p>\n\n\n\n<p>Dies zeigte sich auch bei der aktuellen Abstimmung zum Entwurf, bei dem\neinige L\u00e4nder diesen ablehnten, weil er zu starke Einschnitte enthielt, andere,\nweil er ihnen als Kompromissvorschlag schon zu aufgeweicht war.<\/p>\n\n\n\n<h2 class=\"wp-block-heading\"><strong>Wie ist der aktuelle Stand im\nGesetzgebungsverfahren?<\/strong><\/h2>\n\n\n\n<p>Schon im April 2016 begannen die Konsultationen\n\u00fcber eine Reform der E-Privacy-Richtlinie\naus dem Jahr 2002. Im Januar 2017 wurde dann der erste Entwurf der\nEU-Kommission f\u00fcr eine E-Privacy-Verordnung vorgelegt, im Oktober einer des\nEU-Parlaments. Seitdem wurden immer wieder Ver\u00e4nderungen vorgenommen, jedoch\nbisher keine Einigung erreicht. <\/p>\n\n\n\n<h2 class=\"wp-block-heading\"><strong>Wie geht es <\/strong>mit der <strong>E-Privacy-Verordnung<\/strong> <strong>weiter?<\/strong><\/h2>\n\n\n\n<p>Der Entwurf muss nun wieder \u00fcberarbeitet werden \u2013 in der Hoffnung, dass diesem\ndann n\u00e4chstes Jahr zugestimmt wird. Ab Juli n\u00e4chsten Jahres hat Deutschland die\nRatspr\u00e4sidentschaft inne, vielleicht wird dort ein f\u00fcr alle akzeptabler\nVorschlag ausgearbeitet. Fakt ist, dass die Verordnung nicht vor 2021 in Kraft\ntreten wird und daher wahrscheinlich auch nicht vor 2023 Geltung erlangen wird.\nSolange gibt es keine klaren Regelungen \u00fcber Cookies und Co. Dies freut auf der\nanderen Seite viele Unternehmen, die durch die E-Privacy-Verordnung starke\nEinschr\u00e4nkungen bef\u00fcrchtet.<\/p>\n\n\n\n<h2 class=\"wp-block-heading\"><strong>Wie stehen die betroffenen Unternehmen\nzur geplanten E-Privacy-Verordnung?<\/strong><\/h2>\n\n\n\n<p>Die E-Privacy-Verordnung wird sehr kritisch betrachtet \u2013 gerade weil sie eine\nVerordnung und keine Richtlinie ist und die EU-Staats sehr unterschiedliche\nVorstellungen von ihrem Inhalt haben. <\/p>\n\n\n\n<p>Eine branchen\u00fcbergreifende Koalition der Medien- und Internetwirtschaft schreibt in einem <a href=\"https:\/\/www.bdzv.de\/fileadmin\/bdzv_hauptseite\/aktuell\/pressemitteilungen\/2018\/assets\/20180306_ePrivacy_Open_Letter_DE.pdf\" target=\"_blank\" rel=\"noreferrer noopener\" aria-label=\" (\u00f6ffnet in neuem Tab)\">offenen Brief<\/a>:<\/p>\n\n\n\n<p>\u201eWir sind dar\u00fcber besorgt, dass\ndie derzeitigen Vorschl\u00e4ge keinen wirksamen Verbraucherschutz bieten; bereits\ndominierende Akteure der Datenwirtschaft weiter st\u00e4rken; die Entwicklung europ\u00e4ischer\nStart-ups, innovativer Unternehmen und des Online-Werbesektors sowie von Telekommunikationsbetreibern\ngef\u00e4hrden; und die wesentliche Rolle der Presse und der Medien in unserer\ndemokratischen europ\u00e4ischen Gesellschaft unterminieren.\u201c<\/p>\n\n\n\n<p>Es wird unter anderem bef\u00fcrchtet,\ndass die EU-L\u00e4nder ihre Wettbewerbsf\u00e4higkeit verlieren und Nutzer weniger Inhalte\nkostenfrei nutzen k\u00f6nnen, weil diese nicht mehr durch Werbung finanziert werden\nk\u00f6nnen.<\/p>\n\n\n\n<p>Ein gro\u00dfer Streitpunkt ist die verpflichtende\nEinwilligung, die das Opt-In-Verfahren mit sich bringen w\u00fcrde. Cookies und Tracking\nw\u00e4ren nur erlaubt, wenn die Nutzer konkret zustimmen. Auch die\nAusnahmeregelungen sind umstritten. Wann muss keine Einwilligung eingeholt\nwerden? <\/p>\n\n\n\n<h2 class=\"wp-block-heading\">Fazit<\/h2>\n\n\n\n<p>Die E-Privacy-Verordnung soll die\nPrivatsph\u00e4re der Nutzer sch\u00fctzen, k\u00f6nnte aber auch Nachteile f\u00fcr diese mitbringen,\nda sie sich durch noch mehr Banner und Einwilligungen klicken m\u00fcssen und so\nmanche Inhalte kostenpflichtig werden. Das gef\u00e4llt nat\u00fcrlich auch den\nUnternehmen nicht, die ihre Nutzer nicht verlieren wollen.<\/p>\n\n\n\n<p>Es bleibt abzuwarten, wann eine\nEinigung erfolgt und welchen Inhalt sie hat. Bis dahin gilt die\nE-Privacy-Richtlinie durch die nationalen Gesetze weiter \u2013 soweit sie nicht\ngegen die DSGVO versto\u00dfen.<\/p>\n\n\n\n<h2 class=\"wp-block-heading\"><strong>Wir helfen Ihnen!<\/strong><\/h2>\n\n\n\n<p>Wenn Sie Fragen zur Umsetzung\nder DSGVO haben, k\u00f6nnen Sie sich gerne unverbindlich an unsere Kanzlei wenden.<\/p>\n\n\n\n<p>Kennen Sie schon unser Rechtsprodukt\n\u201e<a href=\"https:\/\/www.legalsmart.de\/rechtsprodukt.php?pid=9\" target=\"_blank\" rel=\"noreferrer noopener\">DSGVO Website Update<\/a>\u201c?\nDiese bietet Ihnen eine Pr\u00fcfung Ihrer Webseite auf DSGVO-Konformit\u00e4t und\nanschlie\u00dfende \u00dcberarbeitung der Inhalt zum Festpreis.&nbsp;<a href=\"https:\/\/www.legalsmart.de\/rechtsprodukt.php?pid=9\" target=\"_blank\" rel=\"noreferrer noopener\">Informieren Sie sich gern hier<\/a>&nbsp;\u00fcber\nunseren Service.<\/p>\n","protected":false},"excerpt":{"rendered":"<p>Der aktuelle Entwurf zur E-Privacy-Verordnung wurde abgelehnt. Wie geht es nun weiter? Droht jetzt das Aus der Verordnung? Wof\u00fcr ist sie \u00fcberhaupt gedacht? Welche Konsequenzen bringt sie mit sich? Wir bringen Sie auf den neusten Stand und erkl\u00e4ren alles rund um das Thema E-Privacy-Verordnung. Was soll die E-Privacy-Verordnung regeln? In der E-Privacy-Verordnung geht es um [&hellip;]<\/p>\n","protected":false},"author":1,"featured_media":0,"comment_status":"open","ping_status":"open","sticky":false,"template":"","format":"standard","meta":{"footnotes":""},"categories":[7,28],"tags":[1157,4419,5699,5585,1373,1412,1465,5698,5679,5681,3457],"class_list":["post-7588","post","type-post","status-publish","format-standard","hentry","category-datenschutz-medienrecht","category-telekommunikationsrecht","tag-cookies","tag-dsgvo","tag-e-privacy-richtlinie","tag-e-privacy-verordnung","tag-einwilligung","tag-entwurf","tag-eugh","tag-gescheitert","tag-google-analytics","tag-opt-in-verfahren","tag-tracking"],"yoast_head":"<!-- This site is optimized with the Yoast SEO plugin v25.8 - https:\/\/yoast.com\/wordpress\/plugins\/seo\/ -->\n<title>E-Privacy-Verordnung gescheitert? | LEGAL SMART Online Blog<\/title>\n<meta name=\"description\" content=\"Die E-Privacy-Verordnung ist vorerst gescheitert. Wie geht es nun weiter? Wir berichten \u00fcber den aktuellen Stand und die Kritik an der Verordnung.\" \/>\n<meta name=\"robots\" content=\"index, follow, max-snippet:-1, max-image-preview:large, max-video-preview:-1\" \/>\n<link rel=\"canonical\" href=\"https:\/\/www.legalsmart.de\/blog\/e-privacy-verordnung-gescheitert\/\" \/>\n<meta property=\"og:locale\" content=\"de_DE\" \/>\n<meta property=\"og:type\" content=\"article\" \/>\n<meta property=\"og:title\" content=\"E-Privacy-Verordnung gescheitert? | LEGAL SMART Online Blog\" \/>\n<meta property=\"og:description\" content=\"Die E-Privacy-Verordnung ist vorerst gescheitert. Wie geht es nun weiter? Wir berichten \u00fcber den aktuellen Stand und die Kritik an der Verordnung.\" \/>\n<meta property=\"og:url\" content=\"https:\/\/www.legalsmart.de\/blog\/e-privacy-verordnung-gescheitert\/\" \/>\n<meta property=\"og:site_name\" content=\"LEGAL SMART Online Blog\" \/>\n<meta property=\"article:author\" content=\"https:\/\/www.facebook.com\/guido.kluck\" \/>\n<meta property=\"article:published_time\" content=\"2019-12-07T09:42:00+00:00\" \/>\n<meta name=\"author\" content=\"Guido Kluck, LL.M.\" \/>\n<meta name=\"twitter:card\" content=\"summary_large_image\" \/>\n<meta name=\"twitter:creator\" content=\"@https:\/\/twitter.com\/kluck\" \/>\n<meta name=\"twitter:label1\" content=\"Verfasst von\" \/>\n\t<meta name=\"twitter:data1\" content=\"Guido Kluck, LL.M.\" \/>\n\t<meta name=\"twitter:label2\" content=\"Gesch\u00e4tzte Lesezeit\" \/>\n\t<meta name=\"twitter:data2\" content=\"4\u00a0Minuten\" \/>\n<script type=\"application\/ld+json\" class=\"yoast-schema-graph\">{\"@context\":\"https:\/\/schema.org\",\"@graph\":[{\"@type\":\"WebPage\",\"@id\":\"https:\/\/www.legalsmart.de\/blog\/e-privacy-verordnung-gescheitert\/\",\"url\":\"https:\/\/www.legalsmart.de\/blog\/e-privacy-verordnung-gescheitert\/\",\"name\":\"E-Privacy-Verordnung gescheitert? | LEGAL SMART Online Blog\",\"isPartOf\":{\"@id\":\"https:\/\/www.legalsmart.de\/blog\/#website\"},\"datePublished\":\"2019-12-07T09:42:00+00:00\",\"author\":{\"@id\":\"https:\/\/www.legalsmart.de\/blog\/#\/schema\/person\/0869c669bccbe2e56b149b214913b000\"},\"description\":\"Die E-Privacy-Verordnung ist vorerst gescheitert. Wie geht es nun weiter? Wir berichten \u00fcber den aktuellen Stand und die Kritik an der Verordnung.\",\"breadcrumb\":{\"@id\":\"https:\/\/www.legalsmart.de\/blog\/e-privacy-verordnung-gescheitert\/#breadcrumb\"},\"inLanguage\":\"de\",\"potentialAction\":[{\"@type\":\"ReadAction\",\"target\":[\"https:\/\/www.legalsmart.de\/blog\/e-privacy-verordnung-gescheitert\/\"]}]},{\"@type\":\"BreadcrumbList\",\"@id\":\"https:\/\/www.legalsmart.de\/blog\/e-privacy-verordnung-gescheitert\/#breadcrumb\",\"itemListElement\":[{\"@type\":\"ListItem\",\"position\":1,\"name\":\"Startseite\",\"item\":\"https:\/\/www.legalsmart.de\/blog\/\"},{\"@type\":\"ListItem\",\"position\":2,\"name\":\"E-Privacy-Verordnung gescheitert?\"}]},{\"@type\":\"WebSite\",\"@id\":\"https:\/\/www.legalsmart.de\/blog\/#website\",\"url\":\"https:\/\/www.legalsmart.de\/blog\/\",\"name\":\"LEGAL SMART Online Blog\",\"description\":\"Die innovative Kanzlei\",\"potentialAction\":[{\"@type\":\"SearchAction\",\"target\":{\"@type\":\"EntryPoint\",\"urlTemplate\":\"https:\/\/www.legalsmart.de\/blog\/?s={search_term_string}\"},\"query-input\":{\"@type\":\"PropertyValueSpecification\",\"valueRequired\":true,\"valueName\":\"search_term_string\"}}],\"inLanguage\":\"de\"},{\"@type\":\"Person\",\"@id\":\"https:\/\/www.legalsmart.de\/blog\/#\/schema\/person\/0869c669bccbe2e56b149b214913b000\",\"name\":\"Guido Kluck, LL.M.\",\"image\":{\"@type\":\"ImageObject\",\"inLanguage\":\"de\",\"@id\":\"https:\/\/www.legalsmart.de\/blog\/#\/schema\/person\/image\/\",\"url\":\"https:\/\/www.legalsmart.de\/blog\/wp-content\/uploads\/2018\/09\/cropped-IMG_2698-e1535879860494-96x96.jpg\",\"contentUrl\":\"https:\/\/www.legalsmart.de\/blog\/wp-content\/uploads\/2018\/09\/cropped-IMG_2698-e1535879860494-96x96.jpg\",\"caption\":\"Guido Kluck, LL.M.\"},\"description\":\"Rechtsanwalt Guido Kluck LL.M. ist Partner der Kanzlei LEGAL SMART am Standort Berlin. Er ist Ansprechpartner f\u00fcr das Recht der neuen Medien sowie f\u00fcr die Bereiche Wettbewerbsrecht, Markenrecht, Urheberrecht, IT-Recht, Vertragsrecht und das Datenschutzrecht (DSGVO).\",\"sameAs\":[\"https:\/\/legalsmart.de\/team_kluck.php\",\"https:\/\/www.facebook.com\/guido.kluck\",\"https:\/\/x.com\/https:\/\/twitter.com\/kluck\"]}]}<\/script>\n<!-- \/ Yoast SEO plugin. -->","yoast_head_json":{"title":"E-Privacy-Verordnung gescheitert? | LEGAL SMART Online Blog","description":"Die E-Privacy-Verordnung ist vorerst gescheitert. Wie geht es nun weiter? Wir berichten \u00fcber den aktuellen Stand und die Kritik an der Verordnung.","robots":{"index":"index","follow":"follow","max-snippet":"max-snippet:-1","max-image-preview":"max-image-preview:large","max-video-preview":"max-video-preview:-1"},"canonical":"https:\/\/www.legalsmart.de\/blog\/e-privacy-verordnung-gescheitert\/","og_locale":"de_DE","og_type":"article","og_title":"E-Privacy-Verordnung gescheitert? | LEGAL SMART Online Blog","og_description":"Die E-Privacy-Verordnung ist vorerst gescheitert. Wie geht es nun weiter? Wir berichten \u00fcber den aktuellen Stand und die Kritik an der Verordnung.","og_url":"https:\/\/www.legalsmart.de\/blog\/e-privacy-verordnung-gescheitert\/","og_site_name":"LEGAL SMART Online Blog","article_author":"https:\/\/www.facebook.com\/guido.kluck","article_published_time":"2019-12-07T09:42:00+00:00","author":"Guido Kluck, LL.M.","twitter_card":"summary_large_image","twitter_creator":"@https:\/\/twitter.com\/kluck","twitter_misc":{"Verfasst von":"Guido Kluck, LL.M.","Gesch\u00e4tzte Lesezeit":"4\u00a0Minuten"},"schema":{"@context":"https:\/\/schema.org","@graph":[{"@type":"WebPage","@id":"https:\/\/www.legalsmart.de\/blog\/e-privacy-verordnung-gescheitert\/","url":"https:\/\/www.legalsmart.de\/blog\/e-privacy-verordnung-gescheitert\/","name":"E-Privacy-Verordnung gescheitert? | LEGAL SMART Online Blog","isPartOf":{"@id":"https:\/\/www.legalsmart.de\/blog\/#website"},"datePublished":"2019-12-07T09:42:00+00:00","author":{"@id":"https:\/\/www.legalsmart.de\/blog\/#\/schema\/person\/0869c669bccbe2e56b149b214913b000"},"description":"Die E-Privacy-Verordnung ist vorerst gescheitert. Wie geht es nun weiter? Wir berichten \u00fcber den aktuellen Stand und die Kritik an der Verordnung.","breadcrumb":{"@id":"https:\/\/www.legalsmart.de\/blog\/e-privacy-verordnung-gescheitert\/#breadcrumb"},"inLanguage":"de","potentialAction":[{"@type":"ReadAction","target":["https:\/\/www.legalsmart.de\/blog\/e-privacy-verordnung-gescheitert\/"]}]},{"@type":"BreadcrumbList","@id":"https:\/\/www.legalsmart.de\/blog\/e-privacy-verordnung-gescheitert\/#breadcrumb","itemListElement":[{"@type":"ListItem","position":1,"name":"Startseite","item":"https:\/\/www.legalsmart.de\/blog\/"},{"@type":"ListItem","position":2,"name":"E-Privacy-Verordnung gescheitert?"}]},{"@type":"WebSite","@id":"https:\/\/www.legalsmart.de\/blog\/#website","url":"https:\/\/www.legalsmart.de\/blog\/","name":"LEGAL SMART Online Blog","description":"Die innovative Kanzlei","potentialAction":[{"@type":"SearchAction","target":{"@type":"EntryPoint","urlTemplate":"https:\/\/www.legalsmart.de\/blog\/?s={search_term_string}"},"query-input":{"@type":"PropertyValueSpecification","valueRequired":true,"valueName":"search_term_string"}}],"inLanguage":"de"},{"@type":"Person","@id":"https:\/\/www.legalsmart.de\/blog\/#\/schema\/person\/0869c669bccbe2e56b149b214913b000","name":"Guido Kluck, LL.M.","image":{"@type":"ImageObject","inLanguage":"de","@id":"https:\/\/www.legalsmart.de\/blog\/#\/schema\/person\/image\/","url":"https:\/\/www.legalsmart.de\/blog\/wp-content\/uploads\/2018\/09\/cropped-IMG_2698-e1535879860494-96x96.jpg","contentUrl":"https:\/\/www.legalsmart.de\/blog\/wp-content\/uploads\/2018\/09\/cropped-IMG_2698-e1535879860494-96x96.jpg","caption":"Guido Kluck, LL.M."},"description":"Rechtsanwalt Guido Kluck LL.M. ist Partner der Kanzlei LEGAL SMART am Standort Berlin. Er ist Ansprechpartner f\u00fcr das Recht der neuen Medien sowie f\u00fcr die Bereiche Wettbewerbsrecht, Markenrecht, Urheberrecht, IT-Recht, Vertragsrecht und das Datenschutzrecht (DSGVO).","sameAs":["https:\/\/legalsmart.de\/team_kluck.php","https:\/\/www.facebook.com\/guido.kluck","https:\/\/x.com\/https:\/\/twitter.com\/kluck"]}]}},"_links":{"self":[{"href":"https:\/\/www.legalsmart.de\/blog\/wp-json\/wp\/v2\/posts\/7588","targetHints":{"allow":["GET"]}}],"collection":[{"href":"https:\/\/www.legalsmart.de\/blog\/wp-json\/wp\/v2\/posts"}],"about":[{"href":"https:\/\/www.legalsmart.de\/blog\/wp-json\/wp\/v2\/types\/post"}],"author":[{"embeddable":true,"href":"https:\/\/www.legalsmart.de\/blog\/wp-json\/wp\/v2\/users\/1"}],"replies":[{"embeddable":true,"href":"https:\/\/www.legalsmart.de\/blog\/wp-json\/wp\/v2\/comments?post=7588"}],"version-history":[{"count":2,"href":"https:\/\/www.legalsmart.de\/blog\/wp-json\/wp\/v2\/posts\/7588\/revisions"}],"predecessor-version":[{"id":7590,"href":"https:\/\/www.legalsmart.de\/blog\/wp-json\/wp\/v2\/posts\/7588\/revisions\/7590"}],"wp:attachment":[{"href":"https:\/\/www.legalsmart.de\/blog\/wp-json\/wp\/v2\/media?parent=7588"}],"wp:term":[{"taxonomy":"category","embeddable":true,"href":"https:\/\/www.legalsmart.de\/blog\/wp-json\/wp\/v2\/categories?post=7588"},{"taxonomy":"post_tag","embeddable":true,"href":"https:\/\/www.legalsmart.de\/blog\/wp-json\/wp\/v2\/tags?post=7588"}],"curies":[{"name":"wp","href":"https:\/\/api.w.org\/{rel}","templated":true}]}}