{"id":7777,"date":"2019-12-23T10:22:00","date_gmt":"2019-12-23T09:22:00","guid":{"rendered":"https:\/\/www.legalsmart.de\/blog\/?p=7777"},"modified":"2019-12-19T13:00:48","modified_gmt":"2019-12-19T12:00:48","slug":"malle-inhaber-gewinnt","status":"publish","type":"post","link":"https:\/\/www.legalsmart.de\/blog\/malle-inhaber-gewinnt\/","title":{"rendered":"\u201eMalle\u201c-Inhaber gewinnt"},"content":{"rendered":"\n<p>Malle-Reisen, Malle-Urlaub, Malle-Partys \u2013 nahezu jeden Sommer werden in Deutschland mehrere tausend Produkte mit dieser Abk\u00fcrzung f\u00fcr die Insel Mallorca beworben und angepriesen. <\/p>\n\n\n\n<p>Das Landgericht D\u00fcsseldorf hat nun\nin seinem Urteil vom 29. November 2019 entschieden, dass der Unionsmarkeninhaber\nder Marke \u201eMalle\u201c Veranstaltungen untersagen kann, die ohne seine Zustimmung\nPartys mit der Bezeichnung \u201eMalle\u201c beworben oder veranstaltet werden (Az. 38 O\n96\/19).<\/p>\n\n\n\n<h2 class=\"wp-block-heading\"><strong>Was war geschehen?<\/strong><\/h2>\n\n\n\n<p>Ein Unternehmer aus Hilden sicherte\nsich im Jahr 2002 die Rechte am Begriff \u201eMalle\u201c beim EUIPO. Nachdem dieser Begriff\nbisher \u00f6fter verwendet wurde von Disco- und Veranstaltungsbetreibern bereits\n\u00f6fter verwendet, um Partys zu bewerben. So lie\u00df es sich der Inhaber nicht\nnehmen, gegen die Personen und Veranstalter in mehr als 100 einstweiligen\nVerf\u00fcgungsverfahren vorzugehen.<\/p>\n\n\n\n<p>Nunmehr entschied das Landgericht\nD\u00fcsseldorf, dass der Inhaber die Nutzung der Marke untersagen darf, wenn zuvor\nkeine Genehmigung bei ihm eingeholt wurde.<\/p>\n\n\n\n<h2 class=\"wp-block-heading\"><strong>Wie entschied das Gericht im\nUrteil \u201eMalle\u201c?<\/strong><\/h2>\n\n\n\n<p>Das LG D\u00fcsseldorf gab dem &nbsp;Markenrechtsinhaber recht und unterst\u00fctze die Annahme, dass der potenzielle Nutzer der Marke den Rechtsinhaber vor Benutzung und Werbung mit dieser um eine Nutzungsgenehmigung bitten muss. Die Unionsmarke \u201eMalle\u201c ist rechtm\u00e4\u00dfig eingetragen worden, sodass der Markenschutz f\u00fcr den Inhaber vollumf\u00e4nglich besteht. <\/p>\n\n\n\n<p>Auch die Tatsache, dass ein Antrag beim europ\u00e4ischen Markenamt in Alicante seit Februar 2019 auf L\u00f6schung der Marke zumindest f\u00fcr Unterhaltungsveranstaltungen vorliegt, l\u00e4sst den derzeitigen Rechtsbestand der Marke nicht untergehen. <\/p>\n\n\n\n<h2 class=\"wp-block-heading\"><strong>Marke \u201eMalle\u201c auch nicht schutzunf\u00e4hig<\/strong><\/h2>\n\n\n\n<p>Das Landgericht hielt au\u00dferdem fest, dass es auch nicht offenkundig an der Schutzf\u00e4higkeit der Marke fehlt. <\/p>\n\n\n\n<p>Hierzu m\u00fcsste eindeutig\nfestgestellt werden, dass zum Zeitpunkt der Eintragung im Jahr 2002 die Bezeichnung\n\u201eMalle\u201c beispielswese eine eindeutige Bezeichnung f\u00fcr die Insel Mallorca war\nund insofern als geographische Bezeichnung nicht h\u00e4tte eingetragen werden d\u00fcrfen.\nDiesen Einwand hat die Antragstellerin im bezeichneten einstweiligen\nVerf\u00fcgungsverfahren dem Gericht gegen\u00fcber weder ausreichend vorgetragen noch\nglaubhaft gemacht. &nbsp;<\/p>\n\n\n\n<p>Vielmehr ist die Bezeichnung von Partys mit dem Begriff Malle, wie beispielsweise \u201eMalle auf Schalke\u201c als herkunftsweisend zu verstehen und nicht nur beschreibend. Die angesprochenen Verbraucher w\u00fcrden erkennen, dass die Werbung bzw. die Party einen Bezug zu einem bestimmten Veranstalter, einem Sponsor oder dem Lizenzgeber h\u00e4tten.<\/p>\n\n\n\n<p>Es kann demnach auch zu einer Gefahr der Verwechselung kommen, wenn Besucher der Veranstaltungen und Adressaten der Werbung einerseits die Wortmarke \u201eMalle\u201c des Markeninhabers und andererseits das angegriffene Zeichen des Partyveranstalters \u201eMalle auf Schalke\u201c sehen. <\/p>\n\n\n\n<p>Demnach sah das LG D\u00fcsseldorf es als notwendig an, dem Partyveranstalter zu verbieten, seine Party unter der Bezeichnung \u201eMalle auf Schalke\u201c zu bewerben und zu veranstalten.<\/p>\n\n\n\n<p>Bereits <a href=\"https:\/\/www.legalsmart.de\/blog\/immaterialgueterrecht-im-unternehmen-markenrecht\/\" target=\"_blank\" rel=\"noreferrer noopener\" aria-label=\"hier  (\u00f6ffnet in neuem Tab)\">hier <\/a>und <a href=\"https:\/\/www.legalsmart.de\/blog\/eugh-unionsmarken-und-marktortprinzip\/\" target=\"_blank\" rel=\"noreferrer noopener\" aria-label=\"hier  (\u00f6ffnet in neuem Tab)\">hier <\/a>berichteten wir zum Thema Markenrecht und den Schutz von Marken. <\/p>\n\n\n\n<h2 class=\"wp-block-heading\"><strong>Urteil nicht rechtskr\u00e4ftig<\/strong><\/h2>\n\n\n\n<p>Das Urteil ist bisher noch nicht rechtskr\u00e4ftig\nund es bleibt abzuwarten, ob der Antragsteller weiter vorgehen will. <\/p>\n\n\n\n<p>Zur Zeit ist der Begriff von vielen Seiten unter Beschuss. Eine \u00dcberraschung d\u00fcrfte diese Tatsache jedoch nicht sein, wenn man bedenkt, dass jedes Jahr Tausende Produkte mit der Abk\u00fcrzung f\u00fcr die spanische Ferieninsel Mallorca beworben werden.<\/p>\n\n\n\n<h2 class=\"wp-block-heading\"><strong>Wir helfen Ihnen!<\/strong><\/h2>\n\n\n\n<p>Sie brauchen rechtliche Beratung im Bereich Abmahnung und Markenrecht? Rufen Sie uns an oder nutzen unseren <a href=\"https:\/\/www.legalsmart.de\/expertise.php?pid=6\" target=\"_blank\" rel=\"noreferrer noopener\" aria-label=\"Online-Service (\u00f6ffnet in neuem Tab)\">Online-Service<\/a> auf www.legalsmart.de. <\/p>\n\n\n\n<p><\/p>\n","protected":false},"excerpt":{"rendered":"<p>Malle-Reisen, Malle-Urlaub, Malle-Partys \u2013 nahezu jeden Sommer werden in Deutschland mehrere tausend Produkte mit dieser Abk\u00fcrzung f\u00fcr die Insel Mallorca beworben und angepriesen. Das Landgericht D\u00fcsseldorf hat nun in seinem Urteil vom 29. November 2019 entschieden, dass der Unionsmarkeninhaber der Marke \u201eMalle\u201c Veranstaltungen untersagen kann, die ohne seine Zustimmung Partys mit der Bezeichnung \u201eMalle\u201c beworben [&hellip;]<\/p>\n","protected":false},"author":1,"featured_media":0,"comment_status":"open","ping_status":"open","sticky":false,"template":"","format":"standard","meta":{"footnotes":""},"categories":[1,20,21],"tags":[4468,5779,5060,2330,5777,5063,5778],"class_list":["post-7777","post","type-post","status-publish","format-standard","hentry","category-allgemein","category-marken-geschmacksmusterrecht","category-markenrecht","tag-euipo","tag-europaeisches-markenamt","tag-inhaber","tag-lg-dusseldorf","tag-malle","tag-markeninhaber","tag-unionsmarkeninhaber"],"yoast_head":"<!-- This site is optimized with the Yoast SEO plugin v25.8 - https:\/\/yoast.com\/wordpress\/plugins\/seo\/ -->\n<title>\u201eMalle\u201c-Inhaber gewinnt | LEGAL SMART Online Blog<\/title>\n<meta name=\"description\" content=\"Das LG D\u00fcsseldorf hat entschieden, dass der Begriff &quot;Malle&quot; ohne vorherige Zustimmung des Markeninhabers nicht zu Werbezwecken benutzt wreden darf.\" \/>\n<meta name=\"robots\" content=\"index, follow, max-snippet:-1, max-image-preview:large, max-video-preview:-1\" \/>\n<link rel=\"canonical\" href=\"https:\/\/www.legalsmart.de\/blog\/malle-inhaber-gewinnt\/\" \/>\n<meta property=\"og:locale\" content=\"de_DE\" \/>\n<meta property=\"og:type\" content=\"article\" \/>\n<meta property=\"og:title\" content=\"\u201eMalle\u201c-Inhaber gewinnt | LEGAL SMART Online Blog\" \/>\n<meta property=\"og:description\" content=\"Das LG D\u00fcsseldorf hat entschieden, dass der Begriff &quot;Malle&quot; ohne vorherige Zustimmung des Markeninhabers nicht zu Werbezwecken benutzt wreden darf.\" \/>\n<meta property=\"og:url\" content=\"https:\/\/www.legalsmart.de\/blog\/malle-inhaber-gewinnt\/\" \/>\n<meta property=\"og:site_name\" content=\"LEGAL SMART Online Blog\" \/>\n<meta property=\"article:author\" content=\"https:\/\/www.facebook.com\/guido.kluck\" \/>\n<meta property=\"article:published_time\" content=\"2019-12-23T09:22:00+00:00\" \/>\n<meta name=\"author\" content=\"Guido Kluck, LL.M.\" \/>\n<meta name=\"twitter:card\" content=\"summary_large_image\" \/>\n<meta name=\"twitter:creator\" content=\"@https:\/\/twitter.com\/kluck\" \/>\n<meta name=\"twitter:label1\" content=\"Verfasst von\" \/>\n\t<meta name=\"twitter:data1\" content=\"Guido Kluck, LL.M.\" \/>\n\t<meta name=\"twitter:label2\" content=\"Gesch\u00e4tzte Lesezeit\" \/>\n\t<meta name=\"twitter:data2\" content=\"3\u00a0Minuten\" \/>\n<script type=\"application\/ld+json\" class=\"yoast-schema-graph\">{\"@context\":\"https:\/\/schema.org\",\"@graph\":[{\"@type\":\"WebPage\",\"@id\":\"https:\/\/www.legalsmart.de\/blog\/malle-inhaber-gewinnt\/\",\"url\":\"https:\/\/www.legalsmart.de\/blog\/malle-inhaber-gewinnt\/\",\"name\":\"\u201eMalle\u201c-Inhaber gewinnt | LEGAL SMART Online Blog\",\"isPartOf\":{\"@id\":\"https:\/\/www.legalsmart.de\/blog\/#website\"},\"datePublished\":\"2019-12-23T09:22:00+00:00\",\"author\":{\"@id\":\"https:\/\/www.legalsmart.de\/blog\/#\/schema\/person\/0869c669bccbe2e56b149b214913b000\"},\"description\":\"Das LG D\u00fcsseldorf hat entschieden, dass der Begriff \\\"Malle\\\" ohne vorherige Zustimmung des Markeninhabers nicht zu Werbezwecken benutzt wreden darf.\",\"breadcrumb\":{\"@id\":\"https:\/\/www.legalsmart.de\/blog\/malle-inhaber-gewinnt\/#breadcrumb\"},\"inLanguage\":\"de\",\"potentialAction\":[{\"@type\":\"ReadAction\",\"target\":[\"https:\/\/www.legalsmart.de\/blog\/malle-inhaber-gewinnt\/\"]}]},{\"@type\":\"BreadcrumbList\",\"@id\":\"https:\/\/www.legalsmart.de\/blog\/malle-inhaber-gewinnt\/#breadcrumb\",\"itemListElement\":[{\"@type\":\"ListItem\",\"position\":1,\"name\":\"Startseite\",\"item\":\"https:\/\/www.legalsmart.de\/blog\/\"},{\"@type\":\"ListItem\",\"position\":2,\"name\":\"\u201eMalle\u201c-Inhaber gewinnt\"}]},{\"@type\":\"WebSite\",\"@id\":\"https:\/\/www.legalsmart.de\/blog\/#website\",\"url\":\"https:\/\/www.legalsmart.de\/blog\/\",\"name\":\"LEGAL SMART Online Blog\",\"description\":\"Die innovative Kanzlei\",\"potentialAction\":[{\"@type\":\"SearchAction\",\"target\":{\"@type\":\"EntryPoint\",\"urlTemplate\":\"https:\/\/www.legalsmart.de\/blog\/?s={search_term_string}\"},\"query-input\":{\"@type\":\"PropertyValueSpecification\",\"valueRequired\":true,\"valueName\":\"search_term_string\"}}],\"inLanguage\":\"de\"},{\"@type\":\"Person\",\"@id\":\"https:\/\/www.legalsmart.de\/blog\/#\/schema\/person\/0869c669bccbe2e56b149b214913b000\",\"name\":\"Guido Kluck, LL.M.\",\"image\":{\"@type\":\"ImageObject\",\"inLanguage\":\"de\",\"@id\":\"https:\/\/www.legalsmart.de\/blog\/#\/schema\/person\/image\/\",\"url\":\"https:\/\/www.legalsmart.de\/blog\/wp-content\/uploads\/2018\/09\/cropped-IMG_2698-e1535879860494-96x96.jpg\",\"contentUrl\":\"https:\/\/www.legalsmart.de\/blog\/wp-content\/uploads\/2018\/09\/cropped-IMG_2698-e1535879860494-96x96.jpg\",\"caption\":\"Guido Kluck, LL.M.\"},\"description\":\"Rechtsanwalt Guido Kluck LL.M. ist Partner der Kanzlei LEGAL SMART am Standort Berlin. Er ist Ansprechpartner f\u00fcr das Recht der neuen Medien sowie f\u00fcr die Bereiche Wettbewerbsrecht, Markenrecht, Urheberrecht, IT-Recht, Vertragsrecht und das Datenschutzrecht (DSGVO).\",\"sameAs\":[\"https:\/\/legalsmart.de\/team_kluck.php\",\"https:\/\/www.facebook.com\/guido.kluck\",\"https:\/\/x.com\/https:\/\/twitter.com\/kluck\"]}]}<\/script>\n<!-- \/ Yoast SEO plugin. -->","yoast_head_json":{"title":"\u201eMalle\u201c-Inhaber gewinnt | LEGAL SMART Online Blog","description":"Das LG D\u00fcsseldorf hat entschieden, dass der Begriff \"Malle\" ohne vorherige Zustimmung des Markeninhabers nicht zu Werbezwecken benutzt wreden darf.","robots":{"index":"index","follow":"follow","max-snippet":"max-snippet:-1","max-image-preview":"max-image-preview:large","max-video-preview":"max-video-preview:-1"},"canonical":"https:\/\/www.legalsmart.de\/blog\/malle-inhaber-gewinnt\/","og_locale":"de_DE","og_type":"article","og_title":"\u201eMalle\u201c-Inhaber gewinnt | LEGAL SMART Online Blog","og_description":"Das LG D\u00fcsseldorf hat entschieden, dass der Begriff \"Malle\" ohne vorherige Zustimmung des Markeninhabers nicht zu Werbezwecken benutzt wreden darf.","og_url":"https:\/\/www.legalsmart.de\/blog\/malle-inhaber-gewinnt\/","og_site_name":"LEGAL SMART Online Blog","article_author":"https:\/\/www.facebook.com\/guido.kluck","article_published_time":"2019-12-23T09:22:00+00:00","author":"Guido Kluck, LL.M.","twitter_card":"summary_large_image","twitter_creator":"@https:\/\/twitter.com\/kluck","twitter_misc":{"Verfasst von":"Guido Kluck, LL.M.","Gesch\u00e4tzte Lesezeit":"3\u00a0Minuten"},"schema":{"@context":"https:\/\/schema.org","@graph":[{"@type":"WebPage","@id":"https:\/\/www.legalsmart.de\/blog\/malle-inhaber-gewinnt\/","url":"https:\/\/www.legalsmart.de\/blog\/malle-inhaber-gewinnt\/","name":"\u201eMalle\u201c-Inhaber gewinnt | LEGAL SMART Online Blog","isPartOf":{"@id":"https:\/\/www.legalsmart.de\/blog\/#website"},"datePublished":"2019-12-23T09:22:00+00:00","author":{"@id":"https:\/\/www.legalsmart.de\/blog\/#\/schema\/person\/0869c669bccbe2e56b149b214913b000"},"description":"Das LG D\u00fcsseldorf hat entschieden, dass der Begriff \"Malle\" ohne vorherige Zustimmung des Markeninhabers nicht zu Werbezwecken benutzt wreden darf.","breadcrumb":{"@id":"https:\/\/www.legalsmart.de\/blog\/malle-inhaber-gewinnt\/#breadcrumb"},"inLanguage":"de","potentialAction":[{"@type":"ReadAction","target":["https:\/\/www.legalsmart.de\/blog\/malle-inhaber-gewinnt\/"]}]},{"@type":"BreadcrumbList","@id":"https:\/\/www.legalsmart.de\/blog\/malle-inhaber-gewinnt\/#breadcrumb","itemListElement":[{"@type":"ListItem","position":1,"name":"Startseite","item":"https:\/\/www.legalsmart.de\/blog\/"},{"@type":"ListItem","position":2,"name":"\u201eMalle\u201c-Inhaber gewinnt"}]},{"@type":"WebSite","@id":"https:\/\/www.legalsmart.de\/blog\/#website","url":"https:\/\/www.legalsmart.de\/blog\/","name":"LEGAL SMART Online Blog","description":"Die innovative Kanzlei","potentialAction":[{"@type":"SearchAction","target":{"@type":"EntryPoint","urlTemplate":"https:\/\/www.legalsmart.de\/blog\/?s={search_term_string}"},"query-input":{"@type":"PropertyValueSpecification","valueRequired":true,"valueName":"search_term_string"}}],"inLanguage":"de"},{"@type":"Person","@id":"https:\/\/www.legalsmart.de\/blog\/#\/schema\/person\/0869c669bccbe2e56b149b214913b000","name":"Guido Kluck, LL.M.","image":{"@type":"ImageObject","inLanguage":"de","@id":"https:\/\/www.legalsmart.de\/blog\/#\/schema\/person\/image\/","url":"https:\/\/www.legalsmart.de\/blog\/wp-content\/uploads\/2018\/09\/cropped-IMG_2698-e1535879860494-96x96.jpg","contentUrl":"https:\/\/www.legalsmart.de\/blog\/wp-content\/uploads\/2018\/09\/cropped-IMG_2698-e1535879860494-96x96.jpg","caption":"Guido Kluck, LL.M."},"description":"Rechtsanwalt Guido Kluck LL.M. ist Partner der Kanzlei LEGAL SMART am Standort Berlin. Er ist Ansprechpartner f\u00fcr das Recht der neuen Medien sowie f\u00fcr die Bereiche Wettbewerbsrecht, Markenrecht, Urheberrecht, IT-Recht, Vertragsrecht und das Datenschutzrecht (DSGVO).","sameAs":["https:\/\/legalsmart.de\/team_kluck.php","https:\/\/www.facebook.com\/guido.kluck","https:\/\/x.com\/https:\/\/twitter.com\/kluck"]}]}},"_links":{"self":[{"href":"https:\/\/www.legalsmart.de\/blog\/wp-json\/wp\/v2\/posts\/7777","targetHints":{"allow":["GET"]}}],"collection":[{"href":"https:\/\/www.legalsmart.de\/blog\/wp-json\/wp\/v2\/posts"}],"about":[{"href":"https:\/\/www.legalsmart.de\/blog\/wp-json\/wp\/v2\/types\/post"}],"author":[{"embeddable":true,"href":"https:\/\/www.legalsmart.de\/blog\/wp-json\/wp\/v2\/users\/1"}],"replies":[{"embeddable":true,"href":"https:\/\/www.legalsmart.de\/blog\/wp-json\/wp\/v2\/comments?post=7777"}],"version-history":[{"count":14,"href":"https:\/\/www.legalsmart.de\/blog\/wp-json\/wp\/v2\/posts\/7777\/revisions"}],"predecessor-version":[{"id":7829,"href":"https:\/\/www.legalsmart.de\/blog\/wp-json\/wp\/v2\/posts\/7777\/revisions\/7829"}],"wp:attachment":[{"href":"https:\/\/www.legalsmart.de\/blog\/wp-json\/wp\/v2\/media?parent=7777"}],"wp:term":[{"taxonomy":"category","embeddable":true,"href":"https:\/\/www.legalsmart.de\/blog\/wp-json\/wp\/v2\/categories?post=7777"},{"taxonomy":"post_tag","embeddable":true,"href":"https:\/\/www.legalsmart.de\/blog\/wp-json\/wp\/v2\/tags?post=7777"}],"curies":[{"name":"wp","href":"https:\/\/api.w.org\/{rel}","templated":true}]}}