{"id":8102,"date":"2020-01-27T10:00:00","date_gmt":"2020-01-27T09:00:00","guid":{"rendered":"https:\/\/www.legalsmart.de\/blog\/?p=8102"},"modified":"2020-01-23T13:21:30","modified_gmt":"2020-01-23T12:21:30","slug":"oberlandesgerichte-zum-abgasskandal","status":"publish","type":"post","link":"https:\/\/www.legalsmart.de\/blog\/oberlandesgerichte-zum-abgasskandal\/","title":{"rendered":"Oberlandesgerichte zum Abgasskandal"},"content":{"rendered":"\n<p>Immer wieder mussten sich Deutschland die Oberlandesgerichte mit  Fragen zum Dieselabgasskandal besch\u00e4ftigen. Eine kleine Auswahl an interessanten Entscheidungen verschiedener Oberlandesgerichte lesen Sie hier!<\/p>\n\n\n\n<h2 class=\"wp-block-heading\"><strong>OLG Zweibr\u00fccken<\/strong><\/h2>\n\n\n\n<p>In seinem Urteil vom 14. November 2019 hat das Pf\u00e4lzische Oberlandesgericht\n(OLG) entschieden, dass VW dem K\u00e4ufer eines Audis Schadensersatz leisten muss\n(Az.: <a href=\"https:\/\/dejure.org\/dienste\/vernetzung\/rechtsprechung?Text=4%20U%2088\/19\" title=\"OLG Zweibr&uuml;cken, 14.11.2019 - 4 U 88\/19: Dieselskandal - VW zu Schadensersatz verurteilt\">4 U 88\/19<\/a>). Das Gericht sah eine vors\u00e4tzliche sittenwidrige Sch\u00e4digung\nals gegeben an. <\/p>\n\n\n\n<p>Bei dem Fahrzeug handelte es sich um einen mit einem des Typs AE 189 verbauten Dieselmotors, bei dem die Abgaswerte manipuliert worden waren. Bereits in erster Instanz war die Klage erfolgreich und wurde vom OLG Zweibr\u00fccken best\u00e4tig. <\/p>\n\n\n\n<p><br> Der Kl\u00e4ger musste sich f\u00fcr die bereits gefahrenen Kilometer mit dem Fahrzeug eine Nutzungsentsch\u00e4digung anrechnen lassen. <\/p>\n\n\n\n<h2 class=\"wp-block-heading\"><strong>OLG Naumburg <\/strong><\/h2>\n\n\n\n<p>Das OLG Naumburg entschied mit Urteil vom 27. September\n2019 (Az.: <a href=\"https:\/\/dejure.org\/dienste\/vernetzung\/rechtsprechung?Text=7%20U%2024\/19\" title=\"7 U 24\/19 (4 zugeordnete Entscheidungen)\">7 U 24\/19<\/a>), dass auch K\u00e4ufer von Gebrauchtwagen einen Anspruch auf\nSchadensersatz haben k\u00f6nnen im Gegenzug zur Herausgabe und \u00dcbereignung des\nWagens sowie Zahlung einer Nutzungsentsch\u00e4digung. <\/p>\n\n\n\n<p>Der Kl\u00e4ger erwarb einen vom Abgasskandal betroffenen VW-Gebrauchtwagen,\nbei dem der Dieselmotos des Typs EA 189 EU 5 eingebaut worden war und verantwortlich\nf\u00fcr F\u00e4lschung der Ergebnisse hinsichtlich der Abgaswerte. <\/p>\n\n\n\n<p>Trotz eines Updates durch die Volkswagen AG blieben\nFahrzeuge mangelhaft und entsprachen weiterhin nicht den Vorgaben des Kraftfahrbundesamte\n(KBA), entschied unabh\u00e4ngig von dieser Entscheidung des Landgericht D\u00fcsseldorf\n(LG) am 31. Juli 2019 (Az.: <a href=\"https:\/\/dejure.org\/dienste\/vernetzung\/rechtsprechung?Text=7%20O%20166\/18\" title=\"LG D&uuml;sseldorf, 31.07.2019 - 7 O 166\/18: Unzul&auml;ssige Abschaltvorrichtung bei VW-Diesel wegen sog...\">7 O 166\/18<\/a>)<\/p>\n\n\n\n<p>Die sch\u00e4digende Verletzungshandlung sei das Inverkehrbringen des manipulierten Motos, so die Richter. VW versicherte damit konkludent, dass das Produkt den Vorgaben entspr\u00e4che und t\u00e4uschte dadurch die Kunden. \u00a0<\/p>\n\n\n\n<p>Bereits <a href=\"https:\/\/www.legalsmart.de\/blog\/gebrauchtwagen-kaeufer-und-vw\/\" target=\"_blank\" rel=\"noreferrer noopener\" aria-label=\"hier  (\u00f6ffnet in neuem Tab)\">hier <\/a>berichteten wir \u00fcber dieses Urteil.<\/p>\n\n\n\n<h2 class=\"wp-block-heading\"><strong><br>\nOLG Schleswig<\/strong><\/h2>\n\n\n\n<p>Das OLG Schleswig entschied, dass die K\u00e4uferin eines\nNeufahrzeugs mit dem Dieselmotor der Baureihe EA 189 vom Vertragsh\u00e4ndler die\nR\u00fcckabwicklung des Kaufvertrages verlangen kann (Urteil vom 20. November 2019,\nAz.&nbsp;<a href=\"https:\/\/dejure.org\/dienste\/vernetzung\/rechtsprechung?Text=9%20U%2012\/19\" title=\"OLG Schleswig, 20.11.2019 - 9 U 12\/19: R&uuml;ckabwicklung eines Kaufvertrages &uuml;ber ein vom &quot;Diesela...\">9 U 12\/19<\/a>).<\/p>\n\n\n\n<p>Im Dezember 2016 erkl\u00e4rte die Kl\u00e4gerin den R\u00fccktritt vom\nKaufvertrag \u00fcber den VW Touran, der H\u00e4ndler lehnte jedoch die R\u00fccknahme des\nFahrzeuges ab und spielte stattdessen im Juli 2018 ein Softwareupdate auf. Sie\nklagte darauf hin auf Zahlung des Kaufpreises Zug um Zug gegen R\u00fcckgabe des Fahrzeuges\nabz\u00fcglich einer Nutzungsentsch\u00e4digung.<\/p>\n\n\n\n<p>Erst in zweiter Instanz hatte sie Erfolg. Das Gericht sah den\nR\u00fccktritt als wirksam an und die M\u00e4ngelbeseitigung als nicht gelungen. <\/p>\n\n\n\n<h2 class=\"wp-block-heading\"><strong>OLG Karlsruhe<\/strong><\/h2>\n\n\n\n<p>Auch das OLG Karlsruhe sprach dem\nKl\u00e4ger im Rahmen des Dieselabgasskandals umfassende Rechte zu. Das OLG entschied,\ndass Dieselk\u00e4ufer auch Anspr\u00fcche auf Ersatz der Kosten f\u00fcr einen\nKreditschutzbrief und auf Zinsen ab Zahlung des Kaufpreises haben (OLG\nKarlsruhe, Urteil vom 19.11.2019, Az.&nbsp;<a href=\"https:\/\/dejure.org\/dienste\/vernetzung\/rechtsprechung?Text=17%20U%20146\/19\" title=\"OLG Karlsruhe, 19.11.2019 - 17 U 146\/19: Deliktische Haftung des Kfz-Herstellers im Rahmen des ...\">17 U 146\/19<\/a>).<\/p>\n\n\n\n<p>Der Kl\u00e4ger hatte\neinen gebrauchten Touran gekauft und den Kaufpreis teilweise durch ein Darlehen\nfinanziert und einen mitfinanzierten Kreditschutzbrief abgeschlossen. Die\nRichter der Vorinstanz gaben dem Kl\u00e4ger nur in Teilen recht. Die verlangten\nZinsen erkannten sie ihm jedoch nicht zu.<\/p>\n\n\n\n<p>Das OLG Karlsruhe\n\u00e4nderte das Urteil ab und sprach nunmehr auch Zinsen und entstandenen Kosten\nf\u00fcr den mit dem Darlehensvertrag abgeschlossenen Kreditschutzbrief zu. &nbsp;Anders als andere s\u00fcdbadischen Landgerichte\nsprach das OLG dem Kl\u00e4ger Deliktszinsen in H\u00f6he von 4 % j\u00e4hrlich ab Zahlung der\nDarlehensraten zu. <\/p>\n\n\n\n<h2 class=\"wp-block-heading\"><strong>OLG M\u00fcnchen <\/strong><\/h2>\n\n\n\n<p>Das OLG M\u00fcnchen verurteilte VW am 15. Oktober 2019 im\nAbgasskandal zur Zahlung von Schadenersatz f\u00fcr einen mangelhaften Audi Q3 (Az.:\n<a href=\"https:\/\/dejure.org\/dienste\/vernetzung\/rechtsprechung?Text=24%20U%20797\/19\" title=\"OLG M&uuml;nchen, 15.10.2019 - 24 U 797\/19: Schadensersatzanspr&uuml;che - Motor der Baureihe &quot;EA 189&quot;\">24 U 797\/19<\/a>). <\/p>\n\n\n\n<p>Der Kl\u00e4ger durfte demnach den von\nAbgasmanipulationen betroffenen Audi zur\u00fcckgeben und den Kaufpreis zur\u00fcckverlangen.\nAuch er musste sich f\u00fcr die gefahrenen Kilometer den Abzug einer\nNutzungsentsch\u00e4digung entgegenhalten lassen.<\/p>\n\n\n\n<p>In erster Instanz scheiterte er jedoch,\nda die Richter des LG Memmingen der Ansicht waren, dass der Kl\u00e4ger die falsche\nBeklagte w\u00e4hlt. Den Richtern zufolge sei nicht VW richtige Beklagte, sondern Audi\nals Hersteller und Inverkehrbringer des Fahrzeugs. <\/p>\n\n\n\n<p>Das OLG M\u00fcnchen hingegen war der\nAnsicht, dass VW den Motor hergestellt hat und damit hauptverantwortlich f\u00fcr\ndas Inverkehrbringen. So hat VW den K\u00e4ufer dadurch dar\u00fcber get\u00e4uscht, dass der\nMotor den gesetzlichen Vorgaben entspricht. <\/p>\n\n\n\n<p>Die Richter sahen die\nVerwerflichkeit vor allem darin, dass VW \u201ein gro\u00dfem Umfang und mit erheblichem\ntechnischen Aufwand Zulassungsvorschriften umgangen\u201c und dadurch Kunden\nget\u00e4uscht hat. <\/p>\n\n\n\n<h2 class=\"wp-block-heading\"><strong>OLG Stuttgart <\/strong><\/h2>\n\n\n\n<p>Das OLG Stuttgart hatte im VW im\nAbgasskandal bereits mehrfach zu urteilen. In den Urteilen vom 26. bzw. 28.\nNovember 2019 entschied das OLG, dass VW die K\u00e4ufer von Fahrzeugen mit\nmanipulierten Abgaswerten vors\u00e4tzlich sittenwidrig gesch\u00e4digt habe (Az.: 10 U\n154\/19, <a href=\"https:\/\/dejure.org\/dienste\/vernetzung\/rechtsprechung?Text=12%20U%20142\/19\" title=\"12 U 142\/19 (2 zugeordnete Entscheidungen)\">12 U 142\/19<\/a> und <a href=\"https:\/\/dejure.org\/dienste\/vernetzung\/rechtsprechung?Text=14%20U%2089\/19\" title=\"OLG Stuttgart, 28.11.2019 - 14 U 89\/19: Kauf eines vom &quot;Dieselskandal&quot; betroffenen Neuwagens: S...\">14 U 89\/19<\/a>).<\/p>\n\n\n\n<p>Die Kl\u00e4ger klagten in allen drei\nF\u00e4llen aus identischen Gr\u00fcnden. In den gekauften Fahrzeugen der Marken Passat,\nVW Amarok und VW Eos war der Dieselmotor des Typ EA 189 verbaut, der nicht den\nVorgaben des Bundeskraftfahrtamtes entsprach. <\/p>\n\n\n\n<p>Nach Kenntniserlangung \u00fcber den\nDieselabgasskandal machten die Kl\u00e4ger Schadensersatzanspr\u00fcche geltend.<\/p>\n\n\n\n<p>\u00c4hnlich wie bereits Gerichte zuvor\nentschied das OLG Stuttgart, dass VW Schadensersatz zu leisten hat, da VW\nvors\u00e4tzlich sittenwidrig get\u00e4uscht hat.<\/p>\n\n\n\n<p><br>\nDie Stuttgarter Richter des Landgerichts entschieden mit Urteil vom 26.\nSeptember 2019, dass auch die Daimler AG Schadensersatz zu leisten hat, wenn es\num den Erwerb eines Fahrzuges geht, das den soeben genannten Motorentyp innehat\n(Az. <a href=\"https:\/\/dejure.org\/dienste\/vernetzung\/rechtsprechung?Text=23%20O%20112\/19\" title=\"LG Stuttgart, 26.09.2019 - 23 O 112\/19: Mercedes-Daimler Dieselskandal Motor OM 651\">23 O 112\/19<\/a>). <\/p>\n\n\n\n<h2 class=\"wp-block-heading\"><strong>OLG Celle<\/strong><\/h2>\n\n\n\n<p>Auch das OLG Celle gab einem gesch\u00e4digten Autok\u00e4ufer mit Urteil vom 20. November 2019\u00a0recht und sprach diesem Schadensersatz zu. Begr\u00fcndet wurde auch diese Entscheidung damit, dass eine vors\u00e4tzliche sittenwidrige Sch\u00e4digung vorlag. (Az.: <a href=\"https:\/\/dejure.org\/dienste\/vernetzung\/rechtsprechung?Text=7%20U%20244\/18\" title=\"7 U 244\/18 (2 zugeordnete Entscheidungen)\">7 U 244\/18<\/a>). <\/p>\n\n\n\n<p>Der Kl\u00e4ger konnte das Fahrzeug\nzur\u00fcckgeben und die Erstattung des Kaufpreises abz\u00fcglich einer\nNutzungsentsch\u00e4digung f\u00fcr die gefahrenen Kilometer verlangen.<\/p>\n\n\n\n<p>Das OLG nahm Bezug auf den\nHinweisbeschluss des BGH, wonach Fahrzeuge mit einer unzul\u00e4ssigen\nAbschalteinrichtung einen Mangel aufweisen (Az. <a href=\"https:\/\/dejure.org\/dienste\/vernetzung\/rechtsprechung?Text=VIII%20ZR%20225\/17\" title=\"VIII ZR 225\/17 (3 zugeordnete Entscheidungen)\">VIII ZR 225\/17<\/a>) und das Inverkehrbringen\nder Software bzw. des Motors zur T\u00e4uschung von potenziellen Kunden und daraus\nresultierendem Schaden f\u00fchre.<\/p>\n\n\n\n<h2 class=\"wp-block-heading\"><strong>Was sollten betroffene K\u00e4ufer tun?<\/strong><\/h2>\n\n\n\n<p>Wie sich aus den vorstehenden Urteilen ergibt, entwickelt sich die Rechtsprechung der Oberlandesgerichte im VW-Abgasskandal eindeutig zugunsten der gesch\u00e4digten Verbraucher. Immer mehr Oberlandesgerichte entscheiden, dass VW die Kunden durch die Abgasmanipulationen vors\u00e4tzlich sittenwidrig gesch\u00e4digt wurden und deshalb Schadensersatzanspr\u00fcche gelten machen k\u00f6nnen.<\/p>\n\n\n\n<p>Sie sollten sich anwaltlich beraten lassen. Zusammen mit\neinem erfahrenen Anwalt kann gemeinsam eine geeignete Vorgehensweise besprochen\nwerden. Diese ist einzelfallabh\u00e4ngig.<\/p>\n\n\n\n<h2 class=\"wp-block-heading\"><strong>Sie haben Fragen zum Dieselskandal?<\/strong><\/h2>\n\n\n\n<p>Dann wenden Sie sich gerne unverbindlich an unsere Kanzlei. Wir helfen Ihnen umgehend und erkl\u00e4ren Ihnen die Rechtsprechung der Oberlandesgerichte!<\/p>\n","protected":false},"excerpt":{"rendered":"<p>Immer wieder mussten sich Deutschland die Oberlandesgerichte mit Fragen zum Dieselabgasskandal besch\u00e4ftigen. Eine kleine Auswahl an interessanten Entscheidungen verschiedener Oberlandesgerichte lesen Sie hier! OLG Zweibr\u00fccken In seinem Urteil vom 14. November 2019 hat das Pf\u00e4lzische Oberlandesgericht (OLG) entschieden, dass VW dem K\u00e4ufer eines Audis Schadensersatz leisten muss (Az.: 4 U 88\/19). Das Gericht sah eine [&hellip;]<\/p>\n","protected":false},"author":1,"featured_media":0,"comment_status":"open","ping_status":"open","sticky":false,"template":"","format":"standard","meta":{"footnotes":""},"categories":[1,35,41],"tags":[5873,5875,5871,5872,5867,5869,5868,5876,5870,5865,5319,5866,2735],"class_list":["post-8102","post","type-post","status-publish","format-standard","hentry","category-allgemein","category-vertragsrecht","category-zivilrecht","tag-10-u-154-19","tag-12-u-142-19-und-14-u-89-19","tag-17-u-146-19","tag-24-u-797-19","tag-4-u-88-19","tag-7-o-166-18","tag-7-u-24-19","tag-7-u-244-18","tag-9-u-12-19","tag-dieselabgasskandal","tag-dieselmotor","tag-oberlandesgerichte","tag-olg"],"yoast_head":"<!-- This site is optimized with the Yoast SEO plugin v25.8 - https:\/\/yoast.com\/wordpress\/plugins\/seo\/ -->\n<title>Oberlandesgerichte zum Abgasskandal | LEGAL SMART Online Blog<\/title>\n<meta name=\"description\" content=\"Immer mehr Oberlandesgerichte m\u00fcssen sich mit Fragen des Abgasskandals besch\u00e4ftigen und entscheiden h\u00e4ufig zugunsten der K\u00e4ufer manipulierter Fahrzeuge.\" \/>\n<meta name=\"robots\" content=\"index, follow, max-snippet:-1, max-image-preview:large, max-video-preview:-1\" \/>\n<link rel=\"canonical\" href=\"https:\/\/www.legalsmart.de\/blog\/oberlandesgerichte-zum-abgasskandal\/\" \/>\n<meta property=\"og:locale\" content=\"de_DE\" \/>\n<meta property=\"og:type\" content=\"article\" \/>\n<meta property=\"og:title\" content=\"Oberlandesgerichte zum Abgasskandal | LEGAL SMART Online Blog\" \/>\n<meta property=\"og:description\" content=\"Immer mehr Oberlandesgerichte m\u00fcssen sich mit Fragen des Abgasskandals besch\u00e4ftigen und entscheiden h\u00e4ufig zugunsten der K\u00e4ufer manipulierter Fahrzeuge.\" \/>\n<meta property=\"og:url\" content=\"https:\/\/www.legalsmart.de\/blog\/oberlandesgerichte-zum-abgasskandal\/\" \/>\n<meta property=\"og:site_name\" content=\"LEGAL SMART Online Blog\" \/>\n<meta property=\"article:author\" content=\"https:\/\/www.facebook.com\/guido.kluck\" \/>\n<meta property=\"article:published_time\" content=\"2020-01-27T09:00:00+00:00\" \/>\n<meta name=\"author\" content=\"Guido Kluck, LL.M.\" \/>\n<meta name=\"twitter:card\" content=\"summary_large_image\" \/>\n<meta name=\"twitter:creator\" content=\"@https:\/\/twitter.com\/kluck\" \/>\n<meta name=\"twitter:label1\" content=\"Verfasst von\" \/>\n\t<meta name=\"twitter:data1\" content=\"Guido Kluck, LL.M.\" \/>\n\t<meta name=\"twitter:label2\" content=\"Gesch\u00e4tzte Lesezeit\" \/>\n\t<meta name=\"twitter:data2\" content=\"5\u00a0Minuten\" \/>\n<script type=\"application\/ld+json\" class=\"yoast-schema-graph\">{\"@context\":\"https:\/\/schema.org\",\"@graph\":[{\"@type\":\"WebPage\",\"@id\":\"https:\/\/www.legalsmart.de\/blog\/oberlandesgerichte-zum-abgasskandal\/\",\"url\":\"https:\/\/www.legalsmart.de\/blog\/oberlandesgerichte-zum-abgasskandal\/\",\"name\":\"Oberlandesgerichte zum Abgasskandal | LEGAL SMART Online Blog\",\"isPartOf\":{\"@id\":\"https:\/\/www.legalsmart.de\/blog\/#website\"},\"datePublished\":\"2020-01-27T09:00:00+00:00\",\"author\":{\"@id\":\"https:\/\/www.legalsmart.de\/blog\/#\/schema\/person\/0869c669bccbe2e56b149b214913b000\"},\"description\":\"Immer mehr Oberlandesgerichte m\u00fcssen sich mit Fragen des Abgasskandals besch\u00e4ftigen und entscheiden h\u00e4ufig zugunsten der K\u00e4ufer manipulierter Fahrzeuge.\",\"breadcrumb\":{\"@id\":\"https:\/\/www.legalsmart.de\/blog\/oberlandesgerichte-zum-abgasskandal\/#breadcrumb\"},\"inLanguage\":\"de\",\"potentialAction\":[{\"@type\":\"ReadAction\",\"target\":[\"https:\/\/www.legalsmart.de\/blog\/oberlandesgerichte-zum-abgasskandal\/\"]}]},{\"@type\":\"BreadcrumbList\",\"@id\":\"https:\/\/www.legalsmart.de\/blog\/oberlandesgerichte-zum-abgasskandal\/#breadcrumb\",\"itemListElement\":[{\"@type\":\"ListItem\",\"position\":1,\"name\":\"Startseite\",\"item\":\"https:\/\/www.legalsmart.de\/blog\/\"},{\"@type\":\"ListItem\",\"position\":2,\"name\":\"Oberlandesgerichte zum Abgasskandal\"}]},{\"@type\":\"WebSite\",\"@id\":\"https:\/\/www.legalsmart.de\/blog\/#website\",\"url\":\"https:\/\/www.legalsmart.de\/blog\/\",\"name\":\"LEGAL SMART Online Blog\",\"description\":\"Die innovative Kanzlei\",\"potentialAction\":[{\"@type\":\"SearchAction\",\"target\":{\"@type\":\"EntryPoint\",\"urlTemplate\":\"https:\/\/www.legalsmart.de\/blog\/?s={search_term_string}\"},\"query-input\":{\"@type\":\"PropertyValueSpecification\",\"valueRequired\":true,\"valueName\":\"search_term_string\"}}],\"inLanguage\":\"de\"},{\"@type\":\"Person\",\"@id\":\"https:\/\/www.legalsmart.de\/blog\/#\/schema\/person\/0869c669bccbe2e56b149b214913b000\",\"name\":\"Guido Kluck, LL.M.\",\"image\":{\"@type\":\"ImageObject\",\"inLanguage\":\"de\",\"@id\":\"https:\/\/www.legalsmart.de\/blog\/#\/schema\/person\/image\/\",\"url\":\"https:\/\/www.legalsmart.de\/blog\/wp-content\/uploads\/2018\/09\/cropped-IMG_2698-e1535879860494-96x96.jpg\",\"contentUrl\":\"https:\/\/www.legalsmart.de\/blog\/wp-content\/uploads\/2018\/09\/cropped-IMG_2698-e1535879860494-96x96.jpg\",\"caption\":\"Guido Kluck, LL.M.\"},\"description\":\"Rechtsanwalt Guido Kluck LL.M. ist Partner der Kanzlei LEGAL SMART am Standort Berlin. Er ist Ansprechpartner f\u00fcr das Recht der neuen Medien sowie f\u00fcr die Bereiche Wettbewerbsrecht, Markenrecht, Urheberrecht, IT-Recht, Vertragsrecht und das Datenschutzrecht (DSGVO).\",\"sameAs\":[\"https:\/\/legalsmart.de\/team_kluck.php\",\"https:\/\/www.facebook.com\/guido.kluck\",\"https:\/\/x.com\/https:\/\/twitter.com\/kluck\"]}]}<\/script>\n<!-- \/ Yoast SEO plugin. -->","yoast_head_json":{"title":"Oberlandesgerichte zum Abgasskandal | LEGAL SMART Online Blog","description":"Immer mehr Oberlandesgerichte m\u00fcssen sich mit Fragen des Abgasskandals besch\u00e4ftigen und entscheiden h\u00e4ufig zugunsten der K\u00e4ufer manipulierter Fahrzeuge.","robots":{"index":"index","follow":"follow","max-snippet":"max-snippet:-1","max-image-preview":"max-image-preview:large","max-video-preview":"max-video-preview:-1"},"canonical":"https:\/\/www.legalsmart.de\/blog\/oberlandesgerichte-zum-abgasskandal\/","og_locale":"de_DE","og_type":"article","og_title":"Oberlandesgerichte zum Abgasskandal | LEGAL SMART Online Blog","og_description":"Immer mehr Oberlandesgerichte m\u00fcssen sich mit Fragen des Abgasskandals besch\u00e4ftigen und entscheiden h\u00e4ufig zugunsten der K\u00e4ufer manipulierter Fahrzeuge.","og_url":"https:\/\/www.legalsmart.de\/blog\/oberlandesgerichte-zum-abgasskandal\/","og_site_name":"LEGAL SMART Online Blog","article_author":"https:\/\/www.facebook.com\/guido.kluck","article_published_time":"2020-01-27T09:00:00+00:00","author":"Guido Kluck, LL.M.","twitter_card":"summary_large_image","twitter_creator":"@https:\/\/twitter.com\/kluck","twitter_misc":{"Verfasst von":"Guido Kluck, LL.M.","Gesch\u00e4tzte Lesezeit":"5\u00a0Minuten"},"schema":{"@context":"https:\/\/schema.org","@graph":[{"@type":"WebPage","@id":"https:\/\/www.legalsmart.de\/blog\/oberlandesgerichte-zum-abgasskandal\/","url":"https:\/\/www.legalsmart.de\/blog\/oberlandesgerichte-zum-abgasskandal\/","name":"Oberlandesgerichte zum Abgasskandal | LEGAL SMART Online Blog","isPartOf":{"@id":"https:\/\/www.legalsmart.de\/blog\/#website"},"datePublished":"2020-01-27T09:00:00+00:00","author":{"@id":"https:\/\/www.legalsmart.de\/blog\/#\/schema\/person\/0869c669bccbe2e56b149b214913b000"},"description":"Immer mehr Oberlandesgerichte m\u00fcssen sich mit Fragen des Abgasskandals besch\u00e4ftigen und entscheiden h\u00e4ufig zugunsten der K\u00e4ufer manipulierter Fahrzeuge.","breadcrumb":{"@id":"https:\/\/www.legalsmart.de\/blog\/oberlandesgerichte-zum-abgasskandal\/#breadcrumb"},"inLanguage":"de","potentialAction":[{"@type":"ReadAction","target":["https:\/\/www.legalsmart.de\/blog\/oberlandesgerichte-zum-abgasskandal\/"]}]},{"@type":"BreadcrumbList","@id":"https:\/\/www.legalsmart.de\/blog\/oberlandesgerichte-zum-abgasskandal\/#breadcrumb","itemListElement":[{"@type":"ListItem","position":1,"name":"Startseite","item":"https:\/\/www.legalsmart.de\/blog\/"},{"@type":"ListItem","position":2,"name":"Oberlandesgerichte zum Abgasskandal"}]},{"@type":"WebSite","@id":"https:\/\/www.legalsmart.de\/blog\/#website","url":"https:\/\/www.legalsmart.de\/blog\/","name":"LEGAL SMART Online Blog","description":"Die innovative Kanzlei","potentialAction":[{"@type":"SearchAction","target":{"@type":"EntryPoint","urlTemplate":"https:\/\/www.legalsmart.de\/blog\/?s={search_term_string}"},"query-input":{"@type":"PropertyValueSpecification","valueRequired":true,"valueName":"search_term_string"}}],"inLanguage":"de"},{"@type":"Person","@id":"https:\/\/www.legalsmart.de\/blog\/#\/schema\/person\/0869c669bccbe2e56b149b214913b000","name":"Guido Kluck, LL.M.","image":{"@type":"ImageObject","inLanguage":"de","@id":"https:\/\/www.legalsmart.de\/blog\/#\/schema\/person\/image\/","url":"https:\/\/www.legalsmart.de\/blog\/wp-content\/uploads\/2018\/09\/cropped-IMG_2698-e1535879860494-96x96.jpg","contentUrl":"https:\/\/www.legalsmart.de\/blog\/wp-content\/uploads\/2018\/09\/cropped-IMG_2698-e1535879860494-96x96.jpg","caption":"Guido Kluck, LL.M."},"description":"Rechtsanwalt Guido Kluck LL.M. ist Partner der Kanzlei LEGAL SMART am Standort Berlin. Er ist Ansprechpartner f\u00fcr das Recht der neuen Medien sowie f\u00fcr die Bereiche Wettbewerbsrecht, Markenrecht, Urheberrecht, IT-Recht, Vertragsrecht und das Datenschutzrecht (DSGVO).","sameAs":["https:\/\/legalsmart.de\/team_kluck.php","https:\/\/www.facebook.com\/guido.kluck","https:\/\/x.com\/https:\/\/twitter.com\/kluck"]}]}},"_links":{"self":[{"href":"https:\/\/www.legalsmart.de\/blog\/wp-json\/wp\/v2\/posts\/8102","targetHints":{"allow":["GET"]}}],"collection":[{"href":"https:\/\/www.legalsmart.de\/blog\/wp-json\/wp\/v2\/posts"}],"about":[{"href":"https:\/\/www.legalsmart.de\/blog\/wp-json\/wp\/v2\/types\/post"}],"author":[{"embeddable":true,"href":"https:\/\/www.legalsmart.de\/blog\/wp-json\/wp\/v2\/users\/1"}],"replies":[{"embeddable":true,"href":"https:\/\/www.legalsmart.de\/blog\/wp-json\/wp\/v2\/comments?post=8102"}],"version-history":[{"count":7,"href":"https:\/\/www.legalsmart.de\/blog\/wp-json\/wp\/v2\/posts\/8102\/revisions"}],"predecessor-version":[{"id":8109,"href":"https:\/\/www.legalsmart.de\/blog\/wp-json\/wp\/v2\/posts\/8102\/revisions\/8109"}],"wp:attachment":[{"href":"https:\/\/www.legalsmart.de\/blog\/wp-json\/wp\/v2\/media?parent=8102"}],"wp:term":[{"taxonomy":"category","embeddable":true,"href":"https:\/\/www.legalsmart.de\/blog\/wp-json\/wp\/v2\/categories?post=8102"},{"taxonomy":"post_tag","embeddable":true,"href":"https:\/\/www.legalsmart.de\/blog\/wp-json\/wp\/v2\/tags?post=8102"}],"curies":[{"name":"wp","href":"https:\/\/api.w.org\/{rel}","templated":true}]}}