{"id":8143,"date":"2020-02-04T09:47:00","date_gmt":"2020-02-04T08:47:00","guid":{"rendered":"https:\/\/www.legalsmart.de\/blog\/?p=8143"},"modified":"2020-01-30T15:53:29","modified_gmt":"2020-01-30T14:53:29","slug":"ido-verband-rechtsmissbraeuchlich","status":"publish","type":"post","link":"https:\/\/www.legalsmart.de\/blog\/ido-verband-rechtsmissbraeuchlich\/","title":{"rendered":"IDO-Verband rechtsmissbr\u00e4uchlich"},"content":{"rendered":"\n<p>Der IDO-Verband handelt rechtsmissbr\u00e4uchlich! Dies entschied das LG Heilbronn (Urt. v. 20.12.19 \u2013 <a href=\"https:\/\/dejure.org\/dienste\/vernetzung\/rechtsprechung?Text=21%20O%2038\/19\" title=\"LG Heilbronn, 20.12.2019 - 21 O 38\/19: IDO-Verband handelt rechtsmissbr&auml;uchlich, wenn er eigene...\">21 O 38\/19<\/a> KfH) erst k\u00fcrzlich. Damit gibt es noch einen weiteren Angriffspunkt gegen die Abmahnungen des Verbandes.<\/p>\n\n\n\n<h2 class=\"wp-block-heading\"><strong>Sind die Abmahnungen des IDO-Verbandes rechtsmissbr\u00e4uchlich?<\/strong><\/h2>\n\n\n\n<p><a href=\"https:\/\/www.legalsmart.de\/blog\/abmahnungen-durch-ido-verband\/\" target=\"_blank\" rel=\"noreferrer noopener\" aria-label=\" (\u00f6ffnet in neuem Tab)\">Wir berichteten diesen Monat<\/a> schon mal \u00fcber die aktuelle Abmahnwelle des Verbandes. Dort nannten wir drei m\u00f6gliche Schwachstellen: eine rechtliche Unbegr\u00fcndetheit, Rechtsmissbr\u00e4uchlichkeit und eine <a href=\"https:\/\/www.legalsmart.de\/blog\/abmahnungen-durch-ido-verband\/\">fehle<\/a><a href=\"https:\/\/www.legalsmart.de\/blog\/abmahnungen-durch-ido-verband\/\" target=\"_blank\" rel=\"noreferrer noopener\" aria-label=\"n (\u00f6ffnet in neuem Tab)\">n<\/a><a href=\"https:\/\/www.legalsmart.de\/blog\/abmahnungen-durch-ido-verband\/\">de Abmahnbefugnis<\/a>. Vor allem ging es in dem Artikel aber um die Abmahnbefugnis, die bei dem Verband immer wieder angezweifelt wird, da es fraglich ist, ob der Verband die gem. <a href=\"https:\/\/dejure.org\/gesetze\/UWG\/8.html\" title=\"&sect; 8 UWG: Beseitigung und Unterlassung\">\u00a7 8 Abs. 3 Nr. 2 UWG<\/a> erforderliche Mitgliedsanzahl hat. Dies hat zum Beispiel das LG Rostock (Urt. v. 25.04.2019 \u2013 5a HK O 112\/18) verneint. <\/p>\n\n\n\n<p>Nun wurde dem Verband in dem Verfahren\nvor dem LG Heilbronn vorgeworfen, dass er nicht gegen seine eigenen Mitglieder\nvorgehe, sondern nur gegen sonstige Marktteilnehmer und dies rechtsmissbr\u00e4uchlich\nsei. Tats\u00e4chlich konnte der Verband keine gegen eigene Mitglieder geltend\ngemachten Unterlassungsanspr\u00fcche vorweisen. Daher schloss sich das LG Heilbronn\nder Ansicht an weist die Klage als unzul\u00e4ssig ab.<\/p>\n\n\n\n<h2 class=\"wp-block-heading\">Abmahnung rechtsmissbr\u00e4uchlich &#8211; <strong>Wie geht es nun weiter?<\/strong><\/h2>\n\n\n\n<p>Die Entscheidung ist eine\nBest\u00e4tigung der Kritik an den Abmahnungen des IDO-Verbandes. Es ist daher gut\nm\u00f6glich, dass der IDO-Verband in Berufung geht und das Urteil damit nicht\nrechtskr\u00e4ftig wird. Jedoch zeigt es wieder, dass es sich lohnen kann, Abmahnungen\neinem erfahrenen Anwalt vorzulegen und pr\u00fcfen zu lassen. <\/p>\n\n\n\n<h2 class=\"wp-block-heading\"><strong>Was sollten Betroffene tun?<\/strong><\/h2>\n\n\n\n<p>Wer eine Abmahnung des\nIDO-Verbandes bekommen hat, hat also gute Angriffspunkte und damit auch Chancen,\nerfolgreich gegen diese vorzugehen. Dabei muss die Abmahnung im konkreten\nEinzelfall von einem erfahrenen Anwalt gepr\u00fcft und daraus eine Verteidigungsstrategie\nentwickelt werden. Keinesfalls sollte vorschnell der verlangte Schadensersatz\ngezahlt oder die beigef\u00fcgte Unterlassungserkl\u00e4rung unterschrieben werden. Dann\nmuss man sich n\u00e4mlich streng an diese halten, sonst kann der Gegner hohe Vertragsstrafen\nverlangen \u2013 teilweise f\u00fcnfstellig!<\/p>\n\n\n\n<p>Eine Abmahnung sollte also durchaus ernst genommen werden und die fristen nicht tatenlos verstreichen. Allerdings sollte man immer \u00fcberlegt handeln und die Abmahnung pr\u00fcfen lassen.<\/p>\n\n\n\n<h2 class=\"wp-block-heading\"><strong>Wir helfen Ihnen!<\/strong> <\/h2>\n\n\n\n<p>Sie haben eine Abmahnung des IDO-Verbandes oder einem anderen Unternehmen bekommen? Dann wenden Sie sich gerne umgehend an uns. Wir pr\u00fcfen die Abmahnung auf ihre Rechtm\u00e4\u00dfigkeit und entwickeln zusammen mit Ihnen die beste Verteidigungsstrategie!<\/p>\n","protected":false},"excerpt":{"rendered":"<p>Der IDO-Verband handelt rechtsmissbr\u00e4uchlich! Dies entschied das LG Heilbronn (Urt. v. 20.12.19 \u2013 21 O 38\/19 KfH) erst k\u00fcrzlich. Damit gibt es noch einen weiteren Angriffspunkt gegen die Abmahnungen des Verbandes. Sind die Abmahnungen des IDO-Verbandes rechtsmissbr\u00e4uchlich? Wir berichteten diesen Monat schon mal \u00fcber die aktuelle Abmahnwelle des Verbandes. Dort nannten wir drei m\u00f6gliche Schwachstellen: [&hellip;]<\/p>\n","protected":false},"author":1,"featured_media":0,"comment_status":"open","ping_status":"open","sticky":false,"template":"","format":"standard","meta":{"footnotes":""},"categories":[2,31],"tags":[5893,5892,395,580,904,5788,2338,2989,3127,3578],"class_list":["post-8143","post","type-post","status-publish","format-standard","hentry","category-abmahnungen-aktuell","category-urteile","tag-21-o-38-19-kfh","tag-abmahnbefugnis","tag-abmahnung","tag-anwalt","tag-berechtigt","tag-ido-verband","tag-lg-heilbronn","tag-rechtsmissbraeuchlich","tag-schadensersatz","tag-unterlassungserklarung"],"yoast_head":"<!-- This site is optimized with the Yoast SEO plugin v25.8 - https:\/\/yoast.com\/wordpress\/plugins\/seo\/ -->\n<title>IDO-Verband rechtsmissbr\u00e4uchlich | LEGAL SMART Online Blog<\/title>\n<meta name=\"description\" content=\"Das LG Heilbronn h\u00e4lt die Abmahnung des IDO-Verbandes f\u00fcr rechtsmissbr\u00e4uchlich! Das ist eine neue Niederlage und zugleich ein neuer Angriffspunkt.\" \/>\n<meta name=\"robots\" content=\"index, follow, max-snippet:-1, max-image-preview:large, max-video-preview:-1\" \/>\n<link rel=\"canonical\" href=\"https:\/\/www.legalsmart.de\/blog\/ido-verband-rechtsmissbraeuchlich\/\" \/>\n<meta property=\"og:locale\" content=\"de_DE\" \/>\n<meta property=\"og:type\" content=\"article\" \/>\n<meta property=\"og:title\" content=\"IDO-Verband rechtsmissbr\u00e4uchlich | LEGAL SMART Online Blog\" \/>\n<meta property=\"og:description\" content=\"Das LG Heilbronn h\u00e4lt die Abmahnung des IDO-Verbandes f\u00fcr rechtsmissbr\u00e4uchlich! Das ist eine neue Niederlage und zugleich ein neuer Angriffspunkt.\" \/>\n<meta property=\"og:url\" content=\"https:\/\/www.legalsmart.de\/blog\/ido-verband-rechtsmissbraeuchlich\/\" \/>\n<meta property=\"og:site_name\" content=\"LEGAL SMART Online Blog\" \/>\n<meta property=\"article:author\" content=\"https:\/\/www.facebook.com\/guido.kluck\" \/>\n<meta property=\"article:published_time\" content=\"2020-02-04T08:47:00+00:00\" \/>\n<meta name=\"author\" content=\"Guido Kluck, LL.M.\" \/>\n<meta name=\"twitter:card\" content=\"summary_large_image\" \/>\n<meta name=\"twitter:creator\" content=\"@https:\/\/twitter.com\/kluck\" \/>\n<meta name=\"twitter:label1\" content=\"Verfasst von\" \/>\n\t<meta name=\"twitter:data1\" content=\"Guido Kluck, LL.M.\" \/>\n\t<meta name=\"twitter:label2\" content=\"Gesch\u00e4tzte Lesezeit\" \/>\n\t<meta name=\"twitter:data2\" content=\"2\u00a0Minuten\" \/>\n<script type=\"application\/ld+json\" class=\"yoast-schema-graph\">{\"@context\":\"https:\/\/schema.org\",\"@graph\":[{\"@type\":\"WebPage\",\"@id\":\"https:\/\/www.legalsmart.de\/blog\/ido-verband-rechtsmissbraeuchlich\/\",\"url\":\"https:\/\/www.legalsmart.de\/blog\/ido-verband-rechtsmissbraeuchlich\/\",\"name\":\"IDO-Verband rechtsmissbr\u00e4uchlich | LEGAL SMART Online Blog\",\"isPartOf\":{\"@id\":\"https:\/\/www.legalsmart.de\/blog\/#website\"},\"datePublished\":\"2020-02-04T08:47:00+00:00\",\"author\":{\"@id\":\"https:\/\/www.legalsmart.de\/blog\/#\/schema\/person\/0869c669bccbe2e56b149b214913b000\"},\"description\":\"Das LG Heilbronn h\u00e4lt die Abmahnung des IDO-Verbandes f\u00fcr rechtsmissbr\u00e4uchlich! Das ist eine neue Niederlage und zugleich ein neuer Angriffspunkt.\",\"breadcrumb\":{\"@id\":\"https:\/\/www.legalsmart.de\/blog\/ido-verband-rechtsmissbraeuchlich\/#breadcrumb\"},\"inLanguage\":\"de\",\"potentialAction\":[{\"@type\":\"ReadAction\",\"target\":[\"https:\/\/www.legalsmart.de\/blog\/ido-verband-rechtsmissbraeuchlich\/\"]}]},{\"@type\":\"BreadcrumbList\",\"@id\":\"https:\/\/www.legalsmart.de\/blog\/ido-verband-rechtsmissbraeuchlich\/#breadcrumb\",\"itemListElement\":[{\"@type\":\"ListItem\",\"position\":1,\"name\":\"Startseite\",\"item\":\"https:\/\/www.legalsmart.de\/blog\/\"},{\"@type\":\"ListItem\",\"position\":2,\"name\":\"IDO-Verband rechtsmissbr\u00e4uchlich\"}]},{\"@type\":\"WebSite\",\"@id\":\"https:\/\/www.legalsmart.de\/blog\/#website\",\"url\":\"https:\/\/www.legalsmart.de\/blog\/\",\"name\":\"LEGAL SMART Online Blog\",\"description\":\"Die innovative Kanzlei\",\"potentialAction\":[{\"@type\":\"SearchAction\",\"target\":{\"@type\":\"EntryPoint\",\"urlTemplate\":\"https:\/\/www.legalsmart.de\/blog\/?s={search_term_string}\"},\"query-input\":{\"@type\":\"PropertyValueSpecification\",\"valueRequired\":true,\"valueName\":\"search_term_string\"}}],\"inLanguage\":\"de\"},{\"@type\":\"Person\",\"@id\":\"https:\/\/www.legalsmart.de\/blog\/#\/schema\/person\/0869c669bccbe2e56b149b214913b000\",\"name\":\"Guido Kluck, LL.M.\",\"image\":{\"@type\":\"ImageObject\",\"inLanguage\":\"de\",\"@id\":\"https:\/\/www.legalsmart.de\/blog\/#\/schema\/person\/image\/\",\"url\":\"https:\/\/www.legalsmart.de\/blog\/wp-content\/uploads\/2018\/09\/cropped-IMG_2698-e1535879860494-96x96.jpg\",\"contentUrl\":\"https:\/\/www.legalsmart.de\/blog\/wp-content\/uploads\/2018\/09\/cropped-IMG_2698-e1535879860494-96x96.jpg\",\"caption\":\"Guido Kluck, LL.M.\"},\"description\":\"Rechtsanwalt Guido Kluck LL.M. ist Partner der Kanzlei LEGAL SMART am Standort Berlin. Er ist Ansprechpartner f\u00fcr das Recht der neuen Medien sowie f\u00fcr die Bereiche Wettbewerbsrecht, Markenrecht, Urheberrecht, IT-Recht, Vertragsrecht und das Datenschutzrecht (DSGVO).\",\"sameAs\":[\"https:\/\/legalsmart.de\/team_kluck.php\",\"https:\/\/www.facebook.com\/guido.kluck\",\"https:\/\/x.com\/https:\/\/twitter.com\/kluck\"]}]}<\/script>\n<!-- \/ Yoast SEO plugin. -->","yoast_head_json":{"title":"IDO-Verband rechtsmissbr\u00e4uchlich | LEGAL SMART Online Blog","description":"Das LG Heilbronn h\u00e4lt die Abmahnung des IDO-Verbandes f\u00fcr rechtsmissbr\u00e4uchlich! Das ist eine neue Niederlage und zugleich ein neuer Angriffspunkt.","robots":{"index":"index","follow":"follow","max-snippet":"max-snippet:-1","max-image-preview":"max-image-preview:large","max-video-preview":"max-video-preview:-1"},"canonical":"https:\/\/www.legalsmart.de\/blog\/ido-verband-rechtsmissbraeuchlich\/","og_locale":"de_DE","og_type":"article","og_title":"IDO-Verband rechtsmissbr\u00e4uchlich | LEGAL SMART Online Blog","og_description":"Das LG Heilbronn h\u00e4lt die Abmahnung des IDO-Verbandes f\u00fcr rechtsmissbr\u00e4uchlich! Das ist eine neue Niederlage und zugleich ein neuer Angriffspunkt.","og_url":"https:\/\/www.legalsmart.de\/blog\/ido-verband-rechtsmissbraeuchlich\/","og_site_name":"LEGAL SMART Online Blog","article_author":"https:\/\/www.facebook.com\/guido.kluck","article_published_time":"2020-02-04T08:47:00+00:00","author":"Guido Kluck, LL.M.","twitter_card":"summary_large_image","twitter_creator":"@https:\/\/twitter.com\/kluck","twitter_misc":{"Verfasst von":"Guido Kluck, LL.M.","Gesch\u00e4tzte Lesezeit":"2\u00a0Minuten"},"schema":{"@context":"https:\/\/schema.org","@graph":[{"@type":"WebPage","@id":"https:\/\/www.legalsmart.de\/blog\/ido-verband-rechtsmissbraeuchlich\/","url":"https:\/\/www.legalsmart.de\/blog\/ido-verband-rechtsmissbraeuchlich\/","name":"IDO-Verband rechtsmissbr\u00e4uchlich | LEGAL SMART Online Blog","isPartOf":{"@id":"https:\/\/www.legalsmart.de\/blog\/#website"},"datePublished":"2020-02-04T08:47:00+00:00","author":{"@id":"https:\/\/www.legalsmart.de\/blog\/#\/schema\/person\/0869c669bccbe2e56b149b214913b000"},"description":"Das LG Heilbronn h\u00e4lt die Abmahnung des IDO-Verbandes f\u00fcr rechtsmissbr\u00e4uchlich! Das ist eine neue Niederlage und zugleich ein neuer Angriffspunkt.","breadcrumb":{"@id":"https:\/\/www.legalsmart.de\/blog\/ido-verband-rechtsmissbraeuchlich\/#breadcrumb"},"inLanguage":"de","potentialAction":[{"@type":"ReadAction","target":["https:\/\/www.legalsmart.de\/blog\/ido-verband-rechtsmissbraeuchlich\/"]}]},{"@type":"BreadcrumbList","@id":"https:\/\/www.legalsmart.de\/blog\/ido-verband-rechtsmissbraeuchlich\/#breadcrumb","itemListElement":[{"@type":"ListItem","position":1,"name":"Startseite","item":"https:\/\/www.legalsmart.de\/blog\/"},{"@type":"ListItem","position":2,"name":"IDO-Verband rechtsmissbr\u00e4uchlich"}]},{"@type":"WebSite","@id":"https:\/\/www.legalsmart.de\/blog\/#website","url":"https:\/\/www.legalsmart.de\/blog\/","name":"LEGAL SMART Online Blog","description":"Die innovative Kanzlei","potentialAction":[{"@type":"SearchAction","target":{"@type":"EntryPoint","urlTemplate":"https:\/\/www.legalsmart.de\/blog\/?s={search_term_string}"},"query-input":{"@type":"PropertyValueSpecification","valueRequired":true,"valueName":"search_term_string"}}],"inLanguage":"de"},{"@type":"Person","@id":"https:\/\/www.legalsmart.de\/blog\/#\/schema\/person\/0869c669bccbe2e56b149b214913b000","name":"Guido Kluck, LL.M.","image":{"@type":"ImageObject","inLanguage":"de","@id":"https:\/\/www.legalsmart.de\/blog\/#\/schema\/person\/image\/","url":"https:\/\/www.legalsmart.de\/blog\/wp-content\/uploads\/2018\/09\/cropped-IMG_2698-e1535879860494-96x96.jpg","contentUrl":"https:\/\/www.legalsmart.de\/blog\/wp-content\/uploads\/2018\/09\/cropped-IMG_2698-e1535879860494-96x96.jpg","caption":"Guido Kluck, LL.M."},"description":"Rechtsanwalt Guido Kluck LL.M. ist Partner der Kanzlei LEGAL SMART am Standort Berlin. Er ist Ansprechpartner f\u00fcr das Recht der neuen Medien sowie f\u00fcr die Bereiche Wettbewerbsrecht, Markenrecht, Urheberrecht, IT-Recht, Vertragsrecht und das Datenschutzrecht (DSGVO).","sameAs":["https:\/\/legalsmart.de\/team_kluck.php","https:\/\/www.facebook.com\/guido.kluck","https:\/\/x.com\/https:\/\/twitter.com\/kluck"]}]}},"_links":{"self":[{"href":"https:\/\/www.legalsmart.de\/blog\/wp-json\/wp\/v2\/posts\/8143","targetHints":{"allow":["GET"]}}],"collection":[{"href":"https:\/\/www.legalsmart.de\/blog\/wp-json\/wp\/v2\/posts"}],"about":[{"href":"https:\/\/www.legalsmart.de\/blog\/wp-json\/wp\/v2\/types\/post"}],"author":[{"embeddable":true,"href":"https:\/\/www.legalsmart.de\/blog\/wp-json\/wp\/v2\/users\/1"}],"replies":[{"embeddable":true,"href":"https:\/\/www.legalsmart.de\/blog\/wp-json\/wp\/v2\/comments?post=8143"}],"version-history":[{"count":1,"href":"https:\/\/www.legalsmart.de\/blog\/wp-json\/wp\/v2\/posts\/8143\/revisions"}],"predecessor-version":[{"id":8144,"href":"https:\/\/www.legalsmart.de\/blog\/wp-json\/wp\/v2\/posts\/8143\/revisions\/8144"}],"wp:attachment":[{"href":"https:\/\/www.legalsmart.de\/blog\/wp-json\/wp\/v2\/media?parent=8143"}],"wp:term":[{"taxonomy":"category","embeddable":true,"href":"https:\/\/www.legalsmart.de\/blog\/wp-json\/wp\/v2\/categories?post=8143"},{"taxonomy":"post_tag","embeddable":true,"href":"https:\/\/www.legalsmart.de\/blog\/wp-json\/wp\/v2\/tags?post=8143"}],"curies":[{"name":"wp","href":"https:\/\/api.w.org\/{rel}","templated":true}]}}