{"id":8227,"date":"2020-02-23T10:10:00","date_gmt":"2020-02-23T09:10:00","guid":{"rendered":"https:\/\/www.legalsmart.de\/blog\/?p=8227"},"modified":"2020-03-05T09:47:17","modified_gmt":"2020-03-05T08:47:17","slug":"abmahnung-der-fareds-rechtsanwaltsgesellschaft-mbh","status":"publish","type":"post","link":"https:\/\/www.legalsmart.de\/blog\/abmahnung-der-fareds-rechtsanwaltsgesellschaft-mbh\/","title":{"rendered":"Abmahnung durch die Fareds Rechtsanwaltsgesellschaft mbH"},"content":{"rendered":"\n<p>Bei der Fareds Rechtsanwaltsgesellschaft\nmbH aus Hamburg handelt es sich um eine Anwaltskanzlei, die die Interessen der\nT. &amp; D. Versand GbR vertritt. Zu diesem Zweck hat sie mehrere Abmahnungen\nversendet, mit denen den Betroffenen die fehlende aktive Verlinkung zur\nOnlinestreitschlichtungsplattform (OS-Plattform) vorgeworfen wird. <\/p>\n\n\n\n<h2 class=\"wp-block-heading\"><strong>Problemaufriss<\/strong><\/h2>\n\n\n\n<p>Gem\u00e4\u00df Artikel 14 Abs. 1 der Verordnung (EU) Nr. 524\/2013 des Europ\u00e4ischen Parlaments ist eine aktive Verlinkung verpflichtend, wenn es sich um Onlineh\u00e4ndler handelt. Diese Verpflichtung soll der au\u00dfergerichtlichen Streitbeilegung zwischen Unternehmer und Verbraucher dienen.&nbsp;<\/p>\n\n\n\n<p>Bereits <a href=\"https:\/\/www.legalsmart.de\/blog\/ins-impressum-gehort-auch-die-telefonnummer\/\" target=\"_blank\" rel=\"noreferrer noopener\" aria-label=\"hier  (\u00f6ffnet in neuem Tab)\">hier <\/a>berichteten wir dar\u00fcber, was f\u00fcr ein Impressum wichtig ist. <\/p>\n\n\n\n<p>Die Gerichte sind sich in dieser\nFrage einig und sehen das Fehlen eines solchen Links als einen Versto\u00df gegen\ndas Wettbewerbsrecht an. So entschied das OLG Hamm in seinem Beschluss vom 3. August\n2017, dass eine Verlinkung zur Online-Streitbeilegungsplattform anklickbar sein\nmuss und Abmahnungen aus diesem Grund gerechtfertigt sein k\u00f6nnen (Az. 4 U\n50\/17). So sahen dies auch das OLG M\u00fcnchen und das LG Frankfurt (Urteil v.\n22.9.2016, Az. <a href=\"https:\/\/dejure.org\/dienste\/vernetzung\/rechtsprechung?Text=29%20U%202498\/16\" title=\"OLG M&uuml;nchen, 22.09.2016 - 29 U 2498\/16: Fehlende Bereitstellung eines Links zur OS-Plattform\">29 U 2498\/16<\/a> und Beschluss v. 13.3.2017, Az. <a href=\"https:\/\/dejure.org\/dienste\/vernetzung\/rechtsprechung?Text=3-10%20O%2034\/17\" title=\"LG Frankfurt\/Main, 13.03.2017 - 10 O 34\/17: Link auf die OS-Plattform muss klickbar sein\">3-10 O 34\/17<\/a>)<\/p>\n\n\n\n<p>In der Realit\u00e4t geben zwar viele Onlineh\u00e4ndler\ndie Internetadresse der OS-Plattform an. Allerdings wird oftmals der durch die\noben genannte Verordnung verpflichtete Link nicht mit angegeben. <\/p>\n\n\n\n<p>Aus diesem Grund wurde die Fareds Rechtsanwaltsgesellschaft t\u00e4tig und forderte bereits mehrere Unternehmen aufgrund dieses Versto\u00dfes die Abgabe einer strafbewehrten Unterlassungserkl\u00e4rung sowie der Erstattung der entstandenen Rechtsanwaltskosten in H\u00f6he von 887,02 Euro auf. Diese wurden anhand des Gegenstandswerts von 10.000,00 Euro bemessen. &nbsp;Ob dieser Streitwert berechtigt ist, muss das Gericht entscheiden. Es handelt sich um einen nicht sp\u00fcrbar beeintr\u00e4chtigenden Wettbewerbsversto\u00df, der kaum Spuren beim abmahnenden Unternehmen hinterl\u00e4sst. <\/p>\n\n\n\n<p>Ger\u00fcgt wird ein Versto\u00df gegen <a href=\"https:\/\/dejure.org\/gesetze\/UWG\/3.html\" title=\"&sect; 3 UWG: Verbot unlauterer gesch&auml;ftlicher Handlungen\">\u00a7 3\nUWG<\/a>. Der fehlende Hyperlink zur OS-Plattform stelle ein Versto\u00df gegen den Unlauteren\nWettbewerb dar und sei demnach abzumahnen. Auch Unternehmen, die zwar einen\nLink aufwiesen, erhielten eine Abmahnung, wenn der Link nicht anklickbar\ngewesen ist.<\/p>\n\n\n\n<h2 class=\"wp-block-heading\"><strong>Nicht zum ersten Mal<\/strong><\/h2>\n\n\n\n<p>Die Kanzlei wurde jedoch nicht\nzum ersten Mal t\u00e4tig und schickte mehrfach Abmahnung raus. Bereits zuvor machte\nsie es sich zur Aufgabe, Unternehmen wie Ebay abzumahnen. <\/p>\n\n\n\n<p>So monierte die Kanzlei in Abmahnungen\nzuvor neben dem fehlenden OS-Link, dass Widerrufsbelehrungen, Informationen \u00fcber\nein gesetzliches Gew\u00e4hrleistungs- und M\u00e4ngelhaftungsrecht sowie Informationen \u00fcber\ndie Speicherung des Vertragstextes und \u00fcber den Vertragsschluss zur Verf\u00fcgung\nstehenden Sprachen mangelhaft seien.<\/p>\n\n\n\n<h2 class=\"wp-block-heading\"><strong>Wir helfen Ihnen!<\/strong><\/h2>\n\n\n\n<p>Wenn auch Sie und Ihr Unternehmen von einer Abmahnung der Fareds Rechtsanwaltsgesellschaft oder einer anderen Kanzlei betroffen sein, sollte zun\u00e4chst gepr\u00fcft werden, ob eine derartige Verpflichtung \u00fcberhaupt besteht. Melden Sie sich gerne bei uns und lassen Sie sich umfassen du Ihren Rechten beraten. Beachten Sie dabei unbedingt die Ihnen gesetzten Fristen, denn andernfalls drohen hier tats\u00e4chlich gerichtliche, kostenintensive Schritte der Gegenseite. Wir helfen Ihnen, sich gegen die Abmahnung zu wehren!<\/p>\n\n\n\n<p>Auch wenn Sie Ihr Impressum pr\u00fcfen lassen m\u00f6chten, k\u00f6nnen wir dies gern kostensparend und einfach f\u00fcr Sie pr\u00fcfen. Melden Sie sich gerne bei uns oder besuchen Sie unsere Website und testen Sie unser <a href=\"https:\/\/www.legalsmart.de\/rechtsprodukt.php?pid=9\" target=\"_blank\" rel=\"noreferrer noopener\" aria-label=\"Rechtsprodukt  (\u00f6ffnet in neuem Tab)\">Rechtsprodukt <\/a>dazu aus. <\/p>\n","protected":false},"excerpt":{"rendered":"<p>Bei der Fareds Rechtsanwaltsgesellschaft mbH aus Hamburg handelt es sich um eine Anwaltskanzlei, die die Interessen der T. &amp; D. Versand GbR vertritt. Zu diesem Zweck hat sie mehrere Abmahnungen versendet, mit denen den Betroffenen die fehlende aktive Verlinkung zur Onlinestreitschlichtungsplattform (OS-Plattform) vorgeworfen wird. Problemaufriss Gem\u00e4\u00df Artikel 14 Abs. 1 der Verordnung (EU) Nr. 524\/2013 [&hellip;]<\/p>\n","protected":false},"author":1,"featured_media":0,"comment_status":"open","ping_status":"open","sticky":false,"template":"","format":"standard","meta":{"footnotes":""},"categories":[38,41],"tags":[395,5933,5932,1504,2751,2760,5931,5930],"class_list":["post-8227","post","type-post","status-publish","format-standard","hentry","category-wettbewerbsrecht","category-zivilrecht","tag-abmahnung","tag-az-29-u-2498-16","tag-az-3-10-o-34-17","tag-fareds","tag-olg-hamm","tag-olg-munchen","tag-onlinestreitschlichtungsplattform","tag-os-verlinkung"],"yoast_head":"<!-- This site is optimized with the Yoast SEO plugin v25.8 - https:\/\/yoast.com\/wordpress\/plugins\/seo\/ -->\n<title>Abmahnung durch die Fareds Rechtsanwaltsgesellschaft mbH | LEGAL SMART Online Blog<\/title>\n<meta name=\"description\" content=\"Zahlreiche Abmahnungen gingen von der Fareds Rechtsanwaltsgesellschaft raus, um gegen fehlende OS-Verlinkungen vorzugehen.\" \/>\n<meta name=\"robots\" content=\"index, follow, max-snippet:-1, max-image-preview:large, max-video-preview:-1\" \/>\n<link rel=\"canonical\" href=\"https:\/\/www.legalsmart.de\/blog\/abmahnung-der-fareds-rechtsanwaltsgesellschaft-mbh\/\" \/>\n<meta property=\"og:locale\" content=\"de_DE\" \/>\n<meta property=\"og:type\" content=\"article\" \/>\n<meta property=\"og:title\" content=\"Abmahnung durch die Fareds Rechtsanwaltsgesellschaft mbH | LEGAL SMART Online Blog\" \/>\n<meta property=\"og:description\" content=\"Zahlreiche Abmahnungen gingen von der Fareds Rechtsanwaltsgesellschaft raus, um gegen fehlende OS-Verlinkungen vorzugehen.\" \/>\n<meta property=\"og:url\" content=\"https:\/\/www.legalsmart.de\/blog\/abmahnung-der-fareds-rechtsanwaltsgesellschaft-mbh\/\" \/>\n<meta property=\"og:site_name\" content=\"LEGAL SMART Online Blog\" \/>\n<meta property=\"article:author\" content=\"https:\/\/www.facebook.com\/guido.kluck\" \/>\n<meta property=\"article:published_time\" content=\"2020-02-23T09:10:00+00:00\" \/>\n<meta property=\"article:modified_time\" content=\"2020-03-05T08:47:17+00:00\" \/>\n<meta name=\"author\" content=\"Guido Kluck, LL.M.\" \/>\n<meta name=\"twitter:card\" content=\"summary_large_image\" \/>\n<meta name=\"twitter:creator\" content=\"@https:\/\/twitter.com\/kluck\" \/>\n<meta name=\"twitter:label1\" content=\"Verfasst von\" \/>\n\t<meta name=\"twitter:data1\" content=\"Guido Kluck, LL.M.\" \/>\n\t<meta name=\"twitter:label2\" content=\"Gesch\u00e4tzte Lesezeit\" \/>\n\t<meta name=\"twitter:data2\" content=\"2\u00a0Minuten\" \/>\n<script type=\"application\/ld+json\" class=\"yoast-schema-graph\">{\"@context\":\"https:\/\/schema.org\",\"@graph\":[{\"@type\":\"WebPage\",\"@id\":\"https:\/\/www.legalsmart.de\/blog\/abmahnung-der-fareds-rechtsanwaltsgesellschaft-mbh\/\",\"url\":\"https:\/\/www.legalsmart.de\/blog\/abmahnung-der-fareds-rechtsanwaltsgesellschaft-mbh\/\",\"name\":\"Abmahnung durch die Fareds Rechtsanwaltsgesellschaft mbH | LEGAL SMART Online Blog\",\"isPartOf\":{\"@id\":\"https:\/\/www.legalsmart.de\/blog\/#website\"},\"datePublished\":\"2020-02-23T09:10:00+00:00\",\"dateModified\":\"2020-03-05T08:47:17+00:00\",\"author\":{\"@id\":\"https:\/\/www.legalsmart.de\/blog\/#\/schema\/person\/0869c669bccbe2e56b149b214913b000\"},\"description\":\"Zahlreiche Abmahnungen gingen von der Fareds Rechtsanwaltsgesellschaft raus, um gegen fehlende OS-Verlinkungen vorzugehen.\",\"breadcrumb\":{\"@id\":\"https:\/\/www.legalsmart.de\/blog\/abmahnung-der-fareds-rechtsanwaltsgesellschaft-mbh\/#breadcrumb\"},\"inLanguage\":\"de\",\"potentialAction\":[{\"@type\":\"ReadAction\",\"target\":[\"https:\/\/www.legalsmart.de\/blog\/abmahnung-der-fareds-rechtsanwaltsgesellschaft-mbh\/\"]}]},{\"@type\":\"BreadcrumbList\",\"@id\":\"https:\/\/www.legalsmart.de\/blog\/abmahnung-der-fareds-rechtsanwaltsgesellschaft-mbh\/#breadcrumb\",\"itemListElement\":[{\"@type\":\"ListItem\",\"position\":1,\"name\":\"Startseite\",\"item\":\"https:\/\/www.legalsmart.de\/blog\/\"},{\"@type\":\"ListItem\",\"position\":2,\"name\":\"Abmahnung durch die Fareds Rechtsanwaltsgesellschaft mbH\"}]},{\"@type\":\"WebSite\",\"@id\":\"https:\/\/www.legalsmart.de\/blog\/#website\",\"url\":\"https:\/\/www.legalsmart.de\/blog\/\",\"name\":\"LEGAL SMART Online Blog\",\"description\":\"Die innovative Kanzlei\",\"potentialAction\":[{\"@type\":\"SearchAction\",\"target\":{\"@type\":\"EntryPoint\",\"urlTemplate\":\"https:\/\/www.legalsmart.de\/blog\/?s={search_term_string}\"},\"query-input\":{\"@type\":\"PropertyValueSpecification\",\"valueRequired\":true,\"valueName\":\"search_term_string\"}}],\"inLanguage\":\"de\"},{\"@type\":\"Person\",\"@id\":\"https:\/\/www.legalsmart.de\/blog\/#\/schema\/person\/0869c669bccbe2e56b149b214913b000\",\"name\":\"Guido Kluck, LL.M.\",\"image\":{\"@type\":\"ImageObject\",\"inLanguage\":\"de\",\"@id\":\"https:\/\/www.legalsmart.de\/blog\/#\/schema\/person\/image\/\",\"url\":\"https:\/\/www.legalsmart.de\/blog\/wp-content\/uploads\/2018\/09\/cropped-IMG_2698-e1535879860494-96x96.jpg\",\"contentUrl\":\"https:\/\/www.legalsmart.de\/blog\/wp-content\/uploads\/2018\/09\/cropped-IMG_2698-e1535879860494-96x96.jpg\",\"caption\":\"Guido Kluck, LL.M.\"},\"description\":\"Rechtsanwalt Guido Kluck LL.M. ist Partner der Kanzlei LEGAL SMART am Standort Berlin. Er ist Ansprechpartner f\u00fcr das Recht der neuen Medien sowie f\u00fcr die Bereiche Wettbewerbsrecht, Markenrecht, Urheberrecht, IT-Recht, Vertragsrecht und das Datenschutzrecht (DSGVO).\",\"sameAs\":[\"https:\/\/legalsmart.de\/team_kluck.php\",\"https:\/\/www.facebook.com\/guido.kluck\",\"https:\/\/x.com\/https:\/\/twitter.com\/kluck\"]}]}<\/script>\n<!-- \/ Yoast SEO plugin. -->","yoast_head_json":{"title":"Abmahnung durch die Fareds Rechtsanwaltsgesellschaft mbH | LEGAL SMART Online Blog","description":"Zahlreiche Abmahnungen gingen von der Fareds Rechtsanwaltsgesellschaft raus, um gegen fehlende OS-Verlinkungen vorzugehen.","robots":{"index":"index","follow":"follow","max-snippet":"max-snippet:-1","max-image-preview":"max-image-preview:large","max-video-preview":"max-video-preview:-1"},"canonical":"https:\/\/www.legalsmart.de\/blog\/abmahnung-der-fareds-rechtsanwaltsgesellschaft-mbh\/","og_locale":"de_DE","og_type":"article","og_title":"Abmahnung durch die Fareds Rechtsanwaltsgesellschaft mbH | LEGAL SMART Online Blog","og_description":"Zahlreiche Abmahnungen gingen von der Fareds Rechtsanwaltsgesellschaft raus, um gegen fehlende OS-Verlinkungen vorzugehen.","og_url":"https:\/\/www.legalsmart.de\/blog\/abmahnung-der-fareds-rechtsanwaltsgesellschaft-mbh\/","og_site_name":"LEGAL SMART Online Blog","article_author":"https:\/\/www.facebook.com\/guido.kluck","article_published_time":"2020-02-23T09:10:00+00:00","article_modified_time":"2020-03-05T08:47:17+00:00","author":"Guido Kluck, LL.M.","twitter_card":"summary_large_image","twitter_creator":"@https:\/\/twitter.com\/kluck","twitter_misc":{"Verfasst von":"Guido Kluck, LL.M.","Gesch\u00e4tzte Lesezeit":"2\u00a0Minuten"},"schema":{"@context":"https:\/\/schema.org","@graph":[{"@type":"WebPage","@id":"https:\/\/www.legalsmart.de\/blog\/abmahnung-der-fareds-rechtsanwaltsgesellschaft-mbh\/","url":"https:\/\/www.legalsmart.de\/blog\/abmahnung-der-fareds-rechtsanwaltsgesellschaft-mbh\/","name":"Abmahnung durch die Fareds Rechtsanwaltsgesellschaft mbH | LEGAL SMART Online Blog","isPartOf":{"@id":"https:\/\/www.legalsmart.de\/blog\/#website"},"datePublished":"2020-02-23T09:10:00+00:00","dateModified":"2020-03-05T08:47:17+00:00","author":{"@id":"https:\/\/www.legalsmart.de\/blog\/#\/schema\/person\/0869c669bccbe2e56b149b214913b000"},"description":"Zahlreiche Abmahnungen gingen von der Fareds Rechtsanwaltsgesellschaft raus, um gegen fehlende OS-Verlinkungen vorzugehen.","breadcrumb":{"@id":"https:\/\/www.legalsmart.de\/blog\/abmahnung-der-fareds-rechtsanwaltsgesellschaft-mbh\/#breadcrumb"},"inLanguage":"de","potentialAction":[{"@type":"ReadAction","target":["https:\/\/www.legalsmart.de\/blog\/abmahnung-der-fareds-rechtsanwaltsgesellschaft-mbh\/"]}]},{"@type":"BreadcrumbList","@id":"https:\/\/www.legalsmart.de\/blog\/abmahnung-der-fareds-rechtsanwaltsgesellschaft-mbh\/#breadcrumb","itemListElement":[{"@type":"ListItem","position":1,"name":"Startseite","item":"https:\/\/www.legalsmart.de\/blog\/"},{"@type":"ListItem","position":2,"name":"Abmahnung durch die Fareds Rechtsanwaltsgesellschaft mbH"}]},{"@type":"WebSite","@id":"https:\/\/www.legalsmart.de\/blog\/#website","url":"https:\/\/www.legalsmart.de\/blog\/","name":"LEGAL SMART Online Blog","description":"Die innovative Kanzlei","potentialAction":[{"@type":"SearchAction","target":{"@type":"EntryPoint","urlTemplate":"https:\/\/www.legalsmart.de\/blog\/?s={search_term_string}"},"query-input":{"@type":"PropertyValueSpecification","valueRequired":true,"valueName":"search_term_string"}}],"inLanguage":"de"},{"@type":"Person","@id":"https:\/\/www.legalsmart.de\/blog\/#\/schema\/person\/0869c669bccbe2e56b149b214913b000","name":"Guido Kluck, LL.M.","image":{"@type":"ImageObject","inLanguage":"de","@id":"https:\/\/www.legalsmart.de\/blog\/#\/schema\/person\/image\/","url":"https:\/\/www.legalsmart.de\/blog\/wp-content\/uploads\/2018\/09\/cropped-IMG_2698-e1535879860494-96x96.jpg","contentUrl":"https:\/\/www.legalsmart.de\/blog\/wp-content\/uploads\/2018\/09\/cropped-IMG_2698-e1535879860494-96x96.jpg","caption":"Guido Kluck, LL.M."},"description":"Rechtsanwalt Guido Kluck LL.M. ist Partner der Kanzlei LEGAL SMART am Standort Berlin. Er ist Ansprechpartner f\u00fcr das Recht der neuen Medien sowie f\u00fcr die Bereiche Wettbewerbsrecht, Markenrecht, Urheberrecht, IT-Recht, Vertragsrecht und das Datenschutzrecht (DSGVO).","sameAs":["https:\/\/legalsmart.de\/team_kluck.php","https:\/\/www.facebook.com\/guido.kluck","https:\/\/x.com\/https:\/\/twitter.com\/kluck"]}]}},"_links":{"self":[{"href":"https:\/\/www.legalsmart.de\/blog\/wp-json\/wp\/v2\/posts\/8227","targetHints":{"allow":["GET"]}}],"collection":[{"href":"https:\/\/www.legalsmart.de\/blog\/wp-json\/wp\/v2\/posts"}],"about":[{"href":"https:\/\/www.legalsmart.de\/blog\/wp-json\/wp\/v2\/types\/post"}],"author":[{"embeddable":true,"href":"https:\/\/www.legalsmart.de\/blog\/wp-json\/wp\/v2\/users\/1"}],"replies":[{"embeddable":true,"href":"https:\/\/www.legalsmart.de\/blog\/wp-json\/wp\/v2\/comments?post=8227"}],"version-history":[{"count":7,"href":"https:\/\/www.legalsmart.de\/blog\/wp-json\/wp\/v2\/posts\/8227\/revisions"}],"predecessor-version":[{"id":8385,"href":"https:\/\/www.legalsmart.de\/blog\/wp-json\/wp\/v2\/posts\/8227\/revisions\/8385"}],"wp:attachment":[{"href":"https:\/\/www.legalsmart.de\/blog\/wp-json\/wp\/v2\/media?parent=8227"}],"wp:term":[{"taxonomy":"category","embeddable":true,"href":"https:\/\/www.legalsmart.de\/blog\/wp-json\/wp\/v2\/categories?post=8227"},{"taxonomy":"post_tag","embeddable":true,"href":"https:\/\/www.legalsmart.de\/blog\/wp-json\/wp\/v2\/tags?post=8227"}],"curies":[{"name":"wp","href":"https:\/\/api.w.org\/{rel}","templated":true}]}}