{"id":8372,"date":"2020-03-05T13:59:00","date_gmt":"2020-03-05T12:59:00","guid":{"rendered":"https:\/\/www.legalsmart.de\/blog\/?p=8372"},"modified":"2020-03-27T14:15:07","modified_gmt":"2020-03-27T13:15:07","slug":"messen-wegen-coronavirus-abgesagt-welche-rechte-bestehen","status":"publish","type":"post","link":"https:\/\/www.legalsmart.de\/blog\/messen-wegen-coronavirus-abgesagt-welche-rechte-bestehen\/","title":{"rendered":"Messen wegen Corona-Virus abgesagt. Welche Rechte bestehen?"},"content":{"rendered":"\n<p>Welche Rechte bestehen, wenn Messen wegen des Corona-Virus abgesagt werden. Mit diesem und weiteren Themen m\u00fcssen sich Unternehmen derzeit im Zusammenhang mit dem Corona-Virus besch\u00e4ftigen. Doch welche Rechte bestehen in solchen F\u00e4llen? <\/p>\n\n\n\n<p>Kein Thema beherrscht derzeit die Medien und Gespr\u00e4che im privaten und beruflichen Kreis so sehr wie der Corona-Virus. Der Corona-Virus ist zwischenzeitlich auch in der Wirtschaft angekommen. Aufgrund der m\u00f6glichen Ansteckungsgefahr durch das Coronavirus hat Google seine Hauskonferenz I\/O abgesagt &#8211; immer mehr Messen finden nicht statt oder werden verschoben. Der Verband der deutschen Messebauer beziffert den bisherigen Schaden deutscher Unternehmen auf \u00fcber eine Milliarde Euro, wie u.a. <a rel=\"noreferrer noopener\" href=\"https:\/\/www.golem.de\/news\/coronavirus-google-i-o-abgesagt-messebauer-machen-milliardenverluste-2003-147018.html?utm_source=nl.2020-03-04.html&amp;utm_medium=e-mail&amp;utm_campaign=golem.de-newsletter\" target=\"_blank\">Golem<\/a> berichtet. <a href=\"https:\/\/www.legalsmart.de\/blog\/kreuzfahrten-abgesagt-wegen-corona\/\">Reisen werden durch Reiseveranstalter abgesagt<\/a> und auch immer mehr Gro\u00dfevents, wie z.B. auch die Tourismusmesse ITB in Berlin wurden jetzt abgesagt. Rechtsunsicherheit besteht dabei immer wieder bei der Frage, wer in solchen F\u00e4llen haftet. <\/p>\n\n\n\n<p>Nehmen wir die ITB als Beispiel, um diese Fragen einmal zu beleuchten.<\/p>\n\n\n\n<p>Wird eine Veranstaltung durch den Veranstalter abgesagt, dann muss der Veranstalter grunds\u00e4tzlich Schadensersatz an den Aussteller zahlen. Denn dieser hatte selbst Kosten durch die Beauftragung eines Messebauers, Messe-Unterlagen, die nur f\u00fcr die Messe genutzt werden k\u00f6nnen, oder auch Flug- und Hotelkosten f\u00fcr Mitarbeiter. Auch wenn der Veranstalter die Messe absagt m\u00f6chten diese Dienstleister regelm\u00e4\u00dfig bezahlt werden. <\/p>\n\n\n\n<p>Das entscheidende Stichwort hierbei ist die \u201eh\u00f6here Gewalt\u201c. Nach der Rechtsprechung des Bundesgerichtshofs ist dies ein externes Ereignis, das keinen betrieblichen Zusammenhang aufweist und auch nicht durch \u00e4u\u00dferste Sorgfalt abwendbar ist.<\/p>\n\n\n\n<h2 class=\"wp-block-heading\">Wann liegt h\u00f6here Gewalt vor?<\/h2>\n\n\n\n<p>Die Frage ist nat\u00fcrlich immer, wann sich ein Unternehmen auf h\u00f6here Gewalt berufen kann. Im Allgemeinen ist von h\u00f6herer Gewalt dann die Rede, wenn unerwartete, nicht zu beeinflussende \u00e4u\u00dfere Umst\u00e4nde eintreten, die eine Vertragspartei daran hindern, ihre Verpflichtungen zu erf\u00fcllen. In erster Linie ist dabei zum Beispiel an Naturkatastrophen und Terroranschl\u00e4ge zu denken. Auch Streiks k\u00f6nnen als h\u00f6here Gewalt eingestuft werden. Doch der Corona-Virus ist weder eine Naturkatastrophe, noch ein Terroranschlag. <\/p>\n\n\n\n<p>Eine Haftung wegen H\u00f6herer Gewalt entf\u00e4llt deshalb nur, wenn es dem Veranstalter aufgrund des Corona-Virus unm\u00f6glich geworden ist, seine vertraglichen Pflichten zu erf\u00fcllen.<\/p>\n\n\n\n<p>Dies ist z.B. dann der Fall, wenn das vor Ort zust\u00e4ndige Gesundheitsamt ein Event wegen Corona-Gefahr nicht genehmigt. Entzieht das Gesundheitsamt die Genehmigung f\u00fcr das Event, dann muss der Veranstalter dieser Anordnung Folge leisten und das Event absagen. F\u00fcr den Veranstalter liegt insoweit dann rechtliche Unm\u00f6glichkeit vor. Enthalten die Vertr\u00e4ge mit den Messeausstellern keine Regelungen zur h\u00f6heren Gewalt (auch &#8222;Force Majeure&#8220; genannt), greift die gesetzliche Regelung. Messeaussteller k\u00f6nnen dann die R\u00fcckzahlung bereits an den Veranstalter erbrachter Zahlungen f\u00fcr Standgeb\u00fchren und Besucher f\u00fcr bezahlte Eintrittsgelder zur\u00fcckfordern gem\u00e4\u00df <a href=\"https:\/\/dejure.org\/gesetze\/BGB\/326.html\" title=\"&sect; 326 BGB: Befreiung von der Gegenleistung und R&uuml;cktritt beim Ausschluss der Leistungspflicht\">\u00a7 326 BGB<\/a>. <\/p>\n\n\n\n<p>Bei einer Absage einer Messe aufgrund h\u00f6herer Gewalt in Form einer beh\u00f6rdlichen Anordnung stehen den Ausstellern und Teilnehmern dann jedoch keine Schadensersatzanspr\u00fcche gegen den Messeveranstalter zu, weil er die Absage nicht zu vertreten hat, sondern diese auf beh\u00f6rdlicher Anordnung beruht.<\/p>\n\n\n\n<p>Wird eine Veranstaltung abgesagt, obwohl die beh\u00f6rdliche Genehmigung weiterhin vorliegt und nicht entzogen wurde, dann liegt keine h\u00f6here Gewalt vor. In diesem Fall muss sowohl den Messeteilnehmern zus\u00e4tzlich Schadensersatz f\u00fcr die entstandenen Kosten geleistet werden. <\/p>\n\n\n\n<p>In vielen F\u00e4llen werden die Veranstaltungen jedoch nicht ersatzlos abgesagt, sondern nur auf einen sp\u00e4teren Termin verschoben. In diesem Fall bieten die Veranstalter ihre Leistungen auch weiterhin an, nur eben zu einem sp\u00e4teren Termin.<\/p>\n\n\n\n<h2 class=\"wp-block-heading\">Was ist, wenn die Messe nur verschoben wird?<\/h2>\n\n\n\n<p>In diesem Fall bestehen in der Regel keine Ersatzanspr\u00fcche gegen den Veranstalter. Denn dieser bietet seine vertraglichen Leistungen auch weiterhin an, nur eben zu einem sp\u00e4teren Zeitpunkt. <\/p>\n\n\n\n<p>Liegt h\u00f6here Gewalt vor und der Aussteller kann den neuen Termin nicht wahrnehmen, stehen ihm lediglich teilweise Anspr\u00fcche gegen den Veranstalter zu. Hier kommt es dann auf verschiedene Aspekte des Einzelfalls an.<\/p>\n\n\n\n<h2 class=\"wp-block-heading\">Was ist mit Hotel- und Reisekosten?<\/h2>\n\n\n\n<p>Weitere Kosten, die der Aussteller und Besucher in Vorbereitung der Teilnahme an der Messe hatte, kann er hingegen nicht ersetzt verlangen vom Messeveranstalter. Daher k\u00f6nnen Reise- und Hotel\u00fcbernachtungskosten regelm\u00e4\u00dfig nicht als Schadensersatz gegen den Messeaussteller geltend gemacht werden. Dasselbe gilt f\u00fcr entgangenen Umsatz und Gewinn des Messeausstellers. <\/p>\n\n\n\n<h2 class=\"wp-block-heading\">Was ist mit den Kosten des Messebauers?<\/h2>\n\n\n\n<p>Die Kosten des Messebauers d\u00fcrften weiterhin auf die Messeaussteller zukommen. Zwar ist umstritten, ob die Bereitstellung der zu bebauenden Messefl\u00e4che eine Vertragspflicht des Messeausstellers ist, die er bei Absage aufgrund beh\u00f6rdlicher Anordnung nicht erf\u00fcllen kann. Allerdings steht dem Messebauer zumindest nach <a href=\"https:\/\/dejure.org\/gesetze\/BGB\/645.html\" title=\"&sect; 645 BGB: Verantwortlichkeit des Bestellers\">\u00a7 645 Abs.1 BGB<\/a> analog ein Anspruch auf Teilverg\u00fctung f\u00fcr bereits erbrachte Leistungen zu. Daneben d\u00fcrfte ihm in vielen F\u00e4llen aus demselben Rechtsgrund auch ein Anspruch auf Ersatz seiner in der Verg\u00fctung nicht enthaltenen Auslagen zustehen.<\/p>\n\n\n\n<h2 class=\"wp-block-heading\">Fazit<\/h2>\n\n\n\n<p>Das Beispiel der ITB zeigt, dass die Folgen des Corona-Virus f\u00fcr Unternehmen und Verbraucher dramatisch sein k\u00f6nnen. F\u00fcr Haftungsfragen ist entscheidend, ob im konkreten Fall h\u00f6here Gewalt vorliegt oder nicht. Deshalb sollten Unternehmen vor ihren Entscheidungen jeweils genau pr\u00fcfen, ob h\u00f6here Gewalt vorliegt. Anderenfalls laufen Sie Gefahr in die Haftungsfalle zu tappen. <\/p>\n\n\n\n<p>Zu hoffen bleibt, dass sowohl Unternehmen als auch Verbraucher in jedem Fall kulant miteinander umgehen und aufeinander zugehen, um miteinander L\u00f6sungen zu finden. Findet man eine solche L\u00f6sung bei einer unklaren Situation nicht, dann w\u00fcrde hier n\u00e4mlich nur eine Kl\u00e4rung \u00fcber die Gerichte bleiben.<\/p>\n\n\n\n<p><\/p>\n","protected":false},"excerpt":{"rendered":"<p>Welche Rechte bestehen, wenn Messen wegen des Corona-Virus abgesagt werden. Mit diesem und weiteren Themen m\u00fcssen sich Unternehmen derzeit im Zusammenhang mit dem Corona-Virus besch\u00e4ftigen. Doch welche Rechte bestehen in solchen F\u00e4llen? Kein Thema beherrscht derzeit die Medien und Gespr\u00e4che im privaten und beruflichen Kreis so sehr wie der Corona-Virus. Der Corona-Virus ist zwischenzeitlich auch [&hellip;]<\/p>\n","protected":false},"author":1,"featured_media":0,"comment_status":"open","ping_status":"open","sticky":false,"template":"","format":"standard","meta":{"footnotes":""},"categories":[41],"tags":[5992,5948,5995,5949,5199,5994,5999,4210,5997,2171,5990,5993,5991,3127,5996],"class_list":["post-8372","post","type-post","status-publish","format-standard","hentry","category-zivilrecht","tag-aussteller","tag-corona","tag-corona-virus","tag-coronavirus","tag-ersatzansprueche","tag-gesundheitsamt","tag-google-hausmesse","tag-hoehere-gewalt","tag-itb","tag-kosten","tag-messe","tag-messeaussteller","tag-rechtslage","tag-schadensersatz","tag-werbeunterlagen"],"yoast_head":"<!-- This site is optimized with the Yoast SEO plugin v25.8 - https:\/\/yoast.com\/wordpress\/plugins\/seo\/ -->\n<title>Messen wegen Corona-Virus abgesagt. Welche Rechte bestehen? | LEGAL SMART Online Blog<\/title>\n<meta name=\"description\" content=\"Welche Rechte bestehen, wenn Messen wegen des Coronavirus abgesagt werden. Dieses und weiteren Themen besch\u00e4ftigen Unternehmen derzeit in Deutschland.\" \/>\n<meta name=\"robots\" content=\"index, follow, max-snippet:-1, max-image-preview:large, max-video-preview:-1\" \/>\n<link rel=\"canonical\" href=\"https:\/\/www.legalsmart.de\/blog\/messen-wegen-coronavirus-abgesagt-welche-rechte-bestehen\/\" \/>\n<meta property=\"og:locale\" content=\"de_DE\" \/>\n<meta property=\"og:type\" content=\"article\" \/>\n<meta property=\"og:title\" content=\"Messen wegen Corona-Virus abgesagt. Welche Rechte bestehen? | LEGAL SMART Online Blog\" \/>\n<meta property=\"og:description\" content=\"Welche Rechte bestehen, wenn Messen wegen des Coronavirus abgesagt werden. Dieses und weiteren Themen besch\u00e4ftigen Unternehmen derzeit in Deutschland.\" \/>\n<meta property=\"og:url\" content=\"https:\/\/www.legalsmart.de\/blog\/messen-wegen-coronavirus-abgesagt-welche-rechte-bestehen\/\" \/>\n<meta property=\"og:site_name\" content=\"LEGAL SMART Online Blog\" \/>\n<meta property=\"article:author\" content=\"https:\/\/www.facebook.com\/guido.kluck\" \/>\n<meta property=\"article:published_time\" content=\"2020-03-05T12:59:00+00:00\" \/>\n<meta property=\"article:modified_time\" content=\"2020-03-27T13:15:07+00:00\" \/>\n<meta name=\"author\" content=\"Guido Kluck, LL.M.\" \/>\n<meta name=\"twitter:card\" content=\"summary_large_image\" \/>\n<meta name=\"twitter:creator\" content=\"@https:\/\/twitter.com\/kluck\" \/>\n<meta name=\"twitter:label1\" content=\"Verfasst von\" \/>\n\t<meta name=\"twitter:data1\" content=\"Guido Kluck, LL.M.\" \/>\n\t<meta name=\"twitter:label2\" content=\"Gesch\u00e4tzte Lesezeit\" \/>\n\t<meta name=\"twitter:data2\" content=\"5\u00a0Minuten\" \/>\n<script type=\"application\/ld+json\" class=\"yoast-schema-graph\">{\"@context\":\"https:\/\/schema.org\",\"@graph\":[{\"@type\":\"WebPage\",\"@id\":\"https:\/\/www.legalsmart.de\/blog\/messen-wegen-coronavirus-abgesagt-welche-rechte-bestehen\/\",\"url\":\"https:\/\/www.legalsmart.de\/blog\/messen-wegen-coronavirus-abgesagt-welche-rechte-bestehen\/\",\"name\":\"Messen wegen Corona-Virus abgesagt. Welche Rechte bestehen? | LEGAL SMART Online Blog\",\"isPartOf\":{\"@id\":\"https:\/\/www.legalsmart.de\/blog\/#website\"},\"datePublished\":\"2020-03-05T12:59:00+00:00\",\"dateModified\":\"2020-03-27T13:15:07+00:00\",\"author\":{\"@id\":\"https:\/\/www.legalsmart.de\/blog\/#\/schema\/person\/0869c669bccbe2e56b149b214913b000\"},\"description\":\"Welche Rechte bestehen, wenn Messen wegen des Coronavirus abgesagt werden. Dieses und weiteren Themen besch\u00e4ftigen Unternehmen derzeit in Deutschland.\",\"breadcrumb\":{\"@id\":\"https:\/\/www.legalsmart.de\/blog\/messen-wegen-coronavirus-abgesagt-welche-rechte-bestehen\/#breadcrumb\"},\"inLanguage\":\"de\",\"potentialAction\":[{\"@type\":\"ReadAction\",\"target\":[\"https:\/\/www.legalsmart.de\/blog\/messen-wegen-coronavirus-abgesagt-welche-rechte-bestehen\/\"]}]},{\"@type\":\"BreadcrumbList\",\"@id\":\"https:\/\/www.legalsmart.de\/blog\/messen-wegen-coronavirus-abgesagt-welche-rechte-bestehen\/#breadcrumb\",\"itemListElement\":[{\"@type\":\"ListItem\",\"position\":1,\"name\":\"Startseite\",\"item\":\"https:\/\/www.legalsmart.de\/blog\/\"},{\"@type\":\"ListItem\",\"position\":2,\"name\":\"Messen wegen Corona-Virus abgesagt. Welche Rechte bestehen?\"}]},{\"@type\":\"WebSite\",\"@id\":\"https:\/\/www.legalsmart.de\/blog\/#website\",\"url\":\"https:\/\/www.legalsmart.de\/blog\/\",\"name\":\"LEGAL SMART Online Blog\",\"description\":\"Die innovative Kanzlei\",\"potentialAction\":[{\"@type\":\"SearchAction\",\"target\":{\"@type\":\"EntryPoint\",\"urlTemplate\":\"https:\/\/www.legalsmart.de\/blog\/?s={search_term_string}\"},\"query-input\":{\"@type\":\"PropertyValueSpecification\",\"valueRequired\":true,\"valueName\":\"search_term_string\"}}],\"inLanguage\":\"de\"},{\"@type\":\"Person\",\"@id\":\"https:\/\/www.legalsmart.de\/blog\/#\/schema\/person\/0869c669bccbe2e56b149b214913b000\",\"name\":\"Guido Kluck, LL.M.\",\"image\":{\"@type\":\"ImageObject\",\"inLanguage\":\"de\",\"@id\":\"https:\/\/www.legalsmart.de\/blog\/#\/schema\/person\/image\/\",\"url\":\"https:\/\/www.legalsmart.de\/blog\/wp-content\/uploads\/2018\/09\/cropped-IMG_2698-e1535879860494-96x96.jpg\",\"contentUrl\":\"https:\/\/www.legalsmart.de\/blog\/wp-content\/uploads\/2018\/09\/cropped-IMG_2698-e1535879860494-96x96.jpg\",\"caption\":\"Guido Kluck, LL.M.\"},\"description\":\"Rechtsanwalt Guido Kluck LL.M. ist Partner der Kanzlei LEGAL SMART am Standort Berlin. Er ist Ansprechpartner f\u00fcr das Recht der neuen Medien sowie f\u00fcr die Bereiche Wettbewerbsrecht, Markenrecht, Urheberrecht, IT-Recht, Vertragsrecht und das Datenschutzrecht (DSGVO).\",\"sameAs\":[\"https:\/\/legalsmart.de\/team_kluck.php\",\"https:\/\/www.facebook.com\/guido.kluck\",\"https:\/\/x.com\/https:\/\/twitter.com\/kluck\"]}]}<\/script>\n<!-- \/ Yoast SEO plugin. -->","yoast_head_json":{"title":"Messen wegen Corona-Virus abgesagt. Welche Rechte bestehen? | LEGAL SMART Online Blog","description":"Welche Rechte bestehen, wenn Messen wegen des Coronavirus abgesagt werden. Dieses und weiteren Themen besch\u00e4ftigen Unternehmen derzeit in Deutschland.","robots":{"index":"index","follow":"follow","max-snippet":"max-snippet:-1","max-image-preview":"max-image-preview:large","max-video-preview":"max-video-preview:-1"},"canonical":"https:\/\/www.legalsmart.de\/blog\/messen-wegen-coronavirus-abgesagt-welche-rechte-bestehen\/","og_locale":"de_DE","og_type":"article","og_title":"Messen wegen Corona-Virus abgesagt. Welche Rechte bestehen? | LEGAL SMART Online Blog","og_description":"Welche Rechte bestehen, wenn Messen wegen des Coronavirus abgesagt werden. Dieses und weiteren Themen besch\u00e4ftigen Unternehmen derzeit in Deutschland.","og_url":"https:\/\/www.legalsmart.de\/blog\/messen-wegen-coronavirus-abgesagt-welche-rechte-bestehen\/","og_site_name":"LEGAL SMART Online Blog","article_author":"https:\/\/www.facebook.com\/guido.kluck","article_published_time":"2020-03-05T12:59:00+00:00","article_modified_time":"2020-03-27T13:15:07+00:00","author":"Guido Kluck, LL.M.","twitter_card":"summary_large_image","twitter_creator":"@https:\/\/twitter.com\/kluck","twitter_misc":{"Verfasst von":"Guido Kluck, LL.M.","Gesch\u00e4tzte Lesezeit":"5\u00a0Minuten"},"schema":{"@context":"https:\/\/schema.org","@graph":[{"@type":"WebPage","@id":"https:\/\/www.legalsmart.de\/blog\/messen-wegen-coronavirus-abgesagt-welche-rechte-bestehen\/","url":"https:\/\/www.legalsmart.de\/blog\/messen-wegen-coronavirus-abgesagt-welche-rechte-bestehen\/","name":"Messen wegen Corona-Virus abgesagt. Welche Rechte bestehen? | LEGAL SMART Online Blog","isPartOf":{"@id":"https:\/\/www.legalsmart.de\/blog\/#website"},"datePublished":"2020-03-05T12:59:00+00:00","dateModified":"2020-03-27T13:15:07+00:00","author":{"@id":"https:\/\/www.legalsmart.de\/blog\/#\/schema\/person\/0869c669bccbe2e56b149b214913b000"},"description":"Welche Rechte bestehen, wenn Messen wegen des Coronavirus abgesagt werden. Dieses und weiteren Themen besch\u00e4ftigen Unternehmen derzeit in Deutschland.","breadcrumb":{"@id":"https:\/\/www.legalsmart.de\/blog\/messen-wegen-coronavirus-abgesagt-welche-rechte-bestehen\/#breadcrumb"},"inLanguage":"de","potentialAction":[{"@type":"ReadAction","target":["https:\/\/www.legalsmart.de\/blog\/messen-wegen-coronavirus-abgesagt-welche-rechte-bestehen\/"]}]},{"@type":"BreadcrumbList","@id":"https:\/\/www.legalsmart.de\/blog\/messen-wegen-coronavirus-abgesagt-welche-rechte-bestehen\/#breadcrumb","itemListElement":[{"@type":"ListItem","position":1,"name":"Startseite","item":"https:\/\/www.legalsmart.de\/blog\/"},{"@type":"ListItem","position":2,"name":"Messen wegen Corona-Virus abgesagt. Welche Rechte bestehen?"}]},{"@type":"WebSite","@id":"https:\/\/www.legalsmart.de\/blog\/#website","url":"https:\/\/www.legalsmart.de\/blog\/","name":"LEGAL SMART Online Blog","description":"Die innovative Kanzlei","potentialAction":[{"@type":"SearchAction","target":{"@type":"EntryPoint","urlTemplate":"https:\/\/www.legalsmart.de\/blog\/?s={search_term_string}"},"query-input":{"@type":"PropertyValueSpecification","valueRequired":true,"valueName":"search_term_string"}}],"inLanguage":"de"},{"@type":"Person","@id":"https:\/\/www.legalsmart.de\/blog\/#\/schema\/person\/0869c669bccbe2e56b149b214913b000","name":"Guido Kluck, LL.M.","image":{"@type":"ImageObject","inLanguage":"de","@id":"https:\/\/www.legalsmart.de\/blog\/#\/schema\/person\/image\/","url":"https:\/\/www.legalsmart.de\/blog\/wp-content\/uploads\/2018\/09\/cropped-IMG_2698-e1535879860494-96x96.jpg","contentUrl":"https:\/\/www.legalsmart.de\/blog\/wp-content\/uploads\/2018\/09\/cropped-IMG_2698-e1535879860494-96x96.jpg","caption":"Guido Kluck, LL.M."},"description":"Rechtsanwalt Guido Kluck LL.M. ist Partner der Kanzlei LEGAL SMART am Standort Berlin. Er ist Ansprechpartner f\u00fcr das Recht der neuen Medien sowie f\u00fcr die Bereiche Wettbewerbsrecht, Markenrecht, Urheberrecht, IT-Recht, Vertragsrecht und das Datenschutzrecht (DSGVO).","sameAs":["https:\/\/legalsmart.de\/team_kluck.php","https:\/\/www.facebook.com\/guido.kluck","https:\/\/x.com\/https:\/\/twitter.com\/kluck"]}]}},"_links":{"self":[{"href":"https:\/\/www.legalsmart.de\/blog\/wp-json\/wp\/v2\/posts\/8372","targetHints":{"allow":["GET"]}}],"collection":[{"href":"https:\/\/www.legalsmart.de\/blog\/wp-json\/wp\/v2\/posts"}],"about":[{"href":"https:\/\/www.legalsmart.de\/blog\/wp-json\/wp\/v2\/types\/post"}],"author":[{"embeddable":true,"href":"https:\/\/www.legalsmart.de\/blog\/wp-json\/wp\/v2\/users\/1"}],"replies":[{"embeddable":true,"href":"https:\/\/www.legalsmart.de\/blog\/wp-json\/wp\/v2\/comments?post=8372"}],"version-history":[{"count":4,"href":"https:\/\/www.legalsmart.de\/blog\/wp-json\/wp\/v2\/posts\/8372\/revisions"}],"predecessor-version":[{"id":8528,"href":"https:\/\/www.legalsmart.de\/blog\/wp-json\/wp\/v2\/posts\/8372\/revisions\/8528"}],"wp:attachment":[{"href":"https:\/\/www.legalsmart.de\/blog\/wp-json\/wp\/v2\/media?parent=8372"}],"wp:term":[{"taxonomy":"category","embeddable":true,"href":"https:\/\/www.legalsmart.de\/blog\/wp-json\/wp\/v2\/categories?post=8372"},{"taxonomy":"post_tag","embeddable":true,"href":"https:\/\/www.legalsmart.de\/blog\/wp-json\/wp\/v2\/tags?post=8372"}],"curies":[{"name":"wp","href":"https:\/\/api.w.org\/{rel}","templated":true}]}}