{"id":8554,"date":"2020-04-13T10:31:00","date_gmt":"2020-04-13T08:31:00","guid":{"rendered":"https:\/\/www.legalsmart.de\/blog\/?p=8554"},"modified":"2020-04-03T12:33:54","modified_gmt":"2020-04-03T10:33:54","slug":"welche-regeln-gelten-fuer-vertraege-in-zeiten-von-corona","status":"publish","type":"post","link":"https:\/\/www.legalsmart.de\/blog\/welche-regeln-gelten-fuer-vertraege-in-zeiten-von-corona\/","title":{"rendered":"Welche Regeln gelten f\u00fcr Vertr\u00e4ge in Zeiten von Corona?"},"content":{"rendered":"\n<p>Veranstaltungen m\u00fcssen ausfallen, Betriebe m\u00fcssen schlie\u00dfen.\nDie Folge von vielen Schlie\u00dfungen ist, dass Vertr\u00e4ge nicht erf\u00fcllt werden\nk\u00f6nnen. Was das hei\u00dft und welche Regelungen gelten, erfahren Sie hier.<\/p>\n\n\n\n<h2 class=\"wp-block-heading\"><strong>Ist Corona ein Fall h\u00f6herer Gewalt?<\/strong><\/h2>\n\n\n\n<p>Unter &#8222;h\u00f6herer Gewalt&#8220; ist in der Regel ein von\nau\u00dfen kommendes, unverschuldetes, unabwendbares Ereignis ohne betrieblichen\nZusammenhang zu verstehen. Oft wird dies in Vertr\u00e4gen durch die Aufz\u00e4hlung bestimmter\nBeispiele pr\u00e4zisiert. Meist sind damit Kriege und Naturkatastrophen gemeint. <\/p>\n\n\n\n<p>Epidemien oder sonstige Ausbr\u00fcche von Krankheiten und\nSeuchen k\u00f6nnen grunds\u00e4tzlich einen Fall \u201eh\u00f6herer Gewalt\u201c darstellen. Diesen\nFall sehen viele sog. Force Majeure-Klauseln in unterschiedlichen Liefervertr\u00e4gen\nvor.<\/p>\n\n\n\n<p>Wenn ein Ereignis h\u00f6here Gewalt eintritt, werden betroffene\nVertragsparteien zumindest tempor\u00e4r, mitunter aber auch dauerhaft, von ihren\nVertragspflichten befreit, ohne dass Schadenersatzpflichten eintreten.<\/p>\n\n\n\n<p>Vor allem kann man bei Produktionsausf\u00e4llen an Standorte in\nden besonders betroffenen chinesischen oder italienischen Provinzen von einem\nFall h\u00f6herer Gewalt auch im Sinne der Force-Majeure-Klauseln ausgehen. <\/p>\n\n\n\n<p>Hinzukommt, dass eine Vielzahl an beh\u00f6rdlichen Ma\u00dfnahmen zu\nenormen Einschr\u00e4nkungen f\u00fchren. Vor allem Ausgangssperren, amtliche\nReisewarnung der Bundesregierung Einstufung der WHO als gesundheitliche Notlage\nmit internationaler Tragweite sprechen daf\u00fcr, einen Fall h\u00f6herer Gewalt\nanzunehmen ist. Auch die chinesische Au\u00dfenhandelsbeh\u00f6rde CCPIT hat bereits \u00fcber\n1.600 Zertifikate an Firmen dar\u00fcber ausgestellt, dass sie aufgrund von\nUmst\u00e4nden, die au\u00dferhalb ihrer Kontrolle liegen, ihre internationalen\nvertraglichen Verpflichtungen nicht mehr erf\u00fcllen k\u00f6nnen. <\/p>\n\n\n\n<p>Bereits in vergangener Zeit wurde beispielsweise im\nZusammenhang mit der SARS-Epidemie 2003&nbsp; h\u00f6here\nGewalt bejaht. So hat das AG Augsburg im Jahr 2004 entschieden, dass es sich\nbei der Epidemie SARS um einen Fall h\u00f6herer Gewalt handelt. In diesem Fall ging\nes um den R\u00fccktritt von einer Reise. Es entschied, dass bei Vorliegen einer Gef\u00e4hrdung\nvon einer Reise wegen h\u00f6herer Gewalt zur\u00fcckgetreten werden kann (Urt. v. 9.\nNovember 2004 &#8211; &nbsp;<a href=\"https:\/\/dejure.org\/dienste\/vernetzung\/rechtsprechung?Text=14%20C%204608\/03\" title=\"AG Augsburg, 09.11.2004 - 14 C 4608\/03: Anspruch auf R&uuml;ckzahlung des vollen vereinbarten Reisep...\">14 C 4608\/03<\/a>).<\/p>\n\n\n\n<p>Auch bei der im Jahr 1992 ausgesprochenen Cholera-Epidemie\nwurde vom AG Homburg ein Fall h\u00f6herer Gewalt angenommen (Urt. v. 2. September\n1992 \u2013 <a href=\"https:\/\/dejure.org\/dienste\/vernetzung\/rechtsprechung?Text=2%20C%201451\/92\" title=\"AG Bad Homburg, 02.09.1992 - 2 C 1451\/92\">2 C 1451\/92<\/a>-18).<\/p>\n\n\n\n<h2 class=\"wp-block-heading\"><strong>Unm\u00f6glichkeit und Wegfall der Gesch\u00e4ftsgrundlage als\nRechtsgrundlage<\/strong><\/h2>\n\n\n\n<p>Bei h\u00f6herer Gewalt wird grunds\u00e4tzlich auf die Regelungen der\nUnm\u00f6glichkeit nach <a href=\"https:\/\/dejure.org\/gesetze\/BGB\/275.html\" title=\"&sect; 275 BGB: Ausschluss der Leistungspflicht\">\u00a7 275 BGB<\/a> und des Wegfalls der Gesch\u00e4ftsgrundlage gem\u00e4\u00df \u00a7\n<a href=\"https:\/\/dejure.org\/gesetze\/BGB\/313.html\" title=\"&sect; 313 BGB: St&ouml;rung der Gesch&auml;ftsgrundlage\">313 BGB<\/a> abgestellt.<\/p>\n\n\n\n<p>Wenn eine Leistung unm\u00f6glich oder unzumutbar, f\u00fchrt <a href=\"https:\/\/dejure.org\/gesetze\/BGB\/275.html\" title=\"&sect; 275 BGB: Ausschluss der Leistungspflicht\">\u00a7 275\nBGB<\/a> zum Wegfall der Leistungspflicht bzw. zu einem Leistungsverweigerungsrecht.\nIn der Regel wird in der Rechtswelt auch vertreten, dass <a href=\"https:\/\/dejure.org\/gesetze\/BGB\/275.html\" title=\"&sect; 275 BGB: Ausschluss der Leistungspflicht\">\u00a7 275 BGB<\/a> auch bei\neiner vor\u00fcbergehenden Unm\u00f6glichkeit der Leistungserbringung f\u00fcr die jeweilige\nDauer des Leistungshindernisses anzuwenden ist.<\/p>\n\n\n\n<p>Ist die Leistung f\u00fcr eine Partei nicht mehr m\u00f6glich bzw.\nunzumutbar, entf\u00e4llt gem. <a href=\"https:\/\/dejure.org\/gesetze\/BGB\/326.html\" title=\"&sect; 326 BGB: Befreiung von der Gegenleistung und R&uuml;cktritt beim Ausschluss der Leistungspflicht\">\u00a7&nbsp;326 Abs.&nbsp;1 BGB<\/a> auch der Anspruch auf die\nGegenleistung. Die andere Partei kann gem. <a href=\"https:\/\/dejure.org\/gesetze\/BGB\/326.html\" title=\"&sect; 326 BGB: Befreiung von der Gegenleistung und R&uuml;cktritt beim Ausschluss der Leistungspflicht\">\u00a7&nbsp;326 Abs.&nbsp;5 BGB<\/a> vom\nVertrag zur\u00fccktreten und der Vertrag muss r\u00fcckabgewickelt und die bis dahin\nempfangenen Leistungen sind zur\u00fcckzugeben.<\/p>\n\n\n\n<p>Vertr\u00e4ge k\u00f6nnen gem\u00e4\u00df <a href=\"https:\/\/dejure.org\/gesetze\/BGB\/313.html\" title=\"&sect; 313 BGB: St&ouml;rung der Gesch&auml;ftsgrundlage\">\u00a7 313 BGB<\/a> nachtr\u00e4glich angepasst\nwerden, wenn sich die Umst\u00e4nde, auf denen die Vertr\u00e4ge basieren, ver\u00e4ndert\nhaben und den Parteien das Festhalten am Vertrag nicht mehr zugemutet werden\nkann. Wenn eine Anpassung nicht m\u00f6glich ist, kann der Vertrag beendet werden.<\/p>\n\n\n\n<h2 class=\"wp-block-heading\"><strong>Vertragliche Vereinbarung pr\u00fcfen&nbsp;<\/strong><\/h2>\n\n\n\n<p>Sofern das Unternehmen Vertr\u00e4ge mit Kunden nicht mehr\nerf\u00fcllen kann, etwa weil es Corona-Virus-bedingt zu Lieferengp\u00e4ssen kommt oder\nLieferschwierigkeiten abzusehen sind, sollten die entsprechenden Vertr\u00e4ge\numgehend auf etwaige Force Majeure-Klauseln gepr\u00fcft werden. <\/p>\n\n\n\n<p>Wenn eine solche Klausel nicht vorhanden ist, muss gepr\u00fcft\nwerden, ob das anwendbare Recht gesetzliche Regelungen f\u00fcr F\u00e4lle h\u00f6herer Gewalt\nbeinhaltet und wie die Inhalte dieser Regelungen sind. <\/p>\n\n\n\n<h2 class=\"wp-block-heading\"><strong>Rechtsfolgen bei Bejahung H\u00f6herer Gewalt<\/strong><\/h2>\n\n\n\n<p>Zwar kommt es in F\u00e4llen H\u00f6herer Gewalt zu verschiedenen\nLeistungsausf\u00e4llen bzw. Verz\u00f6gerungen der Leistungen. Dies f\u00fchrt jedoch nicht\nautomatisch zu Schadensersatzanspr\u00fcchen, Aufwendungsersatz oder der M\u00f6glichkeit,\nden Vertrag einseitig mit der Berufung auf die Umst\u00e4nde der H\u00f6heren Gewalt zu\nbeenden. Wenn ein Fall h\u00f6herer Gewalt gegeben ist, werden die Parteien von\nihren Hauptleistungspflichten befreit und es gibt in diesen F\u00e4llen keinen\nAnspruch auf Schadensersatz.<\/p>\n\n\n\n<p>Auch k\u00f6nnen die Vertragspflichten zun\u00e4chst f\u00fcr die Dauer der\nunerwarteten Situation ausgesetzt werden und am Ende des au\u00dferordentlichen\nEreignisses wiedereingesetzt werden.<\/p>\n\n\n\n<p>Bei einer Force-Majeure-Klausel bzw. Regelung \u00fcber F\u00e4lle\ndieser Art sollte eine Anzeigepflicht eingebaut bzw. diese bei gesetzlicher\nKlausel hinreichend ber\u00fccksichtig werden. Das bedeutet, dass der Lieferung\nseine Kunden unverz\u00fcglich von eingetroffenen oder drohenden Lieferausf\u00e4llen\ninfolge eines konkret zu benennen Ereignisses h\u00f6herer Gewalt informieren muss.\nErfolgt die Anzeige diesbez\u00fcglich gar nicht oder mit Versp\u00e4tung, kann der Lieferant\nsich mitunter nicht mehr auf die h\u00f6here Gewalt berufen und wird so nicht von\nseinen Lieferpflichten freigestellt. <\/p>\n\n\n\n<h2 class=\"wp-block-heading\"><strong>Fazit<\/strong><\/h2>\n\n\n\n<p>Zu empfehlen ist, sich mit dem Gesch\u00e4ftspartner zu einigen\nund die rechtlichen M\u00f6glichkeiten zur H\u00f6heren Gewalt als\nArgumentationsgrundlage zu nehmen. <\/p>\n\n\n\n<p>Wenn neue Vertr\u00e4ge geschlossen werden sollen, ist die\nAufnahme einer speziellen Klausel zur H\u00f6heren Gewalt zu empfehlen, die\nspezifizieren soll, wann H\u00f6here Gewalt vorliegt und wie mit dieser umzugehen\nist.<\/p>\n\n\n\n<p><strong>Wir helfen Ihnen!<\/strong>\n\nSollten auch Sie Fragen haben, melden Sie sich gerne\nbei uns. \n\n\n\n<\/p>\n","protected":false},"excerpt":{"rendered":"<p>Veranstaltungen m\u00fcssen ausfallen, Betriebe m\u00fcssen schlie\u00dfen. Die Folge von vielen Schlie\u00dfungen ist, dass Vertr\u00e4ge nicht erf\u00fcllt werden k\u00f6nnen. Was das hei\u00dft und welche Regelungen gelten, erfahren Sie hier. Ist Corona ein Fall h\u00f6herer Gewalt? Unter &#8222;h\u00f6herer Gewalt&#8220; ist in der Regel ein von au\u00dfen kommendes, unverschuldetes, unabwendbares Ereignis ohne betrieblichen Zusammenhang zu verstehen. Oft wird [&hellip;]<\/p>\n","protected":false},"author":1,"featured_media":0,"comment_status":"open","ping_status":"open","sticky":false,"template":"","format":"standard","meta":{"footnotes":""},"categories":[6047,35],"tags":[6125,6124,4210,6122,3586,3771,6123],"class_list":["post-8554","post","type-post","status-publish","format-standard","hentry","category-coronavirus","category-vertragsrecht","tag-faelle-hoeherer-gewalt","tag-force-majure-klauseln","tag-hoehere-gewalt","tag-lieferengpaesse","tag-unternehmen","tag-vertrag","tag-vertragspartner"],"yoast_head":"<!-- This site is optimized with the Yoast SEO plugin v25.8 - https:\/\/yoast.com\/wordpress\/plugins\/seo\/ -->\n<title>Welche Regeln gelten f\u00fcr Vertr\u00e4ge in Zeiten von Corona? | LEGAL SMART Online Blog<\/title>\n<meta name=\"description\" content=\"Die Folge von vielen Schlie\u00dfungen in der Corona-Krise ist, dass Vertr\u00e4ge nicht erf\u00fcllt werden k\u00f6nnen. Was das hei\u00dft und welche Regelungen gelten?\" \/>\n<meta name=\"robots\" content=\"index, follow, max-snippet:-1, max-image-preview:large, max-video-preview:-1\" \/>\n<link rel=\"canonical\" href=\"https:\/\/www.legalsmart.de\/blog\/welche-regeln-gelten-fuer-vertraege-in-zeiten-von-corona\/\" \/>\n<meta property=\"og:locale\" content=\"de_DE\" \/>\n<meta property=\"og:type\" content=\"article\" \/>\n<meta property=\"og:title\" content=\"Welche Regeln gelten f\u00fcr Vertr\u00e4ge in Zeiten von Corona? | LEGAL SMART Online Blog\" \/>\n<meta property=\"og:description\" content=\"Die Folge von vielen Schlie\u00dfungen in der Corona-Krise ist, dass Vertr\u00e4ge nicht erf\u00fcllt werden k\u00f6nnen. Was das hei\u00dft und welche Regelungen gelten?\" \/>\n<meta property=\"og:url\" content=\"https:\/\/www.legalsmart.de\/blog\/welche-regeln-gelten-fuer-vertraege-in-zeiten-von-corona\/\" \/>\n<meta property=\"og:site_name\" content=\"LEGAL SMART Online Blog\" \/>\n<meta property=\"article:author\" content=\"https:\/\/www.facebook.com\/guido.kluck\" \/>\n<meta property=\"article:published_time\" content=\"2020-04-13T08:31:00+00:00\" \/>\n<meta name=\"author\" content=\"Guido Kluck, LL.M.\" \/>\n<meta name=\"twitter:card\" content=\"summary_large_image\" \/>\n<meta name=\"twitter:creator\" content=\"@https:\/\/twitter.com\/kluck\" \/>\n<meta name=\"twitter:label1\" content=\"Verfasst von\" \/>\n\t<meta name=\"twitter:data1\" content=\"Guido Kluck, LL.M.\" \/>\n\t<meta name=\"twitter:label2\" content=\"Gesch\u00e4tzte Lesezeit\" \/>\n\t<meta name=\"twitter:data2\" content=\"4\u00a0Minuten\" \/>\n<script type=\"application\/ld+json\" class=\"yoast-schema-graph\">{\"@context\":\"https:\/\/schema.org\",\"@graph\":[{\"@type\":\"WebPage\",\"@id\":\"https:\/\/www.legalsmart.de\/blog\/welche-regeln-gelten-fuer-vertraege-in-zeiten-von-corona\/\",\"url\":\"https:\/\/www.legalsmart.de\/blog\/welche-regeln-gelten-fuer-vertraege-in-zeiten-von-corona\/\",\"name\":\"Welche Regeln gelten f\u00fcr Vertr\u00e4ge in Zeiten von Corona? | LEGAL SMART Online Blog\",\"isPartOf\":{\"@id\":\"https:\/\/www.legalsmart.de\/blog\/#website\"},\"datePublished\":\"2020-04-13T08:31:00+00:00\",\"author\":{\"@id\":\"https:\/\/www.legalsmart.de\/blog\/#\/schema\/person\/0869c669bccbe2e56b149b214913b000\"},\"description\":\"Die Folge von vielen Schlie\u00dfungen in der Corona-Krise ist, dass Vertr\u00e4ge nicht erf\u00fcllt werden k\u00f6nnen. Was das hei\u00dft und welche Regelungen gelten?\",\"breadcrumb\":{\"@id\":\"https:\/\/www.legalsmart.de\/blog\/welche-regeln-gelten-fuer-vertraege-in-zeiten-von-corona\/#breadcrumb\"},\"inLanguage\":\"de\",\"potentialAction\":[{\"@type\":\"ReadAction\",\"target\":[\"https:\/\/www.legalsmart.de\/blog\/welche-regeln-gelten-fuer-vertraege-in-zeiten-von-corona\/\"]}]},{\"@type\":\"BreadcrumbList\",\"@id\":\"https:\/\/www.legalsmart.de\/blog\/welche-regeln-gelten-fuer-vertraege-in-zeiten-von-corona\/#breadcrumb\",\"itemListElement\":[{\"@type\":\"ListItem\",\"position\":1,\"name\":\"Startseite\",\"item\":\"https:\/\/www.legalsmart.de\/blog\/\"},{\"@type\":\"ListItem\",\"position\":2,\"name\":\"Welche Regeln gelten f\u00fcr Vertr\u00e4ge in Zeiten von Corona?\"}]},{\"@type\":\"WebSite\",\"@id\":\"https:\/\/www.legalsmart.de\/blog\/#website\",\"url\":\"https:\/\/www.legalsmart.de\/blog\/\",\"name\":\"LEGAL SMART Online Blog\",\"description\":\"Die innovative Kanzlei\",\"potentialAction\":[{\"@type\":\"SearchAction\",\"target\":{\"@type\":\"EntryPoint\",\"urlTemplate\":\"https:\/\/www.legalsmart.de\/blog\/?s={search_term_string}\"},\"query-input\":{\"@type\":\"PropertyValueSpecification\",\"valueRequired\":true,\"valueName\":\"search_term_string\"}}],\"inLanguage\":\"de\"},{\"@type\":\"Person\",\"@id\":\"https:\/\/www.legalsmart.de\/blog\/#\/schema\/person\/0869c669bccbe2e56b149b214913b000\",\"name\":\"Guido Kluck, LL.M.\",\"image\":{\"@type\":\"ImageObject\",\"inLanguage\":\"de\",\"@id\":\"https:\/\/www.legalsmart.de\/blog\/#\/schema\/person\/image\/\",\"url\":\"https:\/\/www.legalsmart.de\/blog\/wp-content\/uploads\/2018\/09\/cropped-IMG_2698-e1535879860494-96x96.jpg\",\"contentUrl\":\"https:\/\/www.legalsmart.de\/blog\/wp-content\/uploads\/2018\/09\/cropped-IMG_2698-e1535879860494-96x96.jpg\",\"caption\":\"Guido Kluck, LL.M.\"},\"description\":\"Rechtsanwalt Guido Kluck LL.M. ist Partner der Kanzlei LEGAL SMART am Standort Berlin. Er ist Ansprechpartner f\u00fcr das Recht der neuen Medien sowie f\u00fcr die Bereiche Wettbewerbsrecht, Markenrecht, Urheberrecht, IT-Recht, Vertragsrecht und das Datenschutzrecht (DSGVO).\",\"sameAs\":[\"https:\/\/legalsmart.de\/team_kluck.php\",\"https:\/\/www.facebook.com\/guido.kluck\",\"https:\/\/x.com\/https:\/\/twitter.com\/kluck\"]}]}<\/script>\n<!-- \/ Yoast SEO plugin. -->","yoast_head_json":{"title":"Welche Regeln gelten f\u00fcr Vertr\u00e4ge in Zeiten von Corona? | LEGAL SMART Online Blog","description":"Die Folge von vielen Schlie\u00dfungen in der Corona-Krise ist, dass Vertr\u00e4ge nicht erf\u00fcllt werden k\u00f6nnen. Was das hei\u00dft und welche Regelungen gelten?","robots":{"index":"index","follow":"follow","max-snippet":"max-snippet:-1","max-image-preview":"max-image-preview:large","max-video-preview":"max-video-preview:-1"},"canonical":"https:\/\/www.legalsmart.de\/blog\/welche-regeln-gelten-fuer-vertraege-in-zeiten-von-corona\/","og_locale":"de_DE","og_type":"article","og_title":"Welche Regeln gelten f\u00fcr Vertr\u00e4ge in Zeiten von Corona? | LEGAL SMART Online Blog","og_description":"Die Folge von vielen Schlie\u00dfungen in der Corona-Krise ist, dass Vertr\u00e4ge nicht erf\u00fcllt werden k\u00f6nnen. Was das hei\u00dft und welche Regelungen gelten?","og_url":"https:\/\/www.legalsmart.de\/blog\/welche-regeln-gelten-fuer-vertraege-in-zeiten-von-corona\/","og_site_name":"LEGAL SMART Online Blog","article_author":"https:\/\/www.facebook.com\/guido.kluck","article_published_time":"2020-04-13T08:31:00+00:00","author":"Guido Kluck, LL.M.","twitter_card":"summary_large_image","twitter_creator":"@https:\/\/twitter.com\/kluck","twitter_misc":{"Verfasst von":"Guido Kluck, LL.M.","Gesch\u00e4tzte Lesezeit":"4\u00a0Minuten"},"schema":{"@context":"https:\/\/schema.org","@graph":[{"@type":"WebPage","@id":"https:\/\/www.legalsmart.de\/blog\/welche-regeln-gelten-fuer-vertraege-in-zeiten-von-corona\/","url":"https:\/\/www.legalsmart.de\/blog\/welche-regeln-gelten-fuer-vertraege-in-zeiten-von-corona\/","name":"Welche Regeln gelten f\u00fcr Vertr\u00e4ge in Zeiten von Corona? | LEGAL SMART Online Blog","isPartOf":{"@id":"https:\/\/www.legalsmart.de\/blog\/#website"},"datePublished":"2020-04-13T08:31:00+00:00","author":{"@id":"https:\/\/www.legalsmart.de\/blog\/#\/schema\/person\/0869c669bccbe2e56b149b214913b000"},"description":"Die Folge von vielen Schlie\u00dfungen in der Corona-Krise ist, dass Vertr\u00e4ge nicht erf\u00fcllt werden k\u00f6nnen. Was das hei\u00dft und welche Regelungen gelten?","breadcrumb":{"@id":"https:\/\/www.legalsmart.de\/blog\/welche-regeln-gelten-fuer-vertraege-in-zeiten-von-corona\/#breadcrumb"},"inLanguage":"de","potentialAction":[{"@type":"ReadAction","target":["https:\/\/www.legalsmart.de\/blog\/welche-regeln-gelten-fuer-vertraege-in-zeiten-von-corona\/"]}]},{"@type":"BreadcrumbList","@id":"https:\/\/www.legalsmart.de\/blog\/welche-regeln-gelten-fuer-vertraege-in-zeiten-von-corona\/#breadcrumb","itemListElement":[{"@type":"ListItem","position":1,"name":"Startseite","item":"https:\/\/www.legalsmart.de\/blog\/"},{"@type":"ListItem","position":2,"name":"Welche Regeln gelten f\u00fcr Vertr\u00e4ge in Zeiten von Corona?"}]},{"@type":"WebSite","@id":"https:\/\/www.legalsmart.de\/blog\/#website","url":"https:\/\/www.legalsmart.de\/blog\/","name":"LEGAL SMART Online Blog","description":"Die innovative Kanzlei","potentialAction":[{"@type":"SearchAction","target":{"@type":"EntryPoint","urlTemplate":"https:\/\/www.legalsmart.de\/blog\/?s={search_term_string}"},"query-input":{"@type":"PropertyValueSpecification","valueRequired":true,"valueName":"search_term_string"}}],"inLanguage":"de"},{"@type":"Person","@id":"https:\/\/www.legalsmart.de\/blog\/#\/schema\/person\/0869c669bccbe2e56b149b214913b000","name":"Guido Kluck, LL.M.","image":{"@type":"ImageObject","inLanguage":"de","@id":"https:\/\/www.legalsmart.de\/blog\/#\/schema\/person\/image\/","url":"https:\/\/www.legalsmart.de\/blog\/wp-content\/uploads\/2018\/09\/cropped-IMG_2698-e1535879860494-96x96.jpg","contentUrl":"https:\/\/www.legalsmart.de\/blog\/wp-content\/uploads\/2018\/09\/cropped-IMG_2698-e1535879860494-96x96.jpg","caption":"Guido Kluck, LL.M."},"description":"Rechtsanwalt Guido Kluck LL.M. ist Partner der Kanzlei LEGAL SMART am Standort Berlin. Er ist Ansprechpartner f\u00fcr das Recht der neuen Medien sowie f\u00fcr die Bereiche Wettbewerbsrecht, Markenrecht, Urheberrecht, IT-Recht, Vertragsrecht und das Datenschutzrecht (DSGVO).","sameAs":["https:\/\/legalsmart.de\/team_kluck.php","https:\/\/www.facebook.com\/guido.kluck","https:\/\/x.com\/https:\/\/twitter.com\/kluck"]}]}},"_links":{"self":[{"href":"https:\/\/www.legalsmart.de\/blog\/wp-json\/wp\/v2\/posts\/8554","targetHints":{"allow":["GET"]}}],"collection":[{"href":"https:\/\/www.legalsmart.de\/blog\/wp-json\/wp\/v2\/posts"}],"about":[{"href":"https:\/\/www.legalsmart.de\/blog\/wp-json\/wp\/v2\/types\/post"}],"author":[{"embeddable":true,"href":"https:\/\/www.legalsmart.de\/blog\/wp-json\/wp\/v2\/users\/1"}],"replies":[{"embeddable":true,"href":"https:\/\/www.legalsmart.de\/blog\/wp-json\/wp\/v2\/comments?post=8554"}],"version-history":[{"count":1,"href":"https:\/\/www.legalsmart.de\/blog\/wp-json\/wp\/v2\/posts\/8554\/revisions"}],"predecessor-version":[{"id":8555,"href":"https:\/\/www.legalsmart.de\/blog\/wp-json\/wp\/v2\/posts\/8554\/revisions\/8555"}],"wp:attachment":[{"href":"https:\/\/www.legalsmart.de\/blog\/wp-json\/wp\/v2\/media?parent=8554"}],"wp:term":[{"taxonomy":"category","embeddable":true,"href":"https:\/\/www.legalsmart.de\/blog\/wp-json\/wp\/v2\/categories?post=8554"},{"taxonomy":"post_tag","embeddable":true,"href":"https:\/\/www.legalsmart.de\/blog\/wp-json\/wp\/v2\/tags?post=8554"}],"curies":[{"name":"wp","href":"https:\/\/api.w.org\/{rel}","templated":true}]}}