{"id":8599,"date":"2020-05-09T09:21:00","date_gmt":"2020-05-09T07:21:00","guid":{"rendered":"https:\/\/www.legalsmart.de\/blog\/?p=8599"},"modified":"2020-04-29T16:05:16","modified_gmt":"2020-04-29T14:05:16","slug":"coronavirus-und-urlaubsansprueche","status":"publish","type":"post","link":"https:\/\/www.legalsmart.de\/blog\/coronavirus-und-urlaubsansprueche\/","title":{"rendered":"Coronavirus und Urlaubsanspr\u00fcche"},"content":{"rendered":"\n<p>Kann ich als Arbeitnehmer meine Urlaubsanspr\u00fcche mit ins n\u00e4chste Jahr nehmen oder muss ich meinen wohlverdienten Sommerurlaub auf Balkonien verbringen? Und darf mein Chef mich verpflichten, jetzt Urlaub zu nehmen? Wir erkl\u00e4ren, was Arbeitnehmer jetzt zum Thema Corona und Urlaubsanspr\u00fcche wissen m\u00fcssen.<\/p>\n\n\n\n<h2 class=\"wp-block-heading\"><strong>Darf ich meine\nUrlaubsanspr\u00fcche mit ins n\u00e4chste Jahr nehmen?<\/strong><\/h2>\n\n\n\n<p>Weil der geplante Sommerurlaub\ndieses Jahr nicht wie geplant stattfinden kann, fragen sich viele Urlauber, ob\nsie ihre Urlaubsanspr\u00fcche nicht einfach mit ins Jahr 2021 nehmen k\u00f6nnen, statt\nden Sommer auf Balkonien verbringen zu m\u00fcssen. Leider widerspricht dieser Plan\njedoch den gesetzlichen Regelungen. <\/p>\n\n\n\n<p>Das Bundesurlaubsgesetz (BUrlG) gibt jedem Arbeitnehmer einen Anspruch auf 4 Wochen bezahlten Urlaub. Diese m\u00fcssen gem. <a href=\"https:\/\/dejure.org\/gesetze\/BUrlG\/7.html\" title=\"&sect; 7 BUrlG: Zeitpunkt, &Uuml;bertragbarkeit und Abgeltung des Urlaubs\">\u00a7 7 Abs. 3 S. 1 BUrlG<\/a> im laufenden Kalenderjahr gew\u00e4hrt und genommen werden. <\/p>\n\n\n\n<p>\u201eEine \u00dcbertragung des Urlaubs auf\ndas n\u00e4chste Kalenderjahr ist nur statthaft, wenn dringende betriebliche oder in\nder Person des Arbeitnehmers liegende Gr\u00fcnde dies rechtfertigen. Im Fall der\n\u00dcbertragung muss der Urlaub in den ersten drei Monaten des folgenden\nKalenderjahrs gew\u00e4hrt und genommen werden.\u201c, besagt Satz 2.<\/p>\n\n\n\n<p>Es braucht also besondere Gr\u00fcnde,\num eine \u00dcbertragung der Urlaubsanspr\u00fcche ins n\u00e4chste Jahr zu rechtfertigen. Und\ndiese liegen durch das Coronavirus nicht vor.<\/p>\n\n\n\n<h2 class=\"wp-block-heading\"><strong>Darf ich f\u00fcr 2020 gew\u00e4hrten\nUrlaub verschieben?<\/strong><\/h2>\n\n\n\n<p>Da zurzeit sowohl die\nReiseunternehmen als auch die Urlauber ihre Reisen stornieren, stellt sich die\nFrage, ob die Betroffenen ihren Urlaub verschieben k\u00f6nnen \u2013 vielleicht darf man\nja in den Herbstferien wieder reisen. <\/p>\n\n\n\n<p>Doch auch hier ist die rechtliche\nLage nicht aufseiten der Urlauber. Bereits vom Arbeitgeber bewilligter Urlaub\nkann nicht einseitig vom Arbeitnehmer zur\u00fcckgenommen und verschoben werden. Er\nbraucht hierf\u00fcr das Einverst\u00e4ndnis des Arbeitgebers. Diesen brauchen die\nUrlaubspl\u00e4ne des Arbeitnehmers nicht zu interessieren \u2013 schlie\u00dflich kann ein\nUrlaub auf Balkonien genauso erholsam sein wie auf Mallorca. Hier hilft aber\nein nettes Gespr\u00e4ch mit dem Chef. Meist wird ein Verschieben f\u00fcr diesen kein\nProblem sein.<\/p>\n\n\n\n<p>\u00dcbrigens: Was Sie zum Thema Corona und Urlaubsstornierungen wissen m\u00fcssen, <a href=\"https:\/\/www.legalsmart.de\/blog\/stornogebuehren-waehrend-der-corona-krise-wann-kriege-ich-mein-geld-zurueck\/\" target=\"_blank\" rel=\"noreferrer noopener\" aria-label=\" (\u00f6ffnet in neuem Tab)\">erfahren Sie hier<\/a>.<\/p>\n\n\n\n<h2 class=\"wp-block-heading\"><strong>Darf der Arbeitgeber seine\nArbeitnehmer in den Urlaub schicken?<\/strong><\/h2>\n\n\n\n<p>Immer wieder h\u00f6rt man zurzeit auch\nvon \u201eZwangsurlaub\u201c, also dass Arbeitgeber ihre Arbeitnehmer in den Urlaub\nschicken. Dies ist rechtlich gesehen nicht m\u00f6glich. <\/p>\n\n\n\n<p>Der Arbeitgeber tr\u00e4gt das\nBetriebsrisiko und muss seine Arbeitnehmer auch dann bezahlen, wenn er keine\nAuftr\u00e4ge hat. Anders ist es nur bei existenzbedrohenden Situationen, in denen\ner von der Lohnzahlungspflicht befreit sein kann. Auch gibt es die M\u00f6glichkeit\nvon Betriebsferien, in denen die Arbeitnehmer vom Arbeitgeber verpflichtet\nwerden k\u00f6nnen, Urlaub zu nehmen. Das kennt man z. B. von Arztpraxen, die im\nSommer f\u00fcr eine gewisse Zeit komplett schlie\u00dfen. Diese Betriebsferien d\u00fcrfen\naber nicht die gesamten Urlaubsanspr\u00fcche der Arbeitnehmer umfassen und m\u00fcssen\nmit einem gewissen Vorlauf eingef\u00fchrt und angek\u00fcndigt werden.<\/p>\n\n\n\n<h2 class=\"wp-block-heading\"><strong>Urlaubsanspr\u00fcche in der Kurzarbeit?<\/strong><\/h2>\n\n\n\n<p>Grunds\u00e4tzlich kann Urlaub auch in der Kurzarbeit beantragt und gew\u00e4hrt werden. Der Verdienst wird w\u00e4hrend des Urlaubs in voller H\u00f6he ausgezahlt, auch wenn das Gehalt durch die Kurzarbeit momentan reduziert ist. Dies ist in <a href=\"https:\/\/dejure.org\/gesetze\/BUrlG\/11.html\" title=\"&sect; 11 BUrlG: Urlaubsentgelt\">\u00a7 11 Abs. 1 S. 3<\/a> Bundesurlaubsgesetz (BUrlG) geregelt. Allerdings hat der EuGH entschieden (Urt. v. 13.12.2018 \u2013 <a href=\"https:\/\/dejure.org\/dienste\/vernetzung\/rechtsprechung?Text=C-385\/17\" title=\"C-385\/17 (2 zugeordnete Entscheidungen)\">C-385\/17<\/a>), dass bei Kurzarbeit, bei der gar nicht mehr gearbeitet wird, die Urlaubsanspr\u00fcche des Arbeitnehmers in dieser Zeit ebenfalls reduziert werden k\u00f6nnen. Dies gilt auch bei einem Ruhen des Arbeitsverh\u00e4ltnisses aus anderen Gr\u00fcnden (BAG, Urt. v. 19.03.2019 \u2013 <a href=\"https:\/\/dejure.org\/dienste\/vernetzung\/rechtsprechung?Text=9%20AZR%20315\/17\" title=\"BAG, 19.03.2019 - 9 AZR 315\/17: Gesetzlicher Urlaubsanspruch - unbezahlter Sonderurlaub\">9 AZR 315\/17<\/a>). Das gilt zum Beispiel auch f\u00fcr Eltern, die ihre Kinder wegen der Kita- und Schulschlie\u00dfungen selbst betreuen und gem. <a href=\"https:\/\/dejure.org\/gesetze\/IfSG\/56.html\" title=\"&sect; 56 IfSG: Entsch&auml;digung\">\u00a7 56 Abs. 1a IfSG<\/a> eine Entsch\u00e4digung bekommen. Wenn Sie mehr zum Thema Corona und Entsch\u00e4digung f\u00fcr Kinderbetreuung wissen wollen, <a href=\"https:\/\/www.legalsmart.de\/blog\/eltern-entschaedigung-wegen-corona\" target=\"_blank\" rel=\"noreferrer noopener\" aria-label=\" (\u00f6ffnet in neuem Tab)\">lesen Sie unseren aktuellen Artikel zu diesem Thema<\/a>. <\/p>\n\n\n\n<h2 class=\"wp-block-heading\"><strong>Sie haben Fragen zum Thema Corona und Urlaub?<\/strong><\/h2>\n\n\n\n<p>Dann wenden Sie sich gerne an unsere Kanzlei. Wir helfen Ihnen umgehend! <\/p>\n","protected":false},"excerpt":{"rendered":"<p>Kann ich als Arbeitnehmer meine Urlaubsanspr\u00fcche mit ins n\u00e4chste Jahr nehmen oder muss ich meinen wohlverdienten Sommerurlaub auf Balkonien verbringen? Und darf mein Chef mich verpflichten, jetzt Urlaub zu nehmen? Wir erkl\u00e4ren, was Arbeitnehmer jetzt zum Thema Corona und Urlaubsanspr\u00fcche wissen m\u00fcssen. Darf ich meine Urlaubsanspr\u00fcche mit ins n\u00e4chste Jahr nehmen? Weil der geplante Sommerurlaub [&hellip;]<\/p>\n","protected":false},"author":1,"featured_media":0,"comment_status":"open","ping_status":"open","sticky":false,"template":"","format":"standard","meta":{"footnotes":""},"categories":[5,6047],"tags":[580,599,601,5948,6186,6188,3621,6187,6189,6190],"class_list":["post-8599","post","type-post","status-publish","format-standard","hentry","category-arbeitsrecht","category-coronavirus","tag-anwalt","tag-arbeitgeber","tag-arbeitnehmer","tag-corona","tag-lohnfortzahlung","tag-naechstes-jahr","tag-urlaub","tag-urlaubsansprueche","tag-verschieben","tag-zwangsurlaub"],"yoast_head":"<!-- This site is optimized with the Yoast SEO plugin v25.8 - https:\/\/yoast.com\/wordpress\/plugins\/seo\/ -->\n<title>Coronavirus und Urlaubsanspr\u00fcche | LEGAL SMART Online Blog<\/title>\n<meta name=\"description\" content=\"Urlaubsanspr\u00fcche und Corona-Virus \u2013 Wir erkl\u00e4ren, was Arbeitnehmer zu diesem Thema wissen m\u00fcssen und welche Rechte sie haben.\" \/>\n<meta name=\"robots\" content=\"index, follow, max-snippet:-1, max-image-preview:large, max-video-preview:-1\" \/>\n<link rel=\"canonical\" href=\"https:\/\/www.legalsmart.de\/blog\/coronavirus-und-urlaubsansprueche\/\" \/>\n<meta property=\"og:locale\" content=\"de_DE\" \/>\n<meta property=\"og:type\" content=\"article\" \/>\n<meta property=\"og:title\" content=\"Coronavirus und Urlaubsanspr\u00fcche | LEGAL SMART Online Blog\" \/>\n<meta property=\"og:description\" content=\"Urlaubsanspr\u00fcche und Corona-Virus \u2013 Wir erkl\u00e4ren, was Arbeitnehmer zu diesem Thema wissen m\u00fcssen und welche Rechte sie haben.\" \/>\n<meta property=\"og:url\" content=\"https:\/\/www.legalsmart.de\/blog\/coronavirus-und-urlaubsansprueche\/\" \/>\n<meta property=\"og:site_name\" content=\"LEGAL SMART Online Blog\" \/>\n<meta property=\"article:author\" content=\"https:\/\/www.facebook.com\/guido.kluck\" \/>\n<meta property=\"article:published_time\" content=\"2020-05-09T07:21:00+00:00\" \/>\n<meta name=\"author\" content=\"Guido Kluck, LL.M.\" \/>\n<meta name=\"twitter:card\" content=\"summary_large_image\" \/>\n<meta name=\"twitter:creator\" content=\"@https:\/\/twitter.com\/kluck\" \/>\n<meta name=\"twitter:label1\" content=\"Verfasst von\" \/>\n\t<meta name=\"twitter:data1\" content=\"Guido Kluck, LL.M.\" \/>\n\t<meta name=\"twitter:label2\" content=\"Gesch\u00e4tzte Lesezeit\" \/>\n\t<meta name=\"twitter:data2\" content=\"3\u00a0Minuten\" \/>\n<script type=\"application\/ld+json\" class=\"yoast-schema-graph\">{\"@context\":\"https:\/\/schema.org\",\"@graph\":[{\"@type\":\"WebPage\",\"@id\":\"https:\/\/www.legalsmart.de\/blog\/coronavirus-und-urlaubsansprueche\/\",\"url\":\"https:\/\/www.legalsmart.de\/blog\/coronavirus-und-urlaubsansprueche\/\",\"name\":\"Coronavirus und Urlaubsanspr\u00fcche | LEGAL SMART Online Blog\",\"isPartOf\":{\"@id\":\"https:\/\/www.legalsmart.de\/blog\/#website\"},\"datePublished\":\"2020-05-09T07:21:00+00:00\",\"author\":{\"@id\":\"https:\/\/www.legalsmart.de\/blog\/#\/schema\/person\/0869c669bccbe2e56b149b214913b000\"},\"description\":\"Urlaubsanspr\u00fcche und Corona-Virus \u2013 Wir erkl\u00e4ren, was Arbeitnehmer zu diesem Thema wissen m\u00fcssen und welche Rechte sie haben.\",\"breadcrumb\":{\"@id\":\"https:\/\/www.legalsmart.de\/blog\/coronavirus-und-urlaubsansprueche\/#breadcrumb\"},\"inLanguage\":\"de\",\"potentialAction\":[{\"@type\":\"ReadAction\",\"target\":[\"https:\/\/www.legalsmart.de\/blog\/coronavirus-und-urlaubsansprueche\/\"]}]},{\"@type\":\"BreadcrumbList\",\"@id\":\"https:\/\/www.legalsmart.de\/blog\/coronavirus-und-urlaubsansprueche\/#breadcrumb\",\"itemListElement\":[{\"@type\":\"ListItem\",\"position\":1,\"name\":\"Startseite\",\"item\":\"https:\/\/www.legalsmart.de\/blog\/\"},{\"@type\":\"ListItem\",\"position\":2,\"name\":\"Coronavirus und Urlaubsanspr\u00fcche\"}]},{\"@type\":\"WebSite\",\"@id\":\"https:\/\/www.legalsmart.de\/blog\/#website\",\"url\":\"https:\/\/www.legalsmart.de\/blog\/\",\"name\":\"LEGAL SMART Online Blog\",\"description\":\"Die innovative Kanzlei\",\"potentialAction\":[{\"@type\":\"SearchAction\",\"target\":{\"@type\":\"EntryPoint\",\"urlTemplate\":\"https:\/\/www.legalsmart.de\/blog\/?s={search_term_string}\"},\"query-input\":{\"@type\":\"PropertyValueSpecification\",\"valueRequired\":true,\"valueName\":\"search_term_string\"}}],\"inLanguage\":\"de\"},{\"@type\":\"Person\",\"@id\":\"https:\/\/www.legalsmart.de\/blog\/#\/schema\/person\/0869c669bccbe2e56b149b214913b000\",\"name\":\"Guido Kluck, LL.M.\",\"image\":{\"@type\":\"ImageObject\",\"inLanguage\":\"de\",\"@id\":\"https:\/\/www.legalsmart.de\/blog\/#\/schema\/person\/image\/\",\"url\":\"https:\/\/www.legalsmart.de\/blog\/wp-content\/uploads\/2018\/09\/cropped-IMG_2698-e1535879860494-96x96.jpg\",\"contentUrl\":\"https:\/\/www.legalsmart.de\/blog\/wp-content\/uploads\/2018\/09\/cropped-IMG_2698-e1535879860494-96x96.jpg\",\"caption\":\"Guido Kluck, LL.M.\"},\"description\":\"Rechtsanwalt Guido Kluck LL.M. ist Partner der Kanzlei LEGAL SMART am Standort Berlin. Er ist Ansprechpartner f\u00fcr das Recht der neuen Medien sowie f\u00fcr die Bereiche Wettbewerbsrecht, Markenrecht, Urheberrecht, IT-Recht, Vertragsrecht und das Datenschutzrecht (DSGVO).\",\"sameAs\":[\"https:\/\/legalsmart.de\/team_kluck.php\",\"https:\/\/www.facebook.com\/guido.kluck\",\"https:\/\/x.com\/https:\/\/twitter.com\/kluck\"]}]}<\/script>\n<!-- \/ Yoast SEO plugin. -->","yoast_head_json":{"title":"Coronavirus und Urlaubsanspr\u00fcche | LEGAL SMART Online Blog","description":"Urlaubsanspr\u00fcche und Corona-Virus \u2013 Wir erkl\u00e4ren, was Arbeitnehmer zu diesem Thema wissen m\u00fcssen und welche Rechte sie haben.","robots":{"index":"index","follow":"follow","max-snippet":"max-snippet:-1","max-image-preview":"max-image-preview:large","max-video-preview":"max-video-preview:-1"},"canonical":"https:\/\/www.legalsmart.de\/blog\/coronavirus-und-urlaubsansprueche\/","og_locale":"de_DE","og_type":"article","og_title":"Coronavirus und Urlaubsanspr\u00fcche | LEGAL SMART Online Blog","og_description":"Urlaubsanspr\u00fcche und Corona-Virus \u2013 Wir erkl\u00e4ren, was Arbeitnehmer zu diesem Thema wissen m\u00fcssen und welche Rechte sie haben.","og_url":"https:\/\/www.legalsmart.de\/blog\/coronavirus-und-urlaubsansprueche\/","og_site_name":"LEGAL SMART Online Blog","article_author":"https:\/\/www.facebook.com\/guido.kluck","article_published_time":"2020-05-09T07:21:00+00:00","author":"Guido Kluck, LL.M.","twitter_card":"summary_large_image","twitter_creator":"@https:\/\/twitter.com\/kluck","twitter_misc":{"Verfasst von":"Guido Kluck, LL.M.","Gesch\u00e4tzte Lesezeit":"3\u00a0Minuten"},"schema":{"@context":"https:\/\/schema.org","@graph":[{"@type":"WebPage","@id":"https:\/\/www.legalsmart.de\/blog\/coronavirus-und-urlaubsansprueche\/","url":"https:\/\/www.legalsmart.de\/blog\/coronavirus-und-urlaubsansprueche\/","name":"Coronavirus und Urlaubsanspr\u00fcche | LEGAL SMART Online Blog","isPartOf":{"@id":"https:\/\/www.legalsmart.de\/blog\/#website"},"datePublished":"2020-05-09T07:21:00+00:00","author":{"@id":"https:\/\/www.legalsmart.de\/blog\/#\/schema\/person\/0869c669bccbe2e56b149b214913b000"},"description":"Urlaubsanspr\u00fcche und Corona-Virus \u2013 Wir erkl\u00e4ren, was Arbeitnehmer zu diesem Thema wissen m\u00fcssen und welche Rechte sie haben.","breadcrumb":{"@id":"https:\/\/www.legalsmart.de\/blog\/coronavirus-und-urlaubsansprueche\/#breadcrumb"},"inLanguage":"de","potentialAction":[{"@type":"ReadAction","target":["https:\/\/www.legalsmart.de\/blog\/coronavirus-und-urlaubsansprueche\/"]}]},{"@type":"BreadcrumbList","@id":"https:\/\/www.legalsmart.de\/blog\/coronavirus-und-urlaubsansprueche\/#breadcrumb","itemListElement":[{"@type":"ListItem","position":1,"name":"Startseite","item":"https:\/\/www.legalsmart.de\/blog\/"},{"@type":"ListItem","position":2,"name":"Coronavirus und Urlaubsanspr\u00fcche"}]},{"@type":"WebSite","@id":"https:\/\/www.legalsmart.de\/blog\/#website","url":"https:\/\/www.legalsmart.de\/blog\/","name":"LEGAL SMART Online Blog","description":"Die innovative Kanzlei","potentialAction":[{"@type":"SearchAction","target":{"@type":"EntryPoint","urlTemplate":"https:\/\/www.legalsmart.de\/blog\/?s={search_term_string}"},"query-input":{"@type":"PropertyValueSpecification","valueRequired":true,"valueName":"search_term_string"}}],"inLanguage":"de"},{"@type":"Person","@id":"https:\/\/www.legalsmart.de\/blog\/#\/schema\/person\/0869c669bccbe2e56b149b214913b000","name":"Guido Kluck, LL.M.","image":{"@type":"ImageObject","inLanguage":"de","@id":"https:\/\/www.legalsmart.de\/blog\/#\/schema\/person\/image\/","url":"https:\/\/www.legalsmart.de\/blog\/wp-content\/uploads\/2018\/09\/cropped-IMG_2698-e1535879860494-96x96.jpg","contentUrl":"https:\/\/www.legalsmart.de\/blog\/wp-content\/uploads\/2018\/09\/cropped-IMG_2698-e1535879860494-96x96.jpg","caption":"Guido Kluck, LL.M."},"description":"Rechtsanwalt Guido Kluck LL.M. ist Partner der Kanzlei LEGAL SMART am Standort Berlin. Er ist Ansprechpartner f\u00fcr das Recht der neuen Medien sowie f\u00fcr die Bereiche Wettbewerbsrecht, Markenrecht, Urheberrecht, IT-Recht, Vertragsrecht und das Datenschutzrecht (DSGVO).","sameAs":["https:\/\/legalsmart.de\/team_kluck.php","https:\/\/www.facebook.com\/guido.kluck","https:\/\/x.com\/https:\/\/twitter.com\/kluck"]}]}},"_links":{"self":[{"href":"https:\/\/www.legalsmart.de\/blog\/wp-json\/wp\/v2\/posts\/8599","targetHints":{"allow":["GET"]}}],"collection":[{"href":"https:\/\/www.legalsmart.de\/blog\/wp-json\/wp\/v2\/posts"}],"about":[{"href":"https:\/\/www.legalsmart.de\/blog\/wp-json\/wp\/v2\/types\/post"}],"author":[{"embeddable":true,"href":"https:\/\/www.legalsmart.de\/blog\/wp-json\/wp\/v2\/users\/1"}],"replies":[{"embeddable":true,"href":"https:\/\/www.legalsmart.de\/blog\/wp-json\/wp\/v2\/comments?post=8599"}],"version-history":[{"count":3,"href":"https:\/\/www.legalsmart.de\/blog\/wp-json\/wp\/v2\/posts\/8599\/revisions"}],"predecessor-version":[{"id":8611,"href":"https:\/\/www.legalsmart.de\/blog\/wp-json\/wp\/v2\/posts\/8599\/revisions\/8611"}],"wp:attachment":[{"href":"https:\/\/www.legalsmart.de\/blog\/wp-json\/wp\/v2\/media?parent=8599"}],"wp:term":[{"taxonomy":"category","embeddable":true,"href":"https:\/\/www.legalsmart.de\/blog\/wp-json\/wp\/v2\/categories?post=8599"},{"taxonomy":"post_tag","embeddable":true,"href":"https:\/\/www.legalsmart.de\/blog\/wp-json\/wp\/v2\/tags?post=8599"}],"curies":[{"name":"wp","href":"https:\/\/api.w.org\/{rel}","templated":true}]}}