{"id":8748,"date":"2020-06-18T09:10:00","date_gmt":"2020-06-18T07:10:00","guid":{"rendered":"https:\/\/www.legalsmart.de\/blog\/?p=8748"},"modified":"2020-06-17T14:17:59","modified_gmt":"2020-06-17T12:17:59","slug":"corona-und-open-office","status":"publish","type":"post","link":"https:\/\/www.legalsmart.de\/blog\/corona-und-open-office\/","title":{"rendered":"Corona und Open Office"},"content":{"rendered":"\n<p>Das Konzept des Open Office ist bei vielen Unternehmen in den letzten Jahren immer beliebter geworden. Gro\u00dfraumb\u00fcros lassen es zu, viele Mitarbeiter unterzubringen und sparen so Geld. Oftmals gibt es nicht mal zugewiesene Arbeitspl\u00e4tze \u2013 jeder arbeitet dort, wo er m\u00f6chte. Au\u00dferdem sollen die Kommunikation und Teamarbeit gest\u00e4rkt werden. Doch zu Zeiten des Corona-Virus bedeutet es auch, dass sich relativ viele Menschen stundenlang zusammen in geschlossen R\u00e4umen aufhalten. Was m\u00fcssen Arbeitgeber dabei beachten?<\/p>\n\n\n\n<h2 class=\"wp-block-heading\"><strong>Hygienema\u00dfnahmen im<\/strong> Open Office<\/h2>\n\n\n\n<p>Die Offenheit eines Open Office\nsteht im Widerspruch zur aktuellen Corona-Situation, in der wir uns voneinander\nfernhalten sollten. Die verpflichtenden Grundregeln, die von Arbeitgebern\neinzuhalten sind, finden sich in den jeweiligen Corona-Verordnungen der L\u00e4nder.<\/p>\n\n\n\n<h2 class=\"wp-block-heading\"><strong>Abstandsregel<\/strong><\/h2>\n\n\n\n<h3 class=\"wp-block-heading\"><strong><em>\u00a7 1 Corona-Verordnung<\/em><\/strong><\/h3>\n\n\n\n<p>In Berlin zum Beispiel hei\u00dft es\nin der Corona-Verordnung in \u00a7 1:<\/p>\n\n\n\n<p>&nbsp;\u201e<em>Jede Person hat die physisch sozialen\nKontakte zu anderen Menschen auf ein absolut n\u00f6tiges Minimum zu reduzieren. Bei\nKontakten im Sinne von Satz 1 ist ein Mindestabstand von 1,5 Metern\neinzuhalten, soweit die Umst\u00e4nde dies zulassen<\/em>\u201c.<\/p>\n\n\n\n<p>Diese Abstandsregel kennt\ninzwischen eigentlich jeder und sie gilt auch im B\u00fcro. Das bedeutet also, dass\nArbeitspl\u00e4tze auseinandergeschoben werden m\u00fcssen oder nicht komplett belegt\nwerden d\u00fcrfen, damit der Abstand eingehalten werden kann. Dieser gilt auch f\u00fcr\ndie Wege im B\u00fcro. Es sollten daher \u201eEinbahnstra\u00dfen\u201c und Trennw\u00e4nde angedacht\nwerden. <\/p>\n\n\n\n<h3 class=\"wp-block-heading\"><strong><em>\u00a7 2 Corona-Verordnung<\/em><\/strong><\/h3>\n\n\n\n<p>Wegen der k\u00f6rperlichen N\u00e4he\nsollten auch Besprechungen in Teams auf das Minimum reduziert werden. Dabei ist\ndas Tragen von Masken zu empfehlen. Kann der Abstand von 1,5 Metern nicht\neingehalten werden, ist se verpflichtend von jedem Mitarbeiter zu tragen. Gleiches\ngilt auch im Umgang mit Kunden. Dies schreibt \u00a7 2 Abs. 2 Nr. 4 ausdr\u00fccklich vor.\nEr verlangt von Arbeitgebern, dass sie geeignete Ma\u00dfnahmen treffen, damit\nPersonal, Besucher und Kunden den Mindestabstand von 1,5 Metern einhalten\nk\u00f6nnen.<\/p>\n\n\n\n<p>Dazu geh\u00f6rt es gem. \u00a7 2 Nr. 5\nauch, dass der Zutritt gesteuert wird. Es muss ein Konzept entworfen werden, damit\nWarteschlangen vermieden und der Mindestabstand eingehalten werden k\u00f6nnen.<\/p>\n\n\n\n<p>In \u00a7 2 Nr. 6 Corona-Verordnung\nist au\u00dferdem geregelt, dass Aush\u00e4nge zu den Abstandsregelungen und\nHygienema\u00dfnahmen gut sichtbar anzubringen sind.<\/p>\n\n\n\n<h2 class=\"wp-block-heading\"><strong>Anwesenheitsdokumentation<\/strong><\/h2>\n\n\n\n<p>Wie in vielen anderen Bundesl\u00e4ndern\nauch, gilt in Berlin die \u201ePflicht zum F\u00fchren einer Anwesenheitsdokumentation\nmit Informationen zur Kontaktnachverfolgung der G\u00e4ste und\nDienstleistungsempfangenden\u201c. Die Anwesenheitsdokumentation muss mindestens\numfassen: Vor- und Familienname, vollst\u00e4ndige Anschrift und Telefonnummer,\nsowie Anwesenheitszeit und -dauer und gegebenenfalls Platz- oder Tischnummer. Sie\nmuss vier Wochen lang aufbewahrt werden und der zust\u00e4ndigen Beh\u00f6rde auf\nVerlangen ausgeh\u00e4ndigt. Nach Ablauf der vier Wochen ist sie zu vernichten.<\/p>\n\n\n\n<p>Sie gilt f\u00fcr alle in Teil 2 der\nCorona-Verordnung genannten Betriebe. Dazu geh\u00f6ren unter anderem Spielhallen,\nKinos, Friseurbetriebe, Kosmetikstudios, Sonnenstudios, Fitnessstudios,\nGastst\u00e4tten und Hotels sowie Sport- und Badeanstalten.<\/p>\n\n\n\n<p>Ausdr\u00fccklich ausgenommen von der\nDokumentationspflicht sind Freilicht- und Autokinos, Kultur- und\nBildungseinrichtungen, die Au\u00dfenbereiche des Berliner Zoos du Tierparks,\nFahrschulen. Gewerbliche Ausflugs- und Stadtrundfahrten und der Einzelhandel.<\/p>\n\n\n\n<h2 class=\"wp-block-heading\"><strong>Mund-Nasenschutz<\/strong> im Open Office<\/h2>\n\n\n\n<p>In \u00a7 2 Abs. 3 der Berliner\nCorona-Verordnung ist zudem bestimmt, dass das Tragen eines Mund-Nasenschutzes\ndringend empfohlen wird und nach Absatz 4 vorgeschrieben ist unter anderem in\nBahnh\u00f6hen, Flugh\u00e4fen, Gewerbebetrieben mit Publikumsverkehr von\nKundinnen und Kunden, in Gastst\u00e4tten, &nbsp;Gesundheitsberufen, Friseurbetrieben und\nBetrieben der K\u00f6rperpflege vom Personal.<\/p>\n\n\n\n<h2 class=\"wp-block-heading\"><strong>Vorgaben der Berufsgenossenschaften\nund der Arbeitsschutzbeh\u00f6rden<\/strong><\/h2>\n\n\n\n<p>Zudem bestimmt \u00a7 2 Abs. 1 Nr. 1\nund 3, dass die Vorgaben der Berufsgenossenschaften und der\nArbeitsschutzbeh\u00f6rden einzuhalten sind. <\/p>\n\n\n\n<p>Das Bundesministerium f\u00fcr Arbeit\nund Soziales hat einen \u201eSARS-CoV-2-Arbeitsschutzstandard\u201c herausgegeben. Darin\nerkl\u00e4rt es, dass 1,5 Meter Mindestabstand der Arbeitnehmer einzuhalten sind bzw.\nandere Schutzma\u00dfnahmen wie transparente Abtrennungen, wenn der Abstand nicht eingehalten\nwerden kann. Au\u00dferdem soll bestenfalls Homeoffice durchgef\u00fchrt werden. Meetings\nsollen auf das absolute Minimum reduziert werden. Gleiches gilt f\u00fcr\nDienstreisen. Ferner sollte ein Mund-Nasenschutz getragen werden.<\/p>\n\n\n\n<p>Au\u00dferdem sind Seife und Handtuchspender\nzur Verf\u00fcgung zu stellen und die insbesondere Sanit\u00e4reinrichtungen,\nGemeinschaftsr\u00e4ume regelm\u00e4\u00dfig zu reinigen \u2013 das gilt auf f\u00fcr T\u00fcrklinken. <\/p>\n\n\n\n<p>Dar\u00fcber hinaus ist regelm\u00e4\u00dfig zu\nl\u00fcften.<\/p>\n\n\n\n<h2 class=\"wp-block-heading\"><strong>Sie haben Fragen zu Corona und\ndem Open Office?<\/strong><\/h2>\n\n\n\n<p>Dann wenden Sie sich gerne an unsere Kanzlei. Wir helfen Ihnen umgehend!<\/p>\n\n\n\n<p>Lesen Sie auch unseren weiteren Artikel zum Thema:  <a href=\"https:\/\/www.legalsmart.de\/blog\/wie-muessen-arbeitgeber-sich-in-zeiten-von-corona-verhalten\/\" target=\"_blank\" rel=\"noreferrer noopener\" aria-label=\"Wie m\u00fcssen sich Arbeitgeber in Zeiten von Corona verhalten? (\u00f6ffnet in neuem Tab)\">Wie m\u00fcssen sich Arbeitgeber in Zeiten von Corona verhalten?<\/a><\/p>\n","protected":false},"excerpt":{"rendered":"<p>Das Konzept des Open Office ist bei vielen Unternehmen in den letzten Jahren immer beliebter geworden. Gro\u00dfraumb\u00fcros lassen es zu, viele Mitarbeiter unterzubringen und sparen so Geld. Oftmals gibt es nicht mal zugewiesene Arbeitspl\u00e4tze \u2013 jeder arbeitet dort, wo er m\u00f6chte. Au\u00dferdem sollen die Kommunikation und Teamarbeit gest\u00e4rkt werden. Doch zu Zeiten des Corona-Virus bedeutet [&hellip;]<\/p>\n","protected":false},"author":1,"featured_media":0,"comment_status":"open","ping_status":"open","sticky":false,"template":"","format":"standard","meta":{"footnotes":""},"categories":[5,6047],"tags":[6318,6319,5948,6037,6077,2525,6317,6262,6320,3739,5989,3873],"class_list":["post-8748","post","type-post","status-publish","format-standard","hentry","category-arbeitsrecht","category-coronavirus","tag-abstand","tag-buero","tag-corona","tag-homeoffice","tag-masken","tag-mitarbeiter","tag-open-office","tag-regeln","tag-reinigung","tag-verordnung","tag-virus","tag-vorgaben"],"yoast_head":"<!-- This site is optimized with the Yoast SEO plugin v25.8 - https:\/\/yoast.com\/wordpress\/plugins\/seo\/ -->\n<title>Corona und Open Office | LEGAL SMART Online Blog<\/title>\n<meta name=\"description\" content=\"Das Open Office ist immer beliebter geworden, stellt Arbeitgeber zur Zeit des Corona-Virus aber vor Herausforderungen. Wir erkl\u00e4ren, was sie wissen m\u00fcssen.\" \/>\n<meta name=\"robots\" content=\"index, follow, max-snippet:-1, max-image-preview:large, max-video-preview:-1\" \/>\n<link rel=\"canonical\" href=\"https:\/\/www.legalsmart.de\/blog\/corona-und-open-office\/\" \/>\n<meta property=\"og:locale\" content=\"de_DE\" \/>\n<meta property=\"og:type\" content=\"article\" \/>\n<meta property=\"og:title\" content=\"Corona und Open Office | LEGAL SMART Online Blog\" \/>\n<meta property=\"og:description\" content=\"Das Open Office ist immer beliebter geworden, stellt Arbeitgeber zur Zeit des Corona-Virus aber vor Herausforderungen. Wir erkl\u00e4ren, was sie wissen m\u00fcssen.\" \/>\n<meta property=\"og:url\" content=\"https:\/\/www.legalsmart.de\/blog\/corona-und-open-office\/\" \/>\n<meta property=\"og:site_name\" content=\"LEGAL SMART Online Blog\" \/>\n<meta property=\"article:author\" content=\"https:\/\/www.facebook.com\/guido.kluck\" \/>\n<meta property=\"article:published_time\" content=\"2020-06-18T07:10:00+00:00\" \/>\n<meta name=\"author\" content=\"Guido Kluck, LL.M.\" \/>\n<meta name=\"twitter:card\" content=\"summary_large_image\" \/>\n<meta name=\"twitter:creator\" content=\"@https:\/\/twitter.com\/kluck\" \/>\n<meta name=\"twitter:label1\" content=\"Verfasst von\" \/>\n\t<meta name=\"twitter:data1\" content=\"Guido Kluck, LL.M.\" \/>\n\t<meta name=\"twitter:label2\" content=\"Gesch\u00e4tzte Lesezeit\" \/>\n\t<meta name=\"twitter:data2\" content=\"4\u00a0Minuten\" \/>\n<script type=\"application\/ld+json\" class=\"yoast-schema-graph\">{\"@context\":\"https:\/\/schema.org\",\"@graph\":[{\"@type\":\"WebPage\",\"@id\":\"https:\/\/www.legalsmart.de\/blog\/corona-und-open-office\/\",\"url\":\"https:\/\/www.legalsmart.de\/blog\/corona-und-open-office\/\",\"name\":\"Corona und Open Office | LEGAL SMART Online Blog\",\"isPartOf\":{\"@id\":\"https:\/\/www.legalsmart.de\/blog\/#website\"},\"datePublished\":\"2020-06-18T07:10:00+00:00\",\"author\":{\"@id\":\"https:\/\/www.legalsmart.de\/blog\/#\/schema\/person\/0869c669bccbe2e56b149b214913b000\"},\"description\":\"Das Open Office ist immer beliebter geworden, stellt Arbeitgeber zur Zeit des Corona-Virus aber vor Herausforderungen. Wir erkl\u00e4ren, was sie wissen m\u00fcssen.\",\"breadcrumb\":{\"@id\":\"https:\/\/www.legalsmart.de\/blog\/corona-und-open-office\/#breadcrumb\"},\"inLanguage\":\"de\",\"potentialAction\":[{\"@type\":\"ReadAction\",\"target\":[\"https:\/\/www.legalsmart.de\/blog\/corona-und-open-office\/\"]}]},{\"@type\":\"BreadcrumbList\",\"@id\":\"https:\/\/www.legalsmart.de\/blog\/corona-und-open-office\/#breadcrumb\",\"itemListElement\":[{\"@type\":\"ListItem\",\"position\":1,\"name\":\"Startseite\",\"item\":\"https:\/\/www.legalsmart.de\/blog\/\"},{\"@type\":\"ListItem\",\"position\":2,\"name\":\"Corona und Open Office\"}]},{\"@type\":\"WebSite\",\"@id\":\"https:\/\/www.legalsmart.de\/blog\/#website\",\"url\":\"https:\/\/www.legalsmart.de\/blog\/\",\"name\":\"LEGAL SMART Online Blog\",\"description\":\"Die innovative Kanzlei\",\"potentialAction\":[{\"@type\":\"SearchAction\",\"target\":{\"@type\":\"EntryPoint\",\"urlTemplate\":\"https:\/\/www.legalsmart.de\/blog\/?s={search_term_string}\"},\"query-input\":{\"@type\":\"PropertyValueSpecification\",\"valueRequired\":true,\"valueName\":\"search_term_string\"}}],\"inLanguage\":\"de\"},{\"@type\":\"Person\",\"@id\":\"https:\/\/www.legalsmart.de\/blog\/#\/schema\/person\/0869c669bccbe2e56b149b214913b000\",\"name\":\"Guido Kluck, LL.M.\",\"image\":{\"@type\":\"ImageObject\",\"inLanguage\":\"de\",\"@id\":\"https:\/\/www.legalsmart.de\/blog\/#\/schema\/person\/image\/\",\"url\":\"https:\/\/www.legalsmart.de\/blog\/wp-content\/uploads\/2018\/09\/cropped-IMG_2698-e1535879860494-96x96.jpg\",\"contentUrl\":\"https:\/\/www.legalsmart.de\/blog\/wp-content\/uploads\/2018\/09\/cropped-IMG_2698-e1535879860494-96x96.jpg\",\"caption\":\"Guido Kluck, LL.M.\"},\"description\":\"Rechtsanwalt Guido Kluck LL.M. ist Partner der Kanzlei LEGAL SMART am Standort Berlin. Er ist Ansprechpartner f\u00fcr das Recht der neuen Medien sowie f\u00fcr die Bereiche Wettbewerbsrecht, Markenrecht, Urheberrecht, IT-Recht, Vertragsrecht und das Datenschutzrecht (DSGVO).\",\"sameAs\":[\"https:\/\/legalsmart.de\/team_kluck.php\",\"https:\/\/www.facebook.com\/guido.kluck\",\"https:\/\/x.com\/https:\/\/twitter.com\/kluck\"]}]}<\/script>\n<!-- \/ Yoast SEO plugin. -->","yoast_head_json":{"title":"Corona und Open Office | LEGAL SMART Online Blog","description":"Das Open Office ist immer beliebter geworden, stellt Arbeitgeber zur Zeit des Corona-Virus aber vor Herausforderungen. Wir erkl\u00e4ren, was sie wissen m\u00fcssen.","robots":{"index":"index","follow":"follow","max-snippet":"max-snippet:-1","max-image-preview":"max-image-preview:large","max-video-preview":"max-video-preview:-1"},"canonical":"https:\/\/www.legalsmart.de\/blog\/corona-und-open-office\/","og_locale":"de_DE","og_type":"article","og_title":"Corona und Open Office | LEGAL SMART Online Blog","og_description":"Das Open Office ist immer beliebter geworden, stellt Arbeitgeber zur Zeit des Corona-Virus aber vor Herausforderungen. Wir erkl\u00e4ren, was sie wissen m\u00fcssen.","og_url":"https:\/\/www.legalsmart.de\/blog\/corona-und-open-office\/","og_site_name":"LEGAL SMART Online Blog","article_author":"https:\/\/www.facebook.com\/guido.kluck","article_published_time":"2020-06-18T07:10:00+00:00","author":"Guido Kluck, LL.M.","twitter_card":"summary_large_image","twitter_creator":"@https:\/\/twitter.com\/kluck","twitter_misc":{"Verfasst von":"Guido Kluck, LL.M.","Gesch\u00e4tzte Lesezeit":"4\u00a0Minuten"},"schema":{"@context":"https:\/\/schema.org","@graph":[{"@type":"WebPage","@id":"https:\/\/www.legalsmart.de\/blog\/corona-und-open-office\/","url":"https:\/\/www.legalsmart.de\/blog\/corona-und-open-office\/","name":"Corona und Open Office | LEGAL SMART Online Blog","isPartOf":{"@id":"https:\/\/www.legalsmart.de\/blog\/#website"},"datePublished":"2020-06-18T07:10:00+00:00","author":{"@id":"https:\/\/www.legalsmart.de\/blog\/#\/schema\/person\/0869c669bccbe2e56b149b214913b000"},"description":"Das Open Office ist immer beliebter geworden, stellt Arbeitgeber zur Zeit des Corona-Virus aber vor Herausforderungen. Wir erkl\u00e4ren, was sie wissen m\u00fcssen.","breadcrumb":{"@id":"https:\/\/www.legalsmart.de\/blog\/corona-und-open-office\/#breadcrumb"},"inLanguage":"de","potentialAction":[{"@type":"ReadAction","target":["https:\/\/www.legalsmart.de\/blog\/corona-und-open-office\/"]}]},{"@type":"BreadcrumbList","@id":"https:\/\/www.legalsmart.de\/blog\/corona-und-open-office\/#breadcrumb","itemListElement":[{"@type":"ListItem","position":1,"name":"Startseite","item":"https:\/\/www.legalsmart.de\/blog\/"},{"@type":"ListItem","position":2,"name":"Corona und Open Office"}]},{"@type":"WebSite","@id":"https:\/\/www.legalsmart.de\/blog\/#website","url":"https:\/\/www.legalsmart.de\/blog\/","name":"LEGAL SMART Online Blog","description":"Die innovative Kanzlei","potentialAction":[{"@type":"SearchAction","target":{"@type":"EntryPoint","urlTemplate":"https:\/\/www.legalsmart.de\/blog\/?s={search_term_string}"},"query-input":{"@type":"PropertyValueSpecification","valueRequired":true,"valueName":"search_term_string"}}],"inLanguage":"de"},{"@type":"Person","@id":"https:\/\/www.legalsmart.de\/blog\/#\/schema\/person\/0869c669bccbe2e56b149b214913b000","name":"Guido Kluck, LL.M.","image":{"@type":"ImageObject","inLanguage":"de","@id":"https:\/\/www.legalsmart.de\/blog\/#\/schema\/person\/image\/","url":"https:\/\/www.legalsmart.de\/blog\/wp-content\/uploads\/2018\/09\/cropped-IMG_2698-e1535879860494-96x96.jpg","contentUrl":"https:\/\/www.legalsmart.de\/blog\/wp-content\/uploads\/2018\/09\/cropped-IMG_2698-e1535879860494-96x96.jpg","caption":"Guido Kluck, LL.M."},"description":"Rechtsanwalt Guido Kluck LL.M. ist Partner der Kanzlei LEGAL SMART am Standort Berlin. Er ist Ansprechpartner f\u00fcr das Recht der neuen Medien sowie f\u00fcr die Bereiche Wettbewerbsrecht, Markenrecht, Urheberrecht, IT-Recht, Vertragsrecht und das Datenschutzrecht (DSGVO).","sameAs":["https:\/\/legalsmart.de\/team_kluck.php","https:\/\/www.facebook.com\/guido.kluck","https:\/\/x.com\/https:\/\/twitter.com\/kluck"]}]}},"_links":{"self":[{"href":"https:\/\/www.legalsmart.de\/blog\/wp-json\/wp\/v2\/posts\/8748","targetHints":{"allow":["GET"]}}],"collection":[{"href":"https:\/\/www.legalsmart.de\/blog\/wp-json\/wp\/v2\/posts"}],"about":[{"href":"https:\/\/www.legalsmart.de\/blog\/wp-json\/wp\/v2\/types\/post"}],"author":[{"embeddable":true,"href":"https:\/\/www.legalsmart.de\/blog\/wp-json\/wp\/v2\/users\/1"}],"replies":[{"embeddable":true,"href":"https:\/\/www.legalsmart.de\/blog\/wp-json\/wp\/v2\/comments?post=8748"}],"version-history":[{"count":1,"href":"https:\/\/www.legalsmart.de\/blog\/wp-json\/wp\/v2\/posts\/8748\/revisions"}],"predecessor-version":[{"id":8749,"href":"https:\/\/www.legalsmart.de\/blog\/wp-json\/wp\/v2\/posts\/8748\/revisions\/8749"}],"wp:attachment":[{"href":"https:\/\/www.legalsmart.de\/blog\/wp-json\/wp\/v2\/media?parent=8748"}],"wp:term":[{"taxonomy":"category","embeddable":true,"href":"https:\/\/www.legalsmart.de\/blog\/wp-json\/wp\/v2\/categories?post=8748"},{"taxonomy":"post_tag","embeddable":true,"href":"https:\/\/www.legalsmart.de\/blog\/wp-json\/wp\/v2\/tags?post=8748"}],"curies":[{"name":"wp","href":"https:\/\/api.w.org\/{rel}","templated":true}]}}