{"id":8770,"date":"2020-05-05T11:50:00","date_gmt":"2020-05-05T09:50:00","guid":{"rendered":"https:\/\/www.legalsmart.de\/blog\/?p=8770"},"modified":"2020-07-10T11:53:40","modified_gmt":"2020-07-10T09:53:40","slug":"entschaedigungen-bei-corona-bedingten-betriebsschliessungen","status":"publish","type":"post","link":"https:\/\/www.legalsmart.de\/blog\/entschaedigungen-bei-corona-bedingten-betriebsschliessungen\/","title":{"rendered":"Entsch\u00e4digungen bei Corona-bedingten Betriebsschlie\u00dfungen"},"content":{"rendered":"\n<p>Viele Gewerbetreibende stellen sich seit Anbeginn der Coronapandemie die Frage, ob der Staat sie f\u00fcr die beh\u00f6rdlich angeordneten Betriebsschlie\u00dfungen entsch\u00e4digen muss. Antworten hierf\u00fcr liefert prim\u00e4r das mittlerweile allseits bekannte Infektionsschutzgesetz, dessen <a href=\"https:\/\/dejure.org\/gesetze\/IfSG\/28.html\" title=\"&sect; 28 IfSG: Schutzma&szlig;nahmen\">\u00a7\u00a7 28ff. IfSG<\/a> die Grundlage f\u00fcr die Schlie\u00dfungen bilden. Denn dieses Gesetz regelt nicht nur das Verbot einer Erwerbst\u00e4tigkeit nachzugehen, sondern auch die Entsch\u00e4digung f\u00fcr einen daraus resultierenden Verdienstausfall.<\/p>\n\n\n\n<h2 class=\"wp-block-heading\"><strong>Die Entsch\u00e4digungsregeln des Infektionsschutzgesetz<\/strong><\/h2>\n\n\n\n<p>Das Infektionsschutzgesetz regelt die Entsch\u00e4digung in \u00a7 56. Demnach existieren zun\u00e4chst Regelungen f\u00fcr Ausscheider, Ansteckungsverd\u00e4chtige, Krankheitsverd\u00e4chtige oder sonstige Tr\u00e4ger von Krankheitserregern im Sinne des <a href=\"https:\/\/dejure.org\/gesetze\/IfSG\/32.html\" title=\"&sect; 32 IfSG: Erlass von Rechtsverordnungen\">\u00a7 32 S.2 IfSG<\/a>. Wer hierunter f\u00e4llt hat in den ersten sechs Wochen nach Erteilung des Verbots zur Aus\u00fcbung seiner bisherigen T\u00e4tigkeit einen Anspruch auf Entsch\u00e4digung in H\u00f6he des Verdienstausfalls. Dieser wandelt sich von Beginn der siebenten Woche an in eine Gew\u00e4hrung des Krankengeldes nach <a href=\"https:\/\/dejure.org\/gesetze\/SGB_V\/47.html\" title=\"&sect; 47 SGB V: H&ouml;he und Berechnung des Krankengeldes\">\u00a7 47 Abs. 1 SGB V<\/a>.<\/p>\n\n\n\n<p>Selbst bei einer Zerst\u00f6rung von mit Krankheitserregern behafteten Gegenst\u00e4nden gem. <a href=\"https:\/\/dejure.org\/gesetze\/IfSG\/65.html\" title=\"&sect; 65 IfSG: Entsch&auml;digung bei beh&ouml;rdlichen Ma&szlig;nahmen\">\u00a7 65 IfSG<\/a> ist eine Entsch\u00e4digung in Geld vorgesehen.<\/p>\n\n\n\n<p>Wie aber sieht es aus, wenn man von einer Schlie\u00dfung betroffen ist und sich in den eben kurz aufgez\u00e4hlten F\u00e4llen nicht wiederfindet?<\/p>\n\n\n\n<h2 class=\"wp-block-heading\"><strong>LG Heilbronn lehnt Entsch\u00e4digung ab<\/strong><\/h2>\n\n\n\n<p>Diese Frage hat sich eine selbstst\u00e4ndige Friseurin aus Baden-W\u00fcrttemberg auch gestellt. Per einstweiliger Verf\u00fcgung stellte sie einen Antrag auf Entsch\u00e4digungsvorschuss in H\u00f6he von 1.000 \u20ac wegen der durch die Corona-Ma\u00dfnahmen angeordneten Betriebsschlie\u00dfung ihres Friseursalons. Das Landgericht Heilbronn hat den Antrag jedoch in einem Urteil (Urt. v. 29.4.2020, Az.: <a href=\"https:\/\/dejure.org\/dienste\/vernetzung\/rechtsprechung?Text=I%204%20O%2082\/20\" title=\"I 4 O 82\/20 (2 zugeordnete Entscheidungen)\">I 4 O 82\/20<\/a>) abgelehnt und damit den Weg f\u00fcr eine der ersten Entscheidungen auf diesem Gebiet geebnet. In der Begr\u00fcndung f\u00fchre das Landgericht aus, dass abgesehen von der nicht nachgewiesenen Notlage (die Friseursaloninhaberin erhielt bereits 9.000 \u20ac Corona-Soforthilfe vom Land Baden-W\u00fcrttemberg) auch sonst kein Anspruch auf Entsch\u00e4digung bestehe.<\/p>\n\n\n\n<h2 class=\"wp-block-heading\"><strong>Keine Ma\u00dfnahme aus dem Infektionsschutzgesetz<\/strong><\/h2>\n\n\n\n<p>Das Gericht begr\u00fcndet seine Entscheidung damit, dass es sich bei den allgemeinen beh\u00f6rdlichen Schlie\u00dfungsverf\u00fcgungen nicht um Ma\u00dfnahmen aus dem Infektionsschutzgesetz selbst handelt. Dies sei aber Anspruchsvoraussetzung aus <a href=\"https:\/\/dejure.org\/gesetze\/IfSG\/56.html\" title=\"&sect; 56 IfSG: Entsch&auml;digung\">\u00a7 56 Abs. 1 IfSG<\/a>. Die Schlie\u00dfung erfolgte aber eben gerade nicht aus den oben explizit aufgef\u00fchrten F\u00e4llen wie z.B. einer Infektion der Inhaberin pers\u00f6nlich.<\/p>\n\n\n\n<p>Dieses Argument erscheint angesichts der Erm\u00e4chtigungsgrundlage, auf die sich die Beh\u00f6rden bei den Betriebsschlie\u00dfungen berufen, jedoch verfehlt. Denn der Wortlaut des <a href=\"https:\/\/dejure.org\/gesetze\/IfSG\/28.html\" title=\"&sect; 28 IfSG: Schutzma&szlig;nahmen\">\u00a7 28 IfSG<\/a> erfasst eine solche vorbeugende Schlie\u00dfungsma\u00dfnahme ebenfalls nicht. Im Umkehrschluss muss das also bedeuten, dass auch f\u00fcr die Entsch\u00e4digungsregelungen eine analoge Anwendung des <a href=\"https:\/\/dejure.org\/gesetze\/IfSG\/56.html\" title=\"&sect; 56 IfSG: Entsch&auml;digung\">\u00a7 56 IfSG<\/a> gestattet sein muss.<\/p>\n\n\n\n<p>Hinzu kommt, dass das Landgericht auch etwaige Anspr\u00fcche aus dem Polizeigesetz des Landes Baden-W\u00fcrttemberg ausschloss, da das Infektionsschutzgesetz wiederum abschlie\u00dfende Regelungen treffe. Selbst ein R\u00fcckgriff auf die Verfassung unter Heranziehung der Grunds\u00e4tze des enteignenden- oder enteignungsgleichen Eingriffs scheitere laut Gericht daran, dass nicht der Schutzbereich des <a href=\"https:\/\/dejure.org\/gesetze\/GG\/14.html\" title=\"Art. 14 GG\">Art. 14 GG<\/a> betroffen sei, sondern der von <a href=\"https:\/\/dejure.org\/gesetze\/GG\/12.html\" title=\"Art. 12 GG\">Art. 12 GG<\/a> (Berufsfreiheit). Es gehe n\u00e4mlich um die Erwerbsaussichten der Kl\u00e4gerin und nicht um das bereits Erworbene. Bleibt schlie\u00dflich noch die Frage, ob die Gewerbetreibenden durch die Schlie\u00dfungen ein Sonderopfer eingehen.<\/p>\n\n\n\n<h2 class=\"wp-block-heading\"><strong>Der Gedanke des Sonderopfers<\/strong><\/h2>\n\n\n\n<p>Der Gedanke des Sonderopfers war bereits im Preu\u00dfischen Allgemeinen Landrecht verankert. Es handelt sich um eine Ersatzpflicht f\u00fcr rechtm\u00e4\u00dfige Grundrechtsbeschr\u00e4nkungen aus dem allgemeinen Recht f\u00fcr \u00f6ffentlich-rechtliche Ersatzleistungen. Voraussetzung hierf\u00fcr ist jedoch eine Ungleichbehandlung im Vergleich zu anderen Eigent\u00fcmern in vergleichbarer Lage.<\/p>\n\n\n\n<p>Auf den ersten Blick mag bei Betrachtung der Konkurrenz auffallen, dass diese ebenso betroffen sind wie man selbst. Blickt man jedoch \u00fcber den Tellerrand hinaus, f\u00e4llt auf dass teilweise mit zweierlei Ma\u00df gemessen wird. So in etwa die von der Bundesregierung beschlossene 800qm \u2013 Regel, die nach und nach in den einzelnen Bundesl\u00e4ndern von den Gerichten verst\u00e4ndlicherweise wieder gekippt wird. Blickt man wiederum in das Bundesland Berlin haben Gewerbetreibende mit mehr als 10 Besch\u00e4ftigten keinen Anspruch auf Corona \u2013 Soforthilfen, obwohl diese teils ebenso um ihre Existenz k\u00e4mpfen wie kleinere Unternehmen. Auf der anderen Seite gibt es bereits Ank\u00fcndigungen der Bundesregierung die Lufthansa mit Hilfen bis zu einer H\u00f6he von 10 Milliarden zu unterst\u00fctzen. Es liegt also auf der Hand, dass bei der aktuellen Vorgehensweise eine gro\u00dfe Anzahl an Unternehmen die weder klein, noch gro\u00df genug sind \u201edurch das Raster\u201c fallen und f\u00fcr diese eine Entsch\u00e4digung unumg\u00e4nglich ist.<\/p>\n\n\n\n<h2 class=\"wp-block-heading\"><strong>Fazit<\/strong><\/h2>\n\n\n\n<p>Zwar hat das LG Heilbronn mit seinem Urteil vom 29.04.2020 die Hoffnungen der Gewerbetreibenden auf Entsch\u00e4digungen erheblich ged\u00e4mpft, jedoch ist auch hier das letzte Wort noch lange nicht gesprochen. Der Gesetzgeber t\u00e4te zumindest gut daran, das Infektionsschutzgesetz durch \u00dcberarbeitung zu pr\u00e4zisieren oder zu erg\u00e4nzen.<\/p>\n","protected":false},"excerpt":{"rendered":"<p>Viele Gewerbetreibende stellen sich seit Anbeginn der Coronapandemie die Frage, ob der Staat sie f\u00fcr die beh\u00f6rdlich angeordneten Betriebsschlie\u00dfungen entsch\u00e4digen muss. Antworten hierf\u00fcr liefert prim\u00e4r das mittlerweile allseits bekannte Infektionsschutzgesetz, dessen \u00a7\u00a7 28ff. IfSG die Grundlage f\u00fcr die Schlie\u00dfungen bilden. Denn dieses Gesetz regelt nicht nur das Verbot einer Erwerbst\u00e4tigkeit nachzugehen, sondern auch die Entsch\u00e4digung [&hellip;]<\/p>\n","protected":false},"author":1,"featured_media":0,"comment_status":"open","ping_status":"open","sticky":false,"template":"","format":"standard","meta":{"footnotes":""},"categories":[1],"tags":[6330,6165,5948,6329,1407,1763,6328,6130,6131,2338,6223,3586],"class_list":["post-8770","post","type-post","status-publish","format-standard","hentry","category-allgemein","tag-betrieb","tag-betriebsschliessung","tag-corona","tag-coronapandemie","tag-entschadigung","tag-gewerbetreibende","tag-i-4-o-82-20","tag-ifsg","tag-infektionsschutzgesetz","tag-lg-heilbronn","tag-schliessung","tag-unternehmen"],"yoast_head":"<!-- This site is optimized with the Yoast SEO plugin v25.8 - https:\/\/yoast.com\/wordpress\/plugins\/seo\/ -->\n<title>Entsch\u00e4digungen bei Corona-bedingten Betriebsschlie\u00dfungen | LEGAL SMART Online Blog<\/title>\n<meta name=\"robots\" content=\"index, follow, max-snippet:-1, max-image-preview:large, max-video-preview:-1\" \/>\n<link rel=\"canonical\" href=\"https:\/\/www.legalsmart.de\/blog\/entschaedigungen-bei-corona-bedingten-betriebsschliessungen\/\" \/>\n<meta property=\"og:locale\" content=\"de_DE\" \/>\n<meta property=\"og:type\" content=\"article\" \/>\n<meta property=\"og:title\" content=\"Entsch\u00e4digungen bei Corona-bedingten Betriebsschlie\u00dfungen | LEGAL SMART Online Blog\" \/>\n<meta property=\"og:description\" content=\"Viele Gewerbetreibende stellen sich seit Anbeginn der Coronapandemie die Frage, ob der Staat sie f\u00fcr die beh\u00f6rdlich angeordneten Betriebsschlie\u00dfungen entsch\u00e4digen muss. Antworten hierf\u00fcr liefert prim\u00e4r das mittlerweile allseits bekannte Infektionsschutzgesetz, dessen \u00a7\u00a7 28ff. IfSG die Grundlage f\u00fcr die Schlie\u00dfungen bilden. Denn dieses Gesetz regelt nicht nur das Verbot einer Erwerbst\u00e4tigkeit nachzugehen, sondern auch die Entsch\u00e4digung [&hellip;]\" \/>\n<meta property=\"og:url\" content=\"https:\/\/www.legalsmart.de\/blog\/entschaedigungen-bei-corona-bedingten-betriebsschliessungen\/\" \/>\n<meta property=\"og:site_name\" content=\"LEGAL SMART Online Blog\" \/>\n<meta property=\"article:author\" content=\"https:\/\/www.facebook.com\/guido.kluck\" \/>\n<meta property=\"article:published_time\" content=\"2020-05-05T09:50:00+00:00\" \/>\n<meta property=\"article:modified_time\" content=\"2020-07-10T09:53:40+00:00\" \/>\n<meta name=\"author\" content=\"Guido Kluck, LL.M.\" \/>\n<meta name=\"twitter:card\" content=\"summary_large_image\" \/>\n<meta name=\"twitter:creator\" content=\"@https:\/\/twitter.com\/kluck\" \/>\n<meta name=\"twitter:label1\" content=\"Verfasst von\" \/>\n\t<meta name=\"twitter:data1\" content=\"Guido Kluck, LL.M.\" \/>\n\t<meta name=\"twitter:label2\" content=\"Gesch\u00e4tzte Lesezeit\" \/>\n\t<meta name=\"twitter:data2\" content=\"4\u00a0Minuten\" \/>\n<script type=\"application\/ld+json\" class=\"yoast-schema-graph\">{\"@context\":\"https:\/\/schema.org\",\"@graph\":[{\"@type\":\"WebPage\",\"@id\":\"https:\/\/www.legalsmart.de\/blog\/entschaedigungen-bei-corona-bedingten-betriebsschliessungen\/\",\"url\":\"https:\/\/www.legalsmart.de\/blog\/entschaedigungen-bei-corona-bedingten-betriebsschliessungen\/\",\"name\":\"Entsch\u00e4digungen bei Corona-bedingten Betriebsschlie\u00dfungen | LEGAL SMART Online Blog\",\"isPartOf\":{\"@id\":\"https:\/\/www.legalsmart.de\/blog\/#website\"},\"datePublished\":\"2020-05-05T09:50:00+00:00\",\"dateModified\":\"2020-07-10T09:53:40+00:00\",\"author\":{\"@id\":\"https:\/\/www.legalsmart.de\/blog\/#\/schema\/person\/0869c669bccbe2e56b149b214913b000\"},\"breadcrumb\":{\"@id\":\"https:\/\/www.legalsmart.de\/blog\/entschaedigungen-bei-corona-bedingten-betriebsschliessungen\/#breadcrumb\"},\"inLanguage\":\"de\",\"potentialAction\":[{\"@type\":\"ReadAction\",\"target\":[\"https:\/\/www.legalsmart.de\/blog\/entschaedigungen-bei-corona-bedingten-betriebsschliessungen\/\"]}]},{\"@type\":\"BreadcrumbList\",\"@id\":\"https:\/\/www.legalsmart.de\/blog\/entschaedigungen-bei-corona-bedingten-betriebsschliessungen\/#breadcrumb\",\"itemListElement\":[{\"@type\":\"ListItem\",\"position\":1,\"name\":\"Startseite\",\"item\":\"https:\/\/www.legalsmart.de\/blog\/\"},{\"@type\":\"ListItem\",\"position\":2,\"name\":\"Entsch\u00e4digungen bei Corona-bedingten Betriebsschlie\u00dfungen\"}]},{\"@type\":\"WebSite\",\"@id\":\"https:\/\/www.legalsmart.de\/blog\/#website\",\"url\":\"https:\/\/www.legalsmart.de\/blog\/\",\"name\":\"LEGAL SMART Online Blog\",\"description\":\"Die innovative Kanzlei\",\"potentialAction\":[{\"@type\":\"SearchAction\",\"target\":{\"@type\":\"EntryPoint\",\"urlTemplate\":\"https:\/\/www.legalsmart.de\/blog\/?s={search_term_string}\"},\"query-input\":{\"@type\":\"PropertyValueSpecification\",\"valueRequired\":true,\"valueName\":\"search_term_string\"}}],\"inLanguage\":\"de\"},{\"@type\":\"Person\",\"@id\":\"https:\/\/www.legalsmart.de\/blog\/#\/schema\/person\/0869c669bccbe2e56b149b214913b000\",\"name\":\"Guido Kluck, LL.M.\",\"image\":{\"@type\":\"ImageObject\",\"inLanguage\":\"de\",\"@id\":\"https:\/\/www.legalsmart.de\/blog\/#\/schema\/person\/image\/\",\"url\":\"https:\/\/www.legalsmart.de\/blog\/wp-content\/uploads\/2018\/09\/cropped-IMG_2698-e1535879860494-96x96.jpg\",\"contentUrl\":\"https:\/\/www.legalsmart.de\/blog\/wp-content\/uploads\/2018\/09\/cropped-IMG_2698-e1535879860494-96x96.jpg\",\"caption\":\"Guido Kluck, LL.M.\"},\"description\":\"Rechtsanwalt Guido Kluck LL.M. ist Partner der Kanzlei LEGAL SMART am Standort Berlin. Er ist Ansprechpartner f\u00fcr das Recht der neuen Medien sowie f\u00fcr die Bereiche Wettbewerbsrecht, Markenrecht, Urheberrecht, IT-Recht, Vertragsrecht und das Datenschutzrecht (DSGVO).\",\"sameAs\":[\"https:\/\/legalsmart.de\/team_kluck.php\",\"https:\/\/www.facebook.com\/guido.kluck\",\"https:\/\/x.com\/https:\/\/twitter.com\/kluck\"]}]}<\/script>\n<!-- \/ Yoast SEO plugin. -->","yoast_head_json":{"title":"Entsch\u00e4digungen bei Corona-bedingten Betriebsschlie\u00dfungen | LEGAL SMART Online Blog","robots":{"index":"index","follow":"follow","max-snippet":"max-snippet:-1","max-image-preview":"max-image-preview:large","max-video-preview":"max-video-preview:-1"},"canonical":"https:\/\/www.legalsmart.de\/blog\/entschaedigungen-bei-corona-bedingten-betriebsschliessungen\/","og_locale":"de_DE","og_type":"article","og_title":"Entsch\u00e4digungen bei Corona-bedingten Betriebsschlie\u00dfungen | LEGAL SMART Online Blog","og_description":"Viele Gewerbetreibende stellen sich seit Anbeginn der Coronapandemie die Frage, ob der Staat sie f\u00fcr die beh\u00f6rdlich angeordneten Betriebsschlie\u00dfungen entsch\u00e4digen muss. Antworten hierf\u00fcr liefert prim\u00e4r das mittlerweile allseits bekannte Infektionsschutzgesetz, dessen \u00a7\u00a7 28ff. IfSG die Grundlage f\u00fcr die Schlie\u00dfungen bilden. Denn dieses Gesetz regelt nicht nur das Verbot einer Erwerbst\u00e4tigkeit nachzugehen, sondern auch die Entsch\u00e4digung [&hellip;]","og_url":"https:\/\/www.legalsmart.de\/blog\/entschaedigungen-bei-corona-bedingten-betriebsschliessungen\/","og_site_name":"LEGAL SMART Online Blog","article_author":"https:\/\/www.facebook.com\/guido.kluck","article_published_time":"2020-05-05T09:50:00+00:00","article_modified_time":"2020-07-10T09:53:40+00:00","author":"Guido Kluck, LL.M.","twitter_card":"summary_large_image","twitter_creator":"@https:\/\/twitter.com\/kluck","twitter_misc":{"Verfasst von":"Guido Kluck, LL.M.","Gesch\u00e4tzte Lesezeit":"4\u00a0Minuten"},"schema":{"@context":"https:\/\/schema.org","@graph":[{"@type":"WebPage","@id":"https:\/\/www.legalsmart.de\/blog\/entschaedigungen-bei-corona-bedingten-betriebsschliessungen\/","url":"https:\/\/www.legalsmart.de\/blog\/entschaedigungen-bei-corona-bedingten-betriebsschliessungen\/","name":"Entsch\u00e4digungen bei Corona-bedingten Betriebsschlie\u00dfungen | LEGAL SMART Online Blog","isPartOf":{"@id":"https:\/\/www.legalsmart.de\/blog\/#website"},"datePublished":"2020-05-05T09:50:00+00:00","dateModified":"2020-07-10T09:53:40+00:00","author":{"@id":"https:\/\/www.legalsmart.de\/blog\/#\/schema\/person\/0869c669bccbe2e56b149b214913b000"},"breadcrumb":{"@id":"https:\/\/www.legalsmart.de\/blog\/entschaedigungen-bei-corona-bedingten-betriebsschliessungen\/#breadcrumb"},"inLanguage":"de","potentialAction":[{"@type":"ReadAction","target":["https:\/\/www.legalsmart.de\/blog\/entschaedigungen-bei-corona-bedingten-betriebsschliessungen\/"]}]},{"@type":"BreadcrumbList","@id":"https:\/\/www.legalsmart.de\/blog\/entschaedigungen-bei-corona-bedingten-betriebsschliessungen\/#breadcrumb","itemListElement":[{"@type":"ListItem","position":1,"name":"Startseite","item":"https:\/\/www.legalsmart.de\/blog\/"},{"@type":"ListItem","position":2,"name":"Entsch\u00e4digungen bei Corona-bedingten Betriebsschlie\u00dfungen"}]},{"@type":"WebSite","@id":"https:\/\/www.legalsmart.de\/blog\/#website","url":"https:\/\/www.legalsmart.de\/blog\/","name":"LEGAL SMART Online Blog","description":"Die innovative Kanzlei","potentialAction":[{"@type":"SearchAction","target":{"@type":"EntryPoint","urlTemplate":"https:\/\/www.legalsmart.de\/blog\/?s={search_term_string}"},"query-input":{"@type":"PropertyValueSpecification","valueRequired":true,"valueName":"search_term_string"}}],"inLanguage":"de"},{"@type":"Person","@id":"https:\/\/www.legalsmart.de\/blog\/#\/schema\/person\/0869c669bccbe2e56b149b214913b000","name":"Guido Kluck, LL.M.","image":{"@type":"ImageObject","inLanguage":"de","@id":"https:\/\/www.legalsmart.de\/blog\/#\/schema\/person\/image\/","url":"https:\/\/www.legalsmart.de\/blog\/wp-content\/uploads\/2018\/09\/cropped-IMG_2698-e1535879860494-96x96.jpg","contentUrl":"https:\/\/www.legalsmart.de\/blog\/wp-content\/uploads\/2018\/09\/cropped-IMG_2698-e1535879860494-96x96.jpg","caption":"Guido Kluck, LL.M."},"description":"Rechtsanwalt Guido Kluck LL.M. ist Partner der Kanzlei LEGAL SMART am Standort Berlin. Er ist Ansprechpartner f\u00fcr das Recht der neuen Medien sowie f\u00fcr die Bereiche Wettbewerbsrecht, Markenrecht, Urheberrecht, IT-Recht, Vertragsrecht und das Datenschutzrecht (DSGVO).","sameAs":["https:\/\/legalsmart.de\/team_kluck.php","https:\/\/www.facebook.com\/guido.kluck","https:\/\/x.com\/https:\/\/twitter.com\/kluck"]}]}},"_links":{"self":[{"href":"https:\/\/www.legalsmart.de\/blog\/wp-json\/wp\/v2\/posts\/8770","targetHints":{"allow":["GET"]}}],"collection":[{"href":"https:\/\/www.legalsmart.de\/blog\/wp-json\/wp\/v2\/posts"}],"about":[{"href":"https:\/\/www.legalsmart.de\/blog\/wp-json\/wp\/v2\/types\/post"}],"author":[{"embeddable":true,"href":"https:\/\/www.legalsmart.de\/blog\/wp-json\/wp\/v2\/users\/1"}],"replies":[{"embeddable":true,"href":"https:\/\/www.legalsmart.de\/blog\/wp-json\/wp\/v2\/comments?post=8770"}],"version-history":[{"count":1,"href":"https:\/\/www.legalsmart.de\/blog\/wp-json\/wp\/v2\/posts\/8770\/revisions"}],"predecessor-version":[{"id":8771,"href":"https:\/\/www.legalsmart.de\/blog\/wp-json\/wp\/v2\/posts\/8770\/revisions\/8771"}],"wp:attachment":[{"href":"https:\/\/www.legalsmart.de\/blog\/wp-json\/wp\/v2\/media?parent=8770"}],"wp:term":[{"taxonomy":"category","embeddable":true,"href":"https:\/\/www.legalsmart.de\/blog\/wp-json\/wp\/v2\/categories?post=8770"},{"taxonomy":"post_tag","embeddable":true,"href":"https:\/\/www.legalsmart.de\/blog\/wp-json\/wp\/v2\/tags?post=8770"}],"curies":[{"name":"wp","href":"https:\/\/api.w.org\/{rel}","templated":true}]}}