{"id":8802,"date":"2020-07-21T11:36:00","date_gmt":"2020-07-21T09:36:00","guid":{"rendered":"https:\/\/www.legalsmart.de\/blog\/?p=8802"},"modified":"2020-07-20T11:36:46","modified_gmt":"2020-07-20T09:36:46","slug":"darf-der-arbeitgeber-mir-vorschreiben-wohin-ich-in-den-urlaub-fahre","status":"publish","type":"post","link":"https:\/\/www.legalsmart.de\/blog\/darf-der-arbeitgeber-mir-vorschreiben-wohin-ich-in-den-urlaub-fahre\/","title":{"rendered":"Darf der Arbeitgeber mir vorschreiben, wohin ich in den Urlaub fahre?"},"content":{"rendered":"\n<p>Was der Arbeitnehmer in seinem Urlaub macht, geht grunds\u00e4tzlich auch nur den Arbeitnehmer etwas an. Die Wahl des Urlaubsziels f\u00e4llt n\u00e4mlich vollumf\u00e4nglich in die Privatsph\u00e4re des Arbeitnehmers. Etwas anderes kann sich nat\u00fcrlich ergeben, wenn die Konsequenzen bis in die Arbeitszeit reichen. Eine gerade in Zeiten der Corona-Pandemie denkbare Konstellation w\u00e4re es, dass man in ein Land fliegt in dem nach wie vor die vom Ausw\u00e4rtigen Amt ausgesprochene Reisewarnung vorliegt. So w\u00fcrden sich bei einem Urlaub in einem solchen Land zwei denkbare und \u00e4u\u00dferst weitreichende Konsequenzen ergeben. Einerseits w\u00e4re eine 14-t\u00e4gige Quarant\u00e4ne bei Heimkehr m\u00f6glich, was ein Erscheinen am Arbeitsplatz unm\u00f6glich macht. Andererseits, was noch wesentlich schlimmer w\u00e4re, k\u00f6nnte man selbst an Corona erkranken. In beiden F\u00e4llen w\u00e4re ein Ausbleiben am Arbeitsplatz jedoch selbst verschuldet, da man ja bewusst in ein Land gereist ist, in dem eine Reisewarnung ausgesprochen wurde.<\/p>\n\n\n\n<h2 class=\"wp-block-heading\"><strong>Kann der Urlaubsantrag zur\u00fcckgezogen werden?<\/strong><\/h2>\n\n\n\n<p>Ein Arbeitnehmer hat keinen Anspruch darauf, einen einmal durch den Arbeitgeber genehmigten Urlaub kurzfristig zu stornieren oder den Urlaubsantrag zur\u00fcckzuziehen. In einem solchen Fall bietet sich nur eine einvernehmliche L\u00f6sung zwischen dem Arbeitgeber und dem Arbeitnehmer an, soweit der Arbeitgeber dem Arbeitnehmer hier entgegenkommen m\u00f6chte.&nbsp;<\/p>\n\n\n\n<h2 class=\"wp-block-heading\"><strong>Darf man in ein Corona-Risikoland reisen?<\/strong><\/h2>\n\n\n\n<p>Wie bereits eingangs ausgef\u00fchrt ist die Gestaltung des Urlaubs ausschlie\u00dflich die Angelegenheit des Arbeitnehmers. Der Arbeitgeber darf &#8222;hier nicht rein reden&#8220; oder ein bestimmtes Urlaubsziel vorschreiben bzw. ein anderes ggf. verbieten, weil er sonst in das Pers\u00f6nlichkeitsrecht des Arbeitnehmers eingreifen w\u00fcrde. Das bedeutet, dass man auch in Zeiten der Corona-Krise grunds\u00e4tzlich in ein Land reisen darf, f\u00fcr welches eine Reisewarnung durch das Ausw\u00e4rtige Amt ausgesprochen wurde.&nbsp;<\/p>\n\n\n\n<h2 class=\"wp-block-heading\"><strong>Welche Konsequenzen hat eine Reise in ein Land mit Reisewarnung?<\/strong><\/h2>\n\n\n\n<p>Allerdings bedeutet diese Freiheit des Arbeitnehmers nicht in jedem Fall, dass er konsequenzenlos reisen kann. Denn je nach konkreter Ausgestaltung des Urlaubs k\u00f6nnten sich Konsequenzen bei der Entgeltfortzahlung f\u00fcr den Arbeitnehmer ergeben.<\/p>\n\n\n\n<p>Normalerweise w\u00fcrde bei einer Erkrankung an Corona oder einer vorsorgliche Quarant\u00e4neanordnung der <a href=\"https:\/\/dejure.org\/gesetze\/IfSG\/56.html\" title=\"&sect; 56 IfSG: Entsch&auml;digung\">\u00a7 56<\/a> Infektionsschutzgesetz greifen. Demnach st\u00fcnde dem Arbeitnehmer im gegebenen Fall das volle Gehalt aus staatlicher Kasse zu. Jedoch sieht eben jener Paragraph auch eine Ausnahme f\u00fcr den Fall vor, dass die Quarant\u00e4ne wie oben beschrieben selbst verschuldet herbeigef\u00fchrt wurde. Der staatliche Geldhahn w\u00fcrde also abgedreht. Der vorsorglich in Quarant\u00e4ne versetzte Arbeitnehmer s\u00e4\u00dfe also auf dem trockenen. Dem tats\u00e4chlich erkrankten Arbeitnehmer bliebe noch das Entgeltfortzahlungsgesetz, wonach der erkrankte Arbeitnehmer im Normalfall f\u00fcr weitere 6 Wochen einen Anspruch auf sein volles Gehalt hat. W\u00e4re da nicht der <a href=\"https:\/\/dejure.org\/gesetze\/EntgFG\/3.html\" title=\"&sect; 3 EntgFG: Anspruch auf Entgeltfortzahlung im Krankheitsfall\">\u00a7 3 EntgFG<\/a>, der dem <a href=\"https:\/\/dejure.org\/gesetze\/IfSG\/56.html\" title=\"&sect; 56 IfSG: Entsch&auml;digung\">\u00a7 56 IfsG<\/a> inhaltlich \u00e4hnlich ist. Auch hier gilt n\u00e4mlich, dass wenn die Erkrankung selbst verschuldet ist, ein Zahlungsanspruch nicht besteht. Man w\u00fcrde also egal in welcher Konstellation den Anspruch auf sein Gehalt verlieren, wenn man derzeit in ein Land reist, f\u00fcr welches eine Reisewarnung besteht und wenn man dann nach seinem Urlaub, gleich aus welchem Grunde, seine Arbeit nicht wieder aufnehmen kann.\u00a0<\/p>\n\n\n\n<h2 class=\"wp-block-heading\"><strong>Auch Schadensersatzanspr\u00fcche w\u00e4ren denkbar<\/strong><\/h2>\n\n\n\n<p>Kann man aus den vorstehenden Gr\u00fcnden dann seine Arbeit nach seinem Urlaub nicht, wie geplant, wieder aufnehmen, dann k\u00f6nnten sich hieraus weitere Konsequenzen f\u00fcr den Arbeitnehmer ergeben. Hat der Arbeitgeber den Arbeitnehmer bereits vorher gebeten sein Urlaubsziel nochmal zu \u00fcberdenken, etwa im Hinblick auf firmenrelevante T\u00e4tigkeiten die vom Arbeitnehmer nach dem Urlaub vorgenommen werden sollen und weigert sich der Arbeitnehmer zur \u00c4nderung seines Urlaubsortes, wohlwissend, dass er bei R\u00fcckkehr aufgrund der Quarant\u00e4ne seiner Arbeit nicht nachkommen kann, w\u00e4ren sogar Schadensersatzanspr\u00fcche des Arbeitgebers gegen\u00fcber des Arbeitnehmers denkbar. Dies ergibt sich daraus, dass der Arbeitnehmer in Kenntnis der besonderen Gef\u00e4hrdung durch das ausgew\u00e4hlte Reiseziel wissentlich in Kauf genommen hat, dass er seine Arbeit anschlie\u00dfend nicht wieder aufnehmen kann. Entsteht dem Unternehmen hierdurch ein Schaden, weil etwa Lieferfristen oder sonstige Termine nicht eingehalten werden k\u00f6nnen, besteht die Gefahr eines Schadensersatzanspruchs des Arbeitgebers gegen\u00fcber dem Arbeitnehmer.<\/p>\n\n\n\n<h2 class=\"wp-block-heading\"><strong>Fazit<\/strong><\/h2>\n\n\n\n<p>Es l\u00e4sst sich letztlich also zusammenfassen, dass das Urlaubsziel nach wie vor von jedem selbst bestimmt werden kann, einem dieser Urlaub jedoch teuer zu stehen kommen k\u00f6nnte. Arbeitnehmern ist deshalb dringend zu empfehlen die Reisepl\u00e4ne ggf. mit dem Arbeitgeber abzustimmen, wenn in ein Land gereist werden soll, f\u00fcr welches derzeit noch eine Reisewarnung besteht.<\/p>\n","protected":false},"excerpt":{"rendered":"<p>Was der Arbeitnehmer in seinem Urlaub macht, geht grunds\u00e4tzlich auch nur den Arbeitnehmer etwas an. Die Wahl des Urlaubsziels f\u00e4llt n\u00e4mlich vollumf\u00e4nglich in die Privatsph\u00e4re des Arbeitnehmers. Etwas anderes kann sich nat\u00fcrlich ergeben, wenn die Konsequenzen bis in die Arbeitszeit reichen. Eine gerade in Zeiten der Corona-Pandemie denkbare Konstellation w\u00e4re es, dass man in ein [&hellip;]<\/p>\n","protected":false},"author":1,"featured_media":0,"comment_status":"open","ping_status":"open","sticky":false,"template":"","format":"standard","meta":{"footnotes":""},"categories":[5],"tags":[601,632,5948,6361,6362,6363,1407,6130,6131,6039,6100,3621,6364],"class_list":["post-8802","post","type-post","status-publish","format-standard","hentry","category-arbeitsrecht","tag-arbeitnehmer","tag-arbeitsrecht","tag-corona","tag-entgeltfortzahlung","tag-entgeltfortzahlungsgesetz","tag-entgfg","tag-entschadigung","tag-ifsg","tag-infektionsschutzgesetz","tag-quarantaene","tag-reisewarnung","tag-urlaub","tag-wahl-des-urlaubsziels"],"yoast_head":"<!-- This site is optimized with the Yoast SEO plugin v25.8 - https:\/\/yoast.com\/wordpress\/plugins\/seo\/ -->\n<title>Darf der Arbeitgeber mir vorschreiben, wohin ich in den Urlaub fahre? | LEGAL SMART Online Blog<\/title>\n<meta name=\"robots\" content=\"index, follow, max-snippet:-1, max-image-preview:large, max-video-preview:-1\" \/>\n<link rel=\"canonical\" href=\"https:\/\/www.legalsmart.de\/blog\/darf-der-arbeitgeber-mir-vorschreiben-wohin-ich-in-den-urlaub-fahre\/\" \/>\n<meta property=\"og:locale\" content=\"de_DE\" \/>\n<meta property=\"og:type\" content=\"article\" \/>\n<meta property=\"og:title\" content=\"Darf der Arbeitgeber mir vorschreiben, wohin ich in den Urlaub fahre? | LEGAL SMART Online Blog\" \/>\n<meta property=\"og:description\" content=\"Was der Arbeitnehmer in seinem Urlaub macht, geht grunds\u00e4tzlich auch nur den Arbeitnehmer etwas an. Die Wahl des Urlaubsziels f\u00e4llt n\u00e4mlich vollumf\u00e4nglich in die Privatsph\u00e4re des Arbeitnehmers. Etwas anderes kann sich nat\u00fcrlich ergeben, wenn die Konsequenzen bis in die Arbeitszeit reichen. Eine gerade in Zeiten der Corona-Pandemie denkbare Konstellation w\u00e4re es, dass man in ein [&hellip;]\" \/>\n<meta property=\"og:url\" content=\"https:\/\/www.legalsmart.de\/blog\/darf-der-arbeitgeber-mir-vorschreiben-wohin-ich-in-den-urlaub-fahre\/\" \/>\n<meta property=\"og:site_name\" content=\"LEGAL SMART Online Blog\" \/>\n<meta property=\"article:author\" content=\"https:\/\/www.facebook.com\/guido.kluck\" \/>\n<meta property=\"article:published_time\" content=\"2020-07-21T09:36:00+00:00\" \/>\n<meta name=\"author\" content=\"Guido Kluck, LL.M.\" \/>\n<meta name=\"twitter:card\" content=\"summary_large_image\" \/>\n<meta name=\"twitter:creator\" content=\"@https:\/\/twitter.com\/kluck\" \/>\n<meta name=\"twitter:label1\" content=\"Verfasst von\" \/>\n\t<meta name=\"twitter:data1\" content=\"Guido Kluck, LL.M.\" \/>\n\t<meta name=\"twitter:label2\" content=\"Gesch\u00e4tzte Lesezeit\" \/>\n\t<meta name=\"twitter:data2\" content=\"4\u00a0Minuten\" \/>\n<script type=\"application\/ld+json\" class=\"yoast-schema-graph\">{\"@context\":\"https:\/\/schema.org\",\"@graph\":[{\"@type\":\"WebPage\",\"@id\":\"https:\/\/www.legalsmart.de\/blog\/darf-der-arbeitgeber-mir-vorschreiben-wohin-ich-in-den-urlaub-fahre\/\",\"url\":\"https:\/\/www.legalsmart.de\/blog\/darf-der-arbeitgeber-mir-vorschreiben-wohin-ich-in-den-urlaub-fahre\/\",\"name\":\"Darf der Arbeitgeber mir vorschreiben, wohin ich in den Urlaub fahre? | LEGAL SMART Online Blog\",\"isPartOf\":{\"@id\":\"https:\/\/www.legalsmart.de\/blog\/#website\"},\"datePublished\":\"2020-07-21T09:36:00+00:00\",\"author\":{\"@id\":\"https:\/\/www.legalsmart.de\/blog\/#\/schema\/person\/0869c669bccbe2e56b149b214913b000\"},\"breadcrumb\":{\"@id\":\"https:\/\/www.legalsmart.de\/blog\/darf-der-arbeitgeber-mir-vorschreiben-wohin-ich-in-den-urlaub-fahre\/#breadcrumb\"},\"inLanguage\":\"de\",\"potentialAction\":[{\"@type\":\"ReadAction\",\"target\":[\"https:\/\/www.legalsmart.de\/blog\/darf-der-arbeitgeber-mir-vorschreiben-wohin-ich-in-den-urlaub-fahre\/\"]}]},{\"@type\":\"BreadcrumbList\",\"@id\":\"https:\/\/www.legalsmart.de\/blog\/darf-der-arbeitgeber-mir-vorschreiben-wohin-ich-in-den-urlaub-fahre\/#breadcrumb\",\"itemListElement\":[{\"@type\":\"ListItem\",\"position\":1,\"name\":\"Startseite\",\"item\":\"https:\/\/www.legalsmart.de\/blog\/\"},{\"@type\":\"ListItem\",\"position\":2,\"name\":\"Darf der Arbeitgeber mir vorschreiben, wohin ich in den Urlaub fahre?\"}]},{\"@type\":\"WebSite\",\"@id\":\"https:\/\/www.legalsmart.de\/blog\/#website\",\"url\":\"https:\/\/www.legalsmart.de\/blog\/\",\"name\":\"LEGAL SMART Online Blog\",\"description\":\"Die innovative Kanzlei\",\"potentialAction\":[{\"@type\":\"SearchAction\",\"target\":{\"@type\":\"EntryPoint\",\"urlTemplate\":\"https:\/\/www.legalsmart.de\/blog\/?s={search_term_string}\"},\"query-input\":{\"@type\":\"PropertyValueSpecification\",\"valueRequired\":true,\"valueName\":\"search_term_string\"}}],\"inLanguage\":\"de\"},{\"@type\":\"Person\",\"@id\":\"https:\/\/www.legalsmart.de\/blog\/#\/schema\/person\/0869c669bccbe2e56b149b214913b000\",\"name\":\"Guido Kluck, LL.M.\",\"image\":{\"@type\":\"ImageObject\",\"inLanguage\":\"de\",\"@id\":\"https:\/\/www.legalsmart.de\/blog\/#\/schema\/person\/image\/\",\"url\":\"https:\/\/www.legalsmart.de\/blog\/wp-content\/uploads\/2018\/09\/cropped-IMG_2698-e1535879860494-96x96.jpg\",\"contentUrl\":\"https:\/\/www.legalsmart.de\/blog\/wp-content\/uploads\/2018\/09\/cropped-IMG_2698-e1535879860494-96x96.jpg\",\"caption\":\"Guido Kluck, LL.M.\"},\"description\":\"Rechtsanwalt Guido Kluck LL.M. ist Partner der Kanzlei LEGAL SMART am Standort Berlin. Er ist Ansprechpartner f\u00fcr das Recht der neuen Medien sowie f\u00fcr die Bereiche Wettbewerbsrecht, Markenrecht, Urheberrecht, IT-Recht, Vertragsrecht und das Datenschutzrecht (DSGVO).\",\"sameAs\":[\"https:\/\/legalsmart.de\/team_kluck.php\",\"https:\/\/www.facebook.com\/guido.kluck\",\"https:\/\/x.com\/https:\/\/twitter.com\/kluck\"]}]}<\/script>\n<!-- \/ Yoast SEO plugin. -->","yoast_head_json":{"title":"Darf der Arbeitgeber mir vorschreiben, wohin ich in den Urlaub fahre? | LEGAL SMART Online Blog","robots":{"index":"index","follow":"follow","max-snippet":"max-snippet:-1","max-image-preview":"max-image-preview:large","max-video-preview":"max-video-preview:-1"},"canonical":"https:\/\/www.legalsmart.de\/blog\/darf-der-arbeitgeber-mir-vorschreiben-wohin-ich-in-den-urlaub-fahre\/","og_locale":"de_DE","og_type":"article","og_title":"Darf der Arbeitgeber mir vorschreiben, wohin ich in den Urlaub fahre? | LEGAL SMART Online Blog","og_description":"Was der Arbeitnehmer in seinem Urlaub macht, geht grunds\u00e4tzlich auch nur den Arbeitnehmer etwas an. Die Wahl des Urlaubsziels f\u00e4llt n\u00e4mlich vollumf\u00e4nglich in die Privatsph\u00e4re des Arbeitnehmers. Etwas anderes kann sich nat\u00fcrlich ergeben, wenn die Konsequenzen bis in die Arbeitszeit reichen. Eine gerade in Zeiten der Corona-Pandemie denkbare Konstellation w\u00e4re es, dass man in ein [&hellip;]","og_url":"https:\/\/www.legalsmart.de\/blog\/darf-der-arbeitgeber-mir-vorschreiben-wohin-ich-in-den-urlaub-fahre\/","og_site_name":"LEGAL SMART Online Blog","article_author":"https:\/\/www.facebook.com\/guido.kluck","article_published_time":"2020-07-21T09:36:00+00:00","author":"Guido Kluck, LL.M.","twitter_card":"summary_large_image","twitter_creator":"@https:\/\/twitter.com\/kluck","twitter_misc":{"Verfasst von":"Guido Kluck, LL.M.","Gesch\u00e4tzte Lesezeit":"4\u00a0Minuten"},"schema":{"@context":"https:\/\/schema.org","@graph":[{"@type":"WebPage","@id":"https:\/\/www.legalsmart.de\/blog\/darf-der-arbeitgeber-mir-vorschreiben-wohin-ich-in-den-urlaub-fahre\/","url":"https:\/\/www.legalsmart.de\/blog\/darf-der-arbeitgeber-mir-vorschreiben-wohin-ich-in-den-urlaub-fahre\/","name":"Darf der Arbeitgeber mir vorschreiben, wohin ich in den Urlaub fahre? | LEGAL SMART Online Blog","isPartOf":{"@id":"https:\/\/www.legalsmart.de\/blog\/#website"},"datePublished":"2020-07-21T09:36:00+00:00","author":{"@id":"https:\/\/www.legalsmart.de\/blog\/#\/schema\/person\/0869c669bccbe2e56b149b214913b000"},"breadcrumb":{"@id":"https:\/\/www.legalsmart.de\/blog\/darf-der-arbeitgeber-mir-vorschreiben-wohin-ich-in-den-urlaub-fahre\/#breadcrumb"},"inLanguage":"de","potentialAction":[{"@type":"ReadAction","target":["https:\/\/www.legalsmart.de\/blog\/darf-der-arbeitgeber-mir-vorschreiben-wohin-ich-in-den-urlaub-fahre\/"]}]},{"@type":"BreadcrumbList","@id":"https:\/\/www.legalsmart.de\/blog\/darf-der-arbeitgeber-mir-vorschreiben-wohin-ich-in-den-urlaub-fahre\/#breadcrumb","itemListElement":[{"@type":"ListItem","position":1,"name":"Startseite","item":"https:\/\/www.legalsmart.de\/blog\/"},{"@type":"ListItem","position":2,"name":"Darf der Arbeitgeber mir vorschreiben, wohin ich in den Urlaub fahre?"}]},{"@type":"WebSite","@id":"https:\/\/www.legalsmart.de\/blog\/#website","url":"https:\/\/www.legalsmart.de\/blog\/","name":"LEGAL SMART Online Blog","description":"Die innovative Kanzlei","potentialAction":[{"@type":"SearchAction","target":{"@type":"EntryPoint","urlTemplate":"https:\/\/www.legalsmart.de\/blog\/?s={search_term_string}"},"query-input":{"@type":"PropertyValueSpecification","valueRequired":true,"valueName":"search_term_string"}}],"inLanguage":"de"},{"@type":"Person","@id":"https:\/\/www.legalsmart.de\/blog\/#\/schema\/person\/0869c669bccbe2e56b149b214913b000","name":"Guido Kluck, LL.M.","image":{"@type":"ImageObject","inLanguage":"de","@id":"https:\/\/www.legalsmart.de\/blog\/#\/schema\/person\/image\/","url":"https:\/\/www.legalsmart.de\/blog\/wp-content\/uploads\/2018\/09\/cropped-IMG_2698-e1535879860494-96x96.jpg","contentUrl":"https:\/\/www.legalsmart.de\/blog\/wp-content\/uploads\/2018\/09\/cropped-IMG_2698-e1535879860494-96x96.jpg","caption":"Guido Kluck, LL.M."},"description":"Rechtsanwalt Guido Kluck LL.M. ist Partner der Kanzlei LEGAL SMART am Standort Berlin. Er ist Ansprechpartner f\u00fcr das Recht der neuen Medien sowie f\u00fcr die Bereiche Wettbewerbsrecht, Markenrecht, Urheberrecht, IT-Recht, Vertragsrecht und das Datenschutzrecht (DSGVO).","sameAs":["https:\/\/legalsmart.de\/team_kluck.php","https:\/\/www.facebook.com\/guido.kluck","https:\/\/x.com\/https:\/\/twitter.com\/kluck"]}]}},"_links":{"self":[{"href":"https:\/\/www.legalsmart.de\/blog\/wp-json\/wp\/v2\/posts\/8802","targetHints":{"allow":["GET"]}}],"collection":[{"href":"https:\/\/www.legalsmart.de\/blog\/wp-json\/wp\/v2\/posts"}],"about":[{"href":"https:\/\/www.legalsmart.de\/blog\/wp-json\/wp\/v2\/types\/post"}],"author":[{"embeddable":true,"href":"https:\/\/www.legalsmart.de\/blog\/wp-json\/wp\/v2\/users\/1"}],"replies":[{"embeddable":true,"href":"https:\/\/www.legalsmart.de\/blog\/wp-json\/wp\/v2\/comments?post=8802"}],"version-history":[{"count":1,"href":"https:\/\/www.legalsmart.de\/blog\/wp-json\/wp\/v2\/posts\/8802\/revisions"}],"predecessor-version":[{"id":8803,"href":"https:\/\/www.legalsmart.de\/blog\/wp-json\/wp\/v2\/posts\/8802\/revisions\/8803"}],"wp:attachment":[{"href":"https:\/\/www.legalsmart.de\/blog\/wp-json\/wp\/v2\/media?parent=8802"}],"wp:term":[{"taxonomy":"category","embeddable":true,"href":"https:\/\/www.legalsmart.de\/blog\/wp-json\/wp\/v2\/categories?post=8802"},{"taxonomy":"post_tag","embeddable":true,"href":"https:\/\/www.legalsmart.de\/blog\/wp-json\/wp\/v2\/tags?post=8802"}],"curies":[{"name":"wp","href":"https:\/\/api.w.org\/{rel}","templated":true}]}}