{"id":9328,"date":"2020-12-04T10:00:00","date_gmt":"2020-12-04T09:00:00","guid":{"rendered":"https:\/\/www.legalsmart.de\/blog\/?p=9328"},"modified":"2020-12-04T09:42:39","modified_gmt":"2020-12-04T08:42:39","slug":"muss-man-einen-impfnachweis-oder-corona-test-bei-einer-veranstaltung-vorlegen","status":"publish","type":"post","link":"https:\/\/www.legalsmart.de\/blog\/muss-man-einen-impfnachweis-oder-corona-test-bei-einer-veranstaltung-vorlegen\/","title":{"rendered":"Muss man einen Impfnachweis oder Corona-Test bei einer Veranstaltung vorlegen?"},"content":{"rendered":"\n<p>Viele fragen sich, ob demn\u00e4chst Veranstalter einen Impfnachweis und\/ oder einen negativen Corona-Test zur Einlassbedingung machen k\u00f6nnten.&nbsp;<\/p>\n\n\n\n<p>Wir erkl\u00e4ren Ihnen in diesem Artikel, was aus rechtlicher Sicht m\u00f6glich ist!<\/p>\n\n\n\n<h2 class=\"wp-block-heading\"><strong>Nachweispflicht bei Veranstaltungen?<\/strong><\/h2>\n\n\n\n<p>Man stelle sich vor, jemand kauft ein Konzertticket und wird beim Kauf auf die besonderen Anforderungen beim Einlass hingewiesen (zB. negativer Corona-Test). Dann w\u00fcrde diese Pflicht Vertragsbestandteil werden, weil sie vor Vertragsschluss bekannt war.&nbsp;<\/p>\n\n\n\n<p>Wird nun ein negativer Corona-Test, oder eine Impfpflicht, nachtr\u00e4glich verlangt w\u00e4re es bei privaten Veranstaltungen nur m\u00f6glich, wenn es die jeweilige Corona-Verordnung verlangt.&nbsp;<\/p>\n\n\n\n<p>Nun k\u00f6nnen aber auch Veranstaltung von staatlicher Seite her organisiert sein (zB. B\u00fcrgerversammlungen, Gemeindesitzungen usw.). Hier k\u00f6nnte es, unserer Ansicht nach, problematischer sein so etwas durchzusetzen. Man w\u00fcrde B\u00fcrger indirekt von der Teilnahme an \u00f6ffentlichen Veranstaltungen ausschlie\u00dfen. Das k\u00f6nnte im Sinne des Infektionsschutzes bei privaten Veranstaltungen noch gerade so gerechtfertigt sein, bei \u00f6ffentlichen Veranstaltungen wohl kaum.<\/p>\n\n\n\n<p>Schnelltests vor Ort:<\/p>\n\n\n\n<p>Man k\u00f6nnte nat\u00fcrlich auch \u00fcber Schnelltests nachdenken, die man vor Ort durchf\u00fchrt. Jedoch m\u00fcsste vorher vertraglich gekl\u00e4rt werden, wie die R\u00fcckabwicklung im Falle eines positives Tests abl\u00e4uft, oder ob der positive Test in die Risikosph\u00e4re des Veranstaltungsbesuchers f\u00e4llt.<\/p>\n\n\n\n<h2 class=\"wp-block-heading\"><strong>Haben Ticketanbieter dann Zugriff auf meine Gesundheitsdatensystem?<\/strong><\/h2>\n\n\n\n<p>Auf Grundlage der DSGVO d\u00fcrfte man die Daten nicht ohne Ihre Zustimmung abgespeichern. Einen generellen Zugriff auf Gesundheitsdaten halten wir auch f\u00fcr unm\u00f6glich. M\u00f6glich w\u00e4re zB, dass man beim Ticketkauf angeben k\u00f6nnte, dass man geimpft ist und dann bei Einlass diese Impfung mit dem Impfpass nachweist. Aber auch hier sehen wir auch datenschutzrechtliche Probleme, gerade wenn man im Impfpass auch andere Impfungen sehen k\u00f6nnte.&nbsp;<\/p>\n\n\n\n<p>Eine andere Option, die von Ticketmaster \u00fcberpr\u00fcft wird ist, dass Kunden Konzertkarten erst bekommen, wenn sie einen Corona-Impfnachweis vorlegen oder einen negativen Corona-Test vorlegen, der nicht \u00e4lter als 72 Stunden ist. Ticketmaster m\u00f6chte die Kundenangaben dann in Zusammenarbeit mit medizinischen Informationsfirmen \u00fcberpr\u00fcfen. Die Impfung\/ der negative Nachweis soll in einen digitalen \u201eHealth Pass\u201c eingespeichert werden. Unternehmen wie IBM und Clear bieten solche Systeme an. \u201eWenn der Patient dem Arzt oder Labor erlaubt, seinen Impfstatus oder das Testergebnis verschl\u00fcsselt an IBM zu leiten, speichert das Unternehmen das jeweilige Ergebnis auf der Blockchain \u2013 Mitarbeiter haben dabei keine Einsicht darauf, ob eine Person geimpft ist oder positiv getestet wurde. Wer dann auf ein Konzert gehen m\u00f6chte, kann seinen Impf- oder Teststatus mit Ticketmaster teilen. Karten erhalten aber nur Personen, die geimpft wurden oder die einen negativen Test vorlegen.\u201c<\/p>\n\n\n\n<h2 class=\"wp-block-heading\"><strong>Kommt die Impfpflicht?<\/strong><\/h2>\n\n\n\n<p>Eine Impfpflicht k\u00f6nnte sich aus der Rechtsverordnungserm\u00e4chtigung im Infektionsschutzgesetz ergeben (<a href=\"https:\/\/dejure.org\/gesetze\/IfSG\/20.html\" title=\"&sect; 20 IfSG: Schutzimpfungen und andere Ma&szlig;nahmen der spezifischen Prophylaxe\">\u00a7 20 Abs. 6, 7 IfSG<\/a>). Sie k\u00f6nnte sich auch aus speziellem Gesetz ergeben, ganz so wie bei der Masernschutzimpfung (<a href=\"https:\/\/dejure.org\/gesetze\/IfSG\/20.html\" title=\"&sect; 20 IfSG: Schutzimpfungen und andere Ma&szlig;nahmen der spezifischen Prophylaxe\">\u00a7 20 Abs. 8 IfSG<\/a>), dass man f\u00fcr die SARS-CoV-2-Impfung eine spezialgesetzliche Grundlage schafft.\u00a0\u00a0Das IfSG kennt auch eine &#8211; neben der Masernimpfpflicht stehende \u2013 Vorschrift, die das Bundesministerium f\u00fcr Gesundheit erm\u00e4chtigt, \u201edurch Rechtsverordnung mit Zustimmung des Bundesrates anzuordnen, dass bedrohte Teile der Bev\u00f6lkerung an Schutzimpfungen oder anderen Ma\u00dfnahmen der spezifischen Prophylaxe teilzunehmen haben, wenn eine \u00fcbertragbare Krankheit mit klinisch schweren Verlaufsformen auftritt und mit ihrer epidemischen Verbreitung zu rechnen ist\u201c (<a href=\"https:\/\/dejure.org\/gesetze\/IfSG\/20.html\" title=\"&sect; 20 IfSG: Schutzimpfungen und andere Ma&szlig;nahmen der spezifischen Prophylaxe\">\u00a7 20 Abs. 6, S.1 IfSG<\/a>).\u00a0<\/p>\n\n\n\n<h2 class=\"wp-block-heading\"><strong>Fazit<\/strong><\/h2>\n\n\n\n<p>Eine Impfpflicht lie\u00dfe sich am ehesten mit einer spezialgesetzlichen Regelung realisieren &#8211; ganz nach dem Vorbild des Masernschutzgesetzes. So k\u00f6nnten die engen Voraussetzungen des <a href=\"https:\/\/dejure.org\/gesetze\/IfSG\/20.html\" title=\"&sect; 20 IfSG: Schutzimpfungen und andere Ma&szlig;nahmen der spezifischen Prophylaxe\">\u00a7 20 Abs. 6, 7 IfSG<\/a> umgangen werden. Fraglich ist aber, ob eine \u201eBedrohungslage\u201c vorliegt, die die Impfpflicht f\u00fcr die gesamte Bev\u00f6lkerung (mit einigen Ausnahmen) rechtfertigen w\u00fcrde. Es geht dabei um rechtlich tiefgr\u00fcndige Fragen bez\u00fcglich des Individual- und des Fremdschutzes.&nbsp;<\/p>\n\n\n\n<p>Eine Alternative zur Impflicht k\u00f6nnte ein \u201eImmunit\u00e4tsnachweis\u201c sein. Jedoch k\u00f6nnten dann auch Corona-Partys wieder ansteigen, weil sich die Personen nicht impfen m\u00f6chten und lieber eine Krankheit riskieren. Das hat aber mit Gesundheitsschutz nichts mehr zu tun. Die Regierung muss eine geeignete L\u00f6sung finden, damit in Zukunft Veranstaltungen wieder m\u00f6glich sind. Eine \u201eindirekte Impfpflicht\u201c k\u00f6nnte Unmut in der Bev\u00f6lkerung sch\u00fcren und auch die Wirtschaft l\u00e4ngerfristig schaden.&nbsp;<\/p>\n\n\n\n<p>Gerade in Bezug auf privaten Veranstaltungen sehe wir gro\u00dfe Probleme, weil man sein Konzertticket dann nicht mehr so einfach weiterverkaufen k\u00f6nnte, wenn etwas dazwischen kommt, da die Veranstalter dann die Tickets personalisiert verkaufen.<\/p>\n\n\n\n<p>Es bleibt abzuwarten wie die Bundesregierung diese Fragen l\u00f6sen wird.<\/p>\n","protected":false},"excerpt":{"rendered":"<p>Viele fragen sich, ob demn\u00e4chst Veranstalter einen Impfnachweis und\/ oder einen negativen Corona-Test zur Einlassbedingung machen k\u00f6nnten.&nbsp; Wir erkl\u00e4ren Ihnen in diesem Artikel, was aus rechtlicher Sicht m\u00f6glich ist! Nachweispflicht bei Veranstaltungen? Man stelle sich vor, jemand kauft ein Konzertticket und wird beim Kauf auf die besonderen Anforderungen beim Einlass hingewiesen (zB. negativer Corona-Test). Dann [&hellip;]<\/p>\n","protected":false},"author":1,"featured_media":0,"comment_status":"open","ping_status":"open","sticky":false,"template":"","format":"standard","meta":{"footnotes":""},"categories":[1,3,4],"tags":[6850,1097,4419,6852,6849,6853,6854,6851,6137],"class_list":["post-9328","post","type-post","status-publish","format-standard","hentry","category-allgemein","category-allgemeine-geschaftsbedingungen","category-allgemeines","tag--20-ifsg","tag-bundesregierung","tag-dsgvo","tag-impfnachweis","tag-impfpflicht","tag-nachweispflicht","tag-negativer-corona-test","tag-spezialgesetzliche-regelung","tag-veranstaltungen"],"yoast_head":"<!-- This site is optimized with the Yoast SEO plugin v25.8 - https:\/\/yoast.com\/wordpress\/plugins\/seo\/ -->\n<title>Muss man einen Impfnachweis oder Corona-Test bei einer Veranstaltung vorlegen? | LEGAL SMART Online Blog<\/title>\n<meta name=\"description\" content=\"Viele fragen sich, ob demn\u00e4chst Veranstalter einen Impfnachweis und\/ oder einen negativen Corona-Test zur Einlassbedingung machen k\u00f6nnten.\" \/>\n<meta name=\"robots\" content=\"index, follow, max-snippet:-1, max-image-preview:large, max-video-preview:-1\" \/>\n<link rel=\"canonical\" href=\"https:\/\/www.legalsmart.de\/blog\/muss-man-einen-impfnachweis-oder-corona-test-bei-einer-veranstaltung-vorlegen\/\" \/>\n<meta property=\"og:locale\" content=\"de_DE\" \/>\n<meta property=\"og:type\" content=\"article\" \/>\n<meta property=\"og:title\" content=\"Muss man einen Impfnachweis oder Corona-Test bei einer Veranstaltung vorlegen? | LEGAL SMART Online Blog\" \/>\n<meta property=\"og:description\" content=\"Viele fragen sich, ob demn\u00e4chst Veranstalter einen Impfnachweis und\/ oder einen negativen Corona-Test zur Einlassbedingung machen k\u00f6nnten.\" \/>\n<meta property=\"og:url\" content=\"https:\/\/www.legalsmart.de\/blog\/muss-man-einen-impfnachweis-oder-corona-test-bei-einer-veranstaltung-vorlegen\/\" \/>\n<meta property=\"og:site_name\" content=\"LEGAL SMART Online Blog\" \/>\n<meta property=\"article:author\" content=\"https:\/\/www.facebook.com\/guido.kluck\" \/>\n<meta property=\"article:published_time\" content=\"2020-12-04T09:00:00+00:00\" \/>\n<meta name=\"author\" content=\"Guido Kluck, LL.M.\" \/>\n<meta name=\"twitter:card\" content=\"summary_large_image\" \/>\n<meta name=\"twitter:creator\" content=\"@https:\/\/twitter.com\/kluck\" \/>\n<meta name=\"twitter:label1\" content=\"Verfasst von\" \/>\n\t<meta name=\"twitter:data1\" content=\"Guido Kluck, LL.M.\" \/>\n\t<meta name=\"twitter:label2\" content=\"Gesch\u00e4tzte Lesezeit\" \/>\n\t<meta name=\"twitter:data2\" content=\"4\u00a0Minuten\" \/>\n<script type=\"application\/ld+json\" class=\"yoast-schema-graph\">{\"@context\":\"https:\/\/schema.org\",\"@graph\":[{\"@type\":\"WebPage\",\"@id\":\"https:\/\/www.legalsmart.de\/blog\/muss-man-einen-impfnachweis-oder-corona-test-bei-einer-veranstaltung-vorlegen\/\",\"url\":\"https:\/\/www.legalsmart.de\/blog\/muss-man-einen-impfnachweis-oder-corona-test-bei-einer-veranstaltung-vorlegen\/\",\"name\":\"Muss man einen Impfnachweis oder Corona-Test bei einer Veranstaltung vorlegen? | LEGAL SMART Online Blog\",\"isPartOf\":{\"@id\":\"https:\/\/www.legalsmart.de\/blog\/#website\"},\"datePublished\":\"2020-12-04T09:00:00+00:00\",\"author\":{\"@id\":\"https:\/\/www.legalsmart.de\/blog\/#\/schema\/person\/0869c669bccbe2e56b149b214913b000\"},\"description\":\"Viele fragen sich, ob demn\u00e4chst Veranstalter einen Impfnachweis und\/ oder einen negativen Corona-Test zur Einlassbedingung machen k\u00f6nnten.\",\"breadcrumb\":{\"@id\":\"https:\/\/www.legalsmart.de\/blog\/muss-man-einen-impfnachweis-oder-corona-test-bei-einer-veranstaltung-vorlegen\/#breadcrumb\"},\"inLanguage\":\"de\",\"potentialAction\":[{\"@type\":\"ReadAction\",\"target\":[\"https:\/\/www.legalsmart.de\/blog\/muss-man-einen-impfnachweis-oder-corona-test-bei-einer-veranstaltung-vorlegen\/\"]}]},{\"@type\":\"BreadcrumbList\",\"@id\":\"https:\/\/www.legalsmart.de\/blog\/muss-man-einen-impfnachweis-oder-corona-test-bei-einer-veranstaltung-vorlegen\/#breadcrumb\",\"itemListElement\":[{\"@type\":\"ListItem\",\"position\":1,\"name\":\"Startseite\",\"item\":\"https:\/\/www.legalsmart.de\/blog\/\"},{\"@type\":\"ListItem\",\"position\":2,\"name\":\"Muss man einen Impfnachweis oder Corona-Test bei einer Veranstaltung vorlegen?\"}]},{\"@type\":\"WebSite\",\"@id\":\"https:\/\/www.legalsmart.de\/blog\/#website\",\"url\":\"https:\/\/www.legalsmart.de\/blog\/\",\"name\":\"LEGAL SMART Online Blog\",\"description\":\"Die innovative Kanzlei\",\"potentialAction\":[{\"@type\":\"SearchAction\",\"target\":{\"@type\":\"EntryPoint\",\"urlTemplate\":\"https:\/\/www.legalsmart.de\/blog\/?s={search_term_string}\"},\"query-input\":{\"@type\":\"PropertyValueSpecification\",\"valueRequired\":true,\"valueName\":\"search_term_string\"}}],\"inLanguage\":\"de\"},{\"@type\":\"Person\",\"@id\":\"https:\/\/www.legalsmart.de\/blog\/#\/schema\/person\/0869c669bccbe2e56b149b214913b000\",\"name\":\"Guido Kluck, LL.M.\",\"image\":{\"@type\":\"ImageObject\",\"inLanguage\":\"de\",\"@id\":\"https:\/\/www.legalsmart.de\/blog\/#\/schema\/person\/image\/\",\"url\":\"https:\/\/www.legalsmart.de\/blog\/wp-content\/uploads\/2018\/09\/cropped-IMG_2698-e1535879860494-96x96.jpg\",\"contentUrl\":\"https:\/\/www.legalsmart.de\/blog\/wp-content\/uploads\/2018\/09\/cropped-IMG_2698-e1535879860494-96x96.jpg\",\"caption\":\"Guido Kluck, LL.M.\"},\"description\":\"Rechtsanwalt Guido Kluck LL.M. ist Partner der Kanzlei LEGAL SMART am Standort Berlin. Er ist Ansprechpartner f\u00fcr das Recht der neuen Medien sowie f\u00fcr die Bereiche Wettbewerbsrecht, Markenrecht, Urheberrecht, IT-Recht, Vertragsrecht und das Datenschutzrecht (DSGVO).\",\"sameAs\":[\"https:\/\/legalsmart.de\/team_kluck.php\",\"https:\/\/www.facebook.com\/guido.kluck\",\"https:\/\/x.com\/https:\/\/twitter.com\/kluck\"]}]}<\/script>\n<!-- \/ Yoast SEO plugin. -->","yoast_head_json":{"title":"Muss man einen Impfnachweis oder Corona-Test bei einer Veranstaltung vorlegen? | LEGAL SMART Online Blog","description":"Viele fragen sich, ob demn\u00e4chst Veranstalter einen Impfnachweis und\/ oder einen negativen Corona-Test zur Einlassbedingung machen k\u00f6nnten.","robots":{"index":"index","follow":"follow","max-snippet":"max-snippet:-1","max-image-preview":"max-image-preview:large","max-video-preview":"max-video-preview:-1"},"canonical":"https:\/\/www.legalsmart.de\/blog\/muss-man-einen-impfnachweis-oder-corona-test-bei-einer-veranstaltung-vorlegen\/","og_locale":"de_DE","og_type":"article","og_title":"Muss man einen Impfnachweis oder Corona-Test bei einer Veranstaltung vorlegen? | LEGAL SMART Online Blog","og_description":"Viele fragen sich, ob demn\u00e4chst Veranstalter einen Impfnachweis und\/ oder einen negativen Corona-Test zur Einlassbedingung machen k\u00f6nnten.","og_url":"https:\/\/www.legalsmart.de\/blog\/muss-man-einen-impfnachweis-oder-corona-test-bei-einer-veranstaltung-vorlegen\/","og_site_name":"LEGAL SMART Online Blog","article_author":"https:\/\/www.facebook.com\/guido.kluck","article_published_time":"2020-12-04T09:00:00+00:00","author":"Guido Kluck, LL.M.","twitter_card":"summary_large_image","twitter_creator":"@https:\/\/twitter.com\/kluck","twitter_misc":{"Verfasst von":"Guido Kluck, LL.M.","Gesch\u00e4tzte Lesezeit":"4\u00a0Minuten"},"schema":{"@context":"https:\/\/schema.org","@graph":[{"@type":"WebPage","@id":"https:\/\/www.legalsmart.de\/blog\/muss-man-einen-impfnachweis-oder-corona-test-bei-einer-veranstaltung-vorlegen\/","url":"https:\/\/www.legalsmart.de\/blog\/muss-man-einen-impfnachweis-oder-corona-test-bei-einer-veranstaltung-vorlegen\/","name":"Muss man einen Impfnachweis oder Corona-Test bei einer Veranstaltung vorlegen? | LEGAL SMART Online Blog","isPartOf":{"@id":"https:\/\/www.legalsmart.de\/blog\/#website"},"datePublished":"2020-12-04T09:00:00+00:00","author":{"@id":"https:\/\/www.legalsmart.de\/blog\/#\/schema\/person\/0869c669bccbe2e56b149b214913b000"},"description":"Viele fragen sich, ob demn\u00e4chst Veranstalter einen Impfnachweis und\/ oder einen negativen Corona-Test zur Einlassbedingung machen k\u00f6nnten.","breadcrumb":{"@id":"https:\/\/www.legalsmart.de\/blog\/muss-man-einen-impfnachweis-oder-corona-test-bei-einer-veranstaltung-vorlegen\/#breadcrumb"},"inLanguage":"de","potentialAction":[{"@type":"ReadAction","target":["https:\/\/www.legalsmart.de\/blog\/muss-man-einen-impfnachweis-oder-corona-test-bei-einer-veranstaltung-vorlegen\/"]}]},{"@type":"BreadcrumbList","@id":"https:\/\/www.legalsmart.de\/blog\/muss-man-einen-impfnachweis-oder-corona-test-bei-einer-veranstaltung-vorlegen\/#breadcrumb","itemListElement":[{"@type":"ListItem","position":1,"name":"Startseite","item":"https:\/\/www.legalsmart.de\/blog\/"},{"@type":"ListItem","position":2,"name":"Muss man einen Impfnachweis oder Corona-Test bei einer Veranstaltung vorlegen?"}]},{"@type":"WebSite","@id":"https:\/\/www.legalsmart.de\/blog\/#website","url":"https:\/\/www.legalsmart.de\/blog\/","name":"LEGAL SMART Online Blog","description":"Die innovative Kanzlei","potentialAction":[{"@type":"SearchAction","target":{"@type":"EntryPoint","urlTemplate":"https:\/\/www.legalsmart.de\/blog\/?s={search_term_string}"},"query-input":{"@type":"PropertyValueSpecification","valueRequired":true,"valueName":"search_term_string"}}],"inLanguage":"de"},{"@type":"Person","@id":"https:\/\/www.legalsmart.de\/blog\/#\/schema\/person\/0869c669bccbe2e56b149b214913b000","name":"Guido Kluck, LL.M.","image":{"@type":"ImageObject","inLanguage":"de","@id":"https:\/\/www.legalsmart.de\/blog\/#\/schema\/person\/image\/","url":"https:\/\/www.legalsmart.de\/blog\/wp-content\/uploads\/2018\/09\/cropped-IMG_2698-e1535879860494-96x96.jpg","contentUrl":"https:\/\/www.legalsmart.de\/blog\/wp-content\/uploads\/2018\/09\/cropped-IMG_2698-e1535879860494-96x96.jpg","caption":"Guido Kluck, LL.M."},"description":"Rechtsanwalt Guido Kluck LL.M. ist Partner der Kanzlei LEGAL SMART am Standort Berlin. Er ist Ansprechpartner f\u00fcr das Recht der neuen Medien sowie f\u00fcr die Bereiche Wettbewerbsrecht, Markenrecht, Urheberrecht, IT-Recht, Vertragsrecht und das Datenschutzrecht (DSGVO).","sameAs":["https:\/\/legalsmart.de\/team_kluck.php","https:\/\/www.facebook.com\/guido.kluck","https:\/\/x.com\/https:\/\/twitter.com\/kluck"]}]}},"_links":{"self":[{"href":"https:\/\/www.legalsmart.de\/blog\/wp-json\/wp\/v2\/posts\/9328","targetHints":{"allow":["GET"]}}],"collection":[{"href":"https:\/\/www.legalsmart.de\/blog\/wp-json\/wp\/v2\/posts"}],"about":[{"href":"https:\/\/www.legalsmart.de\/blog\/wp-json\/wp\/v2\/types\/post"}],"author":[{"embeddable":true,"href":"https:\/\/www.legalsmart.de\/blog\/wp-json\/wp\/v2\/users\/1"}],"replies":[{"embeddable":true,"href":"https:\/\/www.legalsmart.de\/blog\/wp-json\/wp\/v2\/comments?post=9328"}],"version-history":[{"count":2,"href":"https:\/\/www.legalsmart.de\/blog\/wp-json\/wp\/v2\/posts\/9328\/revisions"}],"predecessor-version":[{"id":9331,"href":"https:\/\/www.legalsmart.de\/blog\/wp-json\/wp\/v2\/posts\/9328\/revisions\/9331"}],"wp:attachment":[{"href":"https:\/\/www.legalsmart.de\/blog\/wp-json\/wp\/v2\/media?parent=9328"}],"wp:term":[{"taxonomy":"category","embeddable":true,"href":"https:\/\/www.legalsmart.de\/blog\/wp-json\/wp\/v2\/categories?post=9328"},{"taxonomy":"post_tag","embeddable":true,"href":"https:\/\/www.legalsmart.de\/blog\/wp-json\/wp\/v2\/tags?post=9328"}],"curies":[{"name":"wp","href":"https:\/\/api.w.org\/{rel}","templated":true}]}}