{"id":9335,"date":"2020-12-07T10:00:00","date_gmt":"2020-12-07T09:00:00","guid":{"rendered":"https:\/\/www.legalsmart.de\/blog\/?p=9335"},"modified":"2020-12-07T08:59:48","modified_gmt":"2020-12-07T07:59:48","slug":"resturlaub-im-corona-jahr-2020","status":"publish","type":"post","link":"https:\/\/www.legalsmart.de\/blog\/resturlaub-im-corona-jahr-2020\/","title":{"rendered":"Resturlaub im Corona-Jahr 2020"},"content":{"rendered":"\n<p>Es ist wieder Jahresende und daher stellen sich viele Arbeitnehmer die Frage, was aus den noch offenen Urlaubstagen werden soll. Arbeitsrecht gilt auch in Corona-Zeiten!<\/p>\n\n\n\n<p>Viele Gerichte m\u00fcssen sich seit Jahren vermehrt mit Fragen rund zum Thema Urlaub besch\u00e4ftigen. Darunter sind auch der Europ\u00e4ische Gerichtshof (EuGH) und das Bundesarbeitsgericht.<\/p>\n\n\n\n<p>Hintergrund sind oft die verschiedenen Interessen zwischen Arbeitgeber und Arbeitnehmer, die beim Thema Urlaub aufeinandertreffen.<\/p>\n\n\n\n<p>Arbeitgeber m\u00f6chten den Jahresurlaub am Ende eines jeden Jahres gerne aufgebraucht sehen, Arbeitnehmr hingegen w\u00fcrden ihren Urlaub lieber f\u00fcr bestimmte Zeiten aufsparen und erst aufbrauchen, wenn sie ihn wirklich ben\u00f6tigen (Kita- und Schulschlie\u00dfungen, besseres Wetter).<\/p>\n\n\n\n<p>Hier bedarf es nun eines Blicks in das Bundesurlaubsgesetz (BUrlG).<\/p>\n\n\n\n<p>Wir erkl\u00e4ren wir Ihnen alles was Sie zu Ihrem Urlaubsanspruch wissen m\u00fcssen!<\/p>\n\n\n\n<h2 class=\"wp-block-heading\"><strong>Kann bereits genehmigter Urlaub zur\u00fcckgenommen werden?<\/strong><\/h2>\n\n\n\n<p>Ist der Urlaub vom Arbeitgeber genehmigt worden, k\u00f6nnen Arbeitnehmer ihn nicht mehr einseitig zur\u00fccknehmen. Der Urlaub dient Erholungszwecken und hat nichts mit einer Reise zu tun, denn erholen kann man sich auch zu Hause.&nbsp;<\/p>\n\n\n\n<p>Jedoch ist eine \u00c4nderung des Urlaubszeitpunkts immer nach Absprache mit Ihrem Arbeitgeber m\u00f6glich.&nbsp;<\/p>\n\n\n\n<p><strong>Rechtstipp f\u00fcr Arbeitgeber:<\/strong>&nbsp;sobald Sie einem Arbeitnehmer die R\u00fccknahme von bereits genehmigten Urlaub gestatten, d\u00fcrfen Sie nach dem sog. Gleichbehandlungsgrundsatz nicht grundlos von dieser Praxis abweichen.&nbsp;<\/p>\n\n\n\n<h2 class=\"wp-block-heading\"><strong>Kann man den Urlaub wegen Corona auf das kommende Jahr \u00fcbertragen?<\/strong><\/h2>\n\n\n\n<p>Hier gen\u00fcgt ein Blick in das Bundesurlaubsgesetz, um die Frage zu beantworten.&nbsp;<\/p>\n\n\n\n<p><a href=\"https:\/\/dejure.org\/gesetze\/BUrlG\/7.html\" title=\"&sect; 7 BUrlG: Zeitpunkt, &Uuml;bertragbarkeit und Abgeltung des Urlaubs\">\u00a7 7 Abs. 3 BUrlG<\/a>: \u201e<em>Der Urlaub mu\u00df&nbsp;<\/em><strong><em>im laufenden Kalenderjahr gew\u00e4hrt und genommen werden.<\/em><\/strong><em>&nbsp;Eine \u00dcbertragung des Urlaubs auf das n\u00e4chste Kalenderjahr ist nur statthaft, wenn dringende betriebliche oder in der Person des Arbeitnehmers liegende Gr\u00fcnde dies rechtfertigen.&nbsp;<\/em><\/p>\n\n\n\n<p><strong>Rechtstipp<\/strong>: nach der Rechtsprechung muss der Arbeitgeber seiner Hinweispflicht nachkommen und den Arbeitnehmer auffordern seinen Urlaub zu nehmen. Erst danach k\u00f6nnte der Urlaub mit Ablauf des Jahres erl\u00f6schen.&nbsp;<\/p>\n\n\n\n<p>Auch auf die Frage, ob man Urlaub ansparen kann, um ihn f\u00fcr die Betreuung der Kinder bei einem m\u00f6glichen Lock-Down im Jahr 2021 aufzubrauchen, kann nach oben verwiesen werden. Nach \u00a7 7 Abs. 3 S.2&nbsp;&nbsp;BUrlG gilt, dass eine \u00dcbertragung des Urlaubs auf das n\u00e4chste Kalenderjahr nur statthaft ist, wenn dringende betriebliche oder in der Person des Arbeitnehmers liegende Gr\u00fcnde dies rechtfertigen.&nbsp;<\/p>\n\n\n\n<p><strong>\u00dcbrigens<\/strong>: Im Fall der \u00dcbertragung muss der Urlaub&nbsp;<strong>in den ersten drei Monaten<\/strong>&nbsp;des folgenden Kalenderjahrs gew\u00e4hrt und genommen werden! (<a href=\"https:\/\/dejure.org\/gesetze\/BUrlG\/7.html\" title=\"&sect; 7 BUrlG: Zeitpunkt, &Uuml;bertragbarkeit und Abgeltung des Urlaubs\">\u00a7 7 Abs. 3 S. 3 BUrlG<\/a>).<\/p>\n\n\n\n<h2 class=\"wp-block-heading\"><strong>Kann man Pandemie-bedingt in \u201eZwangs-Urlaub\u201c geschickt werden?<\/strong><\/h2>\n\n\n\n<p>Das Bundesurlaubsgesetz spricht davon, dass der Arbeitgeber den Urlaub \u201egew\u00e4hrt\u201c. (\u00a7\u00a7 6 Abs. 1 und 2, \u00a7 7 Abs. 2&nbsp;&nbsp;ff. BUrlG)<\/p>\n\n\n\n<p>Der Gesetzgeber schlie\u00dft jedenfalls nicht komplett aus, dass der Arbeitgeber Urlaub nicht anzuordnen hat. Jedoch geht aus \u00a7 7 Abs. 1 deutlich hervor, dass bei der zeitlichen Festlegung des Urlaubs die Urlaubsw\u00fcnsche des Arbeitnehmers zu ber\u00fccksichtigen sind. Ein \u201eZwangs-Urlaub\u201c ist also nach BUrlG nicht m\u00f6glich.<\/p>\n\n\n\n<p>Ausnahmen w\u00e4ren nur bei dringenden betrieblichen Belangen oder Urlaubsw\u00fcnschen anderer Arbeitnehmer, die unter sozialen Gesichtspunkten den Vorrang verdienen, m\u00f6glich.&nbsp;<\/p>\n\n\n\n<p><strong>Rechtstipp<\/strong>: Der Urlaub ist aber zu gew\u00e4hren, wenn der Arbeitnehmer dies im Anschlu\u00df an eine Ma\u00dfnahme der medizinischen Vorsorge oder Rehabilitation verlangt!<\/p>\n\n\n\n<h2 class=\"wp-block-heading\"><strong>Und wie sieht es aus bei Kurzarbeit-Null?<\/strong><\/h2>\n\n\n\n<p>Grunds\u00e4tzlich kann Urlaub auch in der Kurzarbeit beantragt und gew\u00e4hrt werden. Der Verdienst wird w\u00e4hrend des Urlaubs in voller H\u00f6he ausgezahlt, auch wenn das Gehalt durch die Kurzarbeit momentan reduziert ist. Dies ist in <a href=\"https:\/\/dejure.org\/gesetze\/BUrlG\/11.html\" title=\"&sect; 11 BUrlG: Urlaubsentgelt\">\u00a7 11 Abs. 1 S. 3<\/a> Bundesurlaubsgesetz (BUrlG) geregelt. Allerdings hat der EuGH entschieden (Urt. v. 13.12.2018 \u2013&nbsp;<a href=\"https:\/\/dejure.org\/dienste\/vernetzung\/rechtsprechung?Text=C-385\/17\">C-385\/17<\/a>), dass bei Kurzarbeit, bei der gar nicht mehr gearbeitet wird (Kurzarbeit-Null), die Urlaubsanspr\u00fcche des Arbeitnehmers in dieser Zeit ebenfalls reduziert werden k\u00f6nnen. Dies gilt auch bei einem Ruhen des Arbeitsverh\u00e4ltnisses aus anderen Gr\u00fcnden (BAG, Urt. v. 19.03.2019 \u2013 <a href=\"https:\/\/dejure.org\/dienste\/vernetzung\/rechtsprechung?Text=9%20AZR%20315\/17\" title=\"BAG, 19.03.2019 - 9 AZR 315\/17: Gesetzlicher Urlaubsanspruch - unbezahlter Sonderurlaub\">9 AZR 315\/17<\/a>).<\/p>\n\n\n\n<p><strong>Kurz<\/strong>: bei der Kurzarbeit \u201eNull\u201c hat der Arbeitnehmer \u00fcber die gesamte Arbeitszeit Kurzarbeit. Es bleibt also keine Arbeitszeit mehr \u00fcbrig, die mit Urlaub als Erholungszweck aufzuwiegen ist. Der Urlaub kann also nicht gew\u00e4hrt werden, wenn sowieso keine Arbeitspflicht mehr besteht.&nbsp;<\/p>\n\n\n\n<p>Sie haben Fragen zum Thema Arbeitsrecht und Urlaub? Melden Sie sich bei uns! Unser spezialisiertes Team wird Ihnen schnell und unkompliziert weiterhelfen.<\/p>\n\n\n\n<h2 class=\"wp-block-heading\">Fazit<\/h2>\n\n\n\n<p>Das Arbeitsrecht und das Bundesurlaubsgesetz sind zwei stark reglementierte Bereiche. Dennoch sind viele Punkte dispositiv und nach R\u00fccksprache und Genehmigung des Arbeitgebers m\u00f6glich. So kann der Urlaub mit ins neue Jahr genommen werden, wenn es der Arbeitgeber genehmigt, und auch bereits genehmigter Urlaub kann, noch R\u00fccksprache mit Ihrem Chef, wieder ver\u00e4ndert werden.&nbsp;<\/p>\n\n\n\n<p>Hier empfiehlt es sich einfach an den Arbeitgeber heranzutreten und die Sachlage zu erkl\u00e4ren. Wenn Sie schl\u00fcssig erl\u00e4utern, wieso eine \u00c4nderung f\u00fcr Sie wichtig w\u00e4re, wird der Arbeitgeber ein offenes Ohr daf\u00fcr haben.<\/p>\n\n\n\n<p>Lesen Sie auch unseren Artikel zum Thema: \u201e<a href=\"https:\/\/www.legalsmart.de\/blog\/coronavirus-und-urlaubsansprueche\/\" target=\"_blank\" rel=\"noreferrer noopener\" aria-label=\"Coronavirus und Urlaubsanspr\u00fcche (\u00f6ffnet in neuem Tab)\">Coronavirus und Urlaubsanspr\u00fcche<\/a>\u201c&nbsp;<\/p>\n","protected":false},"excerpt":{"rendered":"<p>Es ist wieder Jahresende und daher stellen sich viele Arbeitnehmer die Frage, was aus den noch offenen Urlaubstagen werden soll. Arbeitsrecht gilt auch in Corona-Zeiten! Viele Gerichte m\u00fcssen sich seit Jahren vermehrt mit Fragen rund zum Thema Urlaub besch\u00e4ftigen. Darunter sind auch der Europ\u00e4ische Gerichtshof (EuGH) und das Bundesarbeitsgericht. Hintergrund sind oft die verschiedenen Interessen [&hellip;]<\/p>\n","protected":false},"author":1,"featured_media":0,"comment_status":"open","ping_status":"open","sticky":false,"template":"","format":"standard","meta":{"footnotes":""},"categories":[1,4,5],"tags":[6670,6858,6856,6855,6861,5948,6857,6860,6859,3053,3505],"class_list":["post-9335","post","type-post","status-publish","format-standard","hentry","category-allgemein","category-allgemeines","category-arbeitsrecht","tag--7-burlg","tag--8-burlg","tag-6856","tag-6855","tag-9-azr-315-17","tag-corona","tag-genehmigter-urlaub","tag-gleichbehandlungsgrundsatz","tag-kurzarbeit-null","tag-resturlaub","tag-ubertragung"],"yoast_head":"<!-- This site is optimized with the Yoast SEO plugin v25.8 - https:\/\/yoast.com\/wordpress\/plugins\/seo\/ -->\n<title>Resturlaub im Corona-Jahr 2020 | LEGAL SMART Online Blog<\/title>\n<meta name=\"description\" content=\"Es ist wieder Jahresende, daher stellt sich die Frage, was aus noch offenen Urlaubstagen wird? Arbeitsrecht gilt auch in Corona-Zeiten!\" \/>\n<meta name=\"robots\" content=\"index, follow, max-snippet:-1, max-image-preview:large, max-video-preview:-1\" \/>\n<link rel=\"canonical\" href=\"https:\/\/www.legalsmart.de\/blog\/resturlaub-im-corona-jahr-2020\/\" \/>\n<meta property=\"og:locale\" content=\"de_DE\" \/>\n<meta property=\"og:type\" content=\"article\" \/>\n<meta property=\"og:title\" content=\"Resturlaub im Corona-Jahr 2020 | LEGAL SMART Online Blog\" \/>\n<meta property=\"og:description\" content=\"Es ist wieder Jahresende, daher stellt sich die Frage, was aus noch offenen Urlaubstagen wird? Arbeitsrecht gilt auch in Corona-Zeiten!\" \/>\n<meta property=\"og:url\" content=\"https:\/\/www.legalsmart.de\/blog\/resturlaub-im-corona-jahr-2020\/\" \/>\n<meta property=\"og:site_name\" content=\"LEGAL SMART Online Blog\" \/>\n<meta property=\"article:author\" content=\"https:\/\/www.facebook.com\/guido.kluck\" \/>\n<meta property=\"article:published_time\" content=\"2020-12-07T09:00:00+00:00\" \/>\n<meta name=\"author\" content=\"Guido Kluck, LL.M.\" \/>\n<meta name=\"twitter:card\" content=\"summary_large_image\" \/>\n<meta name=\"twitter:creator\" content=\"@https:\/\/twitter.com\/kluck\" \/>\n<meta name=\"twitter:label1\" content=\"Verfasst von\" \/>\n\t<meta name=\"twitter:data1\" content=\"Guido Kluck, LL.M.\" \/>\n\t<meta name=\"twitter:label2\" content=\"Gesch\u00e4tzte Lesezeit\" \/>\n\t<meta name=\"twitter:data2\" content=\"4\u00a0Minuten\" \/>\n<script type=\"application\/ld+json\" class=\"yoast-schema-graph\">{\"@context\":\"https:\/\/schema.org\",\"@graph\":[{\"@type\":\"WebPage\",\"@id\":\"https:\/\/www.legalsmart.de\/blog\/resturlaub-im-corona-jahr-2020\/\",\"url\":\"https:\/\/www.legalsmart.de\/blog\/resturlaub-im-corona-jahr-2020\/\",\"name\":\"Resturlaub im Corona-Jahr 2020 | LEGAL SMART Online Blog\",\"isPartOf\":{\"@id\":\"https:\/\/www.legalsmart.de\/blog\/#website\"},\"datePublished\":\"2020-12-07T09:00:00+00:00\",\"author\":{\"@id\":\"https:\/\/www.legalsmart.de\/blog\/#\/schema\/person\/0869c669bccbe2e56b149b214913b000\"},\"description\":\"Es ist wieder Jahresende, daher stellt sich die Frage, was aus noch offenen Urlaubstagen wird? Arbeitsrecht gilt auch in Corona-Zeiten!\",\"breadcrumb\":{\"@id\":\"https:\/\/www.legalsmart.de\/blog\/resturlaub-im-corona-jahr-2020\/#breadcrumb\"},\"inLanguage\":\"de\",\"potentialAction\":[{\"@type\":\"ReadAction\",\"target\":[\"https:\/\/www.legalsmart.de\/blog\/resturlaub-im-corona-jahr-2020\/\"]}]},{\"@type\":\"BreadcrumbList\",\"@id\":\"https:\/\/www.legalsmart.de\/blog\/resturlaub-im-corona-jahr-2020\/#breadcrumb\",\"itemListElement\":[{\"@type\":\"ListItem\",\"position\":1,\"name\":\"Startseite\",\"item\":\"https:\/\/www.legalsmart.de\/blog\/\"},{\"@type\":\"ListItem\",\"position\":2,\"name\":\"Resturlaub im Corona-Jahr 2020\"}]},{\"@type\":\"WebSite\",\"@id\":\"https:\/\/www.legalsmart.de\/blog\/#website\",\"url\":\"https:\/\/www.legalsmart.de\/blog\/\",\"name\":\"LEGAL SMART Online Blog\",\"description\":\"Die innovative Kanzlei\",\"potentialAction\":[{\"@type\":\"SearchAction\",\"target\":{\"@type\":\"EntryPoint\",\"urlTemplate\":\"https:\/\/www.legalsmart.de\/blog\/?s={search_term_string}\"},\"query-input\":{\"@type\":\"PropertyValueSpecification\",\"valueRequired\":true,\"valueName\":\"search_term_string\"}}],\"inLanguage\":\"de\"},{\"@type\":\"Person\",\"@id\":\"https:\/\/www.legalsmart.de\/blog\/#\/schema\/person\/0869c669bccbe2e56b149b214913b000\",\"name\":\"Guido Kluck, LL.M.\",\"image\":{\"@type\":\"ImageObject\",\"inLanguage\":\"de\",\"@id\":\"https:\/\/www.legalsmart.de\/blog\/#\/schema\/person\/image\/\",\"url\":\"https:\/\/www.legalsmart.de\/blog\/wp-content\/uploads\/2018\/09\/cropped-IMG_2698-e1535879860494-96x96.jpg\",\"contentUrl\":\"https:\/\/www.legalsmart.de\/blog\/wp-content\/uploads\/2018\/09\/cropped-IMG_2698-e1535879860494-96x96.jpg\",\"caption\":\"Guido Kluck, LL.M.\"},\"description\":\"Rechtsanwalt Guido Kluck LL.M. ist Partner der Kanzlei LEGAL SMART am Standort Berlin. Er ist Ansprechpartner f\u00fcr das Recht der neuen Medien sowie f\u00fcr die Bereiche Wettbewerbsrecht, Markenrecht, Urheberrecht, IT-Recht, Vertragsrecht und das Datenschutzrecht (DSGVO).\",\"sameAs\":[\"https:\/\/legalsmart.de\/team_kluck.php\",\"https:\/\/www.facebook.com\/guido.kluck\",\"https:\/\/x.com\/https:\/\/twitter.com\/kluck\"]}]}<\/script>\n<!-- \/ Yoast SEO plugin. -->","yoast_head_json":{"title":"Resturlaub im Corona-Jahr 2020 | LEGAL SMART Online Blog","description":"Es ist wieder Jahresende, daher stellt sich die Frage, was aus noch offenen Urlaubstagen wird? Arbeitsrecht gilt auch in Corona-Zeiten!","robots":{"index":"index","follow":"follow","max-snippet":"max-snippet:-1","max-image-preview":"max-image-preview:large","max-video-preview":"max-video-preview:-1"},"canonical":"https:\/\/www.legalsmart.de\/blog\/resturlaub-im-corona-jahr-2020\/","og_locale":"de_DE","og_type":"article","og_title":"Resturlaub im Corona-Jahr 2020 | LEGAL SMART Online Blog","og_description":"Es ist wieder Jahresende, daher stellt sich die Frage, was aus noch offenen Urlaubstagen wird? Arbeitsrecht gilt auch in Corona-Zeiten!","og_url":"https:\/\/www.legalsmart.de\/blog\/resturlaub-im-corona-jahr-2020\/","og_site_name":"LEGAL SMART Online Blog","article_author":"https:\/\/www.facebook.com\/guido.kluck","article_published_time":"2020-12-07T09:00:00+00:00","author":"Guido Kluck, LL.M.","twitter_card":"summary_large_image","twitter_creator":"@https:\/\/twitter.com\/kluck","twitter_misc":{"Verfasst von":"Guido Kluck, LL.M.","Gesch\u00e4tzte Lesezeit":"4\u00a0Minuten"},"schema":{"@context":"https:\/\/schema.org","@graph":[{"@type":"WebPage","@id":"https:\/\/www.legalsmart.de\/blog\/resturlaub-im-corona-jahr-2020\/","url":"https:\/\/www.legalsmart.de\/blog\/resturlaub-im-corona-jahr-2020\/","name":"Resturlaub im Corona-Jahr 2020 | LEGAL SMART Online Blog","isPartOf":{"@id":"https:\/\/www.legalsmart.de\/blog\/#website"},"datePublished":"2020-12-07T09:00:00+00:00","author":{"@id":"https:\/\/www.legalsmart.de\/blog\/#\/schema\/person\/0869c669bccbe2e56b149b214913b000"},"description":"Es ist wieder Jahresende, daher stellt sich die Frage, was aus noch offenen Urlaubstagen wird? Arbeitsrecht gilt auch in Corona-Zeiten!","breadcrumb":{"@id":"https:\/\/www.legalsmart.de\/blog\/resturlaub-im-corona-jahr-2020\/#breadcrumb"},"inLanguage":"de","potentialAction":[{"@type":"ReadAction","target":["https:\/\/www.legalsmart.de\/blog\/resturlaub-im-corona-jahr-2020\/"]}]},{"@type":"BreadcrumbList","@id":"https:\/\/www.legalsmart.de\/blog\/resturlaub-im-corona-jahr-2020\/#breadcrumb","itemListElement":[{"@type":"ListItem","position":1,"name":"Startseite","item":"https:\/\/www.legalsmart.de\/blog\/"},{"@type":"ListItem","position":2,"name":"Resturlaub im Corona-Jahr 2020"}]},{"@type":"WebSite","@id":"https:\/\/www.legalsmart.de\/blog\/#website","url":"https:\/\/www.legalsmart.de\/blog\/","name":"LEGAL SMART Online Blog","description":"Die innovative Kanzlei","potentialAction":[{"@type":"SearchAction","target":{"@type":"EntryPoint","urlTemplate":"https:\/\/www.legalsmart.de\/blog\/?s={search_term_string}"},"query-input":{"@type":"PropertyValueSpecification","valueRequired":true,"valueName":"search_term_string"}}],"inLanguage":"de"},{"@type":"Person","@id":"https:\/\/www.legalsmart.de\/blog\/#\/schema\/person\/0869c669bccbe2e56b149b214913b000","name":"Guido Kluck, LL.M.","image":{"@type":"ImageObject","inLanguage":"de","@id":"https:\/\/www.legalsmart.de\/blog\/#\/schema\/person\/image\/","url":"https:\/\/www.legalsmart.de\/blog\/wp-content\/uploads\/2018\/09\/cropped-IMG_2698-e1535879860494-96x96.jpg","contentUrl":"https:\/\/www.legalsmart.de\/blog\/wp-content\/uploads\/2018\/09\/cropped-IMG_2698-e1535879860494-96x96.jpg","caption":"Guido Kluck, LL.M."},"description":"Rechtsanwalt Guido Kluck LL.M. ist Partner der Kanzlei LEGAL SMART am Standort Berlin. Er ist Ansprechpartner f\u00fcr das Recht der neuen Medien sowie f\u00fcr die Bereiche Wettbewerbsrecht, Markenrecht, Urheberrecht, IT-Recht, Vertragsrecht und das Datenschutzrecht (DSGVO).","sameAs":["https:\/\/legalsmart.de\/team_kluck.php","https:\/\/www.facebook.com\/guido.kluck","https:\/\/x.com\/https:\/\/twitter.com\/kluck"]}]}},"_links":{"self":[{"href":"https:\/\/www.legalsmart.de\/blog\/wp-json\/wp\/v2\/posts\/9335","targetHints":{"allow":["GET"]}}],"collection":[{"href":"https:\/\/www.legalsmart.de\/blog\/wp-json\/wp\/v2\/posts"}],"about":[{"href":"https:\/\/www.legalsmart.de\/blog\/wp-json\/wp\/v2\/types\/post"}],"author":[{"embeddable":true,"href":"https:\/\/www.legalsmart.de\/blog\/wp-json\/wp\/v2\/users\/1"}],"replies":[{"embeddable":true,"href":"https:\/\/www.legalsmart.de\/blog\/wp-json\/wp\/v2\/comments?post=9335"}],"version-history":[{"count":2,"href":"https:\/\/www.legalsmart.de\/blog\/wp-json\/wp\/v2\/posts\/9335\/revisions"}],"predecessor-version":[{"id":9337,"href":"https:\/\/www.legalsmart.de\/blog\/wp-json\/wp\/v2\/posts\/9335\/revisions\/9337"}],"wp:attachment":[{"href":"https:\/\/www.legalsmart.de\/blog\/wp-json\/wp\/v2\/media?parent=9335"}],"wp:term":[{"taxonomy":"category","embeddable":true,"href":"https:\/\/www.legalsmart.de\/blog\/wp-json\/wp\/v2\/categories?post=9335"},{"taxonomy":"post_tag","embeddable":true,"href":"https:\/\/www.legalsmart.de\/blog\/wp-json\/wp\/v2\/tags?post=9335"}],"curies":[{"name":"wp","href":"https:\/\/api.w.org\/{rel}","templated":true}]}}