{"id":9339,"date":"2020-12-08T10:00:00","date_gmt":"2020-12-08T09:00:00","guid":{"rendered":"https:\/\/www.legalsmart.de\/blog\/?p=9339"},"modified":"2020-12-08T10:24:11","modified_gmt":"2020-12-08T09:24:11","slug":"wer-haftet-fuer-geparkte-e-scooter","status":"publish","type":"post","link":"https:\/\/www.legalsmart.de\/blog\/wer-haftet-fuer-geparkte-e-scooter\/","title":{"rendered":"Wer haftet f\u00fcr geparkte E-Scooter?"},"content":{"rendered":"\n<p>E-Scooter sollen f\u00fcr umweltfreundliche Mobilit\u00e4t sorgen. Leider b\u00fcrgen sie auch viele Gefahren im Stra\u00dfenverkehr. Ein E-Scooter-Unfall zeigte gef\u00e4hrliche Gesetzesl\u00fccken.<\/p>\n\n\n\n<p>Wir berichten Ihnen in diesem Artikel alles zum Thema \u201eSchuldfrage\u201c bei E- Scooter-Unf\u00e4llen.<\/p>\n\n\n\n<h2 class=\"wp-block-heading\"><strong>Wer darf E-Scooter nutzen?<\/strong><\/h2>\n\n\n\n<p>Zum F\u00fchren eines Elektrokleinstfahrzeugs sind Personen berechtigt, die das 14. Lebensjahr vollendet haben. Eine Mofa-Pr\u00fcfbescheinigung oder eine Helmpflicht gibt es nicht. Vorgeschrieben ist eine Haftpflichtversicherung samt Versicherungsaufkleber mit Anti-F\u00e4lschungs-Hologramm hinten am Fahrzeug. Bei der Nutzung der Ger\u00e4te auf Radwegen bzw. \u00f6ffentlichen Stra\u00dfen ergeben sich haftungsrechtlich relevante Fragen. Von besonderem Interesse d\u00fcrfte dabei die Haftung des Fahrers und des Halters sein, wenn es zu einem Unfall kommt.<\/p>\n\n\n\n<h2 class=\"wp-block-heading\"><strong>Stra\u00dfenverkehrsrechtliche Einordnung von E-Scootern<\/strong><\/h2>\n\n\n\n<p>Bei E-Scootern handelt es sich gem. \u00a7 1 Abs. 1 Nur. 1 eKFV um ein KFZ. Anders sieht es zB. bei E-Bikes aus, die kein KFZ darstellend. Haftungsrechtlich hat dieser Unterschied aber keine Bedeutung. Das f\u00fcr Kfz geltende Haftungsregime der <a href=\"https:\/\/dejure.org\/gesetze\/StVG\/7.html\" title=\"&sect; 7 StVG: Haftung des Halters, Schwarzfahrt\">\u00a7\u00a7 7<\/a>, <a href=\"https:\/\/dejure.org\/gesetze\/StVG\/18.html\" title=\"&sect; 18 StVG: Ersatzpflicht des Fahrzeugf&uuml;hrers\">18 StVG<\/a> findet wegen <a href=\"https:\/\/dejure.org\/gesetze\/StVG\/8.html\" title=\"&sect; 8 StVG: Ausnahmen\">\u00a7 8 Nr. 1 StVG<\/a> keine Anwendung auf E-Scooter.&nbsp;<\/p>\n\n\n\n<p>Eine Haftung f\u00fcr Personen- oder Sachsch\u00e4den bestimmt sich daher nach <a href=\"https:\/\/dejure.org\/gesetze\/BGB\/823.html\" title=\"&sect; 823 BGB: Schadensersatzpflicht\">\u00a7 823 Abs. 1 BGB<\/a>. Danach k\u00f6nnen sowohl Halter als auch Fahrer f\u00fcr das \u201eInverkehrbringen\u201c einer Gefahrenquelle haften. Es k\u00f6nnte auch eine Haftung nach <a href=\"https:\/\/dejure.org\/gesetze\/BGB\/823.html\" title=\"&sect; 823 BGB: Schadensersatzpflicht\">\u00a7 823 Abs. 2 BGB<\/a> iVm \u00a7 11 eKFV oder <a href=\"https:\/\/dejure.org\/gesetze\/StVO\/5.html\" title=\"&sect; 5 StVO: &Uuml;berholen\">\u00a7 5 StVO<\/a> in Betracht kommen. Diese Haftung k\u00e4me vor allem f\u00fcr Fahrer in Betracht. F\u00fcr Halter und Eigent\u00fcmer k\u00f6nnte eine Haftung wegen Verletzung einer Verkehrssicherungspflicht in Betracht kommen. \u00a7 11 eKFV stellt Verhaltensregeln auf, die insbesondere den Vorrang von Fu\u00dfg\u00e4ngern vorsehen bzw. die Anpassung und R\u00fccksichtnahme an den Rad- bzw. Fu\u00dfg\u00e4ngerverkehr. Beide Tatbest\u00e4nde setzen jedoch Verschulden voraus.<\/p>\n\n\n\n<h2 class=\"wp-block-heading\"><strong>Unf\u00e4lle durch E-Scooter<\/strong><\/h2>\n\n\n\n<p>In einem Fall ist ein von Geburt an blinder Mann \u00fcber zwei unsachgem\u00e4\u00df abgestellte E-Scooter auf dem Gehweg gefallen und hat sich einen Oberschenkelhalsbruch zugezogen. Die Scooter lagen beide auf dem Boden. Nach dem Unfall zeigte sich schnell, dass sich niemand f\u00fcr diesen Unfall verantwortlich f\u00fchlte. Weder die Verleihfirma oder die Haftpflichtversicherung der Verleihfirma, noch die Stadt, die die Betriebserlaubnis erteilt hat, wollten f\u00fcr den Schaden einstehen.\u00a0<\/p>\n\n\n\n<p>Die Verleihfirma sieht \u201ekeine Grundlage f\u00fcr die Haftung\u201c, da ein unbekannter Dritter \u201edie ordnungsgem\u00e4\u00df aufgestellten Roller umgesto\u00dfen habe\u201c. Auch die Haftpflichtversicherung der Verleihfirma \u00e4u\u00dferte sich wie folgt: \u201eWenn die Nutzer der E-Scooter diese ordnungsgem\u00e4\u00df abgestellt haben, kann das sp\u00e4tere Verhalten unbeteiligter Dritter dem Eigent\u00fcmer Voi nicht zugerechnet werden\u201c.<\/p>\n\n\n\n<p>Hier zeigt sich ein Problem: laut Gesetz ist weder die Versicherung noch der Halter f\u00fcr&nbsp;<strong>herumliegende E-Scooter<\/strong>&nbsp;zust\u00e4ndig. Wir sehen die Sachlage aber ganz nach dem Grundsatz des BGB, dass wenn jemand eine Gefahrenlage schafft, er f\u00fcr die daraus resultierenden Sch\u00e4den auch einstehen muss.&nbsp;<\/p>\n\n\n\n<h2 class=\"wp-block-heading\"><strong>Kritik&nbsp;<\/strong><\/h2>\n\n\n\n<p>Zu kritisieren ist, dass E-Scooter in Deutschland im Prinzip \u00fcberall auf dem Gehweg parken d\u00fcrfen. Das erh\u00f6ht das Gefahrenpotential f\u00fcr Unf\u00e4lle, so wie in diesem Fall.&nbsp;<\/p>\n\n\n\n<p>Der Gesetzgeber m\u00fcsste klare Regeln formulieren, damit es nicht zu einer so gravierenden Gesetzesl\u00fccke kommt. Auch wenn f\u00fcr das Unternehmen gerade die Verf\u00fcgbarkeit ein wichtiger Punkt des Gesch\u00e4ftsmodels ist, k\u00f6nnte man, ganz nach dem Vorbild von Bike-Sharing, fordern dass E-Scooter auf klar gekennzeichnete Fl\u00e4chen abgestellt werden m\u00fcssen.<\/p>\n\n\n\n<h2 class=\"wp-block-heading\"><strong>Fazit<\/strong><\/h2>\n\n\n\n<p>Mit der Erlaubnis von E-Scootern auf \u00f6ffentlichen Radwegen und Fahrbahnen ergeben sich diverse neue Haftungsrisiken. Es bleibt abzuwarten, ob das Verbot des Fahrens auf Gehwegen zumindest gewisse Verletzungsrisiken eind\u00e4mmt. Im \u00dcbrigen wird sich die Rechtsprechung mit Sicherheit sehr bald mit Fallkonstellationen, wie in diesem Artikel beschrieben, auseinandersetzen m\u00fcssen. <\/p>\n\n\n\n<p>Wer eine Gefahrenquelle schafft, muss auch verh\u00e4ltnism\u00e4\u00dfig Verantwortung tragen. Der Gesetzgeber hat aber noch keine klaren Regeln formuliert, zB wo E-Scooter aufgestellt werden d\u00fcrfen. Das schafft im Falle eines Unfalls gravierende gesetzgeberische L\u00fccken, sodass sich niemand f\u00fcr den Schaden verantwortlich f\u00fchlt und im Schadensfall immer auf den anderen verweisen wird.<\/p>\n\n\n\n<p>Das Gesch\u00e4ftsmodell hat sehr gro\u00dfes Potential, demnach sollte man hier auch klare Regelungen finden, damit das Konzept der st\u00e4ndigen Verf\u00fcgbarkeit bestehen bleiben kann. Eine Idee w\u00e4ren zB. gekennzeichnete Parkfl\u00e4chen f\u00fcr E-Scooter.<\/p>\n\n\n\n<p>Sie haben Fragen zum Thema Schadensersatz? Haben einen Unfall erlitten oder sind Unfallverursacher? Melden Sie sich bei uns! Unser junges Team hilft Ihnen schnell und unkompliziert weiter und ber\u00e4t Sie gern.<\/p>\n","protected":false},"excerpt":{"rendered":"<p>E-Scooter sollen f\u00fcr umweltfreundliche Mobilit\u00e4t sorgen. Leider b\u00fcrgen sie auch viele Gefahren im Stra\u00dfenverkehr. Ein E-Scooter-Unfall zeigte gef\u00e4hrliche Gesetzesl\u00fccken. Wir berichten Ihnen in diesem Artikel alles zum Thema \u201eSchuldfrage\u201c bei E- Scooter-Unf\u00e4llen. Wer darf E-Scooter nutzen? Zum F\u00fchren eines Elektrokleinstfahrzeugs sind Personen berechtigt, die das 14. Lebensjahr vollendet haben. Eine Mofa-Pr\u00fcfbescheinigung oder eine Helmpflicht gibt [&hellip;]<\/p>\n","protected":false},"author":1,"featured_media":0,"comment_status":"open","ping_status":"open","sticky":false,"template":"","format":"standard","meta":{"footnotes":""},"categories":[1,4,41],"tags":[6866,6864,6865,5696,5298,6867,6862,1846,1847,3546,6863],"class_list":["post-9339","post","type-post","status-publish","format-standard","hentry","category-allgemein","category-allgemeines","category-zivilrecht","tag--11-ekfv","tag--18-stvg","tag--7-stvg","tag--823-bgb","tag-e-scooter","tag-elektrokleinstfahrzeuge","tag-gesetzesluecke","tag-haftpflichtversicherung","tag-haftung","tag-unfall","tag-verleihfirma"],"yoast_head":"<!-- This site is optimized with the Yoast SEO plugin v25.8 - https:\/\/yoast.com\/wordpress\/plugins\/seo\/ -->\n<title>Wer haftet f\u00fcr geparkte E-Scooter? | LEGAL SMART Online Blog<\/title>\n<meta name=\"description\" content=\"E-Scooter sollen f\u00fcr umweltfreundliche Mobilit\u00e4t sorgen. Ein E-Scooter-Unfall zeigte gef\u00e4hrliche Gesetzesl\u00fccken, die der Gesetzgeber schlie\u00dfen muss.\" \/>\n<meta name=\"robots\" content=\"index, follow, max-snippet:-1, max-image-preview:large, max-video-preview:-1\" \/>\n<link rel=\"canonical\" href=\"https:\/\/www.legalsmart.de\/blog\/wer-haftet-fuer-geparkte-e-scooter\/\" \/>\n<meta property=\"og:locale\" content=\"de_DE\" \/>\n<meta property=\"og:type\" content=\"article\" \/>\n<meta property=\"og:title\" content=\"Wer haftet f\u00fcr geparkte E-Scooter? | LEGAL SMART Online Blog\" \/>\n<meta property=\"og:description\" content=\"E-Scooter sollen f\u00fcr umweltfreundliche Mobilit\u00e4t sorgen. Ein E-Scooter-Unfall zeigte gef\u00e4hrliche Gesetzesl\u00fccken, die der Gesetzgeber schlie\u00dfen muss.\" \/>\n<meta property=\"og:url\" content=\"https:\/\/www.legalsmart.de\/blog\/wer-haftet-fuer-geparkte-e-scooter\/\" \/>\n<meta property=\"og:site_name\" content=\"LEGAL SMART Online Blog\" \/>\n<meta property=\"article:author\" content=\"https:\/\/www.facebook.com\/guido.kluck\" \/>\n<meta property=\"article:published_time\" content=\"2020-12-08T09:00:00+00:00\" \/>\n<meta property=\"article:modified_time\" content=\"2020-12-08T09:24:11+00:00\" \/>\n<meta name=\"author\" content=\"Guido Kluck, LL.M.\" \/>\n<meta name=\"twitter:card\" content=\"summary_large_image\" \/>\n<meta name=\"twitter:creator\" content=\"@https:\/\/twitter.com\/kluck\" \/>\n<meta name=\"twitter:label1\" content=\"Verfasst von\" \/>\n\t<meta name=\"twitter:data1\" content=\"Guido Kluck, LL.M.\" \/>\n\t<meta name=\"twitter:label2\" content=\"Gesch\u00e4tzte Lesezeit\" \/>\n\t<meta name=\"twitter:data2\" content=\"4\u00a0Minuten\" \/>\n<script type=\"application\/ld+json\" class=\"yoast-schema-graph\">{\"@context\":\"https:\/\/schema.org\",\"@graph\":[{\"@type\":\"WebPage\",\"@id\":\"https:\/\/www.legalsmart.de\/blog\/wer-haftet-fuer-geparkte-e-scooter\/\",\"url\":\"https:\/\/www.legalsmart.de\/blog\/wer-haftet-fuer-geparkte-e-scooter\/\",\"name\":\"Wer haftet f\u00fcr geparkte E-Scooter? | LEGAL SMART Online Blog\",\"isPartOf\":{\"@id\":\"https:\/\/www.legalsmart.de\/blog\/#website\"},\"datePublished\":\"2020-12-08T09:00:00+00:00\",\"dateModified\":\"2020-12-08T09:24:11+00:00\",\"author\":{\"@id\":\"https:\/\/www.legalsmart.de\/blog\/#\/schema\/person\/0869c669bccbe2e56b149b214913b000\"},\"description\":\"E-Scooter sollen f\u00fcr umweltfreundliche Mobilit\u00e4t sorgen. Ein E-Scooter-Unfall zeigte gef\u00e4hrliche Gesetzesl\u00fccken, die der Gesetzgeber schlie\u00dfen muss.\",\"breadcrumb\":{\"@id\":\"https:\/\/www.legalsmart.de\/blog\/wer-haftet-fuer-geparkte-e-scooter\/#breadcrumb\"},\"inLanguage\":\"de\",\"potentialAction\":[{\"@type\":\"ReadAction\",\"target\":[\"https:\/\/www.legalsmart.de\/blog\/wer-haftet-fuer-geparkte-e-scooter\/\"]}]},{\"@type\":\"BreadcrumbList\",\"@id\":\"https:\/\/www.legalsmart.de\/blog\/wer-haftet-fuer-geparkte-e-scooter\/#breadcrumb\",\"itemListElement\":[{\"@type\":\"ListItem\",\"position\":1,\"name\":\"Startseite\",\"item\":\"https:\/\/www.legalsmart.de\/blog\/\"},{\"@type\":\"ListItem\",\"position\":2,\"name\":\"Wer haftet f\u00fcr geparkte E-Scooter?\"}]},{\"@type\":\"WebSite\",\"@id\":\"https:\/\/www.legalsmart.de\/blog\/#website\",\"url\":\"https:\/\/www.legalsmart.de\/blog\/\",\"name\":\"LEGAL SMART Online Blog\",\"description\":\"Die innovative Kanzlei\",\"potentialAction\":[{\"@type\":\"SearchAction\",\"target\":{\"@type\":\"EntryPoint\",\"urlTemplate\":\"https:\/\/www.legalsmart.de\/blog\/?s={search_term_string}\"},\"query-input\":{\"@type\":\"PropertyValueSpecification\",\"valueRequired\":true,\"valueName\":\"search_term_string\"}}],\"inLanguage\":\"de\"},{\"@type\":\"Person\",\"@id\":\"https:\/\/www.legalsmart.de\/blog\/#\/schema\/person\/0869c669bccbe2e56b149b214913b000\",\"name\":\"Guido Kluck, LL.M.\",\"image\":{\"@type\":\"ImageObject\",\"inLanguage\":\"de\",\"@id\":\"https:\/\/www.legalsmart.de\/blog\/#\/schema\/person\/image\/\",\"url\":\"https:\/\/www.legalsmart.de\/blog\/wp-content\/uploads\/2018\/09\/cropped-IMG_2698-e1535879860494-96x96.jpg\",\"contentUrl\":\"https:\/\/www.legalsmart.de\/blog\/wp-content\/uploads\/2018\/09\/cropped-IMG_2698-e1535879860494-96x96.jpg\",\"caption\":\"Guido Kluck, LL.M.\"},\"description\":\"Rechtsanwalt Guido Kluck LL.M. ist Partner der Kanzlei LEGAL SMART am Standort Berlin. Er ist Ansprechpartner f\u00fcr das Recht der neuen Medien sowie f\u00fcr die Bereiche Wettbewerbsrecht, Markenrecht, Urheberrecht, IT-Recht, Vertragsrecht und das Datenschutzrecht (DSGVO).\",\"sameAs\":[\"https:\/\/legalsmart.de\/team_kluck.php\",\"https:\/\/www.facebook.com\/guido.kluck\",\"https:\/\/x.com\/https:\/\/twitter.com\/kluck\"]}]}<\/script>\n<!-- \/ Yoast SEO plugin. -->","yoast_head_json":{"title":"Wer haftet f\u00fcr geparkte E-Scooter? | LEGAL SMART Online Blog","description":"E-Scooter sollen f\u00fcr umweltfreundliche Mobilit\u00e4t sorgen. Ein E-Scooter-Unfall zeigte gef\u00e4hrliche Gesetzesl\u00fccken, die der Gesetzgeber schlie\u00dfen muss.","robots":{"index":"index","follow":"follow","max-snippet":"max-snippet:-1","max-image-preview":"max-image-preview:large","max-video-preview":"max-video-preview:-1"},"canonical":"https:\/\/www.legalsmart.de\/blog\/wer-haftet-fuer-geparkte-e-scooter\/","og_locale":"de_DE","og_type":"article","og_title":"Wer haftet f\u00fcr geparkte E-Scooter? | LEGAL SMART Online Blog","og_description":"E-Scooter sollen f\u00fcr umweltfreundliche Mobilit\u00e4t sorgen. Ein E-Scooter-Unfall zeigte gef\u00e4hrliche Gesetzesl\u00fccken, die der Gesetzgeber schlie\u00dfen muss.","og_url":"https:\/\/www.legalsmart.de\/blog\/wer-haftet-fuer-geparkte-e-scooter\/","og_site_name":"LEGAL SMART Online Blog","article_author":"https:\/\/www.facebook.com\/guido.kluck","article_published_time":"2020-12-08T09:00:00+00:00","article_modified_time":"2020-12-08T09:24:11+00:00","author":"Guido Kluck, LL.M.","twitter_card":"summary_large_image","twitter_creator":"@https:\/\/twitter.com\/kluck","twitter_misc":{"Verfasst von":"Guido Kluck, LL.M.","Gesch\u00e4tzte Lesezeit":"4\u00a0Minuten"},"schema":{"@context":"https:\/\/schema.org","@graph":[{"@type":"WebPage","@id":"https:\/\/www.legalsmart.de\/blog\/wer-haftet-fuer-geparkte-e-scooter\/","url":"https:\/\/www.legalsmart.de\/blog\/wer-haftet-fuer-geparkte-e-scooter\/","name":"Wer haftet f\u00fcr geparkte E-Scooter? | LEGAL SMART Online Blog","isPartOf":{"@id":"https:\/\/www.legalsmart.de\/blog\/#website"},"datePublished":"2020-12-08T09:00:00+00:00","dateModified":"2020-12-08T09:24:11+00:00","author":{"@id":"https:\/\/www.legalsmart.de\/blog\/#\/schema\/person\/0869c669bccbe2e56b149b214913b000"},"description":"E-Scooter sollen f\u00fcr umweltfreundliche Mobilit\u00e4t sorgen. Ein E-Scooter-Unfall zeigte gef\u00e4hrliche Gesetzesl\u00fccken, die der Gesetzgeber schlie\u00dfen muss.","breadcrumb":{"@id":"https:\/\/www.legalsmart.de\/blog\/wer-haftet-fuer-geparkte-e-scooter\/#breadcrumb"},"inLanguage":"de","potentialAction":[{"@type":"ReadAction","target":["https:\/\/www.legalsmart.de\/blog\/wer-haftet-fuer-geparkte-e-scooter\/"]}]},{"@type":"BreadcrumbList","@id":"https:\/\/www.legalsmart.de\/blog\/wer-haftet-fuer-geparkte-e-scooter\/#breadcrumb","itemListElement":[{"@type":"ListItem","position":1,"name":"Startseite","item":"https:\/\/www.legalsmart.de\/blog\/"},{"@type":"ListItem","position":2,"name":"Wer haftet f\u00fcr geparkte E-Scooter?"}]},{"@type":"WebSite","@id":"https:\/\/www.legalsmart.de\/blog\/#website","url":"https:\/\/www.legalsmart.de\/blog\/","name":"LEGAL SMART Online Blog","description":"Die innovative Kanzlei","potentialAction":[{"@type":"SearchAction","target":{"@type":"EntryPoint","urlTemplate":"https:\/\/www.legalsmart.de\/blog\/?s={search_term_string}"},"query-input":{"@type":"PropertyValueSpecification","valueRequired":true,"valueName":"search_term_string"}}],"inLanguage":"de"},{"@type":"Person","@id":"https:\/\/www.legalsmart.de\/blog\/#\/schema\/person\/0869c669bccbe2e56b149b214913b000","name":"Guido Kluck, LL.M.","image":{"@type":"ImageObject","inLanguage":"de","@id":"https:\/\/www.legalsmart.de\/blog\/#\/schema\/person\/image\/","url":"https:\/\/www.legalsmart.de\/blog\/wp-content\/uploads\/2018\/09\/cropped-IMG_2698-e1535879860494-96x96.jpg","contentUrl":"https:\/\/www.legalsmart.de\/blog\/wp-content\/uploads\/2018\/09\/cropped-IMG_2698-e1535879860494-96x96.jpg","caption":"Guido Kluck, LL.M."},"description":"Rechtsanwalt Guido Kluck LL.M. ist Partner der Kanzlei LEGAL SMART am Standort Berlin. Er ist Ansprechpartner f\u00fcr das Recht der neuen Medien sowie f\u00fcr die Bereiche Wettbewerbsrecht, Markenrecht, Urheberrecht, IT-Recht, Vertragsrecht und das Datenschutzrecht (DSGVO).","sameAs":["https:\/\/legalsmart.de\/team_kluck.php","https:\/\/www.facebook.com\/guido.kluck","https:\/\/x.com\/https:\/\/twitter.com\/kluck"]}]}},"_links":{"self":[{"href":"https:\/\/www.legalsmart.de\/blog\/wp-json\/wp\/v2\/posts\/9339","targetHints":{"allow":["GET"]}}],"collection":[{"href":"https:\/\/www.legalsmart.de\/blog\/wp-json\/wp\/v2\/posts"}],"about":[{"href":"https:\/\/www.legalsmart.de\/blog\/wp-json\/wp\/v2\/types\/post"}],"author":[{"embeddable":true,"href":"https:\/\/www.legalsmart.de\/blog\/wp-json\/wp\/v2\/users\/1"}],"replies":[{"embeddable":true,"href":"https:\/\/www.legalsmart.de\/blog\/wp-json\/wp\/v2\/comments?post=9339"}],"version-history":[{"count":2,"href":"https:\/\/www.legalsmart.de\/blog\/wp-json\/wp\/v2\/posts\/9339\/revisions"}],"predecessor-version":[{"id":9342,"href":"https:\/\/www.legalsmart.de\/blog\/wp-json\/wp\/v2\/posts\/9339\/revisions\/9342"}],"wp:attachment":[{"href":"https:\/\/www.legalsmart.de\/blog\/wp-json\/wp\/v2\/media?parent=9339"}],"wp:term":[{"taxonomy":"category","embeddable":true,"href":"https:\/\/www.legalsmart.de\/blog\/wp-json\/wp\/v2\/categories?post=9339"},{"taxonomy":"post_tag","embeddable":true,"href":"https:\/\/www.legalsmart.de\/blog\/wp-json\/wp\/v2\/tags?post=9339"}],"curies":[{"name":"wp","href":"https:\/\/api.w.org\/{rel}","templated":true}]}}