{"id":9486,"date":"2021-01-29T10:00:00","date_gmt":"2021-01-29T09:00:00","guid":{"rendered":"https:\/\/www.legalsmart.de\/blog\/?p=9486"},"modified":"2021-01-30T14:52:06","modified_gmt":"2021-01-30T13:52:06","slug":"veroeffentlichung-von-bildnissen-nach-dsgvo-und-kug","status":"publish","type":"post","link":"https:\/\/www.legalsmart.de\/blog\/veroeffentlichung-von-bildnissen-nach-dsgvo-und-kug\/","title":{"rendered":"Ver\u00f6ffentlichung von Bildnissen nach DSGVO und KUG"},"content":{"rendered":"\n<p>Bei der Ver\u00f6ffentlichung von Bildern muss man sich an die DSGVO und das KUG halten. Welche datenschutzrechtlichen Anforderungen eingehalten werden m\u00fcssen und welche Anforderungen nach dem KUG gelten, erfahren Sie in diesem Artikel!<\/p>\n\n\n\n<h2 class=\"wp-block-heading\"><strong>Kunsturhebergesetz (KUG<\/strong>)<\/h2>\n\n\n\n<p>Das KUG regelt die Rechtm\u00e4\u00dfigkeit der Ver\u00f6ffentlichung von Bildnissen, auf denen Personen zu erkennen sind. Vor Inkrafttreten der DSGVO wurde die Rechtm\u00e4\u00dfigkeit der Verarbeitung von Bildnissen nach nationalem Recht beurteilt.&nbsp;<\/p>\n\n\n\n<p>Nach <a href=\"https:\/\/dejure.org\/gesetze\/KunstUrhG\/22.html\" title=\"&sect; 22 KunstUrhG\">\u00a7 22 KUG<\/a> d\u00fcrfen \u201e<em>Bildnisse nur mit Einwilligung des Abgebildeten verbreitet oder \u00f6ffentlich zur Schau gestellt werden. Die Einwilligung gilt im Zweifel als erteilt, wenn der Abgebildete daf\u00fcr, da\u00df er sich abbilden lie\u00df, eine Entlohnung erhielt. Nach dem Tode des Abgebildeten bedarf es bis zum Ablaufe von 10 Jahren der Einwilligung der Angeh\u00f6rigen des Abgebildeten. Angeh\u00f6rige im Sinne dieses Gesetzes sind der \u00fcberlebende Ehegatte oder Lebenspartner und die Kinder des Abgebildeten und, wenn weder ein Ehegatte oder Lebenspartner noch Kinder vorhanden sind, die Eltern des Abgebildeten<\/em>.\u201c<\/p>\n\n\n\n<p><strong>Kurz<\/strong>: Bevor ein Bild ver\u00f6ffentlicht wird, bedarf es der Einwilligung des Abgebildeten!<\/p>\n\n\n\n<p>Vom Erfordernis der Einwilligung macht <a href=\"https:\/\/dejure.org\/gesetze\/KunstUrhG\/23.html\" title=\"&sect; 23 KunstUrhG\">\u00a7 23 KUG<\/a> eine Ausnahme, wenn der Meinungs-, Informations- und Kunstfreiheit Rechnung getragen wird.<\/p>\n\n\n\n<p><strong>Rechtstipp<\/strong>: Die Privilegien des <a href=\"https:\/\/dejure.org\/gesetze\/KunstUrhG\/23.html\" title=\"&sect; 23 KunstUrhG\">\u00a7 23 KUG<\/a> gelten nicht, wenn der Ver\u00f6ffentlichung des Bildnisses vorrangige Interessen der abgelichteten Person entgegenstehen (z.B. Eingriffe in die Intim- oder Privatsph\u00e4re).&nbsp;<\/p>\n\n\n\n<p>Die Einwilligung nach <a href=\"https:\/\/dejure.org\/gesetze\/KunstUrhG\/22.html\" title=\"&sect; 22 KunstUrhG\">\u00a7 22 KUG<\/a> kann formlos erfolgen und sich aus einem schl\u00fcssigen Zusammenhang ergeben (konkludent).<\/p>\n\n\n\n<p><strong>Rechtstipp<\/strong>: Aus Beweisgr\u00fcnden raten wir Ihnen dennoch eine schriftliche Einwilligung einzuholen, aus der Zweck, Art und Umfang der geplanten Ver\u00f6ffentlichung hervorgeht.<\/p>\n\n\n\n<p>Das KUG erfasst die \u201eVerbreitung\u201c und die \u201e\u00f6ffentliche Zurschaustellung\u201c von Bildnissen.<\/p>\n\n\n\n<h2 class=\"wp-block-heading\"><strong>DSGVO<\/strong><\/h2>\n\n\n\n<p>Die DSGVO erfasst hingegen die Herstellung und Speicherung von Bildnissen. Durch Inkrafttreten der DSGVO wird das KUG gewisserma\u00dfen \u00fcberlagert, weil es als Verordnung innerhalb des Anwendungsbereichs unmittelbar gilt und somit Anwendungsvorrang vor nationalen Rechtsvorschriften der Mitgliedsstaaten genie\u00dft.&nbsp;<\/p>\n\n\n\n<p>Die DSGVO umfasst die Verarbeitung von personenbezogenen Daten i.S.d. <a href=\"https:\/\/dejure.org\/gesetze\/DSGVO\/4.html\" title=\"Art. 4 DSGVO: Begriffsbestimmungen\">Art. 4&nbsp;&nbsp;Nr.2 DSGVO<\/a>. Bildnisse von Personen fallen unter <a href=\"https:\/\/dejure.org\/gesetze\/DSGVO\/4.html\" title=\"Art. 4 DSGVO: Begriffsbestimmungen\">Art. 4 Nr.1 DSGVO<\/a>, soweit die Person f\u00fcr einen Bekanntenkreis erkennbar ist.&nbsp;<\/p>\n\n\n\n<p><strong>Rechtstipp<\/strong>: Fotos von Familienfeiern, zur Aus\u00fcbung ausschlie\u00dflich pers\u00f6nlicher oder famili\u00e4rer T\u00e4tigkeiten, fallen \u00fcbrigens nicht unter den Anwendungsbereich der DSGVO (<a href=\"https:\/\/dejure.org\/gesetze\/DSGVO\/2.html\" title=\"Art. 2 DSGVO: Sachlicher Anwendungsbereich\">Art. 2 Abs.2 DSGVO<\/a>).<\/p>\n\n\n\n<h2 class=\"wp-block-heading\"><strong>Rechtm\u00e4\u00dfigkeit der Datenverarbeitung nach der DSGVO<\/strong><\/h2>\n\n\n\n<p>Gem. <a href=\"https:\/\/dejure.org\/gesetze\/DSGVO\/6.html\" title=\"Art. 6 DSGVO: Rechtm&auml;&szlig;igkeit der Verarbeitung\">Art. 6 Abs.1 DSGVO<\/a> ist die Verarbeitung eines Bildnisses rechtm\u00e4\u00dfig, wenn sie f\u00fcr die Erf\u00fcllung eines Vertrages, wo die Vertragspartei die abgebildete Person ist, erforderlich ist. Als Beispiel daf\u00fcr w\u00e4re ein Vertrag zwischen einem Unternehmen und einem Model zu nennen. Die Ver\u00f6ffentlichung des Bildnisses f\u00e4llt dann wiederum unter das KUG.<\/p>\n\n\n\n<p><strong>Rechtstipp<\/strong>: Bei gr\u00f6\u00dferen\/ \u00f6ffentlichen Veranstaltungen m\u00fcssen Teilnehmer grunds\u00e4tzlich mit einer Ver\u00f6ffentlichung eines Bildnisses rechnen. Pauschal ist diese Frage aber dennoch nicht zu beantworten!<\/p>\n\n\n\n<p>Die Einwilligung gem. der DSGVO unterscheidet sich von der Einwilligung nach <a href=\"https:\/\/dejure.org\/gesetze\/KunstUrhG\/22.html\" title=\"&sect; 22 KunstUrhG\">\u00a7 22 KUG<\/a>. Der Betroffene muss nach der DS-GVO\u201c f\u00fcr einen oder mehrere bestimmte Zwecke,&nbsp;<strong>freiwillig<\/strong>,&nbsp;<strong>informiert<\/strong>\u201c und in Form einer \u201e<strong>eindeutigen best\u00e4tigenden Handlung<\/strong>\u201c einwilligen.<\/p>\n\n\n\n<p>Wir empfehlen Ihnen auch hier aus Beweisgr\u00fcnden die Einwilligung in Schriftform einzuholen!<\/p>\n\n\n\n<p>Wichtig ist, dass der Betroffene&nbsp;<strong>vor der Erteilung<\/strong>&nbsp;der Einwilligung \u00fcber die&nbsp;<strong>Verwendungszwecke<\/strong>&nbsp;sowie das&nbsp;<strong>Bestehen des Widerrufsrechts&nbsp;<\/strong>und die&nbsp;<strong>Rechtsfolgen des Widerrufs<\/strong>&nbsp;unterrichtet wird.&nbsp;<\/p>\n\n\n\n<p>Gem. Art. 7 Abs. 3 DSGVI hat der Betroffene jederzeit das Recht, ohne Angabe von Gr\u00fcnden die Einwilligung zu widerrufen. Der Widerruf wirkt dabei nur f\u00fcr die Zukunft (ex nunc) und betrifft die die Rechtm\u00e4\u00dfigkeit der Datenverarbeitung bis zum Zeitpunkt des Widerrufs.&nbsp;<\/p>\n\n\n\n<h2 class=\"wp-block-heading\"><strong>Fazit<\/strong><\/h2>\n\n\n\n<p>In der Einwilligung liegt der Knackpunkt, der die Belastbarkeit der datenschutzrechtlichen Einwilligung schw\u00e4cht, da durch einen jederzeitigen Widerruf eine Rechtssicherheit quasi nie wirklich gegeben ist. Eine Aus\u00fcbung des Widerrufsrecht kann kostenintensive Folgen haben, wenn z.B. Werbematerial teuer erstellt wurde.<\/p>\n\n\n\n<p>Bei der Verletzung des KUG drohte in der Vergangenheit nur die Inanspruchnahme durch den Betroffenen. Gem. <a href=\"https:\/\/dejure.org\/gesetze\/DSGVO\/83.html\" title=\"Art. 83 DSGVO: Allgemeine Bedingungen f&uuml;r die Verh&auml;ngung von Geldbu&szlig;en\">Art. 83 Abs.5 DSGVO<\/a> ist auch die Verh\u00e4ngung von (hohen) Geldbu\u00dfen m\u00f6glich.\u00a0<\/p>\n\n\n\n<p>Die Verbreitung von Bildnissen unterh\u00e4lt in jeden Fall nur der DSGVO. Daher sollten Sie unbedingt die Rechtsgrundlage des <a href=\"https:\/\/dejure.org\/gesetze\/DSGVO\/6.html\" title=\"Art. 6 DSGVO: Rechtm&auml;&szlig;igkeit der Verarbeitung\">Art. 6 Abs.1 DSGVO<\/a> kennen. Die sp\u00e4teren Zurschaustellung und Verbreitung kann vom KUG gedeckt sein.<\/p>\n\n\n\n<p>Sie haben Fragen zum Thema Ver\u00f6ffentlichung von Bildnissen und Datenschutz? Melden sie sich bei uns! Unser Team steht Ihnen gerne schnell und unkompliziert zur Seite und ber\u00e4t Sie gern.<\/p>\n\n\n\n<p><\/p>\n","protected":false},"excerpt":{"rendered":"<p>Bei der Ver\u00f6ffentlichung von Bildern muss man sich an die DSGVO und das KUG halten. Welche datenschutzrechtlichen Anforderungen eingehalten werden m\u00fcssen und welche Anforderungen nach dem KUG gelten, erfahren Sie in diesem Artikel! Kunsturhebergesetz (KUG) Das KUG regelt die Rechtm\u00e4\u00dfigkeit der Ver\u00f6ffentlichung von Bildnissen, auf denen Personen zu erkennen sind. Vor Inkrafttreten der DSGVO wurde [&hellip;]<\/p>\n","protected":false},"author":1,"featured_media":0,"comment_status":"open","ping_status":"open","sticky":false,"template":"","format":"standard","meta":{"footnotes":""},"categories":[1,4,7],"tags":[7009,7010,7007,4419,1373,7008,2206,2998,4721,3738,3966],"class_list":["post-9486","post","type-post","status-publish","format-standard","hentry","category-allgemein","category-allgemeines","category-datenschutz-medienrecht","tag--22-kug","tag-art-6-dsgvo","tag-bildnisse","tag-dsgvo","tag-einwilligung","tag-fotografien","tag-kug","tag-rechtssicherheit","tag-verarbeitung","tag-veroffentlichung","tag-widerruf"],"yoast_head":"<!-- This site is optimized with the Yoast SEO plugin v25.8 - https:\/\/yoast.com\/wordpress\/plugins\/seo\/ -->\n<title>Ver\u00f6ffentlichung von Bildnissen nach DSGVO und KUG | LEGAL SMART Online Blog<\/title>\n<meta name=\"description\" content=\"Bei der Ver\u00f6ffentlichung von Bildern muss man sich an die DSGVO und das KUG halten. Lesen sie hier welche datenschutzrechtlichen Anforderungen eingehalten werden m\u00fcssen.\" \/>\n<meta name=\"robots\" content=\"index, follow, max-snippet:-1, max-image-preview:large, max-video-preview:-1\" \/>\n<link rel=\"canonical\" href=\"https:\/\/www.legalsmart.de\/blog\/veroeffentlichung-von-bildnissen-nach-dsgvo-und-kug\/\" \/>\n<meta property=\"og:locale\" content=\"de_DE\" \/>\n<meta property=\"og:type\" content=\"article\" \/>\n<meta property=\"og:title\" content=\"Ver\u00f6ffentlichung von Bildnissen nach DSGVO und KUG | LEGAL SMART Online Blog\" \/>\n<meta property=\"og:description\" content=\"Bei der Ver\u00f6ffentlichung von Bildern muss man sich an die DSGVO und das KUG halten. Lesen sie hier welche datenschutzrechtlichen Anforderungen eingehalten werden m\u00fcssen.\" \/>\n<meta property=\"og:url\" content=\"https:\/\/www.legalsmart.de\/blog\/veroeffentlichung-von-bildnissen-nach-dsgvo-und-kug\/\" \/>\n<meta property=\"og:site_name\" content=\"LEGAL SMART Online Blog\" \/>\n<meta property=\"article:author\" content=\"https:\/\/www.facebook.com\/guido.kluck\" \/>\n<meta property=\"article:published_time\" content=\"2021-01-29T09:00:00+00:00\" \/>\n<meta property=\"article:modified_time\" content=\"2021-01-30T13:52:06+00:00\" \/>\n<meta name=\"author\" content=\"Guido Kluck, LL.M.\" \/>\n<meta name=\"twitter:card\" content=\"summary_large_image\" \/>\n<meta name=\"twitter:creator\" content=\"@https:\/\/twitter.com\/kluck\" \/>\n<meta name=\"twitter:label1\" content=\"Verfasst von\" \/>\n\t<meta name=\"twitter:data1\" content=\"Guido Kluck, LL.M.\" \/>\n\t<meta name=\"twitter:label2\" content=\"Gesch\u00e4tzte Lesezeit\" \/>\n\t<meta name=\"twitter:data2\" content=\"4\u00a0Minuten\" \/>\n<script type=\"application\/ld+json\" class=\"yoast-schema-graph\">{\"@context\":\"https:\/\/schema.org\",\"@graph\":[{\"@type\":\"WebPage\",\"@id\":\"https:\/\/www.legalsmart.de\/blog\/veroeffentlichung-von-bildnissen-nach-dsgvo-und-kug\/\",\"url\":\"https:\/\/www.legalsmart.de\/blog\/veroeffentlichung-von-bildnissen-nach-dsgvo-und-kug\/\",\"name\":\"Ver\u00f6ffentlichung von Bildnissen nach DSGVO und KUG | LEGAL SMART Online Blog\",\"isPartOf\":{\"@id\":\"https:\/\/www.legalsmart.de\/blog\/#website\"},\"datePublished\":\"2021-01-29T09:00:00+00:00\",\"dateModified\":\"2021-01-30T13:52:06+00:00\",\"author\":{\"@id\":\"https:\/\/www.legalsmart.de\/blog\/#\/schema\/person\/0869c669bccbe2e56b149b214913b000\"},\"description\":\"Bei der Ver\u00f6ffentlichung von Bildern muss man sich an die DSGVO und das KUG halten. Lesen sie hier welche datenschutzrechtlichen Anforderungen eingehalten werden m\u00fcssen.\",\"breadcrumb\":{\"@id\":\"https:\/\/www.legalsmart.de\/blog\/veroeffentlichung-von-bildnissen-nach-dsgvo-und-kug\/#breadcrumb\"},\"inLanguage\":\"de\",\"potentialAction\":[{\"@type\":\"ReadAction\",\"target\":[\"https:\/\/www.legalsmart.de\/blog\/veroeffentlichung-von-bildnissen-nach-dsgvo-und-kug\/\"]}]},{\"@type\":\"BreadcrumbList\",\"@id\":\"https:\/\/www.legalsmart.de\/blog\/veroeffentlichung-von-bildnissen-nach-dsgvo-und-kug\/#breadcrumb\",\"itemListElement\":[{\"@type\":\"ListItem\",\"position\":1,\"name\":\"Startseite\",\"item\":\"https:\/\/www.legalsmart.de\/blog\/\"},{\"@type\":\"ListItem\",\"position\":2,\"name\":\"Ver\u00f6ffentlichung von Bildnissen nach DSGVO und KUG\"}]},{\"@type\":\"WebSite\",\"@id\":\"https:\/\/www.legalsmart.de\/blog\/#website\",\"url\":\"https:\/\/www.legalsmart.de\/blog\/\",\"name\":\"LEGAL SMART Online Blog\",\"description\":\"Die innovative Kanzlei\",\"potentialAction\":[{\"@type\":\"SearchAction\",\"target\":{\"@type\":\"EntryPoint\",\"urlTemplate\":\"https:\/\/www.legalsmart.de\/blog\/?s={search_term_string}\"},\"query-input\":{\"@type\":\"PropertyValueSpecification\",\"valueRequired\":true,\"valueName\":\"search_term_string\"}}],\"inLanguage\":\"de\"},{\"@type\":\"Person\",\"@id\":\"https:\/\/www.legalsmart.de\/blog\/#\/schema\/person\/0869c669bccbe2e56b149b214913b000\",\"name\":\"Guido Kluck, LL.M.\",\"image\":{\"@type\":\"ImageObject\",\"inLanguage\":\"de\",\"@id\":\"https:\/\/www.legalsmart.de\/blog\/#\/schema\/person\/image\/\",\"url\":\"https:\/\/www.legalsmart.de\/blog\/wp-content\/uploads\/2018\/09\/cropped-IMG_2698-e1535879860494-96x96.jpg\",\"contentUrl\":\"https:\/\/www.legalsmart.de\/blog\/wp-content\/uploads\/2018\/09\/cropped-IMG_2698-e1535879860494-96x96.jpg\",\"caption\":\"Guido Kluck, LL.M.\"},\"description\":\"Rechtsanwalt Guido Kluck LL.M. ist Partner der Kanzlei LEGAL SMART am Standort Berlin. Er ist Ansprechpartner f\u00fcr das Recht der neuen Medien sowie f\u00fcr die Bereiche Wettbewerbsrecht, Markenrecht, Urheberrecht, IT-Recht, Vertragsrecht und das Datenschutzrecht (DSGVO).\",\"sameAs\":[\"https:\/\/legalsmart.de\/team_kluck.php\",\"https:\/\/www.facebook.com\/guido.kluck\",\"https:\/\/x.com\/https:\/\/twitter.com\/kluck\"]}]}<\/script>\n<!-- \/ Yoast SEO plugin. -->","yoast_head_json":{"title":"Ver\u00f6ffentlichung von Bildnissen nach DSGVO und KUG | LEGAL SMART Online Blog","description":"Bei der Ver\u00f6ffentlichung von Bildern muss man sich an die DSGVO und das KUG halten. Lesen sie hier welche datenschutzrechtlichen Anforderungen eingehalten werden m\u00fcssen.","robots":{"index":"index","follow":"follow","max-snippet":"max-snippet:-1","max-image-preview":"max-image-preview:large","max-video-preview":"max-video-preview:-1"},"canonical":"https:\/\/www.legalsmart.de\/blog\/veroeffentlichung-von-bildnissen-nach-dsgvo-und-kug\/","og_locale":"de_DE","og_type":"article","og_title":"Ver\u00f6ffentlichung von Bildnissen nach DSGVO und KUG | LEGAL SMART Online Blog","og_description":"Bei der Ver\u00f6ffentlichung von Bildern muss man sich an die DSGVO und das KUG halten. Lesen sie hier welche datenschutzrechtlichen Anforderungen eingehalten werden m\u00fcssen.","og_url":"https:\/\/www.legalsmart.de\/blog\/veroeffentlichung-von-bildnissen-nach-dsgvo-und-kug\/","og_site_name":"LEGAL SMART Online Blog","article_author":"https:\/\/www.facebook.com\/guido.kluck","article_published_time":"2021-01-29T09:00:00+00:00","article_modified_time":"2021-01-30T13:52:06+00:00","author":"Guido Kluck, LL.M.","twitter_card":"summary_large_image","twitter_creator":"@https:\/\/twitter.com\/kluck","twitter_misc":{"Verfasst von":"Guido Kluck, LL.M.","Gesch\u00e4tzte Lesezeit":"4\u00a0Minuten"},"schema":{"@context":"https:\/\/schema.org","@graph":[{"@type":"WebPage","@id":"https:\/\/www.legalsmart.de\/blog\/veroeffentlichung-von-bildnissen-nach-dsgvo-und-kug\/","url":"https:\/\/www.legalsmart.de\/blog\/veroeffentlichung-von-bildnissen-nach-dsgvo-und-kug\/","name":"Ver\u00f6ffentlichung von Bildnissen nach DSGVO und KUG | LEGAL SMART Online Blog","isPartOf":{"@id":"https:\/\/www.legalsmart.de\/blog\/#website"},"datePublished":"2021-01-29T09:00:00+00:00","dateModified":"2021-01-30T13:52:06+00:00","author":{"@id":"https:\/\/www.legalsmart.de\/blog\/#\/schema\/person\/0869c669bccbe2e56b149b214913b000"},"description":"Bei der Ver\u00f6ffentlichung von Bildern muss man sich an die DSGVO und das KUG halten. Lesen sie hier welche datenschutzrechtlichen Anforderungen eingehalten werden m\u00fcssen.","breadcrumb":{"@id":"https:\/\/www.legalsmart.de\/blog\/veroeffentlichung-von-bildnissen-nach-dsgvo-und-kug\/#breadcrumb"},"inLanguage":"de","potentialAction":[{"@type":"ReadAction","target":["https:\/\/www.legalsmart.de\/blog\/veroeffentlichung-von-bildnissen-nach-dsgvo-und-kug\/"]}]},{"@type":"BreadcrumbList","@id":"https:\/\/www.legalsmart.de\/blog\/veroeffentlichung-von-bildnissen-nach-dsgvo-und-kug\/#breadcrumb","itemListElement":[{"@type":"ListItem","position":1,"name":"Startseite","item":"https:\/\/www.legalsmart.de\/blog\/"},{"@type":"ListItem","position":2,"name":"Ver\u00f6ffentlichung von Bildnissen nach DSGVO und KUG"}]},{"@type":"WebSite","@id":"https:\/\/www.legalsmart.de\/blog\/#website","url":"https:\/\/www.legalsmart.de\/blog\/","name":"LEGAL SMART Online Blog","description":"Die innovative Kanzlei","potentialAction":[{"@type":"SearchAction","target":{"@type":"EntryPoint","urlTemplate":"https:\/\/www.legalsmart.de\/blog\/?s={search_term_string}"},"query-input":{"@type":"PropertyValueSpecification","valueRequired":true,"valueName":"search_term_string"}}],"inLanguage":"de"},{"@type":"Person","@id":"https:\/\/www.legalsmart.de\/blog\/#\/schema\/person\/0869c669bccbe2e56b149b214913b000","name":"Guido Kluck, LL.M.","image":{"@type":"ImageObject","inLanguage":"de","@id":"https:\/\/www.legalsmart.de\/blog\/#\/schema\/person\/image\/","url":"https:\/\/www.legalsmart.de\/blog\/wp-content\/uploads\/2018\/09\/cropped-IMG_2698-e1535879860494-96x96.jpg","contentUrl":"https:\/\/www.legalsmart.de\/blog\/wp-content\/uploads\/2018\/09\/cropped-IMG_2698-e1535879860494-96x96.jpg","caption":"Guido Kluck, LL.M."},"description":"Rechtsanwalt Guido Kluck LL.M. ist Partner der Kanzlei LEGAL SMART am Standort Berlin. Er ist Ansprechpartner f\u00fcr das Recht der neuen Medien sowie f\u00fcr die Bereiche Wettbewerbsrecht, Markenrecht, Urheberrecht, IT-Recht, Vertragsrecht und das Datenschutzrecht (DSGVO).","sameAs":["https:\/\/legalsmart.de\/team_kluck.php","https:\/\/www.facebook.com\/guido.kluck","https:\/\/x.com\/https:\/\/twitter.com\/kluck"]}]}},"_links":{"self":[{"href":"https:\/\/www.legalsmart.de\/blog\/wp-json\/wp\/v2\/posts\/9486","targetHints":{"allow":["GET"]}}],"collection":[{"href":"https:\/\/www.legalsmart.de\/blog\/wp-json\/wp\/v2\/posts"}],"about":[{"href":"https:\/\/www.legalsmart.de\/blog\/wp-json\/wp\/v2\/types\/post"}],"author":[{"embeddable":true,"href":"https:\/\/www.legalsmart.de\/blog\/wp-json\/wp\/v2\/users\/1"}],"replies":[{"embeddable":true,"href":"https:\/\/www.legalsmart.de\/blog\/wp-json\/wp\/v2\/comments?post=9486"}],"version-history":[{"count":2,"href":"https:\/\/www.legalsmart.de\/blog\/wp-json\/wp\/v2\/posts\/9486\/revisions"}],"predecessor-version":[{"id":9496,"href":"https:\/\/www.legalsmart.de\/blog\/wp-json\/wp\/v2\/posts\/9486\/revisions\/9496"}],"wp:attachment":[{"href":"https:\/\/www.legalsmart.de\/blog\/wp-json\/wp\/v2\/media?parent=9486"}],"wp:term":[{"taxonomy":"category","embeddable":true,"href":"https:\/\/www.legalsmart.de\/blog\/wp-json\/wp\/v2\/categories?post=9486"},{"taxonomy":"post_tag","embeddable":true,"href":"https:\/\/www.legalsmart.de\/blog\/wp-json\/wp\/v2\/tags?post=9486"}],"curies":[{"name":"wp","href":"https:\/\/api.w.org\/{rel}","templated":true}]}}