{"id":9543,"date":"2021-02-18T10:00:00","date_gmt":"2021-02-18T09:00:00","guid":{"rendered":"https:\/\/www.legalsmart.de\/blog\/?p=9543"},"modified":"2021-02-13T11:36:10","modified_gmt":"2021-02-13T10:36:10","slug":"massenentlassungen-was-arbeitnehmer-tun-koennen","status":"publish","type":"post","link":"https:\/\/www.legalsmart.de\/blog\/massenentlassungen-was-arbeitnehmer-tun-koennen\/","title":{"rendered":"Massenentlassungen: Was Arbeitnehmer tun k\u00f6nnen"},"content":{"rendered":"\n<p>Die Corona-Pandemie wirkt sich weiterhin stark auf die Wirtschaft aus, Was absehbar war, tritt nun nach und nach ein. Auch Lufthansa, Quando und UPS Deutschland haben Massenentlassungen angek\u00fcndigt. Der Begriff ist aber kein juristisches Fachwort. Man kann aber im Zusammenhang mit <a href=\"https:\/\/dejure.org\/gesetze\/KSchG\/17.html\" title=\"&sect; 17 KSchG: Anzeigepflicht\">\u00a7 17 Abs.2 KSchG<\/a> von \u201eMassenentlassungen\u201c sprechen, wenn die gesetzlichen Voraussetzungen der Vorschrift erf\u00fcllt sind.&nbsp;<\/p>\n\n\n\n<p>Was Sie bei Massenentlassungen tun k\u00f6nnen, erfahren Sie in diesem Artikel!<\/p>\n\n\n\n<h2 class=\"wp-block-heading\"><strong>Betriebsbedingte Umstrukturierungen&nbsp;<\/strong><\/h2>\n\n\n\n<p>In unserem Blog berichteten wir schon oft \u00fcber K\u00fcndigungen und betriebsbedingte Umstrukturierungen. Aber wann spricht man eigentlich von einer betriebsbedingten Umstrukturierung? Bei einer betriebsbedingten Umstrukturierung, die weitreichende K\u00fcndigungen f\u00fcr die Arbeitnehmer zur Folge hat, m\u00fcssen die betrieblichen Erfordernisse \u201edringend\u201c sein. Das geht aus <a href=\"https:\/\/dejure.org\/gesetze\/KSchG\/1.html\" title=\"&sect; 1 KSchG: Sozial ungerechtfertigte K&uuml;ndigungen\">\u00a7 1 Abs.2 S.1 KSchG<\/a> hervor. Die K\u00fcndigung muss die Interessen des Betriebes notwendig machen und wegen der betrieblichen Lage unvermeidbar sein. Die betriebsbedingte Umstrukturierung ist mit au\u00dfer- aber auch mit innerbetrieblichen Gr\u00fcnden zu rechtfertigen. Der Arbeitgeber k\u00f6nnte sich auf einen R\u00fcckgang von Auftr\u00e4gen berufen. Das m\u00fcsste er dann aber auch rechnerisch belegen k\u00f6nnen. Geht die Umstrukturierung auf innerbetriebliche Gr\u00fcnde zur\u00fcck, so liegt die Entscheidung meist im Unternehmen oder im Betrieb selbst, zB. wenn es zu Einsparungen kommen soll.\u00a0<\/p>\n\n\n\n<p><strong>Rechtstipp<\/strong>: Unternehmerischen Entscheidungen sind vor dem BAG nur sehr eingeschr\u00e4nkt \u00fcberpr\u00fcfbar!<\/p>\n\n\n\n<h2 class=\"wp-block-heading\"><strong>Interessenausgleich und Sozialplan<\/strong><\/h2>\n\n\n\n<p>Zun\u00e4chst m\u00fcsste Ihr Unternehmen einen Betriebsrat haben. Unternehmen ohne Betriebsrat sind selber bei Massenentlassungen nicht verpflichtet einen Sozialplan zu erstellen!&nbsp;Der Sozialplan dient dem Ausgleich oder der Milderung der wirtschaftlichen Nachteile, die den Arbeitnehmern eines Betriebs infolge der geplanten Betriebs\u00e4nderungen entstehen.&nbsp;Es ist eine schriftliche Vereinbarung zwischen dem Arbeitgeber und dem Betriebsrat, und muss grds. ausgehandelt werden.&nbsp;<\/p>\n\n\n\n<p>Das BAG betont dabei die \u201ezukunftsorientierte Ausgleichs- und \u00dcberbr\u00fcckungsfunktion\u201c von Sozialplanregelungen (BAG, 11.11.2008;&nbsp;<a href=\"https:\/\/dejure.org\/dienste\/vernetzung\/rechtsprechung?Gericht=BAG&amp;Datum=11.11.2008&amp;Aktenzeichen=1%20AZR%20475\/07\">Az. 1 AZR 475\/07<\/a>). Demnach sei nicht Zweck des Sozialplans eine Entsch\u00e4digung zu gew\u00e4hren, da die \u201eVorsorgefunktion\u201c oft nicht mehr notwendig ist. So kann dies auch zum Nachteil der Arbeitnehmer ber\u00fccksichtigt werden! Das gilt insbesondere bei Arbeitnehmern, die unmittelbar nach dem Ausscheiden aus dem Betrieb einen neuen Arbeitsplatz finden oder kurz vor Erreichen des Rentenalters stehen.<\/p>\n\n\n\n<p><strong>Rechtstipp<\/strong>: Das Alter des Unternehmens ist ausschlaggebend. In den ersten vier Jahren nach der Gr\u00fcndung ist gem.&nbsp;<a href=\"https:\/\/dejure.org\/gesetze\/BetrVG\/112a.html\">\u00a7 112a BetrVG<\/a>&nbsp;bei Betriebs\u00e4nderungen kein Sozialplan zu erstellen, auch wenn es einen Betriebsrat gibt!<\/p>\n\n\n\n<h2 class=\"wp-block-heading\"><strong>K\u00fcndigungsschutzklage<\/strong>&nbsp;<strong>und 3 Wochen Frist<\/strong><\/h2>\n\n\n\n<p>Sie k\u00f6nnen mit der Erhebung einer K\u00fcndigungsschutzklage feststellen, ob die K\u00fcndigung tats\u00e4chlich wirksam erging. Lassen Sie sich nicht von einem Gro\u00dfunternehmen einsch\u00fcchtern!<\/p>\n\n\n\n<p>Rechtstipp: Gegen eine schriftliche K\u00fcndigung k\u00f6nnen Sie sich mit einer K\u00fcndigungsschutzklage wehren oder aber eine Abfindung annehmen. Beides schlie\u00dft sich nicht aus!&nbsp;<\/p>\n\n\n\n<p>Nat\u00fcrlich muss von Fall zu Fall entschieden werden, aber grunds\u00e4tzlich ist die Erhebung einer K\u00fcndigungsschutzklage vor dem Arbeitsgericht ratsam. \u00dcber die Er\u00f6ffnung des K\u00fcndigungsschutzverfahrens erh\u00e4lt Ihr Anwalt die M\u00f6glichkeit weitere Informationen \u00fcber die betriebsbedingte K\u00fcndigungen und die Berechnung des Ausgleichs zu erhalten.&nbsp;Eine Klage kann zu jedem Zeitpunkt wieder zur\u00fcckgenommen, und stattdessen ein Ausgleich angenommen werden! Au\u00dferdem darf eine Abfindung nicht von einem Verzicht auf Klageerhebung abh\u00e4ngig gemacht werden. Gem.&nbsp;<a href=\"https:\/\/dejure.org\/gesetze\/BGB\/612a.html\" title=\"&sect; 612a BGB: Ma&szlig;regelungsverbot\">\u00a7 612 a BGB<\/a>&nbsp;darf der Arbeitgeber einen Arbeitnehmer bei einer Vereinbarung oder einer Ma\u00dfnahme nicht benachteiligen, weil der Arbeitnehmer in zul\u00e4ssiger Weise seine Rechte aus\u00fcbt.<\/p>\n\n\n\n<p><strong>Rechtstipp<\/strong>: Falls Sie eine K\u00fcndigung erhalten haben m\u00fcssen Sie gem. <a href=\"https:\/\/dejure.org\/gesetze\/KSchG\/4.html\" title=\"&sect; 4 KSchG: Anrufung des Arbeitsgerichtes\">\u00a7 4 KSchG<\/a>&nbsp;innerhalb einer Frist von 3 Wochen ab Zugang&nbsp;der K\u00fcndigung eine K\u00fcndigungsschutzklage beim zust\u00e4ndigen Arbeitsgericht einreichen.&nbsp;Auch wenn Sie die Frist knapp vers\u00e4umt haben, besteht noch die M\u00f6glichkeit einer nachtr\u00e4glichen Klageerhebung. Hierzu beraten wir Sie gern.<\/p>\n\n\n\n<h2 class=\"wp-block-heading\"><strong>H\u00f6here Abfindung&nbsp;<\/strong><\/h2>\n\n\n\n<p>Durch die Erhebung einer K\u00fcndigungsschutzklage kann mit einem geschickten Vorgehen eine h\u00f6here Abfindung ausgehandelt werden. Die Abfindung kann n\u00e4mlich nicht pauschal festgesetzt werden, da sie auch absolut branchenabh\u00e4ngig ist. Die Rechtsprechung setzt die Regelabfindung bei einem halben Bruttomonatsgehalt pro Jahr der Betriebszugeh\u00f6rigkeit fest.<\/p>\n\n\n\n<p><strong>Rechtstipp<\/strong>: Ohne Erhebung einer K\u00fcndigungsschutzklage gilt die K\u00fcndigung in jedem Fall als wirksam, auch wenn sie eigentlich nicht gerechtfertigt war! Es ist also immer sinnvoll eine K\u00fcndigungsschutzklage zu erheben.<\/p>\n\n\n\n<h2 class=\"wp-block-heading\"><strong>Fazit<\/strong><\/h2>\n\n\n\n<p>Auch wenn Lufthansa den gek\u00fcndigten Mitarbeitern eine \u00dcbergangsm\u00f6glichkeit zur Deutschen Bahn anbietet, werden sich die Arbeitsbedingungen f\u00fcr die Mitarbeiter \u00e4ndern.<\/p>\n\n\n\n<p>Sie haben Fragen zu Ihrer K\u00fcndigung, m\u00f6chte eine K\u00fcndigungsschutzklage beim Arbeitsgericht erheben, oder Fragen zum Thema Aufhebungsvertrag und Abfindung?<\/p>\n\n\n\n<p>Melden Sie sich bei uns! Wir stehen Ihnen schnell und unkompliziert zur Seite und beraten Sie gerne. Insbesondere bei betriebsbedingten K\u00fcndigungen sollte man die wirksame Massenentlassungsanzeige nach <a href=\"https:\/\/dejure.org\/gesetze\/KSchG\/17.html\" title=\"&sect; 17 KSchG: Anzeigepflicht\">\u00a7 17 Abs. 2 KSchG<\/a>, den Sozialplan und eine korrekte Abfindung in Anlehnung an die Betriebszugeh\u00f6rigkeit anwaltlich pr\u00fcfen lassen.<\/p>\n\n\n\n<p><\/p>\n","protected":false},"excerpt":{"rendered":"<p>Die Corona-Pandemie wirkt sich weiterhin stark auf die Wirtschaft aus, Was absehbar war, tritt nun nach und nach ein. Auch Lufthansa, Quando und UPS Deutschland haben Massenentlassungen angek\u00fcndigt. Der Begriff ist aber kein juristisches Fachwort. Man kann aber im Zusammenhang mit \u00a7 17 Abs.2 KSchG von \u201eMassenentlassungen\u201c sprechen, wenn die gesetzlichen Voraussetzungen der Vorschrift erf\u00fcllt [&hellip;]<\/p>\n","protected":false},"author":1,"featured_media":0,"comment_status":"open","ping_status":"open","sticky":false,"template":"","format":"standard","meta":{"footnotes":""},"categories":[1,4,5],"tags":[6724,6198,6062,2227,5771,6689,7077,6820,7079,7078],"class_list":["post-9543","post","type-post","status-publish","format-standard","hentry","category-allgemein","category-allgemeines","category-arbeitsrecht","tag-3-wochen-frist","tag-abfindung","tag-betriebsbedingte-kuendigung","tag-kundigungsschutzklage","tag-lufthansa","tag-massenentlassungen","tag-quando","tag-sozialplan","tag-umstrukturierung","tag-ups"],"yoast_head":"<!-- This site is optimized with the Yoast SEO plugin v25.8 - https:\/\/yoast.com\/wordpress\/plugins\/seo\/ -->\n<title>Massenentlassungen: Was Arbeitnehmer tun k\u00f6nnen | LEGAL SMART Online Blog<\/title>\n<meta name=\"description\" content=\"Die Folgen der Pandemie waren absehbar. Nun tritt es nach und nach bei Unternehmen ein: Massenentlassungen! Was Sie tun k\u00f6nnen, erfahren Sie bei uns!\" \/>\n<meta name=\"robots\" content=\"index, follow, max-snippet:-1, max-image-preview:large, max-video-preview:-1\" \/>\n<link rel=\"canonical\" href=\"https:\/\/www.legalsmart.de\/blog\/massenentlassungen-was-arbeitnehmer-tun-koennen\/\" \/>\n<meta property=\"og:locale\" content=\"de_DE\" \/>\n<meta property=\"og:type\" content=\"article\" \/>\n<meta property=\"og:title\" content=\"Massenentlassungen: Was Arbeitnehmer tun k\u00f6nnen | LEGAL SMART Online Blog\" \/>\n<meta property=\"og:description\" content=\"Die Folgen der Pandemie waren absehbar. Nun tritt es nach und nach bei Unternehmen ein: Massenentlassungen! Was Sie tun k\u00f6nnen, erfahren Sie bei uns!\" \/>\n<meta property=\"og:url\" content=\"https:\/\/www.legalsmart.de\/blog\/massenentlassungen-was-arbeitnehmer-tun-koennen\/\" \/>\n<meta property=\"og:site_name\" content=\"LEGAL SMART Online Blog\" \/>\n<meta property=\"article:author\" content=\"https:\/\/www.facebook.com\/guido.kluck\" \/>\n<meta property=\"article:published_time\" content=\"2021-02-18T09:00:00+00:00\" \/>\n<meta name=\"author\" content=\"Guido Kluck, LL.M.\" \/>\n<meta name=\"twitter:card\" content=\"summary_large_image\" \/>\n<meta name=\"twitter:creator\" content=\"@https:\/\/twitter.com\/kluck\" \/>\n<meta name=\"twitter:label1\" content=\"Verfasst von\" \/>\n\t<meta name=\"twitter:data1\" content=\"Guido Kluck, LL.M.\" \/>\n\t<meta name=\"twitter:label2\" content=\"Gesch\u00e4tzte Lesezeit\" \/>\n\t<meta name=\"twitter:data2\" content=\"4\u00a0Minuten\" \/>\n<script type=\"application\/ld+json\" class=\"yoast-schema-graph\">{\"@context\":\"https:\/\/schema.org\",\"@graph\":[{\"@type\":\"WebPage\",\"@id\":\"https:\/\/www.legalsmart.de\/blog\/massenentlassungen-was-arbeitnehmer-tun-koennen\/\",\"url\":\"https:\/\/www.legalsmart.de\/blog\/massenentlassungen-was-arbeitnehmer-tun-koennen\/\",\"name\":\"Massenentlassungen: Was Arbeitnehmer tun k\u00f6nnen | LEGAL SMART Online Blog\",\"isPartOf\":{\"@id\":\"https:\/\/www.legalsmart.de\/blog\/#website\"},\"datePublished\":\"2021-02-18T09:00:00+00:00\",\"author\":{\"@id\":\"https:\/\/www.legalsmart.de\/blog\/#\/schema\/person\/0869c669bccbe2e56b149b214913b000\"},\"description\":\"Die Folgen der Pandemie waren absehbar. Nun tritt es nach und nach bei Unternehmen ein: Massenentlassungen! Was Sie tun k\u00f6nnen, erfahren Sie bei uns!\",\"breadcrumb\":{\"@id\":\"https:\/\/www.legalsmart.de\/blog\/massenentlassungen-was-arbeitnehmer-tun-koennen\/#breadcrumb\"},\"inLanguage\":\"de\",\"potentialAction\":[{\"@type\":\"ReadAction\",\"target\":[\"https:\/\/www.legalsmart.de\/blog\/massenentlassungen-was-arbeitnehmer-tun-koennen\/\"]}]},{\"@type\":\"BreadcrumbList\",\"@id\":\"https:\/\/www.legalsmart.de\/blog\/massenentlassungen-was-arbeitnehmer-tun-koennen\/#breadcrumb\",\"itemListElement\":[{\"@type\":\"ListItem\",\"position\":1,\"name\":\"Startseite\",\"item\":\"https:\/\/www.legalsmart.de\/blog\/\"},{\"@type\":\"ListItem\",\"position\":2,\"name\":\"Massenentlassungen: Was Arbeitnehmer tun k\u00f6nnen\"}]},{\"@type\":\"WebSite\",\"@id\":\"https:\/\/www.legalsmart.de\/blog\/#website\",\"url\":\"https:\/\/www.legalsmart.de\/blog\/\",\"name\":\"LEGAL SMART Online Blog\",\"description\":\"Die innovative Kanzlei\",\"potentialAction\":[{\"@type\":\"SearchAction\",\"target\":{\"@type\":\"EntryPoint\",\"urlTemplate\":\"https:\/\/www.legalsmart.de\/blog\/?s={search_term_string}\"},\"query-input\":{\"@type\":\"PropertyValueSpecification\",\"valueRequired\":true,\"valueName\":\"search_term_string\"}}],\"inLanguage\":\"de\"},{\"@type\":\"Person\",\"@id\":\"https:\/\/www.legalsmart.de\/blog\/#\/schema\/person\/0869c669bccbe2e56b149b214913b000\",\"name\":\"Guido Kluck, LL.M.\",\"image\":{\"@type\":\"ImageObject\",\"inLanguage\":\"de\",\"@id\":\"https:\/\/www.legalsmart.de\/blog\/#\/schema\/person\/image\/\",\"url\":\"https:\/\/www.legalsmart.de\/blog\/wp-content\/uploads\/2018\/09\/cropped-IMG_2698-e1535879860494-96x96.jpg\",\"contentUrl\":\"https:\/\/www.legalsmart.de\/blog\/wp-content\/uploads\/2018\/09\/cropped-IMG_2698-e1535879860494-96x96.jpg\",\"caption\":\"Guido Kluck, LL.M.\"},\"description\":\"Rechtsanwalt Guido Kluck LL.M. ist Partner der Kanzlei LEGAL SMART am Standort Berlin. Er ist Ansprechpartner f\u00fcr das Recht der neuen Medien sowie f\u00fcr die Bereiche Wettbewerbsrecht, Markenrecht, Urheberrecht, IT-Recht, Vertragsrecht und das Datenschutzrecht (DSGVO).\",\"sameAs\":[\"https:\/\/legalsmart.de\/team_kluck.php\",\"https:\/\/www.facebook.com\/guido.kluck\",\"https:\/\/x.com\/https:\/\/twitter.com\/kluck\"]}]}<\/script>\n<!-- \/ Yoast SEO plugin. -->","yoast_head_json":{"title":"Massenentlassungen: Was Arbeitnehmer tun k\u00f6nnen | LEGAL SMART Online Blog","description":"Die Folgen der Pandemie waren absehbar. Nun tritt es nach und nach bei Unternehmen ein: Massenentlassungen! Was Sie tun k\u00f6nnen, erfahren Sie bei uns!","robots":{"index":"index","follow":"follow","max-snippet":"max-snippet:-1","max-image-preview":"max-image-preview:large","max-video-preview":"max-video-preview:-1"},"canonical":"https:\/\/www.legalsmart.de\/blog\/massenentlassungen-was-arbeitnehmer-tun-koennen\/","og_locale":"de_DE","og_type":"article","og_title":"Massenentlassungen: Was Arbeitnehmer tun k\u00f6nnen | LEGAL SMART Online Blog","og_description":"Die Folgen der Pandemie waren absehbar. Nun tritt es nach und nach bei Unternehmen ein: Massenentlassungen! Was Sie tun k\u00f6nnen, erfahren Sie bei uns!","og_url":"https:\/\/www.legalsmart.de\/blog\/massenentlassungen-was-arbeitnehmer-tun-koennen\/","og_site_name":"LEGAL SMART Online Blog","article_author":"https:\/\/www.facebook.com\/guido.kluck","article_published_time":"2021-02-18T09:00:00+00:00","author":"Guido Kluck, LL.M.","twitter_card":"summary_large_image","twitter_creator":"@https:\/\/twitter.com\/kluck","twitter_misc":{"Verfasst von":"Guido Kluck, LL.M.","Gesch\u00e4tzte Lesezeit":"4\u00a0Minuten"},"schema":{"@context":"https:\/\/schema.org","@graph":[{"@type":"WebPage","@id":"https:\/\/www.legalsmart.de\/blog\/massenentlassungen-was-arbeitnehmer-tun-koennen\/","url":"https:\/\/www.legalsmart.de\/blog\/massenentlassungen-was-arbeitnehmer-tun-koennen\/","name":"Massenentlassungen: Was Arbeitnehmer tun k\u00f6nnen | LEGAL SMART Online Blog","isPartOf":{"@id":"https:\/\/www.legalsmart.de\/blog\/#website"},"datePublished":"2021-02-18T09:00:00+00:00","author":{"@id":"https:\/\/www.legalsmart.de\/blog\/#\/schema\/person\/0869c669bccbe2e56b149b214913b000"},"description":"Die Folgen der Pandemie waren absehbar. Nun tritt es nach und nach bei Unternehmen ein: Massenentlassungen! Was Sie tun k\u00f6nnen, erfahren Sie bei uns!","breadcrumb":{"@id":"https:\/\/www.legalsmart.de\/blog\/massenentlassungen-was-arbeitnehmer-tun-koennen\/#breadcrumb"},"inLanguage":"de","potentialAction":[{"@type":"ReadAction","target":["https:\/\/www.legalsmart.de\/blog\/massenentlassungen-was-arbeitnehmer-tun-koennen\/"]}]},{"@type":"BreadcrumbList","@id":"https:\/\/www.legalsmart.de\/blog\/massenentlassungen-was-arbeitnehmer-tun-koennen\/#breadcrumb","itemListElement":[{"@type":"ListItem","position":1,"name":"Startseite","item":"https:\/\/www.legalsmart.de\/blog\/"},{"@type":"ListItem","position":2,"name":"Massenentlassungen: Was Arbeitnehmer tun k\u00f6nnen"}]},{"@type":"WebSite","@id":"https:\/\/www.legalsmart.de\/blog\/#website","url":"https:\/\/www.legalsmart.de\/blog\/","name":"LEGAL SMART Online Blog","description":"Die innovative Kanzlei","potentialAction":[{"@type":"SearchAction","target":{"@type":"EntryPoint","urlTemplate":"https:\/\/www.legalsmart.de\/blog\/?s={search_term_string}"},"query-input":{"@type":"PropertyValueSpecification","valueRequired":true,"valueName":"search_term_string"}}],"inLanguage":"de"},{"@type":"Person","@id":"https:\/\/www.legalsmart.de\/blog\/#\/schema\/person\/0869c669bccbe2e56b149b214913b000","name":"Guido Kluck, LL.M.","image":{"@type":"ImageObject","inLanguage":"de","@id":"https:\/\/www.legalsmart.de\/blog\/#\/schema\/person\/image\/","url":"https:\/\/www.legalsmart.de\/blog\/wp-content\/uploads\/2018\/09\/cropped-IMG_2698-e1535879860494-96x96.jpg","contentUrl":"https:\/\/www.legalsmart.de\/blog\/wp-content\/uploads\/2018\/09\/cropped-IMG_2698-e1535879860494-96x96.jpg","caption":"Guido Kluck, LL.M."},"description":"Rechtsanwalt Guido Kluck LL.M. ist Partner der Kanzlei LEGAL SMART am Standort Berlin. Er ist Ansprechpartner f\u00fcr das Recht der neuen Medien sowie f\u00fcr die Bereiche Wettbewerbsrecht, Markenrecht, Urheberrecht, IT-Recht, Vertragsrecht und das Datenschutzrecht (DSGVO).","sameAs":["https:\/\/legalsmart.de\/team_kluck.php","https:\/\/www.facebook.com\/guido.kluck","https:\/\/x.com\/https:\/\/twitter.com\/kluck"]}]}},"_links":{"self":[{"href":"https:\/\/www.legalsmart.de\/blog\/wp-json\/wp\/v2\/posts\/9543","targetHints":{"allow":["GET"]}}],"collection":[{"href":"https:\/\/www.legalsmart.de\/blog\/wp-json\/wp\/v2\/posts"}],"about":[{"href":"https:\/\/www.legalsmart.de\/blog\/wp-json\/wp\/v2\/types\/post"}],"author":[{"embeddable":true,"href":"https:\/\/www.legalsmart.de\/blog\/wp-json\/wp\/v2\/users\/1"}],"replies":[{"embeddable":true,"href":"https:\/\/www.legalsmart.de\/blog\/wp-json\/wp\/v2\/comments?post=9543"}],"version-history":[{"count":1,"href":"https:\/\/www.legalsmart.de\/blog\/wp-json\/wp\/v2\/posts\/9543\/revisions"}],"predecessor-version":[{"id":9544,"href":"https:\/\/www.legalsmart.de\/blog\/wp-json\/wp\/v2\/posts\/9543\/revisions\/9544"}],"wp:attachment":[{"href":"https:\/\/www.legalsmart.de\/blog\/wp-json\/wp\/v2\/media?parent=9543"}],"wp:term":[{"taxonomy":"category","embeddable":true,"href":"https:\/\/www.legalsmart.de\/blog\/wp-json\/wp\/v2\/categories?post=9543"},{"taxonomy":"post_tag","embeddable":true,"href":"https:\/\/www.legalsmart.de\/blog\/wp-json\/wp\/v2\/tags?post=9543"}],"curies":[{"name":"wp","href":"https:\/\/api.w.org\/{rel}","templated":true}]}}