{"id":9591,"date":"2021-03-03T10:00:00","date_gmt":"2021-03-03T09:00:00","guid":{"rendered":"https:\/\/www.legalsmart.de\/blog\/?p=9591"},"modified":"2021-02-27T19:06:50","modified_gmt":"2021-02-27T18:06:50","slug":"cybermobbing-persoenlichkeitsrechtsverletzungen-auf-social-media","status":"publish","type":"post","link":"https:\/\/www.legalsmart.de\/blog\/cybermobbing-persoenlichkeitsrechtsverletzungen-auf-social-media\/","title":{"rendered":"Cybermobbing &#8211; Pers\u00f6nlichkeitsrechtsverletzungen auf Social Media"},"content":{"rendered":"\n<p>Jugendliche benutzen zu Corona-Zeiten soziale Medien noch einmal mehr, als vor der Pandemie. Aber jeder kann von Cybermobbing betroffen sein. In diesem Beitrag erkl\u00e4ren ihr, wie die Rechtslage bei Cybermobbing ist!<\/p>\n\n\n\n<h2 class=\"wp-block-heading\"><strong>Der Begriff Cybermobbing<\/strong><\/h2>\n\n\n\n<p>Unter Mobbing versteht man \u201ealle Formen von Gewalt durch eine oder mehrere andere Personen, denen das Opfer wiederholt und \u00fcber l\u00e4ngere Zeit ausgesetzt ist\u201c, wobei dies gleicherma\u00dfen durch physische wie psychische Handlungen geschehen kann. Cybermobbing stellt eine besondere Form des Mobbings dar. Es beschr\u00e4nkt sich regelm\u00e4\u00dfig auf psychische Gewalt und die T\u00e4ter bedienen sich der Mittel der modernen Informations- und Telekommunikationstechnik, wie Facebook, Whats App usw. Das belastende f\u00fcr Cybermobbing-Opfer ist, dass ein gr\u00f6\u00dferes Publikum vom Mobbing erf\u00e4hrt, was f\u00fcr das Opfer noch kr\u00e4nkender ist, als eine reale Konfrontation mit der Situation.<\/p>\n\n\n\n<h2 class=\"wp-block-heading\"><strong>Strafrechtliche Bedeutung &#8211; Rechtslage<\/strong><\/h2>\n\n\n\n<p>In einigen Staaten der USA, aber auch in \u00d6sterreich gibt es eigene Mobbing-Straftatbest\u00e4nde. In Deutschland hingegen ist das nicht so. Da die Opfer von Beschimpfungen oder beleidigenden \u00c4u\u00dferungen sowie der Verbreitung von L\u00fcgen und Ger\u00fcchten, vor allem mittels Instant Messaging-Diensten wie WhatsApp und Facebook berichten, sind insoweit jedenfalls die <a href=\"https:\/\/dejure.org\/gesetze\/StGB\/185.html\" title=\"&sect; 185 StGB: Beleidigung\">\u00a7\u00a7 185 ff StGB<\/a> verletzt.&nbsp;<\/p>\n\n\n\n<p><strong>Problematisch<\/strong>: Oftmals werden vom Opfer selbst preisgegebene Foto- und Videoaufnahmen weitergeleitet. Das wird nicht von den sog. Ehrschutzdelikten umfasst.<\/p>\n\n\n\n<p>Der Gesetzgeber erweiterte daher im Jahr 2015 den Anwendungsbereich dieser Vorschriften mit dem <a href=\"https:\/\/dejure.org\/gesetze\/StGB\/201a.html\" title=\"&sect; 201a StGB: Verletzung des h&ouml;chstpers&ouml;nlichen Lebensbereichs und von Pers&ouml;nlichkeitsrechten durch Bildaufnahmen\">\u00a7 201 a StGB<\/a> \u201eVerletzung des h\u00f6chstpers\u00f6nlichen Lebensbereichs und von Pers\u00f6nlichkeitsrechten durch Bildaufnahmen\u201c, der explizit bei Cybermobbing-Konstellationen greift und die T\u00e4ter sanktionieren soll.&nbsp;<\/p>\n\n\n\n<p><strong>Rechtstipp<\/strong>: Gem. <a href=\"https:\/\/dejure.org\/gesetze\/StGB\/201a.html\" title=\"&sect; 201a StGB: Verletzung des h&ouml;chstpers&ouml;nlichen Lebensbereichs und von Pers&ouml;nlichkeitsrechten durch Bildaufnahmen\">\u00a7 201 a StGB<\/a> ist eine Freiheitsstrafe bis zu 2 Jahren m\u00f6glich!<\/p>\n\n\n\n<p>Die urheberrechtlichen Bildschutzvorschriften gem. <a href=\"https:\/\/dejure.org\/gesetze\/KunstUrhG\/33.html\" title=\"&sect; 33 KunstUrhG\">\u00a7\u00a7 33<\/a>, <a href=\"https:\/\/dejure.org\/gesetze\/KunstUrhG\/22.html\" title=\"&sect; 22 KunstUrhG\">22<\/a>, <a href=\"https:\/\/dejure.org\/gesetze\/KunstUrhG\/23.html\" title=\"&sect; 23 KunstUrhG\">23 KUG<\/a>, sowie die Datenschutzvorschriften gem. <a href=\"https:\/\/dejure.org\/gesetze\/BDSG\/42.html\" title=\"&sect; 42 BDSG: Strafvorschriften\">\u00a7\u00a7 42<\/a>, <a href=\"https:\/\/dejure.org\/gesetze\/BDSG\/43.html\" title=\"&sect; 43 BDSG: Bu&szlig;geldvorschriften\">43 BDSG<\/a> kommen beim Cybermobbin nicht zum Tragen, weil es oftmals an der Entgeltlichkeit oder Gewerbsm\u00e4\u00dfigkeit fehlt.<\/p>\n\n\n\n<h2 class=\"wp-block-heading\"><strong>Zivilrechtlicher Rechtsschutz<\/strong><\/h2>\n\n\n\n<p>Wer Opfer von Cybermobbing wird, kann sich mit Mitteln des zivilrechtlichen Rechtsschutzes dagegen zur Wehr setzen. Das Allgemeine Pers\u00f6nlichkeitsrecht gem. <a href=\"https:\/\/dejure.org\/gesetze\/GG\/2.html\" title=\"Art. 2 GG\">Art. 2 Abs.1<\/a>, <a href=\"https:\/\/dejure.org\/gesetze\/GG\/1.html\" title=\"Art. 1 GG\">1 Abs. 1 GG<\/a> liefert den Ankn\u00fcpfungspunkt f\u00fcr Unterlassungsanspruch-, Beseitigungs- und Schadenserssatzanspr\u00fcche gem. <a href=\"https:\/\/dejure.org\/gesetze\/BGB\/1004.html\" title=\"&sect; 1004 BGB: Beseitigungs- und Unterlassungsanspruch\">\u00a7\u00a7 1004 BGB<\/a> analog bzw. \u00a7 823 Abs.1 BGB.&nbsp;<\/p>\n\n\n\n<p><strong>Rechtstipp<\/strong>: Je nach Einzelfall k\u00f6nnte <a href=\"https:\/\/dejure.org\/gesetze\/BGB\/826.html\" title=\"&sect; 826 BGB: Sittenwidrige vors&auml;tzliche Sch&auml;digung\">\u00a7 826 BGB<\/a> oder auch <a href=\"https:\/\/dejure.org\/gesetze\/BGB\/823.html\" title=\"&sect; 823 BGB: Schadensersatzpflicht\">\u00a7 823 Abs.2 BGB<\/a> iVm einem Straftatbestand in Betracht kommen.&nbsp;<\/p>\n\n\n\n<p>Das LG Memmingen hat einem Opfer von schulischen Cybermobbings ein Schmerzensgeld iHv 1500 Euro zugesprochen. Das Alter der T\u00e4ter steht einer zivilrechtlichen Inanspruchnahme n\u00e4mlich in aller Regel nicht entgegen. An der Deliktsf\u00e4higkeit fehlt nur bei Kindern unter sieben Jahren! Es kommt gem <a href=\"https:\/\/dejure.org\/gesetze\/BGB\/828.html\" title=\"&sect; 828 BGB: Minderj&auml;hrige\">\u00a7 828 Abs.3 BGB<\/a> auf die Einsichtsf\u00e4higkeit des Kindes an.<\/p>\n\n\n\n<p><strong>Rechtstipp<\/strong>: Je \u00e4lter ein Sch\u00fcler ist, desto eher kann von dessen Deliktsf\u00e4higkeit ausgegangen werden!<\/p>\n\n\n\n<h2 class=\"wp-block-heading\"><strong>Beweisf\u00fchrung<\/strong>&nbsp;<\/h2>\n\n\n\n<p>Oftmals wollen die T\u00e4ter anonym bleiben. Doch gerade bei Mobbing von Klassenkameraden oder Kollegen kann man die T\u00e4ter schnell ausfindig machen. Wir raten Ihnen immer eine Dokumentation der Pers\u00f6nlichkeitsrechtsverletzungen zu f\u00fchren. Das kann schon durch einfache Screenshots sein!&nbsp;<\/p>\n\n\n\n<p><strong>Rechtstipp<\/strong>: Nach der Rechtsprechung reicht bereits eine erstmalige Begehung und eine Wiederholungsgefahr wird inzidiert!<\/p>\n\n\n\n<p>Dar\u00fcber hinaus k\u00f6nnen Betroffene eine Strafanzeige erstatten und \u00fcber das Ermittlungsverfahren Auskunft \u00fcber die Person, die hinter dem Cybermobbing steht, erlangen.<\/p>\n\n\n\n<h2 class=\"wp-block-heading\"><strong>Fazit<\/strong><\/h2>\n\n\n\n<p>In der Rechtspraxis st\u00f6\u00dft das strafrechtliche Instrumentarium schnell an seine Grenzen, da es nur gegen strafm\u00fcndige T\u00e4ter in Betracht kommt. Sind die T\u00e4terinnen und T\u00e4ter strafunm\u00fcndig, kommen allenfalls familiengerichtliche Ma\u00dfnahmen gem. <a href=\"https:\/\/dejure.org\/gesetze\/BGB\/1666.html\" title=\"&sect; 1666 BGB: Gerichtliche Ma&szlig;nahmen bei Gef&auml;hrdung des Kindeswohls\">\u00a7\u00a7 1666<\/a>, <a href=\"https:\/\/dejure.org\/gesetze\/BGB\/1666a.html\" title=\"&sect; 1666a BGB: Grundsatz der Verh&auml;ltnism&auml;&szlig;igkeit; Vorrang &ouml;ffentlicher Hilfen\">1666a BGB<\/a> in Betracht. Jenseits der Grenze des <a href=\"https:\/\/dejure.org\/gesetze\/StGB\/19.html\" title=\"&sect; 19 StGB: Schuldunf&auml;higkeit des Kindes\">\u00a7 19 StGB<\/a> (14 &#8211; 17 Jahren) k\u00f6nnte das Jugendstrafrecht gem. <a href=\"https:\/\/dejure.org\/gesetze\/JGG\/3.html\" title=\"&sect; 3 JGG: Verantwortlichkeit\">\u00a7 3 S.1 JGG<\/a> Anwendung finden.<\/p>\n\n\n\n<p>Aus unserer Erfahrung hart sich die Erwirkung einer einstweiligen Verf\u00fcgung bew\u00e4hrt.<\/p>\n\n\n\n<p>Cybermobbing kann zivilrechtlich, aber auch strafrechtlich verfolgt werden. Wir helfen Ihnen bei der Geltendmachung eines Unterlassungs- oder Beseitigungsanspruchs oder bei der Geltendmachung eines Schadensersatzes\/ einer Geldentsch\u00e4digung. Melden Sie sich bei uns! Unser Team steht Ihnen gerne schnell und unkompliziert zur Seite und ber\u00e4t Sie gern!<\/p>\n","protected":false},"excerpt":{"rendered":"<p>Jugendliche benutzen zu Corona-Zeiten soziale Medien noch einmal mehr, als vor der Pandemie. Aber jeder kann von Cybermobbing betroffen sein. In diesem Beitrag erkl\u00e4ren ihr, wie die Rechtslage bei Cybermobbing ist! Der Begriff Cybermobbing Unter Mobbing versteht man \u201ealle Formen von Gewalt durch eine oder mehrere andere Personen, denen das Opfer wiederholt und \u00fcber l\u00e4ngere [&hellip;]<\/p>\n","protected":false},"author":1,"featured_media":0,"comment_status":"open","ping_status":"open","sticky":false,"template":"","format":"standard","meta":{"footnotes":""},"categories":[1,4,26,27,41],"tags":[7122,498,7124,7121,7119,7123,1363,1488,7120,2139,3127,3330,5296,3575,4157],"class_list":["post-9591","post","type-post","status-publish","format-standard","hentry","category-allgemein","category-allgemeines","category-personlichkeitsrecht","category-social-media-recht","category-zivilrecht","tag--201a-stgb","tag-allgemeines-personlichkeitsrecht","tag-anonymitaet","tag-beseitigungsanspruch","tag-cybermobbing","tag-deliktsfaehigkeit","tag-einstweilige-verfugung","tag-facebook","tag-jugendliche","tag-kinder","tag-schadensersatz","tag-strafanzeige","tag-strafrecht","tag-unterlassung","tag-whatsapp"],"yoast_head":"<!-- This site is optimized with the Yoast SEO plugin v25.8 - https:\/\/yoast.com\/wordpress\/plugins\/seo\/ -->\n<title>Cybermobbing - Pers\u00f6nlichkeitsrechtsverletzungen auf Social Media | LEGAL SMART Online Blog<\/title>\n<meta name=\"description\" content=\"Jugendliche benutzen zu Corona-Zeiten soziale Medien noch einmal mehr, als vor der Pandemie. Aber jeder kann von Cybermobbing betroffen sein.\" \/>\n<meta name=\"robots\" content=\"index, follow, max-snippet:-1, max-image-preview:large, max-video-preview:-1\" \/>\n<link rel=\"canonical\" href=\"https:\/\/www.legalsmart.de\/blog\/cybermobbing-persoenlichkeitsrechtsverletzungen-auf-social-media\/\" \/>\n<meta property=\"og:locale\" content=\"de_DE\" \/>\n<meta property=\"og:type\" content=\"article\" \/>\n<meta property=\"og:title\" content=\"Cybermobbing - Pers\u00f6nlichkeitsrechtsverletzungen auf Social Media | LEGAL SMART Online Blog\" \/>\n<meta property=\"og:description\" content=\"Jugendliche benutzen zu Corona-Zeiten soziale Medien noch einmal mehr, als vor der Pandemie. Aber jeder kann von Cybermobbing betroffen sein.\" \/>\n<meta property=\"og:url\" content=\"https:\/\/www.legalsmart.de\/blog\/cybermobbing-persoenlichkeitsrechtsverletzungen-auf-social-media\/\" \/>\n<meta property=\"og:site_name\" content=\"LEGAL SMART Online Blog\" \/>\n<meta property=\"article:author\" content=\"https:\/\/www.facebook.com\/guido.kluck\" \/>\n<meta property=\"article:published_time\" content=\"2021-03-03T09:00:00+00:00\" \/>\n<meta name=\"author\" content=\"Guido Kluck, LL.M.\" \/>\n<meta name=\"twitter:card\" content=\"summary_large_image\" \/>\n<meta name=\"twitter:creator\" content=\"@https:\/\/twitter.com\/kluck\" \/>\n<meta name=\"twitter:label1\" content=\"Verfasst von\" \/>\n\t<meta name=\"twitter:data1\" content=\"Guido Kluck, LL.M.\" \/>\n\t<meta name=\"twitter:label2\" content=\"Gesch\u00e4tzte Lesezeit\" \/>\n\t<meta name=\"twitter:data2\" content=\"3\u00a0Minuten\" \/>\n<script type=\"application\/ld+json\" class=\"yoast-schema-graph\">{\"@context\":\"https:\/\/schema.org\",\"@graph\":[{\"@type\":\"WebPage\",\"@id\":\"https:\/\/www.legalsmart.de\/blog\/cybermobbing-persoenlichkeitsrechtsverletzungen-auf-social-media\/\",\"url\":\"https:\/\/www.legalsmart.de\/blog\/cybermobbing-persoenlichkeitsrechtsverletzungen-auf-social-media\/\",\"name\":\"Cybermobbing - Pers\u00f6nlichkeitsrechtsverletzungen auf Social Media | LEGAL SMART Online Blog\",\"isPartOf\":{\"@id\":\"https:\/\/www.legalsmart.de\/blog\/#website\"},\"datePublished\":\"2021-03-03T09:00:00+00:00\",\"author\":{\"@id\":\"https:\/\/www.legalsmart.de\/blog\/#\/schema\/person\/0869c669bccbe2e56b149b214913b000\"},\"description\":\"Jugendliche benutzen zu Corona-Zeiten soziale Medien noch einmal mehr, als vor der Pandemie. Aber jeder kann von Cybermobbing betroffen sein.\",\"breadcrumb\":{\"@id\":\"https:\/\/www.legalsmart.de\/blog\/cybermobbing-persoenlichkeitsrechtsverletzungen-auf-social-media\/#breadcrumb\"},\"inLanguage\":\"de\",\"potentialAction\":[{\"@type\":\"ReadAction\",\"target\":[\"https:\/\/www.legalsmart.de\/blog\/cybermobbing-persoenlichkeitsrechtsverletzungen-auf-social-media\/\"]}]},{\"@type\":\"BreadcrumbList\",\"@id\":\"https:\/\/www.legalsmart.de\/blog\/cybermobbing-persoenlichkeitsrechtsverletzungen-auf-social-media\/#breadcrumb\",\"itemListElement\":[{\"@type\":\"ListItem\",\"position\":1,\"name\":\"Startseite\",\"item\":\"https:\/\/www.legalsmart.de\/blog\/\"},{\"@type\":\"ListItem\",\"position\":2,\"name\":\"Cybermobbing &#8211; Pers\u00f6nlichkeitsrechtsverletzungen auf Social Media\"}]},{\"@type\":\"WebSite\",\"@id\":\"https:\/\/www.legalsmart.de\/blog\/#website\",\"url\":\"https:\/\/www.legalsmart.de\/blog\/\",\"name\":\"LEGAL SMART Online Blog\",\"description\":\"Die innovative Kanzlei\",\"potentialAction\":[{\"@type\":\"SearchAction\",\"target\":{\"@type\":\"EntryPoint\",\"urlTemplate\":\"https:\/\/www.legalsmart.de\/blog\/?s={search_term_string}\"},\"query-input\":{\"@type\":\"PropertyValueSpecification\",\"valueRequired\":true,\"valueName\":\"search_term_string\"}}],\"inLanguage\":\"de\"},{\"@type\":\"Person\",\"@id\":\"https:\/\/www.legalsmart.de\/blog\/#\/schema\/person\/0869c669bccbe2e56b149b214913b000\",\"name\":\"Guido Kluck, LL.M.\",\"image\":{\"@type\":\"ImageObject\",\"inLanguage\":\"de\",\"@id\":\"https:\/\/www.legalsmart.de\/blog\/#\/schema\/person\/image\/\",\"url\":\"https:\/\/www.legalsmart.de\/blog\/wp-content\/uploads\/2018\/09\/cropped-IMG_2698-e1535879860494-96x96.jpg\",\"contentUrl\":\"https:\/\/www.legalsmart.de\/blog\/wp-content\/uploads\/2018\/09\/cropped-IMG_2698-e1535879860494-96x96.jpg\",\"caption\":\"Guido Kluck, LL.M.\"},\"description\":\"Rechtsanwalt Guido Kluck LL.M. ist Partner der Kanzlei LEGAL SMART am Standort Berlin. Er ist Ansprechpartner f\u00fcr das Recht der neuen Medien sowie f\u00fcr die Bereiche Wettbewerbsrecht, Markenrecht, Urheberrecht, IT-Recht, Vertragsrecht und das Datenschutzrecht (DSGVO).\",\"sameAs\":[\"https:\/\/legalsmart.de\/team_kluck.php\",\"https:\/\/www.facebook.com\/guido.kluck\",\"https:\/\/x.com\/https:\/\/twitter.com\/kluck\"]}]}<\/script>\n<!-- \/ Yoast SEO plugin. -->","yoast_head_json":{"title":"Cybermobbing - Pers\u00f6nlichkeitsrechtsverletzungen auf Social Media | LEGAL SMART Online Blog","description":"Jugendliche benutzen zu Corona-Zeiten soziale Medien noch einmal mehr, als vor der Pandemie. Aber jeder kann von Cybermobbing betroffen sein.","robots":{"index":"index","follow":"follow","max-snippet":"max-snippet:-1","max-image-preview":"max-image-preview:large","max-video-preview":"max-video-preview:-1"},"canonical":"https:\/\/www.legalsmart.de\/blog\/cybermobbing-persoenlichkeitsrechtsverletzungen-auf-social-media\/","og_locale":"de_DE","og_type":"article","og_title":"Cybermobbing - Pers\u00f6nlichkeitsrechtsverletzungen auf Social Media | LEGAL SMART Online Blog","og_description":"Jugendliche benutzen zu Corona-Zeiten soziale Medien noch einmal mehr, als vor der Pandemie. Aber jeder kann von Cybermobbing betroffen sein.","og_url":"https:\/\/www.legalsmart.de\/blog\/cybermobbing-persoenlichkeitsrechtsverletzungen-auf-social-media\/","og_site_name":"LEGAL SMART Online Blog","article_author":"https:\/\/www.facebook.com\/guido.kluck","article_published_time":"2021-03-03T09:00:00+00:00","author":"Guido Kluck, LL.M.","twitter_card":"summary_large_image","twitter_creator":"@https:\/\/twitter.com\/kluck","twitter_misc":{"Verfasst von":"Guido Kluck, LL.M.","Gesch\u00e4tzte Lesezeit":"3\u00a0Minuten"},"schema":{"@context":"https:\/\/schema.org","@graph":[{"@type":"WebPage","@id":"https:\/\/www.legalsmart.de\/blog\/cybermobbing-persoenlichkeitsrechtsverletzungen-auf-social-media\/","url":"https:\/\/www.legalsmart.de\/blog\/cybermobbing-persoenlichkeitsrechtsverletzungen-auf-social-media\/","name":"Cybermobbing - Pers\u00f6nlichkeitsrechtsverletzungen auf Social Media | LEGAL SMART Online Blog","isPartOf":{"@id":"https:\/\/www.legalsmart.de\/blog\/#website"},"datePublished":"2021-03-03T09:00:00+00:00","author":{"@id":"https:\/\/www.legalsmart.de\/blog\/#\/schema\/person\/0869c669bccbe2e56b149b214913b000"},"description":"Jugendliche benutzen zu Corona-Zeiten soziale Medien noch einmal mehr, als vor der Pandemie. Aber jeder kann von Cybermobbing betroffen sein.","breadcrumb":{"@id":"https:\/\/www.legalsmart.de\/blog\/cybermobbing-persoenlichkeitsrechtsverletzungen-auf-social-media\/#breadcrumb"},"inLanguage":"de","potentialAction":[{"@type":"ReadAction","target":["https:\/\/www.legalsmart.de\/blog\/cybermobbing-persoenlichkeitsrechtsverletzungen-auf-social-media\/"]}]},{"@type":"BreadcrumbList","@id":"https:\/\/www.legalsmart.de\/blog\/cybermobbing-persoenlichkeitsrechtsverletzungen-auf-social-media\/#breadcrumb","itemListElement":[{"@type":"ListItem","position":1,"name":"Startseite","item":"https:\/\/www.legalsmart.de\/blog\/"},{"@type":"ListItem","position":2,"name":"Cybermobbing &#8211; Pers\u00f6nlichkeitsrechtsverletzungen auf Social Media"}]},{"@type":"WebSite","@id":"https:\/\/www.legalsmart.de\/blog\/#website","url":"https:\/\/www.legalsmart.de\/blog\/","name":"LEGAL SMART Online Blog","description":"Die innovative Kanzlei","potentialAction":[{"@type":"SearchAction","target":{"@type":"EntryPoint","urlTemplate":"https:\/\/www.legalsmart.de\/blog\/?s={search_term_string}"},"query-input":{"@type":"PropertyValueSpecification","valueRequired":true,"valueName":"search_term_string"}}],"inLanguage":"de"},{"@type":"Person","@id":"https:\/\/www.legalsmart.de\/blog\/#\/schema\/person\/0869c669bccbe2e56b149b214913b000","name":"Guido Kluck, LL.M.","image":{"@type":"ImageObject","inLanguage":"de","@id":"https:\/\/www.legalsmart.de\/blog\/#\/schema\/person\/image\/","url":"https:\/\/www.legalsmart.de\/blog\/wp-content\/uploads\/2018\/09\/cropped-IMG_2698-e1535879860494-96x96.jpg","contentUrl":"https:\/\/www.legalsmart.de\/blog\/wp-content\/uploads\/2018\/09\/cropped-IMG_2698-e1535879860494-96x96.jpg","caption":"Guido Kluck, LL.M."},"description":"Rechtsanwalt Guido Kluck LL.M. ist Partner der Kanzlei LEGAL SMART am Standort Berlin. Er ist Ansprechpartner f\u00fcr das Recht der neuen Medien sowie f\u00fcr die Bereiche Wettbewerbsrecht, Markenrecht, Urheberrecht, IT-Recht, Vertragsrecht und das Datenschutzrecht (DSGVO).","sameAs":["https:\/\/legalsmart.de\/team_kluck.php","https:\/\/www.facebook.com\/guido.kluck","https:\/\/x.com\/https:\/\/twitter.com\/kluck"]}]}},"_links":{"self":[{"href":"https:\/\/www.legalsmart.de\/blog\/wp-json\/wp\/v2\/posts\/9591","targetHints":{"allow":["GET"]}}],"collection":[{"href":"https:\/\/www.legalsmart.de\/blog\/wp-json\/wp\/v2\/posts"}],"about":[{"href":"https:\/\/www.legalsmart.de\/blog\/wp-json\/wp\/v2\/types\/post"}],"author":[{"embeddable":true,"href":"https:\/\/www.legalsmart.de\/blog\/wp-json\/wp\/v2\/users\/1"}],"replies":[{"embeddable":true,"href":"https:\/\/www.legalsmart.de\/blog\/wp-json\/wp\/v2\/comments?post=9591"}],"version-history":[{"count":1,"href":"https:\/\/www.legalsmart.de\/blog\/wp-json\/wp\/v2\/posts\/9591\/revisions"}],"predecessor-version":[{"id":9592,"href":"https:\/\/www.legalsmart.de\/blog\/wp-json\/wp\/v2\/posts\/9591\/revisions\/9592"}],"wp:attachment":[{"href":"https:\/\/www.legalsmart.de\/blog\/wp-json\/wp\/v2\/media?parent=9591"}],"wp:term":[{"taxonomy":"category","embeddable":true,"href":"https:\/\/www.legalsmart.de\/blog\/wp-json\/wp\/v2\/categories?post=9591"},{"taxonomy":"post_tag","embeddable":true,"href":"https:\/\/www.legalsmart.de\/blog\/wp-json\/wp\/v2\/tags?post=9591"}],"curies":[{"name":"wp","href":"https:\/\/api.w.org\/{rel}","templated":true}]}}